{"id":6089,"date":"2011-01-30T01:51:24","date_gmt":"2011-01-30T01:51:24","guid":{"rendered":"http:\/\/www.amadipesment.org\/?p=6089"},"modified":"2011-01-30T01:51:24","modified_gmt":"2011-01-30T01:51:24","slug":"visita-de-la-fundacio-atletic-balears","status":"publish","type":"post","link":"https:\/\/esment.org\/blogs\/visita-de-la-fundacio-atletic-balears\/","title":{"rendered":"Visita de la Fundaci\u00f3 Atl\u00e8tic Balears"},"content":{"rendered":"<p><img fetchpriority=\"high\" decoding=\"async\" src=\"\/images\/imagenes_noticias\/visitas\/visita%20atl%E9tico.jpg\" alt=\" \" width=\"300\" height=\"200\" align=\"left\" border=\"0\" hspace=\"5\" vspace=\"5\" \/><\/p>\n<p>La Fundaci\u00f3 Atl\u00e8tic Balears, encabezada por su presidente Pedro Cladera, ha visitado las instalaciones de Weyler, en Son Ferriol.\u00a0Este encuentro ha servido para valorar las diferentes posibilidades de colaboraci\u00f3n entre las\u00a0dos entidades.<\/p>\n","protected":false},"excerpt":{"rendered":"<p>La Fundaci\u00f3 Atl\u00e8tic Balears, encabezada por su presidente Pedro Cladera, ha visitado las instalaciones de Weyler, en Son Ferriol.\u00a0Este encuentro ha servido para valorar las diferentes posibilidades de colaboraci\u00f3n entre las\u00a0dos entidades.<\/p>\n","protected":false},"author":2,"featured_media":0,"comment_status":"open","ping_status":"open","sticky":false,"template":"","format":"standard","meta":{"_acf_changed":false,"footnotes":""},"categories":[3],"tags":[],"class_list":["post-6089","post","type-post","status-publish","format-standard","hentry","category-amadipesment"],"acf":[],"yoast_head":"<!-- This site is optimized with the Yoast SEO plugin v26.4 - https:\/\/yoast.com\/wordpress\/plugins\/seo\/ -->\n<title>Visita de la Fundaci\u00f3 Atl\u00e8tic Balears - Blog Comunidad Esment<\/title>\n<meta name=\"robots\" content=\"index, follow, max-snippet:-1, max-image-preview:large, max-video-preview:-1\" \/>\n<link rel=\"canonical\" href=\"https:\/\/esment.org\/blogs\/visita-de-la-fundacio-atletic-balears\/\" \/>\n<meta property=\"og:locale\" content=\"es_ES\" \/>\n<meta property=\"og:type\" content=\"article\" \/>\n<meta property=\"og:title\" content=\"Visita de la Fundaci\u00f3 Atl\u00e8tic Balears - Blog Comunidad Esment\" \/>\n<meta property=\"og:description\" content=\"La Fundaci\u00f3 Atl\u00e8tic Balears, encabezada por su presidente Pedro Cladera, ha visitado las instalaciones de Weyler, en Son Ferriol.\u00a0Este encuentro ha servido para valorar las diferentes posibilidades de colaboraci\u00f3n entre las\u00a0dos entidades.\" \/>\n<meta property=\"og:url\" content=\"https:\/\/esment.org\/blogs\/visita-de-la-fundacio-atletic-balears\/\" \/>\n<meta property=\"og:site_name\" content=\"Blog Comunidad Esment\" \/>\n<meta property=\"article:published_time\" content=\"2011-01-30T01:51:24+00:00\" \/>\n<meta name=\"author\" content=\"Comunicaci\u00f3\" \/>\n<meta name=\"twitter:card\" content=\"summary_large_image\" \/>\n<meta name=\"twitter:label1\" content=\"Escrito por\" \/>\n\t<meta name=\"twitter:data1\" content=\"Comunicaci\u00f3\" \/>\n<script type=\"application\/ld+json\" class=\"yoast-schema-graph\">{\"@context\":\"https:\/\/schema.org\",\"@graph\":[{\"@type\":\"Article\",\"@id\":\"https:\/\/esment.org\/blogs\/visita-de-la-fundacio-atletic-balears\/#article\",\"isPartOf\":{\"@id\":\"https:\/\/esment.org\/blogs\/visita-de-la-fundacio-atletic-balears\/\"},\"author\":{\"name\":\"Comunicaci\u00f3\",\"@id\":\"https:\/\/esment.org\/blogs\/#\/schema\/person\/b81c725135ae4d5748a15f5f91986b27\"},\"headline\":\"Visita de la Fundaci\u00f3 Atl\u00e8tic Balears\",\"datePublished\":\"2011-01-30T01:51:24+00:00\",\"mainEntityOfPage\":{\"@id\":\"https:\/\/esment.org\/blogs\/visita-de-la-fundacio-atletic-balears\/\"},\"wordCount\":43,\"commentCount\":0,\"publisher\":{\"@id\":\"https:\/\/esment.org\/blogs\/#organization\"},\"articleSection\":[\"Esment\"],\"inLanguage\":\"es\",\"potentialAction\":[{\"@type\":\"CommentAction\",\"name\":\"Comment\",\"target\":[\"https:\/\/esment.org\/blogs\/visita-de-la-fundacio-atletic-balears\/#respond\"]}]},{\"@type\":\"WebPage\",\"@id\":\"https:\/\/esment.org\/blogs\/visita-de-la-fundacio-atletic-balears\/\",\"url\":\"https:\/\/esment.org\/blogs\/visita-de-la-fundacio-atletic-balears\/\",\"name\":\"Visita de la Fundaci\u00f3 Atl\u00e8tic Balears - Blog Comunidad Esment\",\"isPartOf\":{\"@id\":\"https:\/\/esment.org\/blogs\/#website\"},\"datePublished\":\"2011-01-30T01:51:24+00:00\",\"breadcrumb\":{\"@id\":\"https:\/\/esment.org\/blogs\/visita-de-la-fundacio-atletic-balears\/#breadcrumb\"},\"inLanguage\":\"es\",\"potentialAction\":[{\"@type\":\"ReadAction\",\"target\":[\"https:\/\/esment.org\/blogs\/visita-de-la-fundacio-atletic-balears\/\"]}]},{\"@type\":\"BreadcrumbList\",\"@id\":\"https:\/\/esment.org\/blogs\/visita-de-la-fundacio-atletic-balears\/#breadcrumb\",\"itemListElement\":[{\"@type\":\"ListItem\",\"position\":1,\"name\":\"Portada\",\"item\":\"https:\/\/esment.org\/blogs\/\"},{\"@type\":\"ListItem\",\"position\":2,\"name\":\"Visita de la Fundaci\u00f3 Atl\u00e8tic Balears\"}]},{\"@type\":\"WebSite\",\"@id\":\"https:\/\/esment.org\/blogs\/#website\",\"url\":\"https:\/\/esment.org\/blogs\/\",\"name\":\"Blog Comunidad Esment\",\"description\":\"Blogs de Esment\",\"publisher\":{\"@id\":\"https:\/\/esment.org\/blogs\/#organization\"},\"potentialAction\":[{\"@type\":\"SearchAction\",\"target\":{\"@type\":\"EntryPoint\",\"urlTemplate\":\"https:\/\/esment.org\/blogs\/?s={search_term_string}\"},\"query-input\":{\"@type\":\"PropertyValueSpecification\",\"valueRequired\":true,\"valueName\":\"search_term_string\"}}],\"inLanguage\":\"es\"},{\"@type\":\"Organization\",\"@id\":\"https:\/\/esment.org\/blogs\/#organization\",\"name\":\"Blog Comunidad Esment\",\"url\":\"https:\/\/esment.org\/blogs\/\",\"logo\":{\"@type\":\"ImageObject\",\"inLanguage\":\"es\",\"@id\":\"https:\/\/esment.org\/blogs\/#\/schema\/logo\/image\/\",\"url\":\"https:\/\/esment.org\/blogs\/wp-content\/uploads\/2020\/10\/logo-header.svg\",\"contentUrl\":\"https:\/\/esment.org\/blogs\/wp-content\/uploads\/2020\/10\/logo-header.svg\",\"caption\":\"Blog Comunidad Esment\"},\"image\":{\"@id\":\"https:\/\/esment.org\/blogs\/#\/schema\/logo\/image\/\"}},{\"@type\":\"Person\",\"@id\":\"https:\/\/esment.org\/blogs\/#\/schema\/person\/b81c725135ae4d5748a15f5f91986b27\",\"name\":\"Comunicaci\u00f3\",\"image\":{\"@type\":\"ImageObject\",\"inLanguage\":\"es\",\"@id\":\"https:\/\/esment.org\/blogs\/#\/schema\/person\/image\/\",\"url\":\"https:\/\/secure.gravatar.com\/avatar\/88ab8e6ed41c613b22dace6ca23675795f15dc49d30afd5c6feee6c1cc4d0194?s=96&d=mm&r=g\",\"contentUrl\":\"https:\/\/secure.gravatar.com\/avatar\/88ab8e6ed41c613b22dace6ca23675795f15dc49d30afd5c6feee6c1cc4d0194?s=96&d=mm&r=g\",\"caption\":\"Comunicaci\u00f3\"},\"url\":\"https:\/\/esment.org\/blogs\/author\/alicciagarcia\/\"}]}<\/script>\n<!-- \/ Yoast SEO plugin. -->","yoast_head_json":{"title":"Visita de la Fundaci\u00f3 Atl\u00e8tic Balears - Blog Comunidad Esment","robots":{"index":"index","follow":"follow","max-snippet":"max-snippet:-1","max-image-preview":"max-image-preview:large","max-video-preview":"max-video-preview:-1"},"canonical":"https:\/\/esment.org\/blogs\/visita-de-la-fundacio-atletic-balears\/","og_locale":"es_ES","og_type":"article","og_title":"Visita de la Fundaci\u00f3 Atl\u00e8tic Balears - Blog Comunidad Esment","og_description":"La Fundaci\u00f3 Atl\u00e8tic Balears, encabezada por su presidente Pedro Cladera, ha visitado las instalaciones de Weyler, en Son Ferriol.\u00a0Este encuentro ha servido para valorar las diferentes posibilidades de colaboraci\u00f3n entre las\u00a0dos entidades.","og_url":"https:\/\/esment.org\/blogs\/visita-de-la-fundacio-atletic-balears\/","og_site_name":"Blog Comunidad Esment","article_published_time":"2011-01-30T01:51:24+00:00","author":"Comunicaci\u00f3","twitter_card":"summary_large_image","twitter_misc":{"Escrito por":"Comunicaci\u00f3"},"schema":{"@context":"https:\/\/schema.org","@graph":[{"@type":"Article","@id":"https:\/\/esment.org\/blogs\/visita-de-la-fundacio-atletic-balears\/#article","isPartOf":{"@id":"https:\/\/esment.org\/blogs\/visita-de-la-fundacio-atletic-balears\/"},"author":{"name":"Comunicaci\u00f3","@id":"https:\/\/esment.org\/blogs\/#\/schema\/person\/b81c725135ae4d5748a15f5f91986b27"},"headline":"Visita de la Fundaci\u00f3 Atl\u00e8tic Balears","datePublished":"2011-01-30T01:51:24+00:00","mainEntityOfPage":{"@id":"https:\/\/esment.org\/blogs\/visita-de-la-fundacio-atletic-balears\/"},"wordCount":43,"commentCount":0,"publisher":{"@id":"https:\/\/esment.org\/blogs\/#organization"},"articleSection":["Esment"],"inLanguage":"es","potentialAction":[{"@type":"CommentAction","name":"Comment","target":["https:\/\/esment.org\/blogs\/visita-de-la-fundacio-atletic-balears\/#respond"]}]},{"@type":"WebPage","@id":"https:\/\/esment.org\/blogs\/visita-de-la-fundacio-atletic-balears\/","url":"https:\/\/esment.org\/blogs\/visita-de-la-fundacio-atletic-balears\/","name":"Visita de la Fundaci\u00f3 Atl\u00e8tic Balears - Blog Comunidad Esment","isPartOf":{"@id":"https:\/\/esment.org\/blogs\/#website"},"datePublished":"2011-01-30T01:51:24+00:00","breadcrumb":{"@id":"https:\/\/esment.org\/blogs\/visita-de-la-fundacio-atletic-balears\/#breadcrumb"},"inLanguage":"es","potentialAction":[{"@type":"ReadAction","target":["https:\/\/esment.org\/blogs\/visita-de-la-fundacio-atletic-balears\/"]}]},{"@type":"BreadcrumbList","@id":"https:\/\/esment.org\/blogs\/visita-de-la-fundacio-atletic-balears\/#breadcrumb","itemListElement":[{"@type":"ListItem","position":1,"name":"Portada","item":"https:\/\/esment.org\/blogs\/"},{"@type":"ListItem","position":2,"name":"Visita de la Fundaci\u00f3 Atl\u00e8tic Balears"}]},{"@type":"WebSite","@id":"https:\/\/esment.org\/blogs\/#website","url":"https:\/\/esment.org\/blogs\/","name":"Blog Comunidad Esment","description":"Blogs de Esment","publisher":{"@id":"https:\/\/esment.org\/blogs\/#organization"},"potentialAction":[{"@type":"SearchAction","target":{"@type":"EntryPoint","urlTemplate":"https:\/\/esment.org\/blogs\/?s={search_term_string}"},"query-input":{"@type":"PropertyValueSpecification","valueRequired":true,"valueName":"search_term_string"}}],"inLanguage":"es"},{"@type":"Organization","@id":"https:\/\/esment.org\/blogs\/#organization","name":"Blog Comunidad Esment","url":"https:\/\/esment.org\/blogs\/","logo":{"@type":"ImageObject","inLanguage":"es","@id":"https:\/\/esment.org\/blogs\/#\/schema\/logo\/image\/","url":"https:\/\/esment.org\/blogs\/wp-content\/uploads\/2020\/10\/logo-header.svg","contentUrl":"https:\/\/esment.org\/blogs\/wp-content\/uploads\/2020\/10\/logo-header.svg","caption":"Blog Comunidad Esment"},"image":{"@id":"https:\/\/esment.org\/blogs\/#\/schema\/logo\/image\/"}},{"@type":"Person","@id":"https:\/\/esment.org\/blogs\/#\/schema\/person\/b81c725135ae4d5748a15f5f91986b27","name":"Comunicaci\u00f3","image":{"@type":"ImageObject","inLanguage":"es","@id":"https:\/\/esment.org\/blogs\/#\/schema\/person\/image\/","url":"https:\/\/secure.gravatar.com\/avatar\/88ab8e6ed41c613b22dace6ca23675795f15dc49d30afd5c6feee6c1cc4d0194?s=96&d=mm&r=g","contentUrl":"https:\/\/secure.gravatar.com\/avatar\/88ab8e6ed41c613b22dace6ca23675795f15dc49d30afd5c6feee6c1cc4d0194?s=96&d=mm&r=g","caption":"Comunicaci\u00f3"},"url":"https:\/\/esment.org\/blogs\/author\/alicciagarcia\/"}]}},"_links":{"self":[{"href":"https:\/\/esment.org\/blogs\/wp-json\/wp\/v2\/posts\/6089","targetHints":{"allow":["GET"]}}],"collection":[{"href":"https:\/\/esment.org\/blogs\/wp-json\/wp\/v2\/posts"}],"about":[{"href":"https:\/\/esment.org\/blogs\/wp-json\/wp\/v2\/types\/post"}],"author":[{"embeddable":true,"href":"https:\/\/esment.org\/blogs\/wp-json\/wp\/v2\/users\/2"}],"replies":[{"embeddable":true,"href":"https:\/\/esment.org\/blogs\/wp-json\/wp\/v2\/comments?post=6089"}],"version-history":[{"count":0,"href":"https:\/\/esment.org\/blogs\/wp-json\/wp\/v2\/posts\/6089\/revisions"}],"wp:attachment":[{"href":"https:\/\/esment.org\/blogs\/wp-json\/wp\/v2\/media?parent=6089"}],"wp:term":[{"taxonomy":"category","embeddable":true,"href":"https:\/\/esment.org\/blogs\/wp-json\/wp\/v2\/categories?post=6089"},{"taxonomy":"post_tag","embeddable":true,"href":"https:\/\/esment.org\/blogs\/wp-json\/wp\/v2\/tags?post=6089"}],"curies":[{"name":"wp","href":"https:\/\/api.w.org\/{rel}","templated":true}]}}