{"id":5927,"date":"2011-02-28T09:31:21","date_gmt":"2011-02-28T09:31:21","guid":{"rendered":"http:\/\/www.amadipesment.org\/?p=5927"},"modified":"2011-02-28T09:31:21","modified_gmt":"2011-02-28T09:31:21","slug":"el-servicio-de-guarderia-del-cafe-botiga-de-palmanova-amplia-sus-horarios","status":"publish","type":"post","link":"https:\/\/esment.org\/blogs\/el-servicio-de-guarderia-del-cafe-botiga-de-palmanova-amplia-sus-horarios\/","title":{"rendered":"El servicio de guarder\u00eda del caf\u00e8 botiga de Palmanova ampl\u00eda sus horarios"},"content":{"rendered":"<p><!--[if gte mso 9]><xml>  <w:WordDocument>   <w:View>Normal<\/w:View>   <w:Zoom>0<\/w:Zoom>   <w:HyphenationZone>21<\/w:HyphenationZone>   <w:PunctuationKerning\/>   <w:ValidateAgainstSchemas\/>   <w:SaveIfXMLInvalid>false<\/w:SaveIfXMLInvalid>   <w:IgnoreMixedContent>false<\/w:IgnoreMixedContent>   <w:AlwaysShowPlaceholderText>false<\/w:AlwaysShowPlaceholderText>   <w:Compatibility>    <w:BreakWrappedTables\/>    <w:SnapToGridInCell\/>    <w:WrapTextWithPunct\/>    <w:UseAsianBreakRules\/>    <w:DontGrowAutofit\/>   <\/w:Compatibility>   <w:BrowserLevel>MicrosoftInternetExplorer4<\/w:BrowserLevel>  <\/w:WordDocument> <\/xml><![endif]--><!--[if gte mso 9]><xml>  <w:LatentStyles DefLockedState=\"false\" LatentStyleCount=\"156\">  <\/w:LatentStyles> <\/xml><![endif]--><!--[if gte mso 10]>\n\n\n\n<style>  \/* Style Definitions *\/  table.MsoNormalTable \t{mso-style-name:\"Tabla normal\"; \tmso-tstyle-rowband-size:0; \tmso-tstyle-colband-size:0; \tmso-style-noshow:yes; \tmso-style-parent:\"\"; \tmso-padding-alt:0cm 5.4pt 0cm 5.4pt; \tmso-para-margin:0cm; \tmso-para-margin-bottom:.0001pt; \tmso-pagination:widow-orphan; \tfont-size:10.0pt; \tfont-family:\"Times New Roman\"; \tmso-ansi-language:#0400; \tmso-fareast-language:#0400; \tmso-bidi-language:#0400;} <\/style>\n\n <![endif]--><\/p>\n<p class=\"ListParagraph\"><img decoding=\"async\" src=\"\/images\/imagenes_noticias\/2011\/nins.jpg\" alt=\" \" width=\"300\" height=\"130\" align=\"left\" border=\"0\" hspace=\"5\" vspace=\"5\" \/><span style=\"font-family: Arial;\">Desde este mes, y adem\u00e1s de los s\u00e1bados y domingos, ofrecemos el servicio los festivos. Mientras los mayores comen, la cuidadora se encarga de los peque\u00f1os en unos espacios habilitados con juegos, pinturas y todo lo necesario para que ellos tambi\u00e9n disfruten del caf\u00e8 botiga de Palmanova. El horario es de las 13.00 a las 18.00 horas y puede realizar sus reservas en el 971 597 300.<\/span><\/p>\n","protected":false},"excerpt":{"rendered":"<p>Desde este mes, y adem\u00e1s de los s\u00e1bados y domingos, ofrecemos el servicio los festivos. Mientras los mayores comen, la cuidadora se encarga de los peque\u00f1os en unos espacios habilitados con juegos, pinturas y todo lo necesario para que ellos tambi\u00e9n disfruten del caf\u00e8 botiga de Palmanova. El horario es de las 13.00 a las [&hellip;]<\/p>\n","protected":false},"author":2,"featured_media":0,"comment_status":"open","ping_status":"open","sticky":false,"template":"","format":"standard","meta":{"_acf_changed":false,"footnotes":""},"categories":[3],"tags":[],"class_list":["post-5927","post","type-post","status-publish","format-standard","hentry","category-amadipesment"],"acf":[],"yoast_head":"<!-- This site is optimized with the Yoast SEO plugin v26.4 - https:\/\/yoast.com\/wordpress\/plugins\/seo\/ -->\n<title>El servicio de guarder\u00eda del caf\u00e8 botiga de Palmanova ampl\u00eda sus horarios - Blog Comunidad Esment<\/title>\n<meta name=\"robots\" content=\"index, follow, max-snippet:-1, max-image-preview:large, max-video-preview:-1\" \/>\n<link rel=\"canonical\" href=\"https:\/\/esment.org\/blogs\/el-servicio-de-guarderia-del-cafe-botiga-de-palmanova-amplia-sus-horarios\/\" \/>\n<meta property=\"og:locale\" content=\"es_ES\" \/>\n<meta property=\"og:type\" content=\"article\" \/>\n<meta property=\"og:title\" content=\"El servicio de guarder\u00eda del caf\u00e8 botiga de Palmanova ampl\u00eda sus horarios - Blog Comunidad Esment\" \/>\n<meta property=\"og:description\" content=\"Desde este mes, y adem\u00e1s de los s\u00e1bados y domingos, ofrecemos el servicio los festivos. Mientras los mayores comen, la cuidadora se encarga de los peque\u00f1os en unos espacios habilitados con juegos, pinturas y todo lo necesario para que ellos tambi\u00e9n disfruten del caf\u00e8 botiga de Palmanova. El horario es de las 13.00 a las [&hellip;]\" \/>\n<meta property=\"og:url\" content=\"https:\/\/esment.org\/blogs\/el-servicio-de-guarderia-del-cafe-botiga-de-palmanova-amplia-sus-horarios\/\" \/>\n<meta property=\"og:site_name\" content=\"Blog Comunidad Esment\" \/>\n<meta property=\"article:published_time\" content=\"2011-02-28T09:31:21+00:00\" \/>\n<meta name=\"author\" content=\"Comunicaci\u00f3\" \/>\n<meta name=\"twitter:card\" content=\"summary_large_image\" \/>\n<meta name=\"twitter:label1\" content=\"Escrito por\" \/>\n\t<meta name=\"twitter:data1\" content=\"Comunicaci\u00f3\" \/>\n<script type=\"application\/ld+json\" class=\"yoast-schema-graph\">{\"@context\":\"https:\/\/schema.org\",\"@graph\":[{\"@type\":\"Article\",\"@id\":\"https:\/\/esment.org\/blogs\/el-servicio-de-guarderia-del-cafe-botiga-de-palmanova-amplia-sus-horarios\/#article\",\"isPartOf\":{\"@id\":\"https:\/\/esment.org\/blogs\/el-servicio-de-guarderia-del-cafe-botiga-de-palmanova-amplia-sus-horarios\/\"},\"author\":{\"name\":\"Comunicaci\u00f3\",\"@id\":\"https:\/\/esment.org\/blogs\/#\/schema\/person\/b81c725135ae4d5748a15f5f91986b27\"},\"headline\":\"El servicio de guarder\u00eda del caf\u00e8 botiga de Palmanova ampl\u00eda sus horarios\",\"datePublished\":\"2011-02-28T09:31:21+00:00\",\"mainEntityOfPage\":{\"@id\":\"https:\/\/esment.org\/blogs\/el-servicio-de-guarderia-del-cafe-botiga-de-palmanova-amplia-sus-horarios\/\"},\"wordCount\":80,\"commentCount\":0,\"publisher\":{\"@id\":\"https:\/\/esment.org\/blogs\/#organization\"},\"articleSection\":[\"Esment\"],\"inLanguage\":\"es\",\"potentialAction\":[{\"@type\":\"CommentAction\",\"name\":\"Comment\",\"target\":[\"https:\/\/esment.org\/blogs\/el-servicio-de-guarderia-del-cafe-botiga-de-palmanova-amplia-sus-horarios\/#respond\"]}]},{\"@type\":\"WebPage\",\"@id\":\"https:\/\/esment.org\/blogs\/el-servicio-de-guarderia-del-cafe-botiga-de-palmanova-amplia-sus-horarios\/\",\"url\":\"https:\/\/esment.org\/blogs\/el-servicio-de-guarderia-del-cafe-botiga-de-palmanova-amplia-sus-horarios\/\",\"name\":\"El servicio de guarder\u00eda del caf\u00e8 botiga de Palmanova ampl\u00eda sus horarios - Blog Comunidad Esment\",\"isPartOf\":{\"@id\":\"https:\/\/esment.org\/blogs\/#website\"},\"datePublished\":\"2011-02-28T09:31:21+00:00\",\"breadcrumb\":{\"@id\":\"https:\/\/esment.org\/blogs\/el-servicio-de-guarderia-del-cafe-botiga-de-palmanova-amplia-sus-horarios\/#breadcrumb\"},\"inLanguage\":\"es\",\"potentialAction\":[{\"@type\":\"ReadAction\",\"target\":[\"https:\/\/esment.org\/blogs\/el-servicio-de-guarderia-del-cafe-botiga-de-palmanova-amplia-sus-horarios\/\"]}]},{\"@type\":\"BreadcrumbList\",\"@id\":\"https:\/\/esment.org\/blogs\/el-servicio-de-guarderia-del-cafe-botiga-de-palmanova-amplia-sus-horarios\/#breadcrumb\",\"itemListElement\":[{\"@type\":\"ListItem\",\"position\":1,\"name\":\"Portada\",\"item\":\"https:\/\/esment.org\/blogs\/\"},{\"@type\":\"ListItem\",\"position\":2,\"name\":\"El servicio de guarder\u00eda del caf\u00e8 botiga de Palmanova ampl\u00eda sus horarios\"}]},{\"@type\":\"WebSite\",\"@id\":\"https:\/\/esment.org\/blogs\/#website\",\"url\":\"https:\/\/esment.org\/blogs\/\",\"name\":\"Blog Comunidad Esment\",\"description\":\"Blogs de Esment\",\"publisher\":{\"@id\":\"https:\/\/esment.org\/blogs\/#organization\"},\"potentialAction\":[{\"@type\":\"SearchAction\",\"target\":{\"@type\":\"EntryPoint\",\"urlTemplate\":\"https:\/\/esment.org\/blogs\/?s={search_term_string}\"},\"query-input\":{\"@type\":\"PropertyValueSpecification\",\"valueRequired\":true,\"valueName\":\"search_term_string\"}}],\"inLanguage\":\"es\"},{\"@type\":\"Organization\",\"@id\":\"https:\/\/esment.org\/blogs\/#organization\",\"name\":\"Blog Comunidad Esment\",\"url\":\"https:\/\/esment.org\/blogs\/\",\"logo\":{\"@type\":\"ImageObject\",\"inLanguage\":\"es\",\"@id\":\"https:\/\/esment.org\/blogs\/#\/schema\/logo\/image\/\",\"url\":\"https:\/\/esment.org\/blogs\/wp-content\/uploads\/2020\/10\/logo-header.svg\",\"contentUrl\":\"https:\/\/esment.org\/blogs\/wp-content\/uploads\/2020\/10\/logo-header.svg\",\"caption\":\"Blog Comunidad Esment\"},\"image\":{\"@id\":\"https:\/\/esment.org\/blogs\/#\/schema\/logo\/image\/\"}},{\"@type\":\"Person\",\"@id\":\"https:\/\/esment.org\/blogs\/#\/schema\/person\/b81c725135ae4d5748a15f5f91986b27\",\"name\":\"Comunicaci\u00f3\",\"image\":{\"@type\":\"ImageObject\",\"inLanguage\":\"es\",\"@id\":\"https:\/\/esment.org\/blogs\/#\/schema\/person\/image\/\",\"url\":\"https:\/\/secure.gravatar.com\/avatar\/88ab8e6ed41c613b22dace6ca23675795f15dc49d30afd5c6feee6c1cc4d0194?s=96&d=mm&r=g\",\"contentUrl\":\"https:\/\/secure.gravatar.com\/avatar\/88ab8e6ed41c613b22dace6ca23675795f15dc49d30afd5c6feee6c1cc4d0194?s=96&d=mm&r=g\",\"caption\":\"Comunicaci\u00f3\"},\"url\":\"https:\/\/esment.org\/blogs\/author\/alicciagarcia\/\"}]}<\/script>\n<!-- \/ Yoast SEO plugin. -->","yoast_head_json":{"title":"El servicio de guarder\u00eda del caf\u00e8 botiga de Palmanova ampl\u00eda sus horarios - Blog Comunidad Esment","robots":{"index":"index","follow":"follow","max-snippet":"max-snippet:-1","max-image-preview":"max-image-preview:large","max-video-preview":"max-video-preview:-1"},"canonical":"https:\/\/esment.org\/blogs\/el-servicio-de-guarderia-del-cafe-botiga-de-palmanova-amplia-sus-horarios\/","og_locale":"es_ES","og_type":"article","og_title":"El servicio de guarder\u00eda del caf\u00e8 botiga de Palmanova ampl\u00eda sus horarios - Blog Comunidad Esment","og_description":"Desde este mes, y adem\u00e1s de los s\u00e1bados y domingos, ofrecemos el servicio los festivos. Mientras los mayores comen, la cuidadora se encarga de los peque\u00f1os en unos espacios habilitados con juegos, pinturas y todo lo necesario para que ellos tambi\u00e9n disfruten del caf\u00e8 botiga de Palmanova. El horario es de las 13.00 a las [&hellip;]","og_url":"https:\/\/esment.org\/blogs\/el-servicio-de-guarderia-del-cafe-botiga-de-palmanova-amplia-sus-horarios\/","og_site_name":"Blog Comunidad Esment","article_published_time":"2011-02-28T09:31:21+00:00","author":"Comunicaci\u00f3","twitter_card":"summary_large_image","twitter_misc":{"Escrito por":"Comunicaci\u00f3"},"schema":{"@context":"https:\/\/schema.org","@graph":[{"@type":"Article","@id":"https:\/\/esment.org\/blogs\/el-servicio-de-guarderia-del-cafe-botiga-de-palmanova-amplia-sus-horarios\/#article","isPartOf":{"@id":"https:\/\/esment.org\/blogs\/el-servicio-de-guarderia-del-cafe-botiga-de-palmanova-amplia-sus-horarios\/"},"author":{"name":"Comunicaci\u00f3","@id":"https:\/\/esment.org\/blogs\/#\/schema\/person\/b81c725135ae4d5748a15f5f91986b27"},"headline":"El servicio de guarder\u00eda del caf\u00e8 botiga de Palmanova ampl\u00eda sus horarios","datePublished":"2011-02-28T09:31:21+00:00","mainEntityOfPage":{"@id":"https:\/\/esment.org\/blogs\/el-servicio-de-guarderia-del-cafe-botiga-de-palmanova-amplia-sus-horarios\/"},"wordCount":80,"commentCount":0,"publisher":{"@id":"https:\/\/esment.org\/blogs\/#organization"},"articleSection":["Esment"],"inLanguage":"es","potentialAction":[{"@type":"CommentAction","name":"Comment","target":["https:\/\/esment.org\/blogs\/el-servicio-de-guarderia-del-cafe-botiga-de-palmanova-amplia-sus-horarios\/#respond"]}]},{"@type":"WebPage","@id":"https:\/\/esment.org\/blogs\/el-servicio-de-guarderia-del-cafe-botiga-de-palmanova-amplia-sus-horarios\/","url":"https:\/\/esment.org\/blogs\/el-servicio-de-guarderia-del-cafe-botiga-de-palmanova-amplia-sus-horarios\/","name":"El servicio de guarder\u00eda del caf\u00e8 botiga de Palmanova ampl\u00eda sus horarios - Blog Comunidad Esment","isPartOf":{"@id":"https:\/\/esment.org\/blogs\/#website"},"datePublished":"2011-02-28T09:31:21+00:00","breadcrumb":{"@id":"https:\/\/esment.org\/blogs\/el-servicio-de-guarderia-del-cafe-botiga-de-palmanova-amplia-sus-horarios\/#breadcrumb"},"inLanguage":"es","potentialAction":[{"@type":"ReadAction","target":["https:\/\/esment.org\/blogs\/el-servicio-de-guarderia-del-cafe-botiga-de-palmanova-amplia-sus-horarios\/"]}]},{"@type":"BreadcrumbList","@id":"https:\/\/esment.org\/blogs\/el-servicio-de-guarderia-del-cafe-botiga-de-palmanova-amplia-sus-horarios\/#breadcrumb","itemListElement":[{"@type":"ListItem","position":1,"name":"Portada","item":"https:\/\/esment.org\/blogs\/"},{"@type":"ListItem","position":2,"name":"El servicio de guarder\u00eda del caf\u00e8 botiga de Palmanova ampl\u00eda sus horarios"}]},{"@type":"WebSite","@id":"https:\/\/esment.org\/blogs\/#website","url":"https:\/\/esment.org\/blogs\/","name":"Blog Comunidad Esment","description":"Blogs de Esment","publisher":{"@id":"https:\/\/esment.org\/blogs\/#organization"},"potentialAction":[{"@type":"SearchAction","target":{"@type":"EntryPoint","urlTemplate":"https:\/\/esment.org\/blogs\/?s={search_term_string}"},"query-input":{"@type":"PropertyValueSpecification","valueRequired":true,"valueName":"search_term_string"}}],"inLanguage":"es"},{"@type":"Organization","@id":"https:\/\/esment.org\/blogs\/#organization","name":"Blog Comunidad Esment","url":"https:\/\/esment.org\/blogs\/","logo":{"@type":"ImageObject","inLanguage":"es","@id":"https:\/\/esment.org\/blogs\/#\/schema\/logo\/image\/","url":"https:\/\/esment.org\/blogs\/wp-content\/uploads\/2020\/10\/logo-header.svg","contentUrl":"https:\/\/esment.org\/blogs\/wp-content\/uploads\/2020\/10\/logo-header.svg","caption":"Blog Comunidad Esment"},"image":{"@id":"https:\/\/esment.org\/blogs\/#\/schema\/logo\/image\/"}},{"@type":"Person","@id":"https:\/\/esment.org\/blogs\/#\/schema\/person\/b81c725135ae4d5748a15f5f91986b27","name":"Comunicaci\u00f3","image":{"@type":"ImageObject","inLanguage":"es","@id":"https:\/\/esment.org\/blogs\/#\/schema\/person\/image\/","url":"https:\/\/secure.gravatar.com\/avatar\/88ab8e6ed41c613b22dace6ca23675795f15dc49d30afd5c6feee6c1cc4d0194?s=96&d=mm&r=g","contentUrl":"https:\/\/secure.gravatar.com\/avatar\/88ab8e6ed41c613b22dace6ca23675795f15dc49d30afd5c6feee6c1cc4d0194?s=96&d=mm&r=g","caption":"Comunicaci\u00f3"},"url":"https:\/\/esment.org\/blogs\/author\/alicciagarcia\/"}]}},"_links":{"self":[{"href":"https:\/\/esment.org\/blogs\/wp-json\/wp\/v2\/posts\/5927","targetHints":{"allow":["GET"]}}],"collection":[{"href":"https:\/\/esment.org\/blogs\/wp-json\/wp\/v2\/posts"}],"about":[{"href":"https:\/\/esment.org\/blogs\/wp-json\/wp\/v2\/types\/post"}],"author":[{"embeddable":true,"href":"https:\/\/esment.org\/blogs\/wp-json\/wp\/v2\/users\/2"}],"replies":[{"embeddable":true,"href":"https:\/\/esment.org\/blogs\/wp-json\/wp\/v2\/comments?post=5927"}],"version-history":[{"count":0,"href":"https:\/\/esment.org\/blogs\/wp-json\/wp\/v2\/posts\/5927\/revisions"}],"wp:attachment":[{"href":"https:\/\/esment.org\/blogs\/wp-json\/wp\/v2\/media?parent=5927"}],"wp:term":[{"taxonomy":"category","embeddable":true,"href":"https:\/\/esment.org\/blogs\/wp-json\/wp\/v2\/categories?post=5927"},{"taxonomy":"post_tag","embeddable":true,"href":"https:\/\/esment.org\/blogs\/wp-json\/wp\/v2\/tags?post=5927"}],"curies":[{"name":"wp","href":"https:\/\/api.w.org\/{rel}","templated":true}]}}