{"id":4884,"date":"2008-02-05T23:57:06","date_gmt":"2008-02-05T23:57:06","guid":{"rendered":"http:\/\/www.amadipesment.org\/?p=4884"},"modified":"2008-02-05T23:57:06","modified_gmt":"2008-02-05T23:57:06","slug":"el-batle-dandratx-visita-les-nostres-instalacions","status":"publish","type":"post","link":"https:\/\/esment.org\/blogs\/el-batle-dandratx-visita-les-nostres-instalacions\/","title":{"rendered":"El Batle d&#8217;Andratx visita les nostres instalacions"},"content":{"rendered":"<p>&nbsp;<\/p>\n<p><strong><span style=\"color: #4a796b;\">{mosimage}<\/span><\/strong><\/p>\n<p><strong><span style=\"color: #4a796b;\">El Batle d&#8217;Andratx, D. Francisco Femen\u00edas, ha visitat les instalacions d&#8217;amadip.esment<\/span><\/strong><\/p>\n<p><strong><span style=\"color: #4a796b;\">A aquesta visita l&#8217;han acompanyat\u00a0 D\u00aa Amparo Barqueros, <!--more-->regidora delegada del \u00e0rea de serveis socials, sanitat i gent gran i\u00a0 D. Jos\u00e9 \u00c1ngel Prieto, regidor responsable d&#8217;economia i hisenda.<\/span><\/strong><\/p>\n<p><strong><span style=\"color: #4a796b;\">Acompanyats pel Director de l&#8217;\u00e0rea comercial d&#8217;amadip.esment, Jos\u00e9 Gonz\u00e1lez han fet un recorregut per la finca Weyler on han conegut de primera ma els serveis i les activitats que desenvolupa la nostra asociaci\u00f3<\/span><\/strong><\/p>\n<p>&nbsp;<\/p>\n","protected":false},"excerpt":{"rendered":"<p>&nbsp; {mosimage} El Batle d&#8217;Andratx, D. Francisco Femen\u00edas, ha visitat les instalacions d&#8217;amadip.esment A aquesta visita l&#8217;han acompanyat\u00a0 D\u00aa Amparo Barqueros,<\/p>\n","protected":false},"author":2,"featured_media":0,"comment_status":"open","ping_status":"open","sticky":false,"template":"","format":"standard","meta":{"_acf_changed":false,"footnotes":""},"categories":[3],"tags":[],"class_list":["post-4884","post","type-post","status-publish","format-standard","hentry","category-amadipesment"],"acf":[],"yoast_head":"<!-- This site is optimized with the Yoast SEO plugin v26.4 - https:\/\/yoast.com\/wordpress\/plugins\/seo\/ -->\n<title>El Batle d&#039;Andratx visita les nostres instalacions - Blog Comunidad Esment<\/title>\n<meta name=\"robots\" content=\"index, follow, max-snippet:-1, max-image-preview:large, max-video-preview:-1\" \/>\n<link rel=\"canonical\" href=\"https:\/\/esment.org\/blogs\/el-batle-dandratx-visita-les-nostres-instalacions\/\" \/>\n<meta property=\"og:locale\" content=\"es_ES\" \/>\n<meta property=\"og:type\" content=\"article\" \/>\n<meta property=\"og:title\" content=\"El Batle d&#039;Andratx visita les nostres instalacions - Blog Comunidad Esment\" \/>\n<meta property=\"og:description\" content=\"&nbsp; {mosimage} El Batle d&#8217;Andratx, D. Francisco Femen\u00edas, ha visitat les instalacions d&#8217;amadip.esment A aquesta visita l&#8217;han acompanyat\u00a0 D\u00aa Amparo Barqueros,\" \/>\n<meta property=\"og:url\" content=\"https:\/\/esment.org\/blogs\/el-batle-dandratx-visita-les-nostres-instalacions\/\" \/>\n<meta property=\"og:site_name\" content=\"Blog Comunidad Esment\" \/>\n<meta property=\"article:published_time\" content=\"2008-02-05T23:57:06+00:00\" \/>\n<meta name=\"author\" content=\"Comunicaci\u00f3\" \/>\n<meta name=\"twitter:card\" content=\"summary_large_image\" \/>\n<meta name=\"twitter:label1\" content=\"Escrito por\" \/>\n\t<meta name=\"twitter:data1\" content=\"Comunicaci\u00f3\" \/>\n<script type=\"application\/ld+json\" class=\"yoast-schema-graph\">{\"@context\":\"https:\/\/schema.org\",\"@graph\":[{\"@type\":\"Article\",\"@id\":\"https:\/\/esment.org\/blogs\/el-batle-dandratx-visita-les-nostres-instalacions\/#article\",\"isPartOf\":{\"@id\":\"https:\/\/esment.org\/blogs\/el-batle-dandratx-visita-les-nostres-instalacions\/\"},\"author\":{\"name\":\"Comunicaci\u00f3\",\"@id\":\"https:\/\/esment.org\/blogs\/#\/schema\/person\/b81c725135ae4d5748a15f5f91986b27\"},\"headline\":\"El Batle d&#8217;Andratx visita les nostres instalacions\",\"datePublished\":\"2008-02-05T23:57:06+00:00\",\"mainEntityOfPage\":{\"@id\":\"https:\/\/esment.org\/blogs\/el-batle-dandratx-visita-les-nostres-instalacions\/\"},\"wordCount\":88,\"commentCount\":0,\"publisher\":{\"@id\":\"https:\/\/esment.org\/blogs\/#organization\"},\"articleSection\":[\"Esment\"],\"inLanguage\":\"es\",\"potentialAction\":[{\"@type\":\"CommentAction\",\"name\":\"Comment\",\"target\":[\"https:\/\/esment.org\/blogs\/el-batle-dandratx-visita-les-nostres-instalacions\/#respond\"]}]},{\"@type\":\"WebPage\",\"@id\":\"https:\/\/esment.org\/blogs\/el-batle-dandratx-visita-les-nostres-instalacions\/\",\"url\":\"https:\/\/esment.org\/blogs\/el-batle-dandratx-visita-les-nostres-instalacions\/\",\"name\":\"El Batle d'Andratx visita les nostres instalacions - Blog Comunidad Esment\",\"isPartOf\":{\"@id\":\"https:\/\/esment.org\/blogs\/#website\"},\"datePublished\":\"2008-02-05T23:57:06+00:00\",\"breadcrumb\":{\"@id\":\"https:\/\/esment.org\/blogs\/el-batle-dandratx-visita-les-nostres-instalacions\/#breadcrumb\"},\"inLanguage\":\"es\",\"potentialAction\":[{\"@type\":\"ReadAction\",\"target\":[\"https:\/\/esment.org\/blogs\/el-batle-dandratx-visita-les-nostres-instalacions\/\"]}]},{\"@type\":\"BreadcrumbList\",\"@id\":\"https:\/\/esment.org\/blogs\/el-batle-dandratx-visita-les-nostres-instalacions\/#breadcrumb\",\"itemListElement\":[{\"@type\":\"ListItem\",\"position\":1,\"name\":\"Portada\",\"item\":\"https:\/\/esment.org\/blogs\/\"},{\"@type\":\"ListItem\",\"position\":2,\"name\":\"El Batle d&#8217;Andratx visita les nostres instalacions\"}]},{\"@type\":\"WebSite\",\"@id\":\"https:\/\/esment.org\/blogs\/#website\",\"url\":\"https:\/\/esment.org\/blogs\/\",\"name\":\"Blog Comunidad Esment\",\"description\":\"Blogs de Esment\",\"publisher\":{\"@id\":\"https:\/\/esment.org\/blogs\/#organization\"},\"potentialAction\":[{\"@type\":\"SearchAction\",\"target\":{\"@type\":\"EntryPoint\",\"urlTemplate\":\"https:\/\/esment.org\/blogs\/?s={search_term_string}\"},\"query-input\":{\"@type\":\"PropertyValueSpecification\",\"valueRequired\":true,\"valueName\":\"search_term_string\"}}],\"inLanguage\":\"es\"},{\"@type\":\"Organization\",\"@id\":\"https:\/\/esment.org\/blogs\/#organization\",\"name\":\"Blog Comunidad Esment\",\"url\":\"https:\/\/esment.org\/blogs\/\",\"logo\":{\"@type\":\"ImageObject\",\"inLanguage\":\"es\",\"@id\":\"https:\/\/esment.org\/blogs\/#\/schema\/logo\/image\/\",\"url\":\"https:\/\/esment.org\/blogs\/wp-content\/uploads\/2020\/10\/logo-header.svg\",\"contentUrl\":\"https:\/\/esment.org\/blogs\/wp-content\/uploads\/2020\/10\/logo-header.svg\",\"caption\":\"Blog Comunidad Esment\"},\"image\":{\"@id\":\"https:\/\/esment.org\/blogs\/#\/schema\/logo\/image\/\"}},{\"@type\":\"Person\",\"@id\":\"https:\/\/esment.org\/blogs\/#\/schema\/person\/b81c725135ae4d5748a15f5f91986b27\",\"name\":\"Comunicaci\u00f3\",\"image\":{\"@type\":\"ImageObject\",\"inLanguage\":\"es\",\"@id\":\"https:\/\/esment.org\/blogs\/#\/schema\/person\/image\/\",\"url\":\"https:\/\/secure.gravatar.com\/avatar\/88ab8e6ed41c613b22dace6ca23675795f15dc49d30afd5c6feee6c1cc4d0194?s=96&d=mm&r=g\",\"contentUrl\":\"https:\/\/secure.gravatar.com\/avatar\/88ab8e6ed41c613b22dace6ca23675795f15dc49d30afd5c6feee6c1cc4d0194?s=96&d=mm&r=g\",\"caption\":\"Comunicaci\u00f3\"},\"url\":\"https:\/\/esment.org\/blogs\/author\/alicciagarcia\/\"}]}<\/script>\n<!-- \/ Yoast SEO plugin. -->","yoast_head_json":{"title":"El Batle d'Andratx visita les nostres instalacions - Blog Comunidad Esment","robots":{"index":"index","follow":"follow","max-snippet":"max-snippet:-1","max-image-preview":"max-image-preview:large","max-video-preview":"max-video-preview:-1"},"canonical":"https:\/\/esment.org\/blogs\/el-batle-dandratx-visita-les-nostres-instalacions\/","og_locale":"es_ES","og_type":"article","og_title":"El Batle d'Andratx visita les nostres instalacions - Blog Comunidad Esment","og_description":"&nbsp; {mosimage} El Batle d&#8217;Andratx, D. Francisco Femen\u00edas, ha visitat les instalacions d&#8217;amadip.esment A aquesta visita l&#8217;han acompanyat\u00a0 D\u00aa Amparo Barqueros,","og_url":"https:\/\/esment.org\/blogs\/el-batle-dandratx-visita-les-nostres-instalacions\/","og_site_name":"Blog Comunidad Esment","article_published_time":"2008-02-05T23:57:06+00:00","author":"Comunicaci\u00f3","twitter_card":"summary_large_image","twitter_misc":{"Escrito por":"Comunicaci\u00f3"},"schema":{"@context":"https:\/\/schema.org","@graph":[{"@type":"Article","@id":"https:\/\/esment.org\/blogs\/el-batle-dandratx-visita-les-nostres-instalacions\/#article","isPartOf":{"@id":"https:\/\/esment.org\/blogs\/el-batle-dandratx-visita-les-nostres-instalacions\/"},"author":{"name":"Comunicaci\u00f3","@id":"https:\/\/esment.org\/blogs\/#\/schema\/person\/b81c725135ae4d5748a15f5f91986b27"},"headline":"El Batle d&#8217;Andratx visita les nostres instalacions","datePublished":"2008-02-05T23:57:06+00:00","mainEntityOfPage":{"@id":"https:\/\/esment.org\/blogs\/el-batle-dandratx-visita-les-nostres-instalacions\/"},"wordCount":88,"commentCount":0,"publisher":{"@id":"https:\/\/esment.org\/blogs\/#organization"},"articleSection":["Esment"],"inLanguage":"es","potentialAction":[{"@type":"CommentAction","name":"Comment","target":["https:\/\/esment.org\/blogs\/el-batle-dandratx-visita-les-nostres-instalacions\/#respond"]}]},{"@type":"WebPage","@id":"https:\/\/esment.org\/blogs\/el-batle-dandratx-visita-les-nostres-instalacions\/","url":"https:\/\/esment.org\/blogs\/el-batle-dandratx-visita-les-nostres-instalacions\/","name":"El Batle d'Andratx visita les nostres instalacions - Blog Comunidad Esment","isPartOf":{"@id":"https:\/\/esment.org\/blogs\/#website"},"datePublished":"2008-02-05T23:57:06+00:00","breadcrumb":{"@id":"https:\/\/esment.org\/blogs\/el-batle-dandratx-visita-les-nostres-instalacions\/#breadcrumb"},"inLanguage":"es","potentialAction":[{"@type":"ReadAction","target":["https:\/\/esment.org\/blogs\/el-batle-dandratx-visita-les-nostres-instalacions\/"]}]},{"@type":"BreadcrumbList","@id":"https:\/\/esment.org\/blogs\/el-batle-dandratx-visita-les-nostres-instalacions\/#breadcrumb","itemListElement":[{"@type":"ListItem","position":1,"name":"Portada","item":"https:\/\/esment.org\/blogs\/"},{"@type":"ListItem","position":2,"name":"El Batle d&#8217;Andratx visita les nostres instalacions"}]},{"@type":"WebSite","@id":"https:\/\/esment.org\/blogs\/#website","url":"https:\/\/esment.org\/blogs\/","name":"Blog Comunidad Esment","description":"Blogs de Esment","publisher":{"@id":"https:\/\/esment.org\/blogs\/#organization"},"potentialAction":[{"@type":"SearchAction","target":{"@type":"EntryPoint","urlTemplate":"https:\/\/esment.org\/blogs\/?s={search_term_string}"},"query-input":{"@type":"PropertyValueSpecification","valueRequired":true,"valueName":"search_term_string"}}],"inLanguage":"es"},{"@type":"Organization","@id":"https:\/\/esment.org\/blogs\/#organization","name":"Blog Comunidad Esment","url":"https:\/\/esment.org\/blogs\/","logo":{"@type":"ImageObject","inLanguage":"es","@id":"https:\/\/esment.org\/blogs\/#\/schema\/logo\/image\/","url":"https:\/\/esment.org\/blogs\/wp-content\/uploads\/2020\/10\/logo-header.svg","contentUrl":"https:\/\/esment.org\/blogs\/wp-content\/uploads\/2020\/10\/logo-header.svg","caption":"Blog Comunidad Esment"},"image":{"@id":"https:\/\/esment.org\/blogs\/#\/schema\/logo\/image\/"}},{"@type":"Person","@id":"https:\/\/esment.org\/blogs\/#\/schema\/person\/b81c725135ae4d5748a15f5f91986b27","name":"Comunicaci\u00f3","image":{"@type":"ImageObject","inLanguage":"es","@id":"https:\/\/esment.org\/blogs\/#\/schema\/person\/image\/","url":"https:\/\/secure.gravatar.com\/avatar\/88ab8e6ed41c613b22dace6ca23675795f15dc49d30afd5c6feee6c1cc4d0194?s=96&d=mm&r=g","contentUrl":"https:\/\/secure.gravatar.com\/avatar\/88ab8e6ed41c613b22dace6ca23675795f15dc49d30afd5c6feee6c1cc4d0194?s=96&d=mm&r=g","caption":"Comunicaci\u00f3"},"url":"https:\/\/esment.org\/blogs\/author\/alicciagarcia\/"}]}},"_links":{"self":[{"href":"https:\/\/esment.org\/blogs\/wp-json\/wp\/v2\/posts\/4884","targetHints":{"allow":["GET"]}}],"collection":[{"href":"https:\/\/esment.org\/blogs\/wp-json\/wp\/v2\/posts"}],"about":[{"href":"https:\/\/esment.org\/blogs\/wp-json\/wp\/v2\/types\/post"}],"author":[{"embeddable":true,"href":"https:\/\/esment.org\/blogs\/wp-json\/wp\/v2\/users\/2"}],"replies":[{"embeddable":true,"href":"https:\/\/esment.org\/blogs\/wp-json\/wp\/v2\/comments?post=4884"}],"version-history":[{"count":0,"href":"https:\/\/esment.org\/blogs\/wp-json\/wp\/v2\/posts\/4884\/revisions"}],"wp:attachment":[{"href":"https:\/\/esment.org\/blogs\/wp-json\/wp\/v2\/media?parent=4884"}],"wp:term":[{"taxonomy":"category","embeddable":true,"href":"https:\/\/esment.org\/blogs\/wp-json\/wp\/v2\/categories?post=4884"},{"taxonomy":"post_tag","embeddable":true,"href":"https:\/\/esment.org\/blogs\/wp-json\/wp\/v2\/tags?post=4884"}],"curies":[{"name":"wp","href":"https:\/\/api.w.org\/{rel}","templated":true}]}}