{"id":29595,"date":"2026-09-04T12:55:47","date_gmt":"2026-09-04T12:55:47","guid":{"rendered":"https:\/\/esment.org\/blogs\/?p=29595"},"modified":"2026-09-04T12:57:39","modified_gmt":"2026-09-04T12:57:39","slug":"cuando-la-experiencia-se-convierte-en-acreditacion","status":"publish","type":"post","link":"https:\/\/esment.org\/blogs\/cuando-la-experiencia-se-convierte-en-acreditacion\/","title":{"rendered":"Cuando la experiencia se convierte en acreditaci\u00f3n"},"content":{"rendered":"<div>\n<p class=\"paragraph-in-scc-markdown-text ___1ngh792 ftgm304 f1iaxwol\">Loli Beltr\u00e1n lleva m\u00e1s de 14 a\u00f1os vinculada a la actividad de restauraci\u00f3n en Esment. Ha trabajado como camarera en el caf\u00e9 Es Pes de Palla, en Inca, y desde la apertura de la panader\u00eda Can Pa forma parte del equipo que atiende al p\u00fablico cada d\u00eda. A lo largo de todos estos a\u00f1os ha adquirido conocimientos, habilidades y experiencia que aplica en su trabajo diario. Sin embargo, hasta ahora no hab\u00eda tenido la oportunidad de obtener un reconocimiento oficial que certificara todo ese aprendizaje.<\/p>\n<p class=\"paragraph-in-scc-markdown-text ___1ngh792 ftgm304 f1iaxwol\">Gracias al proyecto \u00abEsment Restauraci\u00f3n: Empleo para todas las personas y para cada una\u00bb, cofinanciado por el Fondo Social Europeo Plus (FSE+) a trav\u00e9s de la <a href=\"https:\/\/www.cepes.es\/\">Confederaci\u00f3n Empresarial Espa\u00f1ola de la Econom\u00eda Social (CEPES)<\/a>, Loli podr\u00e1 acreditar su experiencia profesional y seguir avanzando en la actualizaci\u00f3n y mejora de sus competencias y abrirse nuevas oportunidades de futuro.<\/p>\n<p class=\"paragraph-in-scc-markdown-text ___1ngh792 ftgm304 f1iaxwol\">Como ella, otros siete trabajadores de Esment se han incorporado a este proceso de acreditaci\u00f3n de competencias profesionales dirigido a personas con especiales dificultades. La iniciativa tiene como objetivo mantener y reforzar sus capacidades mediante apoyos en el puesto de trabajo y adaptaciones de tareas y procesos, al tiempo que permite reconocer oficialmente los conocimientos adquiridos a trav\u00e9s de la pr\u00e1ctica laboral.<\/p>\n<p class=\"paragraph-in-scc-markdown-text ___1ngh792 ftgm304 f1iaxwol\">El procedimiento se desarrolla a trav\u00e9s del <a href=\"https:\/\/www.caib.es\/sites\/iqpib\/es\/inicio\/\">Institut de les Qualificacions Professionals de les Illes Balears (IQPIB)<\/a>, organismo encargado de evaluar y acreditar las competencias que las personas adquieren mediante la experiencia laboral o la formaci\u00f3n no formal. Gracias a este proceso, los participantes podr\u00e1n poner en valor habilidades que llevan a\u00f1os demostrando en su trabajo diario.<\/p>\n<p class=\"paragraph-in-scc-markdown-text ___1ngh792 ftgm304 f1iaxwol\">Se trata de la <a href=\"https:\/\/esment.org\/blogs\/seis-trabajadores-obtienen-una-acreditacion-profesional-gracias-al-programa-impulsado-por-cepes\/\">tercera promoci\u00f3n<\/a> de trabajadores de Esment que participa en esta iniciativa. Durante los pr\u00f3ximos meses contar\u00e1n con acompa\u00f1amiento y asesoramiento para identificar, documentar y acreditar las competencias desarrolladas a lo largo de su vida laboral. Las dos promociones anteriores completaron con \u00e9xito este itinerario y obtuvieron acreditaciones oficiales que certifican sus conocimientos y capacidades.<\/p>\n<div>\u00a0 \u00a0 \u00a0 \u00a0 \u00a0 \u00a0 \u00a0 \u00a0 \u00a0 \u00a0 \u00a0 \u00a0 \u00a0 \u00a0 \u00a0 \u00a0 \u00a0 \u00a0 \u00a0 \u00a0 \u00a0 \u00a0 \u00a0 \u00a0 \u00a0 \u00a0 \u00a0 \u00a0 \u00a0 \u00a0 \u00a0 \u00a0 \u00a0 \u00a0 \u00a0 \u00a0 \u00a0 \u00a0 \u00a0 \u00a0 \u00a0<img fetchpriority=\"high\" decoding=\"async\" class=\"alignnone wp-image-29601 size-full\" src=\"https:\/\/esment.org\/blogs\/wp-content\/uploads\/2026\/09\/logos_cepes.png\" alt=\"\" width=\"711\" height=\"250\" srcset=\"https:\/\/esment.org\/blogs\/wp-content\/uploads\/2026\/09\/logos_cepes.png 711w, https:\/\/esment.org\/blogs\/wp-content\/uploads\/2026\/09\/logos_cepes-300x105.png 300w\" sizes=\"(max-width: 711px) 100vw, 711px\" \/><\/div>\n<div><\/div>\n<div><img decoding=\"async\" class=\"alignnone wp-image-29598 size-full\" src=\"https:\/\/esment.org\/blogs\/wp-content\/uploads\/2026\/09\/9f50923a-0d86-4eee-9405-28753347a32d-e1788525462924.jpg\" alt=\"\" width=\"1205\" height=\"810\" srcset=\"https:\/\/esment.org\/blogs\/wp-content\/uploads\/2026\/09\/9f50923a-0d86-4eee-9405-28753347a32d-e1788525462924.jpg 1205w, https:\/\/esment.org\/blogs\/wp-content\/uploads\/2026\/09\/9f50923a-0d86-4eee-9405-28753347a32d-e1788525462924-300x202.jpg 300w, https:\/\/esment.org\/blogs\/wp-content\/uploads\/2026\/09\/9f50923a-0d86-4eee-9405-28753347a32d-e1788525462924-1024x688.jpg 1024w, https:\/\/esment.org\/blogs\/wp-content\/uploads\/2026\/09\/9f50923a-0d86-4eee-9405-28753347a32d-e1788525462924-768x516.jpg 768w\" sizes=\"(max-width: 1205px) 100vw, 1205px\" \/> <img decoding=\"async\" class=\"alignnone wp-image-29599 size-full\" src=\"https:\/\/esment.org\/blogs\/wp-content\/uploads\/2026\/09\/20f3219b-9842-48dc-b785-fb76f58c6af4-1-e1788525577523.jpg\" alt=\"\" width=\"1373\" height=\"700\" srcset=\"https:\/\/esment.org\/blogs\/wp-content\/uploads\/2026\/09\/20f3219b-9842-48dc-b785-fb76f58c6af4-1-e1788525577523.jpg 1373w, https:\/\/esment.org\/blogs\/wp-content\/uploads\/2026\/09\/20f3219b-9842-48dc-b785-fb76f58c6af4-1-e1788525577523-300x153.jpg 300w, https:\/\/esment.org\/blogs\/wp-content\/uploads\/2026\/09\/20f3219b-9842-48dc-b785-fb76f58c6af4-1-e1788525577523-1024x522.jpg 1024w, https:\/\/esment.org\/blogs\/wp-content\/uploads\/2026\/09\/20f3219b-9842-48dc-b785-fb76f58c6af4-1-e1788525577523-768x392.jpg 768w\" sizes=\"(max-width: 1373px) 100vw, 1373px\" \/> <img loading=\"lazy\" decoding=\"async\" class=\"alignnone wp-image-29600 size-large\" src=\"https:\/\/esment.org\/blogs\/wp-content\/uploads\/2026\/09\/3efae59e-386f-470f-be62-70d7d88b12d2-e1788525629537-847x1024.jpg\" alt=\"\" width=\"800\" height=\"967\" srcset=\"https:\/\/esment.org\/blogs\/wp-content\/uploads\/2026\/09\/3efae59e-386f-470f-be62-70d7d88b12d2-e1788525629537-847x1024.jpg 847w, https:\/\/esment.org\/blogs\/wp-content\/uploads\/2026\/09\/3efae59e-386f-470f-be62-70d7d88b12d2-e1788525629537-248x300.jpg 248w, https:\/\/esment.org\/blogs\/wp-content\/uploads\/2026\/09\/3efae59e-386f-470f-be62-70d7d88b12d2-e1788525629537-768x928.jpg 768w, https:\/\/esment.org\/blogs\/wp-content\/uploads\/2026\/09\/3efae59e-386f-470f-be62-70d7d88b12d2-e1788525629537.jpg 1125w\" sizes=\"(max-width: 800px) 100vw, 800px\" \/> <img loading=\"lazy\" decoding=\"async\" class=\"alignnone wp-image-29597 size-large\" src=\"https:\/\/esment.org\/blogs\/wp-content\/uploads\/2026\/09\/e7ec1a94-10a9-4f37-a8e6-b957881e93e0-e1788525436632-856x1024.jpg\" alt=\"\" width=\"800\" height=\"957\" srcset=\"https:\/\/esment.org\/blogs\/wp-content\/uploads\/2026\/09\/e7ec1a94-10a9-4f37-a8e6-b957881e93e0-e1788525436632-856x1024.jpg 856w, https:\/\/esment.org\/blogs\/wp-content\/uploads\/2026\/09\/e7ec1a94-10a9-4f37-a8e6-b957881e93e0-e1788525436632-251x300.jpg 251w, https:\/\/esment.org\/blogs\/wp-content\/uploads\/2026\/09\/e7ec1a94-10a9-4f37-a8e6-b957881e93e0-e1788525436632-768x919.jpg 768w, https:\/\/esment.org\/blogs\/wp-content\/uploads\/2026\/09\/e7ec1a94-10a9-4f37-a8e6-b957881e93e0-e1788525436632.jpg 900w\" sizes=\"(max-width: 800px) 100vw, 800px\" \/><\/div>\n<\/div>\n<div class=\"paragraph-in-scc-markdown-text ___1ngh792 ftgm304 f1iaxwol\"><\/div>\n","protected":false},"excerpt":{"rendered":"<p>Loli Beltr\u00e1n lleva m\u00e1s de 14 a\u00f1os vinculada a la actividad de restauraci\u00f3n en Esment. Ha trabajado como camarera en el caf\u00e9 Es Pes de Palla, en Inca, y desde la apertura de la panader\u00eda Can Pa forma parte del equipo que atiende al p\u00fablico cada d\u00eda. A lo largo de todos estos a\u00f1os ha [&hellip;]<\/p>\n","protected":false},"author":5,"featured_media":29596,"comment_status":"closed","ping_status":"closed","sticky":false,"template":"","format":"standard","meta":{"_acf_changed":false,"footnotes":""},"categories":[1],"tags":[1579,400,2205,789,239,2206,16,1724,2130],"class_list":["post-29595","post","type-post","status-publish","format-standard","has-post-thumbnail","hentry","category-sin-categoria","tag-acreditacion","tag-apoyos","tag-cepes","tag-competencias","tag-empleo-2","tag-fondos-europeos","tag-formacion","tag-govern-balear","tag-habilidades"],"acf":[],"yoast_head":"<!-- This site is optimized with the Yoast SEO plugin v26.4 - https:\/\/yoast.com\/wordpress\/plugins\/seo\/ -->\n<title>Cuando la experiencia se convierte en acreditaci\u00f3n - Blog Comunidad Esment<\/title>\n<meta name=\"robots\" content=\"index, follow, max-snippet:-1, max-image-preview:large, max-video-preview:-1\" \/>\n<link rel=\"canonical\" href=\"https:\/\/esment.org\/blogs\/cuando-la-experiencia-se-convierte-en-acreditacion\/\" \/>\n<meta property=\"og:locale\" content=\"es_ES\" \/>\n<meta property=\"og:type\" content=\"article\" \/>\n<meta property=\"og:title\" content=\"Cuando la experiencia se convierte en acreditaci\u00f3n - Blog Comunidad Esment\" \/>\n<meta property=\"og:description\" content=\"Loli Beltr\u00e1n lleva m\u00e1s de 14 a\u00f1os vinculada a la actividad de restauraci\u00f3n en Esment. Ha trabajado como camarera en el caf\u00e9 Es Pes de Palla, en Inca, y desde la apertura de la panader\u00eda Can Pa forma parte del equipo que atiende al p\u00fablico cada d\u00eda. A lo largo de todos estos a\u00f1os ha [&hellip;]\" \/>\n<meta property=\"og:url\" content=\"https:\/\/esment.org\/blogs\/cuando-la-experiencia-se-convierte-en-acreditacion\/\" \/>\n<meta property=\"og:site_name\" content=\"Blog Comunidad Esment\" \/>\n<meta property=\"article:published_time\" content=\"2026-09-04T12:55:47+00:00\" \/>\n<meta property=\"article:modified_time\" content=\"2026-09-04T12:57:39+00:00\" \/>\n<meta property=\"og:image\" content=\"https:\/\/esment.org\/blogs\/wp-content\/uploads\/2026\/09\/20f3219b-9842-48dc-b785-fb76f58c6af4-e1788525390198.jpg\" \/>\n\t<meta property=\"og:image:width\" content=\"1470\" \/>\n\t<meta property=\"og:image:height\" content=\"736\" \/>\n\t<meta property=\"og:image:type\" content=\"image\/jpeg\" \/>\n<meta name=\"author\" content=\"Yolanda Tarramera\" \/>\n<meta name=\"twitter:card\" content=\"summary_large_image\" \/>\n<meta name=\"twitter:label1\" content=\"Escrito por\" \/>\n\t<meta name=\"twitter:data1\" content=\"Yolanda Tarramera\" \/>\n\t<meta name=\"twitter:label2\" content=\"Tiempo de lectura\" \/>\n\t<meta name=\"twitter:data2\" content=\"3 minutos\" \/>\n<script type=\"application\/ld+json\" class=\"yoast-schema-graph\">{\"@context\":\"https:\/\/schema.org\",\"@graph\":[{\"@type\":\"Article\",\"@id\":\"https:\/\/esment.org\/blogs\/cuando-la-experiencia-se-convierte-en-acreditacion\/#article\",\"isPartOf\":{\"@id\":\"https:\/\/esment.org\/blogs\/cuando-la-experiencia-se-convierte-en-acreditacion\/\"},\"author\":{\"name\":\"Yolanda Tarramera\",\"@id\":\"https:\/\/esment.org\/blogs\/#\/schema\/person\/d2af4a49059695d7ca3491e0498d6b36\"},\"headline\":\"Cuando la experiencia se convierte en acreditaci\u00f3n\",\"datePublished\":\"2026-09-04T12:55:47+00:00\",\"dateModified\":\"2026-09-04T12:57:39+00:00\",\"mainEntityOfPage\":{\"@id\":\"https:\/\/esment.org\/blogs\/cuando-la-experiencia-se-convierte-en-acreditacion\/\"},\"wordCount\":352,\"publisher\":{\"@id\":\"https:\/\/esment.org\/blogs\/#organization\"},\"image\":{\"@id\":\"https:\/\/esment.org\/blogs\/cuando-la-experiencia-se-convierte-en-acreditacion\/#primaryimage\"},\"thumbnailUrl\":\"https:\/\/esment.org\/blogs\/wp-content\/uploads\/2026\/09\/20f3219b-9842-48dc-b785-fb76f58c6af4-e1788525390198.jpg\",\"keywords\":[\"acreditaci\u00f3n\",\"apoyos\",\"Cepes\",\"competencias\",\"empleo\",\"Fondos europeos\",\"formaci\u00f3n\",\"Govern balear\",\"habilidades\"],\"inLanguage\":\"es\"},{\"@type\":\"WebPage\",\"@id\":\"https:\/\/esment.org\/blogs\/cuando-la-experiencia-se-convierte-en-acreditacion\/\",\"url\":\"https:\/\/esment.org\/blogs\/cuando-la-experiencia-se-convierte-en-acreditacion\/\",\"name\":\"Cuando la experiencia se convierte en acreditaci\u00f3n - Blog Comunidad Esment\",\"isPartOf\":{\"@id\":\"https:\/\/esment.org\/blogs\/#website\"},\"primaryImageOfPage\":{\"@id\":\"https:\/\/esment.org\/blogs\/cuando-la-experiencia-se-convierte-en-acreditacion\/#primaryimage\"},\"image\":{\"@id\":\"https:\/\/esment.org\/blogs\/cuando-la-experiencia-se-convierte-en-acreditacion\/#primaryimage\"},\"thumbnailUrl\":\"https:\/\/esment.org\/blogs\/wp-content\/uploads\/2026\/09\/20f3219b-9842-48dc-b785-fb76f58c6af4-e1788525390198.jpg\",\"datePublished\":\"2026-09-04T12:55:47+00:00\",\"dateModified\":\"2026-09-04T12:57:39+00:00\",\"breadcrumb\":{\"@id\":\"https:\/\/esment.org\/blogs\/cuando-la-experiencia-se-convierte-en-acreditacion\/#breadcrumb\"},\"inLanguage\":\"es\",\"potentialAction\":[{\"@type\":\"ReadAction\",\"target\":[\"https:\/\/esment.org\/blogs\/cuando-la-experiencia-se-convierte-en-acreditacion\/\"]}]},{\"@type\":\"ImageObject\",\"inLanguage\":\"es\",\"@id\":\"https:\/\/esment.org\/blogs\/cuando-la-experiencia-se-convierte-en-acreditacion\/#primaryimage\",\"url\":\"https:\/\/esment.org\/blogs\/wp-content\/uploads\/2026\/09\/20f3219b-9842-48dc-b785-fb76f58c6af4-e1788525390198.jpg\",\"contentUrl\":\"https:\/\/esment.org\/blogs\/wp-content\/uploads\/2026\/09\/20f3219b-9842-48dc-b785-fb76f58c6af4-e1788525390198.jpg\",\"width\":1470,\"height\":736},{\"@type\":\"BreadcrumbList\",\"@id\":\"https:\/\/esment.org\/blogs\/cuando-la-experiencia-se-convierte-en-acreditacion\/#breadcrumb\",\"itemListElement\":[{\"@type\":\"ListItem\",\"position\":1,\"name\":\"Portada\",\"item\":\"https:\/\/esment.org\/blogs\/\"},{\"@type\":\"ListItem\",\"position\":2,\"name\":\"Cuando la experiencia se convierte en acreditaci\u00f3n\"}]},{\"@type\":\"WebSite\",\"@id\":\"https:\/\/esment.org\/blogs\/#website\",\"url\":\"https:\/\/esment.org\/blogs\/\",\"name\":\"Blog Comunidad Esment\",\"description\":\"Blogs de Esment\",\"publisher\":{\"@id\":\"https:\/\/esment.org\/blogs\/#organization\"},\"potentialAction\":[{\"@type\":\"SearchAction\",\"target\":{\"@type\":\"EntryPoint\",\"urlTemplate\":\"https:\/\/esment.org\/blogs\/?s={search_term_string}\"},\"query-input\":{\"@type\":\"PropertyValueSpecification\",\"valueRequired\":true,\"valueName\":\"search_term_string\"}}],\"inLanguage\":\"es\"},{\"@type\":\"Organization\",\"@id\":\"https:\/\/esment.org\/blogs\/#organization\",\"name\":\"Blog Comunidad Esment\",\"url\":\"https:\/\/esment.org\/blogs\/\",\"logo\":{\"@type\":\"ImageObject\",\"inLanguage\":\"es\",\"@id\":\"https:\/\/esment.org\/blogs\/#\/schema\/logo\/image\/\",\"url\":\"https:\/\/esment.org\/blogs\/wp-content\/uploads\/2020\/10\/logo-header.svg\",\"contentUrl\":\"https:\/\/esment.org\/blogs\/wp-content\/uploads\/2020\/10\/logo-header.svg\",\"caption\":\"Blog Comunidad Esment\"},\"image\":{\"@id\":\"https:\/\/esment.org\/blogs\/#\/schema\/logo\/image\/\"}},{\"@type\":\"Person\",\"@id\":\"https:\/\/esment.org\/blogs\/#\/schema\/person\/d2af4a49059695d7ca3491e0498d6b36\",\"name\":\"Yolanda Tarramera\",\"image\":{\"@type\":\"ImageObject\",\"inLanguage\":\"es\",\"@id\":\"https:\/\/esment.org\/blogs\/#\/schema\/person\/image\/\",\"url\":\"https:\/\/secure.gravatar.com\/avatar\/c93060ec77db68f5fefd782408bed5a5005bb0b119c5ece6cdbf5ad8631c6e5b?s=96&d=mm&r=g\",\"contentUrl\":\"https:\/\/secure.gravatar.com\/avatar\/c93060ec77db68f5fefd782408bed5a5005bb0b119c5ece6cdbf5ad8631c6e5b?s=96&d=mm&r=g\",\"caption\":\"Yolanda Tarramera\"},\"url\":\"https:\/\/esment.org\/blogs\/author\/yolanda-tarramera\/\"}]}<\/script>\n<!-- \/ Yoast SEO plugin. -->","yoast_head_json":{"title":"Cuando la experiencia se convierte en acreditaci\u00f3n - Blog Comunidad Esment","robots":{"index":"index","follow":"follow","max-snippet":"max-snippet:-1","max-image-preview":"max-image-preview:large","max-video-preview":"max-video-preview:-1"},"canonical":"https:\/\/esment.org\/blogs\/cuando-la-experiencia-se-convierte-en-acreditacion\/","og_locale":"es_ES","og_type":"article","og_title":"Cuando la experiencia se convierte en acreditaci\u00f3n - Blog Comunidad Esment","og_description":"Loli Beltr\u00e1n lleva m\u00e1s de 14 a\u00f1os vinculada a la actividad de restauraci\u00f3n en Esment. Ha trabajado como camarera en el caf\u00e9 Es Pes de Palla, en Inca, y desde la apertura de la panader\u00eda Can Pa forma parte del equipo que atiende al p\u00fablico cada d\u00eda. A lo largo de todos estos a\u00f1os ha [&hellip;]","og_url":"https:\/\/esment.org\/blogs\/cuando-la-experiencia-se-convierte-en-acreditacion\/","og_site_name":"Blog Comunidad Esment","article_published_time":"2026-09-04T12:55:47+00:00","article_modified_time":"2026-09-04T12:57:39+00:00","og_image":[{"width":1470,"height":736,"url":"https:\/\/esment.org\/blogs\/wp-content\/uploads\/2026\/09\/20f3219b-9842-48dc-b785-fb76f58c6af4-e1788525390198.jpg","type":"image\/jpeg"}],"author":"Yolanda Tarramera","twitter_card":"summary_large_image","twitter_misc":{"Escrito por":"Yolanda Tarramera","Tiempo de lectura":"3 minutos"},"schema":{"@context":"https:\/\/schema.org","@graph":[{"@type":"Article","@id":"https:\/\/esment.org\/blogs\/cuando-la-experiencia-se-convierte-en-acreditacion\/#article","isPartOf":{"@id":"https:\/\/esment.org\/blogs\/cuando-la-experiencia-se-convierte-en-acreditacion\/"},"author":{"name":"Yolanda Tarramera","@id":"https:\/\/esment.org\/blogs\/#\/schema\/person\/d2af4a49059695d7ca3491e0498d6b36"},"headline":"Cuando la experiencia se convierte en acreditaci\u00f3n","datePublished":"2026-09-04T12:55:47+00:00","dateModified":"2026-09-04T12:57:39+00:00","mainEntityOfPage":{"@id":"https:\/\/esment.org\/blogs\/cuando-la-experiencia-se-convierte-en-acreditacion\/"},"wordCount":352,"publisher":{"@id":"https:\/\/esment.org\/blogs\/#organization"},"image":{"@id":"https:\/\/esment.org\/blogs\/cuando-la-experiencia-se-convierte-en-acreditacion\/#primaryimage"},"thumbnailUrl":"https:\/\/esment.org\/blogs\/wp-content\/uploads\/2026\/09\/20f3219b-9842-48dc-b785-fb76f58c6af4-e1788525390198.jpg","keywords":["acreditaci\u00f3n","apoyos","Cepes","competencias","empleo","Fondos europeos","formaci\u00f3n","Govern balear","habilidades"],"inLanguage":"es"},{"@type":"WebPage","@id":"https:\/\/esment.org\/blogs\/cuando-la-experiencia-se-convierte-en-acreditacion\/","url":"https:\/\/esment.org\/blogs\/cuando-la-experiencia-se-convierte-en-acreditacion\/","name":"Cuando la experiencia se convierte en acreditaci\u00f3n - Blog Comunidad Esment","isPartOf":{"@id":"https:\/\/esment.org\/blogs\/#website"},"primaryImageOfPage":{"@id":"https:\/\/esment.org\/blogs\/cuando-la-experiencia-se-convierte-en-acreditacion\/#primaryimage"},"image":{"@id":"https:\/\/esment.org\/blogs\/cuando-la-experiencia-se-convierte-en-acreditacion\/#primaryimage"},"thumbnailUrl":"https:\/\/esment.org\/blogs\/wp-content\/uploads\/2026\/09\/20f3219b-9842-48dc-b785-fb76f58c6af4-e1788525390198.jpg","datePublished":"2026-09-04T12:55:47+00:00","dateModified":"2026-09-04T12:57:39+00:00","breadcrumb":{"@id":"https:\/\/esment.org\/blogs\/cuando-la-experiencia-se-convierte-en-acreditacion\/#breadcrumb"},"inLanguage":"es","potentialAction":[{"@type":"ReadAction","target":["https:\/\/esment.org\/blogs\/cuando-la-experiencia-se-convierte-en-acreditacion\/"]}]},{"@type":"ImageObject","inLanguage":"es","@id":"https:\/\/esment.org\/blogs\/cuando-la-experiencia-se-convierte-en-acreditacion\/#primaryimage","url":"https:\/\/esment.org\/blogs\/wp-content\/uploads\/2026\/09\/20f3219b-9842-48dc-b785-fb76f58c6af4-e1788525390198.jpg","contentUrl":"https:\/\/esment.org\/blogs\/wp-content\/uploads\/2026\/09\/20f3219b-9842-48dc-b785-fb76f58c6af4-e1788525390198.jpg","width":1470,"height":736},{"@type":"BreadcrumbList","@id":"https:\/\/esment.org\/blogs\/cuando-la-experiencia-se-convierte-en-acreditacion\/#breadcrumb","itemListElement":[{"@type":"ListItem","position":1,"name":"Portada","item":"https:\/\/esment.org\/blogs\/"},{"@type":"ListItem","position":2,"name":"Cuando la experiencia se convierte en acreditaci\u00f3n"}]},{"@type":"WebSite","@id":"https:\/\/esment.org\/blogs\/#website","url":"https:\/\/esment.org\/blogs\/","name":"Blog Comunidad Esment","description":"Blogs de Esment","publisher":{"@id":"https:\/\/esment.org\/blogs\/#organization"},"potentialAction":[{"@type":"SearchAction","target":{"@type":"EntryPoint","urlTemplate":"https:\/\/esment.org\/blogs\/?s={search_term_string}"},"query-input":{"@type":"PropertyValueSpecification","valueRequired":true,"valueName":"search_term_string"}}],"inLanguage":"es"},{"@type":"Organization","@id":"https:\/\/esment.org\/blogs\/#organization","name":"Blog Comunidad Esment","url":"https:\/\/esment.org\/blogs\/","logo":{"@type":"ImageObject","inLanguage":"es","@id":"https:\/\/esment.org\/blogs\/#\/schema\/logo\/image\/","url":"https:\/\/esment.org\/blogs\/wp-content\/uploads\/2020\/10\/logo-header.svg","contentUrl":"https:\/\/esment.org\/blogs\/wp-content\/uploads\/2020\/10\/logo-header.svg","caption":"Blog Comunidad Esment"},"image":{"@id":"https:\/\/esment.org\/blogs\/#\/schema\/logo\/image\/"}},{"@type":"Person","@id":"https:\/\/esment.org\/blogs\/#\/schema\/person\/d2af4a49059695d7ca3491e0498d6b36","name":"Yolanda Tarramera","image":{"@type":"ImageObject","inLanguage":"es","@id":"https:\/\/esment.org\/blogs\/#\/schema\/person\/image\/","url":"https:\/\/secure.gravatar.com\/avatar\/c93060ec77db68f5fefd782408bed5a5005bb0b119c5ece6cdbf5ad8631c6e5b?s=96&d=mm&r=g","contentUrl":"https:\/\/secure.gravatar.com\/avatar\/c93060ec77db68f5fefd782408bed5a5005bb0b119c5ece6cdbf5ad8631c6e5b?s=96&d=mm&r=g","caption":"Yolanda Tarramera"},"url":"https:\/\/esment.org\/blogs\/author\/yolanda-tarramera\/"}]}},"_links":{"self":[{"href":"https:\/\/esment.org\/blogs\/wp-json\/wp\/v2\/posts\/29595","targetHints":{"allow":["GET"]}}],"collection":[{"href":"https:\/\/esment.org\/blogs\/wp-json\/wp\/v2\/posts"}],"about":[{"href":"https:\/\/esment.org\/blogs\/wp-json\/wp\/v2\/types\/post"}],"author":[{"embeddable":true,"href":"https:\/\/esment.org\/blogs\/wp-json\/wp\/v2\/users\/5"}],"replies":[{"embeddable":true,"href":"https:\/\/esment.org\/blogs\/wp-json\/wp\/v2\/comments?post=29595"}],"version-history":[{"count":5,"href":"https:\/\/esment.org\/blogs\/wp-json\/wp\/v2\/posts\/29595\/revisions"}],"predecessor-version":[{"id":29606,"href":"https:\/\/esment.org\/blogs\/wp-json\/wp\/v2\/posts\/29595\/revisions\/29606"}],"wp:featuredmedia":[{"embeddable":true,"href":"https:\/\/esment.org\/blogs\/wp-json\/wp\/v2\/media\/29596"}],"wp:attachment":[{"href":"https:\/\/esment.org\/blogs\/wp-json\/wp\/v2\/media?parent=29595"}],"wp:term":[{"taxonomy":"category","embeddable":true,"href":"https:\/\/esment.org\/blogs\/wp-json\/wp\/v2\/categories?post=29595"},{"taxonomy":"post_tag","embeddable":true,"href":"https:\/\/esment.org\/blogs\/wp-json\/wp\/v2\/tags?post=29595"}],"curies":[{"name":"wp","href":"https:\/\/api.w.org\/{rel}","templated":true}]}}