{"id":29572,"date":"2026-08-31T11:41:24","date_gmt":"2026-08-31T11:41:24","guid":{"rendered":"https:\/\/esment.org\/blogs\/?p=29572"},"modified":"2026-08-31T11:42:57","modified_gmt":"2026-08-31T11:42:57","slug":"la-verema-savanca-al-celler-gallinas-focas-i-apunta-a-una-collita-mes-abundant","status":"publish","type":"post","link":"https:\/\/esment.org\/blogs\/la-verema-savanca-al-celler-gallinas-focas-i-apunta-a-una-collita-mes-abundant\/","title":{"rendered":"La verema s&#8217;avan\u00e7a al celler Gallinas &#038; Focas i apunta a una collita m\u00e9s abundant"},"content":{"rendered":"<p>La verema ja est\u00e0 en marxa a les vinyes de\u00a0 Gallinas &amp; Focas. Una feina compartida que suma esfor\u00e7, aprenentatge i oportunitats. La verema del mantonegro, la varietat emblem\u00e0tica del projecte vitivin\u00edcola impulsat per Esment i 4Kilos Vin\u00edcola, s&#8217;ha avan\u00e7at enguany fins a la primera setmana d&#8217;agost, un fet cada vegada m\u00e9s habitual davant l&#8217;augment de les temperatures i l&#8217;acceleraci\u00f3 de la maduraci\u00f3 del ra\u00efm.<\/p>\n<div>\n<p>La collita arriba en un moment especialment prometedor. La previsi\u00f3 \u00e9s recollir prop de 30 tones de ra\u00efm, sumant la producci\u00f3 pr\u00f2pia i la dels viticultors col\u00b7laboradors, una xifra superior a la de la campanya passada que permet afrontar la nova anyada amb optimisme.<\/p>\n<p>Entre els ceps, aquests dies es concentra una feina que combina experi\u00e8ncia, observaci\u00f3 i respecte pels ritmes de la natura. Determinar el moment exacte de la verema \u00e9s una decisi\u00f3 clau per garantir l&#8217;equilibri entre frescor, aromes i maduresa que caracteritza els vins del celler.\u00a0 Les vinyes de Gallinas &amp; Focas, cultivades sota criteris ecol\u00f2gics i de m\u00ednima intervenci\u00f3, tornaran a proporcionar la mat\u00e8ria primera dels vins que han convertit aquest projecte en una refer\u00e8ncia singular dins el panorama vitivin\u00edcola mallorqu\u00ed. Un projecte que va m\u00e9s enll\u00e0 de l&#8217;elaboraci\u00f3 de vi i que demostra com l&#8217;activitat agr\u00edcola pot generar oportunitats de participaci\u00f3, aprenentatge i inclusi\u00f3.<\/p>\n<\/div>\n<p>En aquesta campanya hi participen un total de 30 persones, entre les quals hi ha treballadors dels equips de jardineria i dels programes de formaci\u00f3 dual d&#8217;aquesta especialitat, que contribueixen a totes les fases de la recol\u00b7lecci\u00f3.<\/p>\n<p>Enguany, a m\u00e9s, la verema incorpora una novetat mols especial. I \u00e9s que, per primera vegada, s\u2019ha recollit la varietat malvasia que dona origen al vi Sa Casa Ant\u00f2nia i que, fins ara, no s\u2019havia cultivat a les nostres vinyes. Aquest \u00e9s el primer any que el ra\u00efm amb qu\u00e8 s\u2019elabora aquest vi prov\u00e9 \u00edntegrament de les vinyes d&#8217;Esment. En total, se n\u2019han recollit 600 quilos, una collita que marca una nova etapa en l\u2019evoluci\u00f3 del projecte vitivin\u00edcola i que refor\u00e7a el nostre vincle amb el producte, el territori i les persones que el fan possible.<\/p>\n<div><\/div>\n<div><img fetchpriority=\"high\" decoding=\"async\" class=\"alignnone wp-image-29575 size-full\" src=\"https:\/\/esment.org\/blogs\/wp-content\/uploads\/2026\/08\/Verema-2026-21-1-scaled.jpg\" alt=\"\" width=\"2560\" height=\"1707\" srcset=\"https:\/\/esment.org\/blogs\/wp-content\/uploads\/2026\/08\/Verema-2026-21-1-scaled.jpg 2560w, https:\/\/esment.org\/blogs\/wp-content\/uploads\/2026\/08\/Verema-2026-21-1-300x200.jpg 300w, https:\/\/esment.org\/blogs\/wp-content\/uploads\/2026\/08\/Verema-2026-21-1-1024x683.jpg 1024w, https:\/\/esment.org\/blogs\/wp-content\/uploads\/2026\/08\/Verema-2026-21-1-768x512.jpg 768w, https:\/\/esment.org\/blogs\/wp-content\/uploads\/2026\/08\/Verema-2026-21-1-1536x1024.jpg 1536w, https:\/\/esment.org\/blogs\/wp-content\/uploads\/2026\/08\/Verema-2026-21-1-2048x1365.jpg 2048w\" sizes=\"(max-width: 2560px) 100vw, 2560px\" \/> <img decoding=\"async\" class=\"alignnone wp-image-29576 size-full\" src=\"https:\/\/esment.org\/blogs\/wp-content\/uploads\/2026\/08\/Verema-2026-22-scaled.jpg\" alt=\"\" width=\"2560\" height=\"1707\" srcset=\"https:\/\/esment.org\/blogs\/wp-content\/uploads\/2026\/08\/Verema-2026-22-scaled.jpg 2560w, https:\/\/esment.org\/blogs\/wp-content\/uploads\/2026\/08\/Verema-2026-22-300x200.jpg 300w, https:\/\/esment.org\/blogs\/wp-content\/uploads\/2026\/08\/Verema-2026-22-1024x683.jpg 1024w, https:\/\/esment.org\/blogs\/wp-content\/uploads\/2026\/08\/Verema-2026-22-768x512.jpg 768w, https:\/\/esment.org\/blogs\/wp-content\/uploads\/2026\/08\/Verema-2026-22-1536x1024.jpg 1536w, https:\/\/esment.org\/blogs\/wp-content\/uploads\/2026\/08\/Verema-2026-22-2048x1365.jpg 2048w\" sizes=\"(max-width: 2560px) 100vw, 2560px\" \/> <img decoding=\"async\" class=\"alignnone wp-image-29578 size-full\" src=\"https:\/\/esment.org\/blogs\/wp-content\/uploads\/2026\/08\/Verema-2026-12-scaled.jpg\" alt=\"\" width=\"2560\" height=\"1707\" srcset=\"https:\/\/esment.org\/blogs\/wp-content\/uploads\/2026\/08\/Verema-2026-12-scaled.jpg 2560w, https:\/\/esment.org\/blogs\/wp-content\/uploads\/2026\/08\/Verema-2026-12-300x200.jpg 300w, https:\/\/esment.org\/blogs\/wp-content\/uploads\/2026\/08\/Verema-2026-12-1024x683.jpg 1024w, https:\/\/esment.org\/blogs\/wp-content\/uploads\/2026\/08\/Verema-2026-12-768x512.jpg 768w, https:\/\/esment.org\/blogs\/wp-content\/uploads\/2026\/08\/Verema-2026-12-1536x1024.jpg 1536w, https:\/\/esment.org\/blogs\/wp-content\/uploads\/2026\/08\/Verema-2026-12-2048x1365.jpg 2048w\" sizes=\"(max-width: 2560px) 100vw, 2560px\" \/> <img loading=\"lazy\" decoding=\"async\" class=\"alignnone wp-image-29579 size-full\" src=\"https:\/\/esment.org\/blogs\/wp-content\/uploads\/2026\/08\/Verema-2026-1-scaled.jpg\" alt=\"\" width=\"2560\" height=\"1707\" srcset=\"https:\/\/esment.org\/blogs\/wp-content\/uploads\/2026\/08\/Verema-2026-1-scaled.jpg 2560w, https:\/\/esment.org\/blogs\/wp-content\/uploads\/2026\/08\/Verema-2026-1-300x200.jpg 300w, https:\/\/esment.org\/blogs\/wp-content\/uploads\/2026\/08\/Verema-2026-1-1024x683.jpg 1024w, https:\/\/esment.org\/blogs\/wp-content\/uploads\/2026\/08\/Verema-2026-1-768x512.jpg 768w, https:\/\/esment.org\/blogs\/wp-content\/uploads\/2026\/08\/Verema-2026-1-1536x1024.jpg 1536w, https:\/\/esment.org\/blogs\/wp-content\/uploads\/2026\/08\/Verema-2026-1-2048x1365.jpg 2048w\" sizes=\"(max-width: 2560px) 100vw, 2560px\" \/><\/div>\n","protected":false},"excerpt":{"rendered":"<p>La verema ja est\u00e0 en marxa a les vinyes de\u00a0 Gallinas &amp; Focas. Una feina compartida que suma esfor\u00e7, aprenentatge i oportunitats. La verema del mantonegro, la varietat emblem\u00e0tica del projecte vitivin\u00edcola impulsat per Esment i 4Kilos Vin\u00edcola, s&#8217;ha avan\u00e7at enguany fins a la primera setmana d&#8217;agost, un fet cada vegada m\u00e9s habitual davant l&#8217;augment [&hellip;]<\/p>\n","protected":false},"author":5,"featured_media":29574,"comment_status":"closed","ping_status":"closed","sticky":false,"template":"","format":"standard","meta":{"_acf_changed":false,"footnotes":""},"categories":[1],"tags":[1932,389,220,2484,1947,1570],"class_list":["post-29572","post","type-post","status-publish","format-standard","has-post-thumbnail","hentry","category-sin-categoria","tag-celler","tag-dual","tag-gallinas-focas","tag-malvasia","tag-raim","tag-verema"],"acf":[],"yoast_head":"<!-- This site is optimized with the Yoast SEO plugin v26.4 - https:\/\/yoast.com\/wordpress\/plugins\/seo\/ -->\n<title>La verema s&#039;avan\u00e7a al celler Gallinas &amp; Focas i apunta a una collita m\u00e9s abundant - Blog Comunidad Esment<\/title>\n<meta name=\"robots\" content=\"index, follow, max-snippet:-1, max-image-preview:large, max-video-preview:-1\" \/>\n<link rel=\"canonical\" href=\"https:\/\/esment.org\/blogs\/la-verema-savanca-al-celler-gallinas-focas-i-apunta-a-una-collita-mes-abundant\/\" \/>\n<meta property=\"og:locale\" content=\"es_ES\" \/>\n<meta property=\"og:type\" content=\"article\" \/>\n<meta property=\"og:title\" content=\"La verema s&#039;avan\u00e7a al celler Gallinas &amp; Focas i apunta a una collita m\u00e9s abundant - Blog Comunidad Esment\" \/>\n<meta property=\"og:description\" content=\"La verema ja est\u00e0 en marxa a les vinyes de\u00a0 Gallinas &amp; Focas. Una feina compartida que suma esfor\u00e7, aprenentatge i oportunitats. La verema del mantonegro, la varietat emblem\u00e0tica del projecte vitivin\u00edcola impulsat per Esment i 4Kilos Vin\u00edcola, s&#8217;ha avan\u00e7at enguany fins a la primera setmana d&#8217;agost, un fet cada vegada m\u00e9s habitual davant l&#8217;augment [&hellip;]\" \/>\n<meta property=\"og:url\" content=\"https:\/\/esment.org\/blogs\/la-verema-savanca-al-celler-gallinas-focas-i-apunta-a-una-collita-mes-abundant\/\" \/>\n<meta property=\"og:site_name\" content=\"Blog Comunidad Esment\" \/>\n<meta property=\"article:published_time\" content=\"2026-08-31T11:41:24+00:00\" \/>\n<meta property=\"article:modified_time\" content=\"2026-08-31T11:42:57+00:00\" \/>\n<meta property=\"og:image\" content=\"https:\/\/esment.org\/blogs\/wp-content\/uploads\/2026\/08\/Verema-2026-4-scaled.jpg\" \/>\n\t<meta property=\"og:image:width\" content=\"2560\" \/>\n\t<meta property=\"og:image:height\" content=\"1707\" \/>\n\t<meta property=\"og:image:type\" content=\"image\/jpeg\" \/>\n<meta name=\"author\" content=\"Yolanda Tarramera\" \/>\n<meta name=\"twitter:card\" content=\"summary_large_image\" \/>\n<meta name=\"twitter:label1\" content=\"Escrito por\" \/>\n\t<meta name=\"twitter:data1\" content=\"Yolanda Tarramera\" \/>\n\t<meta name=\"twitter:label2\" content=\"Tiempo de lectura\" \/>\n\t<meta name=\"twitter:data2\" content=\"3 minutos\" \/>\n<script type=\"application\/ld+json\" class=\"yoast-schema-graph\">{\"@context\":\"https:\/\/schema.org\",\"@graph\":[{\"@type\":\"Article\",\"@id\":\"https:\/\/esment.org\/blogs\/la-verema-savanca-al-celler-gallinas-focas-i-apunta-a-una-collita-mes-abundant\/#article\",\"isPartOf\":{\"@id\":\"https:\/\/esment.org\/blogs\/la-verema-savanca-al-celler-gallinas-focas-i-apunta-a-una-collita-mes-abundant\/\"},\"author\":{\"name\":\"Yolanda Tarramera\",\"@id\":\"https:\/\/esment.org\/blogs\/#\/schema\/person\/d2af4a49059695d7ca3491e0498d6b36\"},\"headline\":\"La verema s&#8217;avan\u00e7a al celler Gallinas &#038; Focas i apunta a una collita m\u00e9s abundant\",\"datePublished\":\"2026-08-31T11:41:24+00:00\",\"dateModified\":\"2026-08-31T11:42:57+00:00\",\"mainEntityOfPage\":{\"@id\":\"https:\/\/esment.org\/blogs\/la-verema-savanca-al-celler-gallinas-focas-i-apunta-a-una-collita-mes-abundant\/\"},\"wordCount\":388,\"publisher\":{\"@id\":\"https:\/\/esment.org\/blogs\/#organization\"},\"image\":{\"@id\":\"https:\/\/esment.org\/blogs\/la-verema-savanca-al-celler-gallinas-focas-i-apunta-a-una-collita-mes-abundant\/#primaryimage\"},\"thumbnailUrl\":\"https:\/\/esment.org\/blogs\/wp-content\/uploads\/2026\/08\/Verema-2026-4-scaled.jpg\",\"keywords\":[\"celler\",\"dual\",\"Gallinas &amp; Focas\",\"malvasia\",\"ra\u00efm\",\"verema\"],\"inLanguage\":\"es\"},{\"@type\":\"WebPage\",\"@id\":\"https:\/\/esment.org\/blogs\/la-verema-savanca-al-celler-gallinas-focas-i-apunta-a-una-collita-mes-abundant\/\",\"url\":\"https:\/\/esment.org\/blogs\/la-verema-savanca-al-celler-gallinas-focas-i-apunta-a-una-collita-mes-abundant\/\",\"name\":\"La verema s'avan\u00e7a al celler Gallinas & Focas i apunta a una collita m\u00e9s abundant - Blog Comunidad Esment\",\"isPartOf\":{\"@id\":\"https:\/\/esment.org\/blogs\/#website\"},\"primaryImageOfPage\":{\"@id\":\"https:\/\/esment.org\/blogs\/la-verema-savanca-al-celler-gallinas-focas-i-apunta-a-una-collita-mes-abundant\/#primaryimage\"},\"image\":{\"@id\":\"https:\/\/esment.org\/blogs\/la-verema-savanca-al-celler-gallinas-focas-i-apunta-a-una-collita-mes-abundant\/#primaryimage\"},\"thumbnailUrl\":\"https:\/\/esment.org\/blogs\/wp-content\/uploads\/2026\/08\/Verema-2026-4-scaled.jpg\",\"datePublished\":\"2026-08-31T11:41:24+00:00\",\"dateModified\":\"2026-08-31T11:42:57+00:00\",\"breadcrumb\":{\"@id\":\"https:\/\/esment.org\/blogs\/la-verema-savanca-al-celler-gallinas-focas-i-apunta-a-una-collita-mes-abundant\/#breadcrumb\"},\"inLanguage\":\"es\",\"potentialAction\":[{\"@type\":\"ReadAction\",\"target\":[\"https:\/\/esment.org\/blogs\/la-verema-savanca-al-celler-gallinas-focas-i-apunta-a-una-collita-mes-abundant\/\"]}]},{\"@type\":\"ImageObject\",\"inLanguage\":\"es\",\"@id\":\"https:\/\/esment.org\/blogs\/la-verema-savanca-al-celler-gallinas-focas-i-apunta-a-una-collita-mes-abundant\/#primaryimage\",\"url\":\"https:\/\/esment.org\/blogs\/wp-content\/uploads\/2026\/08\/Verema-2026-4-scaled.jpg\",\"contentUrl\":\"https:\/\/esment.org\/blogs\/wp-content\/uploads\/2026\/08\/Verema-2026-4-scaled.jpg\",\"width\":2560,\"height\":1707},{\"@type\":\"BreadcrumbList\",\"@id\":\"https:\/\/esment.org\/blogs\/la-verema-savanca-al-celler-gallinas-focas-i-apunta-a-una-collita-mes-abundant\/#breadcrumb\",\"itemListElement\":[{\"@type\":\"ListItem\",\"position\":1,\"name\":\"Portada\",\"item\":\"https:\/\/esment.org\/blogs\/\"},{\"@type\":\"ListItem\",\"position\":2,\"name\":\"La verema s&#8217;avan\u00e7a al celler Gallinas &#038; Focas i apunta a una collita m\u00e9s abundant\"}]},{\"@type\":\"WebSite\",\"@id\":\"https:\/\/esment.org\/blogs\/#website\",\"url\":\"https:\/\/esment.org\/blogs\/\",\"name\":\"Blog Comunidad Esment\",\"description\":\"Blogs de Esment\",\"publisher\":{\"@id\":\"https:\/\/esment.org\/blogs\/#organization\"},\"potentialAction\":[{\"@type\":\"SearchAction\",\"target\":{\"@type\":\"EntryPoint\",\"urlTemplate\":\"https:\/\/esment.org\/blogs\/?s={search_term_string}\"},\"query-input\":{\"@type\":\"PropertyValueSpecification\",\"valueRequired\":true,\"valueName\":\"search_term_string\"}}],\"inLanguage\":\"es\"},{\"@type\":\"Organization\",\"@id\":\"https:\/\/esment.org\/blogs\/#organization\",\"name\":\"Blog Comunidad Esment\",\"url\":\"https:\/\/esment.org\/blogs\/\",\"logo\":{\"@type\":\"ImageObject\",\"inLanguage\":\"es\",\"@id\":\"https:\/\/esment.org\/blogs\/#\/schema\/logo\/image\/\",\"url\":\"https:\/\/esment.org\/blogs\/wp-content\/uploads\/2020\/10\/logo-header.svg\",\"contentUrl\":\"https:\/\/esment.org\/blogs\/wp-content\/uploads\/2020\/10\/logo-header.svg\",\"caption\":\"Blog Comunidad Esment\"},\"image\":{\"@id\":\"https:\/\/esment.org\/blogs\/#\/schema\/logo\/image\/\"}},{\"@type\":\"Person\",\"@id\":\"https:\/\/esment.org\/blogs\/#\/schema\/person\/d2af4a49059695d7ca3491e0498d6b36\",\"name\":\"Yolanda Tarramera\",\"image\":{\"@type\":\"ImageObject\",\"inLanguage\":\"es\",\"@id\":\"https:\/\/esment.org\/blogs\/#\/schema\/person\/image\/\",\"url\":\"https:\/\/secure.gravatar.com\/avatar\/c93060ec77db68f5fefd782408bed5a5005bb0b119c5ece6cdbf5ad8631c6e5b?s=96&d=mm&r=g\",\"contentUrl\":\"https:\/\/secure.gravatar.com\/avatar\/c93060ec77db68f5fefd782408bed5a5005bb0b119c5ece6cdbf5ad8631c6e5b?s=96&d=mm&r=g\",\"caption\":\"Yolanda Tarramera\"},\"url\":\"https:\/\/esment.org\/blogs\/author\/yolanda-tarramera\/\"}]}<\/script>\n<!-- \/ Yoast SEO plugin. -->","yoast_head_json":{"title":"La verema s'avan\u00e7a al celler Gallinas & Focas i apunta a una collita m\u00e9s abundant - Blog Comunidad Esment","robots":{"index":"index","follow":"follow","max-snippet":"max-snippet:-1","max-image-preview":"max-image-preview:large","max-video-preview":"max-video-preview:-1"},"canonical":"https:\/\/esment.org\/blogs\/la-verema-savanca-al-celler-gallinas-focas-i-apunta-a-una-collita-mes-abundant\/","og_locale":"es_ES","og_type":"article","og_title":"La verema s'avan\u00e7a al celler Gallinas & Focas i apunta a una collita m\u00e9s abundant - Blog Comunidad Esment","og_description":"La verema ja est\u00e0 en marxa a les vinyes de\u00a0 Gallinas &amp; Focas. Una feina compartida que suma esfor\u00e7, aprenentatge i oportunitats. La verema del mantonegro, la varietat emblem\u00e0tica del projecte vitivin\u00edcola impulsat per Esment i 4Kilos Vin\u00edcola, s&#8217;ha avan\u00e7at enguany fins a la primera setmana d&#8217;agost, un fet cada vegada m\u00e9s habitual davant l&#8217;augment [&hellip;]","og_url":"https:\/\/esment.org\/blogs\/la-verema-savanca-al-celler-gallinas-focas-i-apunta-a-una-collita-mes-abundant\/","og_site_name":"Blog Comunidad Esment","article_published_time":"2026-08-31T11:41:24+00:00","article_modified_time":"2026-08-31T11:42:57+00:00","og_image":[{"width":2560,"height":1707,"url":"https:\/\/esment.org\/blogs\/wp-content\/uploads\/2026\/08\/Verema-2026-4-scaled.jpg","type":"image\/jpeg"}],"author":"Yolanda Tarramera","twitter_card":"summary_large_image","twitter_misc":{"Escrito por":"Yolanda Tarramera","Tiempo de lectura":"3 minutos"},"schema":{"@context":"https:\/\/schema.org","@graph":[{"@type":"Article","@id":"https:\/\/esment.org\/blogs\/la-verema-savanca-al-celler-gallinas-focas-i-apunta-a-una-collita-mes-abundant\/#article","isPartOf":{"@id":"https:\/\/esment.org\/blogs\/la-verema-savanca-al-celler-gallinas-focas-i-apunta-a-una-collita-mes-abundant\/"},"author":{"name":"Yolanda Tarramera","@id":"https:\/\/esment.org\/blogs\/#\/schema\/person\/d2af4a49059695d7ca3491e0498d6b36"},"headline":"La verema s&#8217;avan\u00e7a al celler Gallinas &#038; Focas i apunta a una collita m\u00e9s abundant","datePublished":"2026-08-31T11:41:24+00:00","dateModified":"2026-08-31T11:42:57+00:00","mainEntityOfPage":{"@id":"https:\/\/esment.org\/blogs\/la-verema-savanca-al-celler-gallinas-focas-i-apunta-a-una-collita-mes-abundant\/"},"wordCount":388,"publisher":{"@id":"https:\/\/esment.org\/blogs\/#organization"},"image":{"@id":"https:\/\/esment.org\/blogs\/la-verema-savanca-al-celler-gallinas-focas-i-apunta-a-una-collita-mes-abundant\/#primaryimage"},"thumbnailUrl":"https:\/\/esment.org\/blogs\/wp-content\/uploads\/2026\/08\/Verema-2026-4-scaled.jpg","keywords":["celler","dual","Gallinas &amp; Focas","malvasia","ra\u00efm","verema"],"inLanguage":"es"},{"@type":"WebPage","@id":"https:\/\/esment.org\/blogs\/la-verema-savanca-al-celler-gallinas-focas-i-apunta-a-una-collita-mes-abundant\/","url":"https:\/\/esment.org\/blogs\/la-verema-savanca-al-celler-gallinas-focas-i-apunta-a-una-collita-mes-abundant\/","name":"La verema s'avan\u00e7a al celler Gallinas & Focas i apunta a una collita m\u00e9s abundant - Blog Comunidad Esment","isPartOf":{"@id":"https:\/\/esment.org\/blogs\/#website"},"primaryImageOfPage":{"@id":"https:\/\/esment.org\/blogs\/la-verema-savanca-al-celler-gallinas-focas-i-apunta-a-una-collita-mes-abundant\/#primaryimage"},"image":{"@id":"https:\/\/esment.org\/blogs\/la-verema-savanca-al-celler-gallinas-focas-i-apunta-a-una-collita-mes-abundant\/#primaryimage"},"thumbnailUrl":"https:\/\/esment.org\/blogs\/wp-content\/uploads\/2026\/08\/Verema-2026-4-scaled.jpg","datePublished":"2026-08-31T11:41:24+00:00","dateModified":"2026-08-31T11:42:57+00:00","breadcrumb":{"@id":"https:\/\/esment.org\/blogs\/la-verema-savanca-al-celler-gallinas-focas-i-apunta-a-una-collita-mes-abundant\/#breadcrumb"},"inLanguage":"es","potentialAction":[{"@type":"ReadAction","target":["https:\/\/esment.org\/blogs\/la-verema-savanca-al-celler-gallinas-focas-i-apunta-a-una-collita-mes-abundant\/"]}]},{"@type":"ImageObject","inLanguage":"es","@id":"https:\/\/esment.org\/blogs\/la-verema-savanca-al-celler-gallinas-focas-i-apunta-a-una-collita-mes-abundant\/#primaryimage","url":"https:\/\/esment.org\/blogs\/wp-content\/uploads\/2026\/08\/Verema-2026-4-scaled.jpg","contentUrl":"https:\/\/esment.org\/blogs\/wp-content\/uploads\/2026\/08\/Verema-2026-4-scaled.jpg","width":2560,"height":1707},{"@type":"BreadcrumbList","@id":"https:\/\/esment.org\/blogs\/la-verema-savanca-al-celler-gallinas-focas-i-apunta-a-una-collita-mes-abundant\/#breadcrumb","itemListElement":[{"@type":"ListItem","position":1,"name":"Portada","item":"https:\/\/esment.org\/blogs\/"},{"@type":"ListItem","position":2,"name":"La verema s&#8217;avan\u00e7a al celler Gallinas &#038; Focas i apunta a una collita m\u00e9s abundant"}]},{"@type":"WebSite","@id":"https:\/\/esment.org\/blogs\/#website","url":"https:\/\/esment.org\/blogs\/","name":"Blog Comunidad Esment","description":"Blogs de Esment","publisher":{"@id":"https:\/\/esment.org\/blogs\/#organization"},"potentialAction":[{"@type":"SearchAction","target":{"@type":"EntryPoint","urlTemplate":"https:\/\/esment.org\/blogs\/?s={search_term_string}"},"query-input":{"@type":"PropertyValueSpecification","valueRequired":true,"valueName":"search_term_string"}}],"inLanguage":"es"},{"@type":"Organization","@id":"https:\/\/esment.org\/blogs\/#organization","name":"Blog Comunidad Esment","url":"https:\/\/esment.org\/blogs\/","logo":{"@type":"ImageObject","inLanguage":"es","@id":"https:\/\/esment.org\/blogs\/#\/schema\/logo\/image\/","url":"https:\/\/esment.org\/blogs\/wp-content\/uploads\/2020\/10\/logo-header.svg","contentUrl":"https:\/\/esment.org\/blogs\/wp-content\/uploads\/2020\/10\/logo-header.svg","caption":"Blog Comunidad Esment"},"image":{"@id":"https:\/\/esment.org\/blogs\/#\/schema\/logo\/image\/"}},{"@type":"Person","@id":"https:\/\/esment.org\/blogs\/#\/schema\/person\/d2af4a49059695d7ca3491e0498d6b36","name":"Yolanda Tarramera","image":{"@type":"ImageObject","inLanguage":"es","@id":"https:\/\/esment.org\/blogs\/#\/schema\/person\/image\/","url":"https:\/\/secure.gravatar.com\/avatar\/c93060ec77db68f5fefd782408bed5a5005bb0b119c5ece6cdbf5ad8631c6e5b?s=96&d=mm&r=g","contentUrl":"https:\/\/secure.gravatar.com\/avatar\/c93060ec77db68f5fefd782408bed5a5005bb0b119c5ece6cdbf5ad8631c6e5b?s=96&d=mm&r=g","caption":"Yolanda Tarramera"},"url":"https:\/\/esment.org\/blogs\/author\/yolanda-tarramera\/"}]}},"_links":{"self":[{"href":"https:\/\/esment.org\/blogs\/wp-json\/wp\/v2\/posts\/29572","targetHints":{"allow":["GET"]}}],"collection":[{"href":"https:\/\/esment.org\/blogs\/wp-json\/wp\/v2\/posts"}],"about":[{"href":"https:\/\/esment.org\/blogs\/wp-json\/wp\/v2\/types\/post"}],"author":[{"embeddable":true,"href":"https:\/\/esment.org\/blogs\/wp-json\/wp\/v2\/users\/5"}],"replies":[{"embeddable":true,"href":"https:\/\/esment.org\/blogs\/wp-json\/wp\/v2\/comments?post=29572"}],"version-history":[{"count":5,"href":"https:\/\/esment.org\/blogs\/wp-json\/wp\/v2\/posts\/29572\/revisions"}],"predecessor-version":[{"id":29584,"href":"https:\/\/esment.org\/blogs\/wp-json\/wp\/v2\/posts\/29572\/revisions\/29584"}],"wp:featuredmedia":[{"embeddable":true,"href":"https:\/\/esment.org\/blogs\/wp-json\/wp\/v2\/media\/29574"}],"wp:attachment":[{"href":"https:\/\/esment.org\/blogs\/wp-json\/wp\/v2\/media?parent=29572"}],"wp:term":[{"taxonomy":"category","embeddable":true,"href":"https:\/\/esment.org\/blogs\/wp-json\/wp\/v2\/categories?post=29572"},{"taxonomy":"post_tag","embeddable":true,"href":"https:\/\/esment.org\/blogs\/wp-json\/wp\/v2\/tags?post=29572"}],"curies":[{"name":"wp","href":"https:\/\/api.w.org\/{rel}","templated":true}]}}