{"id":29567,"date":"2026-08-31T08:27:19","date_gmt":"2026-08-31T08:27:19","guid":{"rendered":"https:\/\/esment.org\/blogs\/?p=29567"},"modified":"2026-08-31T08:27:19","modified_gmt":"2026-08-31T08:27:19","slug":"cineciutat-estrena-un-cineclub-para-mayores-de-65-anos","status":"publish","type":"post","link":"https:\/\/esment.org\/blogs\/cineciutat-estrena-un-cineclub-para-mayores-de-65-anos\/","title":{"rendered":"CineCiutat estrena un cineclub para mayores de 65 a\u00f1os"},"content":{"rendered":"<p>En CineCiutat siguen creciendo. Ahora lo hacen con un espacio que hasta ahora les faltaba: el cineclub. Como ocurre en muchas salas independientes, el cine tendr\u00e1 su propio club de espectadores, aunque con una particularidad que lo hace diferente: estar\u00e1 dirigido a personas mayores de 65 a\u00f1os.<\/p>\n<div>\n<p>As\u00ed nace el <a href=\"https:\/\/cineciutat.org\/es\/blog\/actualidad\/film-club-65\">CineClub +65<\/a>, un encuentro mensual que combina desayuno, cine y conversaci\u00f3n. Una invitaci\u00f3n a disfrutar de las pel\u00edculas con tiempo, compartir impresiones y recuperar algo que siempre ha formado parte de la experiencia cinematogr\u00e1fica: hablar de lo que acabamos de ver.<\/p>\n<div>\n<p>Cada sesi\u00f3n comenzar\u00e1 con una presentaci\u00f3n de la pel\u00edcula. Despu\u00e9s llegar\u00e1 la proyecci\u00f3n y, cuando se enciendan las luces, el coloquio. Es entonces cuando, para muchos, empieza la mejor parte. El p\u00fablico de este cineclub acumula d\u00e9cadas de experiencia como espectador, ha visto estrenos que ya forman parte de la historia del cine y conserva recuerdos de salas que hoy ya no existen. Un bagaje que convierte cada encuentro en una conversaci\u00f3n tan interesante como la propia pel\u00edcula.<\/p>\n<\/div>\n<p>La primera sesi\u00f3n tendr\u00e1 lugar el pr\u00f3ximo 8 de septiembre con la proyecci\u00f3n de <em>El ser querido<\/em>, de Rodrigo Sorogoyen, un drama familiar que aborda los v\u00ednculos, las heridas y el papel que el cine puede desempe\u00f1ar en nuestras vidas. A partir de entonces, el CineClub +65 se celebrar\u00e1 el primer martes de cada mes.<\/p>\n<p>La jornada empezar\u00e1 a las 10.30 horas con la apertura de puertas y un desayuno. A las 10.45 horas tendr\u00e1 lugar la presentaci\u00f3n de la pel\u00edcula y, a las 11.00 horas, comenzar\u00e1 la proyecci\u00f3n, seguida de un coloquio abierto a todos los asistentes. La actividad se desarrollar\u00e1 en CineCiutat, situado en S\u2019Escorxador, y tendr\u00e1 un precio de 2 euros, desayuno incluido.<\/p>\n<p>M\u00e1s all\u00e1 de ver una pel\u00edcula, la iniciativa busca recuperar algo que siempre ha formado parte de la esencia del cine: encontrarse con otras personas para hablar de historias, emociones y recuerdos cuando se encienden las luces de la sala.<\/p>\n<p>Si cre\u00e9is que a alguna persona le puede interesar, pero no quiere ir sola, desde EM junto con el SAD Preventivo Comunitario, organizaremos un grupo para acudir juntas a ver la pel\u00edcula. La idea ser\u00eda quedar en Plaza Espa\u00f1a y acudir desde all\u00ed.<\/p>\n<p>Pod\u00e9is consultar m\u00e1s informaci\u00f3n en<a href=\"https:\/\/cineciutat.org\/es\/blog\/actualidad\/film-club-65\"> ESTE LINK<\/a><\/p>\n<p><img fetchpriority=\"high\" decoding=\"async\" class=\"alignnone wp-image-29568 size-full\" src=\"https:\/\/esment.org\/blogs\/wp-content\/uploads\/2026\/08\/1000056154-2.jpg\" alt=\"\" width=\"1305\" height=\"1920\" srcset=\"https:\/\/esment.org\/blogs\/wp-content\/uploads\/2026\/08\/1000056154-2.jpg 1305w, https:\/\/esment.org\/blogs\/wp-content\/uploads\/2026\/08\/1000056154-2-204x300.jpg 204w, https:\/\/esment.org\/blogs\/wp-content\/uploads\/2026\/08\/1000056154-2-696x1024.jpg 696w, https:\/\/esment.org\/blogs\/wp-content\/uploads\/2026\/08\/1000056154-2-768x1130.jpg 768w, https:\/\/esment.org\/blogs\/wp-content\/uploads\/2026\/08\/1000056154-2-1044x1536.jpg 1044w\" sizes=\"(max-width: 1305px) 100vw, 1305px\" \/><\/p>\n<\/div>\n","protected":false},"excerpt":{"rendered":"<p>En CineCiutat siguen creciendo. Ahora lo hacen con un espacio que hasta ahora les faltaba: el cineclub. Como ocurre en muchas salas independientes, el cine tendr\u00e1 su propio club de espectadores, aunque con una particularidad que lo hace diferente: estar\u00e1 dirigido a personas mayores de 65 a\u00f1os. As\u00ed nace el CineClub +65, un encuentro mensual [&hellip;]<\/p>\n","protected":false},"author":5,"featured_media":29569,"comment_status":"closed","ping_status":"closed","sticky":false,"template":"","format":"standard","meta":{"_acf_changed":false,"footnotes":""},"categories":[1],"tags":[704,2481,2479,2483,2480,2482],"class_list":["post-29567","post","type-post","status-publish","format-standard","has-post-thumbnail","hentry","category-sin-categoria","tag-cine","tag-cineciutat","tag-cineforum","tag-conversa","tag-majors-65-anys","tag-voncles"],"acf":[],"yoast_head":"<!-- This site is optimized with the Yoast SEO plugin v26.4 - https:\/\/yoast.com\/wordpress\/plugins\/seo\/ -->\n<title>CineCiutat estrena un cineclub para mayores de 65 a\u00f1os - Blog Comunidad Esment<\/title>\n<meta name=\"robots\" content=\"index, follow, max-snippet:-1, max-image-preview:large, max-video-preview:-1\" \/>\n<link rel=\"canonical\" href=\"https:\/\/esment.org\/blogs\/cineciutat-estrena-un-cineclub-para-mayores-de-65-anos\/\" \/>\n<meta property=\"og:locale\" content=\"es_ES\" \/>\n<meta property=\"og:type\" content=\"article\" \/>\n<meta property=\"og:title\" content=\"CineCiutat estrena un cineclub para mayores de 65 a\u00f1os - Blog Comunidad Esment\" \/>\n<meta property=\"og:description\" content=\"En CineCiutat siguen creciendo. Ahora lo hacen con un espacio que hasta ahora les faltaba: el cineclub. Como ocurre en muchas salas independientes, el cine tendr\u00e1 su propio club de espectadores, aunque con una particularidad que lo hace diferente: estar\u00e1 dirigido a personas mayores de 65 a\u00f1os. As\u00ed nace el CineClub +65, un encuentro mensual [&hellip;]\" \/>\n<meta property=\"og:url\" content=\"https:\/\/esment.org\/blogs\/cineciutat-estrena-un-cineclub-para-mayores-de-65-anos\/\" \/>\n<meta property=\"og:site_name\" content=\"Blog Comunidad Esment\" \/>\n<meta property=\"article:published_time\" content=\"2026-08-31T08:27:19+00:00\" \/>\n<meta property=\"og:image\" content=\"https:\/\/esment.org\/blogs\/wp-content\/uploads\/2026\/08\/Captura-de-pantalla-2026-08-31-094552.png\" \/>\n\t<meta property=\"og:image:width\" content=\"575\" \/>\n\t<meta property=\"og:image:height\" content=\"383\" \/>\n\t<meta property=\"og:image:type\" content=\"image\/png\" \/>\n<meta name=\"author\" content=\"Yolanda Tarramera\" \/>\n<meta name=\"twitter:card\" content=\"summary_large_image\" \/>\n<meta name=\"twitter:label1\" content=\"Escrito por\" \/>\n\t<meta name=\"twitter:data1\" content=\"Yolanda Tarramera\" \/>\n\t<meta name=\"twitter:label2\" content=\"Tiempo de lectura\" \/>\n\t<meta name=\"twitter:data2\" content=\"3 minutos\" \/>\n<script type=\"application\/ld+json\" class=\"yoast-schema-graph\">{\"@context\":\"https:\/\/schema.org\",\"@graph\":[{\"@type\":\"Article\",\"@id\":\"https:\/\/esment.org\/blogs\/cineciutat-estrena-un-cineclub-para-mayores-de-65-anos\/#article\",\"isPartOf\":{\"@id\":\"https:\/\/esment.org\/blogs\/cineciutat-estrena-un-cineclub-para-mayores-de-65-anos\/\"},\"author\":{\"name\":\"Yolanda Tarramera\",\"@id\":\"https:\/\/esment.org\/blogs\/#\/schema\/person\/d2af4a49059695d7ca3491e0498d6b36\"},\"headline\":\"CineCiutat estrena un cineclub para mayores de 65 a\u00f1os\",\"datePublished\":\"2026-08-31T08:27:19+00:00\",\"mainEntityOfPage\":{\"@id\":\"https:\/\/esment.org\/blogs\/cineciutat-estrena-un-cineclub-para-mayores-de-65-anos\/\"},\"wordCount\":408,\"publisher\":{\"@id\":\"https:\/\/esment.org\/blogs\/#organization\"},\"image\":{\"@id\":\"https:\/\/esment.org\/blogs\/cineciutat-estrena-un-cineclub-para-mayores-de-65-anos\/#primaryimage\"},\"thumbnailUrl\":\"https:\/\/esment.org\/blogs\/wp-content\/uploads\/2026\/08\/Captura-de-pantalla-2026-08-31-094552.png\",\"keywords\":[\"cine\",\"Cineciutat\",\"cinef\u00f2rum\",\"conversa\",\"majors 65 anys\",\"voncles\"],\"inLanguage\":\"es\"},{\"@type\":\"WebPage\",\"@id\":\"https:\/\/esment.org\/blogs\/cineciutat-estrena-un-cineclub-para-mayores-de-65-anos\/\",\"url\":\"https:\/\/esment.org\/blogs\/cineciutat-estrena-un-cineclub-para-mayores-de-65-anos\/\",\"name\":\"CineCiutat estrena un cineclub para mayores de 65 a\u00f1os - Blog Comunidad Esment\",\"isPartOf\":{\"@id\":\"https:\/\/esment.org\/blogs\/#website\"},\"primaryImageOfPage\":{\"@id\":\"https:\/\/esment.org\/blogs\/cineciutat-estrena-un-cineclub-para-mayores-de-65-anos\/#primaryimage\"},\"image\":{\"@id\":\"https:\/\/esment.org\/blogs\/cineciutat-estrena-un-cineclub-para-mayores-de-65-anos\/#primaryimage\"},\"thumbnailUrl\":\"https:\/\/esment.org\/blogs\/wp-content\/uploads\/2026\/08\/Captura-de-pantalla-2026-08-31-094552.png\",\"datePublished\":\"2026-08-31T08:27:19+00:00\",\"breadcrumb\":{\"@id\":\"https:\/\/esment.org\/blogs\/cineciutat-estrena-un-cineclub-para-mayores-de-65-anos\/#breadcrumb\"},\"inLanguage\":\"es\",\"potentialAction\":[{\"@type\":\"ReadAction\",\"target\":[\"https:\/\/esment.org\/blogs\/cineciutat-estrena-un-cineclub-para-mayores-de-65-anos\/\"]}]},{\"@type\":\"ImageObject\",\"inLanguage\":\"es\",\"@id\":\"https:\/\/esment.org\/blogs\/cineciutat-estrena-un-cineclub-para-mayores-de-65-anos\/#primaryimage\",\"url\":\"https:\/\/esment.org\/blogs\/wp-content\/uploads\/2026\/08\/Captura-de-pantalla-2026-08-31-094552.png\",\"contentUrl\":\"https:\/\/esment.org\/blogs\/wp-content\/uploads\/2026\/08\/Captura-de-pantalla-2026-08-31-094552.png\",\"width\":575,\"height\":383},{\"@type\":\"BreadcrumbList\",\"@id\":\"https:\/\/esment.org\/blogs\/cineciutat-estrena-un-cineclub-para-mayores-de-65-anos\/#breadcrumb\",\"itemListElement\":[{\"@type\":\"ListItem\",\"position\":1,\"name\":\"Portada\",\"item\":\"https:\/\/esment.org\/blogs\/\"},{\"@type\":\"ListItem\",\"position\":2,\"name\":\"CineCiutat estrena un cineclub para mayores de 65 a\u00f1os\"}]},{\"@type\":\"WebSite\",\"@id\":\"https:\/\/esment.org\/blogs\/#website\",\"url\":\"https:\/\/esment.org\/blogs\/\",\"name\":\"Blog Comunidad Esment\",\"description\":\"Blogs de Esment\",\"publisher\":{\"@id\":\"https:\/\/esment.org\/blogs\/#organization\"},\"potentialAction\":[{\"@type\":\"SearchAction\",\"target\":{\"@type\":\"EntryPoint\",\"urlTemplate\":\"https:\/\/esment.org\/blogs\/?s={search_term_string}\"},\"query-input\":{\"@type\":\"PropertyValueSpecification\",\"valueRequired\":true,\"valueName\":\"search_term_string\"}}],\"inLanguage\":\"es\"},{\"@type\":\"Organization\",\"@id\":\"https:\/\/esment.org\/blogs\/#organization\",\"name\":\"Blog Comunidad Esment\",\"url\":\"https:\/\/esment.org\/blogs\/\",\"logo\":{\"@type\":\"ImageObject\",\"inLanguage\":\"es\",\"@id\":\"https:\/\/esment.org\/blogs\/#\/schema\/logo\/image\/\",\"url\":\"https:\/\/esment.org\/blogs\/wp-content\/uploads\/2020\/10\/logo-header.svg\",\"contentUrl\":\"https:\/\/esment.org\/blogs\/wp-content\/uploads\/2020\/10\/logo-header.svg\",\"caption\":\"Blog Comunidad Esment\"},\"image\":{\"@id\":\"https:\/\/esment.org\/blogs\/#\/schema\/logo\/image\/\"}},{\"@type\":\"Person\",\"@id\":\"https:\/\/esment.org\/blogs\/#\/schema\/person\/d2af4a49059695d7ca3491e0498d6b36\",\"name\":\"Yolanda Tarramera\",\"image\":{\"@type\":\"ImageObject\",\"inLanguage\":\"es\",\"@id\":\"https:\/\/esment.org\/blogs\/#\/schema\/person\/image\/\",\"url\":\"https:\/\/secure.gravatar.com\/avatar\/c93060ec77db68f5fefd782408bed5a5005bb0b119c5ece6cdbf5ad8631c6e5b?s=96&d=mm&r=g\",\"contentUrl\":\"https:\/\/secure.gravatar.com\/avatar\/c93060ec77db68f5fefd782408bed5a5005bb0b119c5ece6cdbf5ad8631c6e5b?s=96&d=mm&r=g\",\"caption\":\"Yolanda Tarramera\"},\"url\":\"https:\/\/esment.org\/blogs\/author\/yolanda-tarramera\/\"}]}<\/script>\n<!-- \/ Yoast SEO plugin. -->","yoast_head_json":{"title":"CineCiutat estrena un cineclub para mayores de 65 a\u00f1os - Blog Comunidad Esment","robots":{"index":"index","follow":"follow","max-snippet":"max-snippet:-1","max-image-preview":"max-image-preview:large","max-video-preview":"max-video-preview:-1"},"canonical":"https:\/\/esment.org\/blogs\/cineciutat-estrena-un-cineclub-para-mayores-de-65-anos\/","og_locale":"es_ES","og_type":"article","og_title":"CineCiutat estrena un cineclub para mayores de 65 a\u00f1os - Blog Comunidad Esment","og_description":"En CineCiutat siguen creciendo. Ahora lo hacen con un espacio que hasta ahora les faltaba: el cineclub. Como ocurre en muchas salas independientes, el cine tendr\u00e1 su propio club de espectadores, aunque con una particularidad que lo hace diferente: estar\u00e1 dirigido a personas mayores de 65 a\u00f1os. As\u00ed nace el CineClub +65, un encuentro mensual [&hellip;]","og_url":"https:\/\/esment.org\/blogs\/cineciutat-estrena-un-cineclub-para-mayores-de-65-anos\/","og_site_name":"Blog Comunidad Esment","article_published_time":"2026-08-31T08:27:19+00:00","og_image":[{"width":575,"height":383,"url":"https:\/\/esment.org\/blogs\/wp-content\/uploads\/2026\/08\/Captura-de-pantalla-2026-08-31-094552.png","type":"image\/png"}],"author":"Yolanda Tarramera","twitter_card":"summary_large_image","twitter_misc":{"Escrito por":"Yolanda Tarramera","Tiempo de lectura":"3 minutos"},"schema":{"@context":"https:\/\/schema.org","@graph":[{"@type":"Article","@id":"https:\/\/esment.org\/blogs\/cineciutat-estrena-un-cineclub-para-mayores-de-65-anos\/#article","isPartOf":{"@id":"https:\/\/esment.org\/blogs\/cineciutat-estrena-un-cineclub-para-mayores-de-65-anos\/"},"author":{"name":"Yolanda Tarramera","@id":"https:\/\/esment.org\/blogs\/#\/schema\/person\/d2af4a49059695d7ca3491e0498d6b36"},"headline":"CineCiutat estrena un cineclub para mayores de 65 a\u00f1os","datePublished":"2026-08-31T08:27:19+00:00","mainEntityOfPage":{"@id":"https:\/\/esment.org\/blogs\/cineciutat-estrena-un-cineclub-para-mayores-de-65-anos\/"},"wordCount":408,"publisher":{"@id":"https:\/\/esment.org\/blogs\/#organization"},"image":{"@id":"https:\/\/esment.org\/blogs\/cineciutat-estrena-un-cineclub-para-mayores-de-65-anos\/#primaryimage"},"thumbnailUrl":"https:\/\/esment.org\/blogs\/wp-content\/uploads\/2026\/08\/Captura-de-pantalla-2026-08-31-094552.png","keywords":["cine","Cineciutat","cinef\u00f2rum","conversa","majors 65 anys","voncles"],"inLanguage":"es"},{"@type":"WebPage","@id":"https:\/\/esment.org\/blogs\/cineciutat-estrena-un-cineclub-para-mayores-de-65-anos\/","url":"https:\/\/esment.org\/blogs\/cineciutat-estrena-un-cineclub-para-mayores-de-65-anos\/","name":"CineCiutat estrena un cineclub para mayores de 65 a\u00f1os - Blog Comunidad Esment","isPartOf":{"@id":"https:\/\/esment.org\/blogs\/#website"},"primaryImageOfPage":{"@id":"https:\/\/esment.org\/blogs\/cineciutat-estrena-un-cineclub-para-mayores-de-65-anos\/#primaryimage"},"image":{"@id":"https:\/\/esment.org\/blogs\/cineciutat-estrena-un-cineclub-para-mayores-de-65-anos\/#primaryimage"},"thumbnailUrl":"https:\/\/esment.org\/blogs\/wp-content\/uploads\/2026\/08\/Captura-de-pantalla-2026-08-31-094552.png","datePublished":"2026-08-31T08:27:19+00:00","breadcrumb":{"@id":"https:\/\/esment.org\/blogs\/cineciutat-estrena-un-cineclub-para-mayores-de-65-anos\/#breadcrumb"},"inLanguage":"es","potentialAction":[{"@type":"ReadAction","target":["https:\/\/esment.org\/blogs\/cineciutat-estrena-un-cineclub-para-mayores-de-65-anos\/"]}]},{"@type":"ImageObject","inLanguage":"es","@id":"https:\/\/esment.org\/blogs\/cineciutat-estrena-un-cineclub-para-mayores-de-65-anos\/#primaryimage","url":"https:\/\/esment.org\/blogs\/wp-content\/uploads\/2026\/08\/Captura-de-pantalla-2026-08-31-094552.png","contentUrl":"https:\/\/esment.org\/blogs\/wp-content\/uploads\/2026\/08\/Captura-de-pantalla-2026-08-31-094552.png","width":575,"height":383},{"@type":"BreadcrumbList","@id":"https:\/\/esment.org\/blogs\/cineciutat-estrena-un-cineclub-para-mayores-de-65-anos\/#breadcrumb","itemListElement":[{"@type":"ListItem","position":1,"name":"Portada","item":"https:\/\/esment.org\/blogs\/"},{"@type":"ListItem","position":2,"name":"CineCiutat estrena un cineclub para mayores de 65 a\u00f1os"}]},{"@type":"WebSite","@id":"https:\/\/esment.org\/blogs\/#website","url":"https:\/\/esment.org\/blogs\/","name":"Blog Comunidad Esment","description":"Blogs de Esment","publisher":{"@id":"https:\/\/esment.org\/blogs\/#organization"},"potentialAction":[{"@type":"SearchAction","target":{"@type":"EntryPoint","urlTemplate":"https:\/\/esment.org\/blogs\/?s={search_term_string}"},"query-input":{"@type":"PropertyValueSpecification","valueRequired":true,"valueName":"search_term_string"}}],"inLanguage":"es"},{"@type":"Organization","@id":"https:\/\/esment.org\/blogs\/#organization","name":"Blog Comunidad Esment","url":"https:\/\/esment.org\/blogs\/","logo":{"@type":"ImageObject","inLanguage":"es","@id":"https:\/\/esment.org\/blogs\/#\/schema\/logo\/image\/","url":"https:\/\/esment.org\/blogs\/wp-content\/uploads\/2020\/10\/logo-header.svg","contentUrl":"https:\/\/esment.org\/blogs\/wp-content\/uploads\/2020\/10\/logo-header.svg","caption":"Blog Comunidad Esment"},"image":{"@id":"https:\/\/esment.org\/blogs\/#\/schema\/logo\/image\/"}},{"@type":"Person","@id":"https:\/\/esment.org\/blogs\/#\/schema\/person\/d2af4a49059695d7ca3491e0498d6b36","name":"Yolanda Tarramera","image":{"@type":"ImageObject","inLanguage":"es","@id":"https:\/\/esment.org\/blogs\/#\/schema\/person\/image\/","url":"https:\/\/secure.gravatar.com\/avatar\/c93060ec77db68f5fefd782408bed5a5005bb0b119c5ece6cdbf5ad8631c6e5b?s=96&d=mm&r=g","contentUrl":"https:\/\/secure.gravatar.com\/avatar\/c93060ec77db68f5fefd782408bed5a5005bb0b119c5ece6cdbf5ad8631c6e5b?s=96&d=mm&r=g","caption":"Yolanda Tarramera"},"url":"https:\/\/esment.org\/blogs\/author\/yolanda-tarramera\/"}]}},"_links":{"self":[{"href":"https:\/\/esment.org\/blogs\/wp-json\/wp\/v2\/posts\/29567","targetHints":{"allow":["GET"]}}],"collection":[{"href":"https:\/\/esment.org\/blogs\/wp-json\/wp\/v2\/posts"}],"about":[{"href":"https:\/\/esment.org\/blogs\/wp-json\/wp\/v2\/types\/post"}],"author":[{"embeddable":true,"href":"https:\/\/esment.org\/blogs\/wp-json\/wp\/v2\/users\/5"}],"replies":[{"embeddable":true,"href":"https:\/\/esment.org\/blogs\/wp-json\/wp\/v2\/comments?post=29567"}],"version-history":[{"count":2,"href":"https:\/\/esment.org\/blogs\/wp-json\/wp\/v2\/posts\/29567\/revisions"}],"predecessor-version":[{"id":29571,"href":"https:\/\/esment.org\/blogs\/wp-json\/wp\/v2\/posts\/29567\/revisions\/29571"}],"wp:featuredmedia":[{"embeddable":true,"href":"https:\/\/esment.org\/blogs\/wp-json\/wp\/v2\/media\/29569"}],"wp:attachment":[{"href":"https:\/\/esment.org\/blogs\/wp-json\/wp\/v2\/media?parent=29567"}],"wp:term":[{"taxonomy":"category","embeddable":true,"href":"https:\/\/esment.org\/blogs\/wp-json\/wp\/v2\/categories?post=29567"},{"taxonomy":"post_tag","embeddable":true,"href":"https:\/\/esment.org\/blogs\/wp-json\/wp\/v2\/tags?post=29567"}],"curies":[{"name":"wp","href":"https:\/\/api.w.org\/{rel}","templated":true}]}}