{"id":28796,"date":"2026-04-27T08:54:57","date_gmt":"2026-04-27T08:54:57","guid":{"rendered":"https:\/\/esment.org\/blogs\/?p=28796"},"modified":"2026-04-27T08:54:57","modified_gmt":"2026-04-27T08:54:57","slug":"esment-comparte-su-experiencia-y-refuerza-su-compromiso-con-la-ciberseguridad","status":"publish","type":"post","link":"https:\/\/esment.org\/blogs\/esment-comparte-su-experiencia-y-refuerza-su-compromiso-con-la-ciberseguridad\/","title":{"rendered":"Esment comparte su experiencia y refuerza su compromiso con la ciberseguridad"},"content":{"rendered":"<p data-start=\"162\" data-end=\"455\">Esment ha participado en el encuentro +Ciberseguridad celebrado en la sede de la <span class=\"hover:entity-accent entity-underline inline cursor-pointer align-baseline\"><span class=\"whitespace-normal\">Confederaci\u00f3n de Asociaciones Empresariales de Baleares (CAEB)<\/span><\/span>, un espacio que reuni\u00f3 a empresas, profesionales e instituciones con un objetivo com\u00fan: mejorar la protecci\u00f3n digital y estar mejor preparados ante los riesgos del entorno online.<\/p>\n<p data-start=\"457\" data-end=\"820\">Durante la jornada, <span class=\"hover:entity-accent entity-underline inline cursor-pointer align-baseline\"><span class=\"whitespace-normal\">Gregorio Corbacho<\/span><\/span>, responsable de IT de Esment, explic\u00f3 c\u00f3mo se trabaja la ciberseguridad en el d\u00eda a d\u00eda de la entidad. Su intervenci\u00f3n puso el foco en algo clave: la seguridad digital no es solo una cuesti\u00f3n t\u00e9cnica, sino una parte fundamental de todos los procesos de la organizaci\u00f3n.<\/p>\n<p data-start=\"822\" data-end=\"1419\">El encuentro, impulsado por <span class=\"hover:entity-accent entity-underline inline cursor-pointer align-baseline\"><span class=\"whitespace-normal\">Fundaci\u00f3n CEOE<\/span><\/span>, <span class=\"hover:entity-accent entity-underline inline cursor-pointer align-baseline\"><span class=\"whitespace-normal\">CEOE<\/span><\/span> y el <span class=\"hover:entity-accent entity-underline inline cursor-pointer align-baseline\"><span class=\"whitespace-normal\">Instituto Nacional de Ciberseguridad (INCIBE)<\/span><\/span>, abord\u00f3 de forma pr\u00e1ctica los riesgos m\u00e1s habituales, como fraudes online o suplantaciones de identidad, y ofreci\u00f3 herramientas \u00fatiles para prevenir y gestionar posibles ciberataques. Tambi\u00e9n participaron representantes como <span class=\"hover:entity-accent entity-underline inline cursor-pointer align-baseline\"><span class=\"whitespace-normal\">F\u00e1tima B\u00e1\u00f1ez<\/span><\/span>, <span class=\"hover:entity-accent entity-underline inline cursor-pointer align-baseline\"><span class=\"whitespace-normal\">Juan Delf\u00edn Pel\u00e1ez<\/span><\/span> y <span class=\"hover:entity-accent entity-underline inline cursor-pointer align-baseline\"><span class=\"whitespace-normal\">Carmen Planas<\/span><\/span>, quienes destacaron la importancia de la ciberseguridad para generar confianza y fortalecer a las empresas.<\/p>\n<p data-start=\"1421\" data-end=\"1667\">Los datos reflejan la magnitud del reto: en 2025, el INCIBE gestion\u00f3 m\u00e1s de 122.000 incidentes en Espa\u00f1a. En Baleares, aunque la cifra se sit\u00faa ligeramente por debajo de la media nacional, los riesgos siguen muy presentes en el d\u00eda a d\u00eda digital.<\/p>\n<p data-start=\"1669\" data-end=\"1892\">Para Esment, participar en encuentros como este es una oportunidad para seguir aprendiendo, compartir experiencias y aplicar nuevas herramientas que permitan proteger mejor a las personas en un entorno cada vez m\u00e1s digital.<\/p>\n<p data-start=\"1669\" data-end=\"1892\"><img fetchpriority=\"high\" decoding=\"async\" class=\"alignnone wp-image-28798 size-full\" src=\"https:\/\/esment.org\/blogs\/wp-content\/uploads\/2026\/04\/IMG-20260423-WA0000-e1777280029654.jpg\" alt=\"\" width=\"1147\" height=\"1067\" srcset=\"https:\/\/esment.org\/blogs\/wp-content\/uploads\/2026\/04\/IMG-20260423-WA0000-e1777280029654.jpg 1147w, https:\/\/esment.org\/blogs\/wp-content\/uploads\/2026\/04\/IMG-20260423-WA0000-e1777280029654-300x279.jpg 300w, https:\/\/esment.org\/blogs\/wp-content\/uploads\/2026\/04\/IMG-20260423-WA0000-e1777280029654-1024x953.jpg 1024w, https:\/\/esment.org\/blogs\/wp-content\/uploads\/2026\/04\/IMG-20260423-WA0000-e1777280029654-768x714.jpg 768w\" sizes=\"(max-width: 1147px) 100vw, 1147px\" \/><\/p>\n<p data-start=\"1227\" data-end=\"1372\">\n","protected":false},"excerpt":{"rendered":"<p>Esment ha participado en el encuentro +Ciberseguridad celebrado en la sede de la Confederaci\u00f3n de Asociaciones Empresariales de Baleares (CAEB), un espacio que reuni\u00f3 a empresas, profesionales e instituciones con un objetivo com\u00fan: mejorar la protecci\u00f3n digital y estar mejor preparados ante los riesgos del entorno online. Durante la jornada, Gregorio Corbacho, responsable de IT [&hellip;]<\/p>\n","protected":false},"author":5,"featured_media":28797,"comment_status":"open","ping_status":"closed","sticky":false,"template":"","format":"standard","meta":{"_acf_changed":false,"footnotes":""},"categories":[1],"tags":[],"class_list":["post-28796","post","type-post","status-publish","format-standard","has-post-thumbnail","hentry","category-sin-categoria"],"acf":[],"yoast_head":"<!-- This site is optimized with the Yoast SEO plugin v26.4 - https:\/\/yoast.com\/wordpress\/plugins\/seo\/ -->\n<title>Esment comparte su experiencia y refuerza su compromiso con la ciberseguridad - Blog Comunidad Esment<\/title>\n<meta name=\"robots\" content=\"index, follow, max-snippet:-1, max-image-preview:large, max-video-preview:-1\" \/>\n<link rel=\"canonical\" href=\"https:\/\/esment.org\/blogs\/esment-comparte-su-experiencia-y-refuerza-su-compromiso-con-la-ciberseguridad\/\" \/>\n<meta property=\"og:locale\" content=\"es_ES\" \/>\n<meta property=\"og:type\" content=\"article\" \/>\n<meta property=\"og:title\" content=\"Esment comparte su experiencia y refuerza su compromiso con la ciberseguridad - Blog Comunidad Esment\" \/>\n<meta property=\"og:description\" content=\"Esment ha participado en el encuentro +Ciberseguridad celebrado en la sede de la Confederaci\u00f3n de Asociaciones Empresariales de Baleares (CAEB), un espacio que reuni\u00f3 a empresas, profesionales e instituciones con un objetivo com\u00fan: mejorar la protecci\u00f3n digital y estar mejor preparados ante los riesgos del entorno online. Durante la jornada, Gregorio Corbacho, responsable de IT [&hellip;]\" \/>\n<meta property=\"og:url\" content=\"https:\/\/esment.org\/blogs\/esment-comparte-su-experiencia-y-refuerza-su-compromiso-con-la-ciberseguridad\/\" \/>\n<meta property=\"og:site_name\" content=\"Blog Comunidad Esment\" \/>\n<meta property=\"article:published_time\" content=\"2026-04-27T08:54:57+00:00\" \/>\n<meta property=\"og:image\" content=\"https:\/\/esment.org\/blogs\/wp-content\/uploads\/2026\/04\/8acef3e6-1596-4789-8972-3e2ff7d2f916-e1777280060396.jpg\" \/>\n\t<meta property=\"og:image:width\" content=\"1000\" \/>\n\t<meta property=\"og:image:height\" content=\"528\" \/>\n\t<meta property=\"og:image:type\" content=\"image\/jpeg\" \/>\n<meta name=\"author\" content=\"Yolanda Tarramera\" \/>\n<meta name=\"twitter:card\" content=\"summary_large_image\" \/>\n<meta name=\"twitter:label1\" content=\"Escrito por\" \/>\n\t<meta name=\"twitter:data1\" content=\"Yolanda Tarramera\" \/>\n\t<meta name=\"twitter:label2\" content=\"Tiempo de lectura\" \/>\n\t<meta name=\"twitter:data2\" content=\"2 minutos\" \/>\n<script type=\"application\/ld+json\" class=\"yoast-schema-graph\">{\"@context\":\"https:\/\/schema.org\",\"@graph\":[{\"@type\":\"Article\",\"@id\":\"https:\/\/esment.org\/blogs\/esment-comparte-su-experiencia-y-refuerza-su-compromiso-con-la-ciberseguridad\/#article\",\"isPartOf\":{\"@id\":\"https:\/\/esment.org\/blogs\/esment-comparte-su-experiencia-y-refuerza-su-compromiso-con-la-ciberseguridad\/\"},\"author\":{\"name\":\"Yolanda Tarramera\",\"@id\":\"https:\/\/esment.org\/blogs\/#\/schema\/person\/d2af4a49059695d7ca3491e0498d6b36\"},\"headline\":\"Esment comparte su experiencia y refuerza su compromiso con la ciberseguridad\",\"datePublished\":\"2026-04-27T08:54:57+00:00\",\"mainEntityOfPage\":{\"@id\":\"https:\/\/esment.org\/blogs\/esment-comparte-su-experiencia-y-refuerza-su-compromiso-con-la-ciberseguridad\/\"},\"wordCount\":274,\"commentCount\":0,\"publisher\":{\"@id\":\"https:\/\/esment.org\/blogs\/#organization\"},\"image\":{\"@id\":\"https:\/\/esment.org\/blogs\/esment-comparte-su-experiencia-y-refuerza-su-compromiso-con-la-ciberseguridad\/#primaryimage\"},\"thumbnailUrl\":\"https:\/\/esment.org\/blogs\/wp-content\/uploads\/2026\/04\/8acef3e6-1596-4789-8972-3e2ff7d2f916-e1777280060396.jpg\",\"inLanguage\":\"es\",\"potentialAction\":[{\"@type\":\"CommentAction\",\"name\":\"Comment\",\"target\":[\"https:\/\/esment.org\/blogs\/esment-comparte-su-experiencia-y-refuerza-su-compromiso-con-la-ciberseguridad\/#respond\"]}]},{\"@type\":\"WebPage\",\"@id\":\"https:\/\/esment.org\/blogs\/esment-comparte-su-experiencia-y-refuerza-su-compromiso-con-la-ciberseguridad\/\",\"url\":\"https:\/\/esment.org\/blogs\/esment-comparte-su-experiencia-y-refuerza-su-compromiso-con-la-ciberseguridad\/\",\"name\":\"Esment comparte su experiencia y refuerza su compromiso con la ciberseguridad - Blog Comunidad Esment\",\"isPartOf\":{\"@id\":\"https:\/\/esment.org\/blogs\/#website\"},\"primaryImageOfPage\":{\"@id\":\"https:\/\/esment.org\/blogs\/esment-comparte-su-experiencia-y-refuerza-su-compromiso-con-la-ciberseguridad\/#primaryimage\"},\"image\":{\"@id\":\"https:\/\/esment.org\/blogs\/esment-comparte-su-experiencia-y-refuerza-su-compromiso-con-la-ciberseguridad\/#primaryimage\"},\"thumbnailUrl\":\"https:\/\/esment.org\/blogs\/wp-content\/uploads\/2026\/04\/8acef3e6-1596-4789-8972-3e2ff7d2f916-e1777280060396.jpg\",\"datePublished\":\"2026-04-27T08:54:57+00:00\",\"breadcrumb\":{\"@id\":\"https:\/\/esment.org\/blogs\/esment-comparte-su-experiencia-y-refuerza-su-compromiso-con-la-ciberseguridad\/#breadcrumb\"},\"inLanguage\":\"es\",\"potentialAction\":[{\"@type\":\"ReadAction\",\"target\":[\"https:\/\/esment.org\/blogs\/esment-comparte-su-experiencia-y-refuerza-su-compromiso-con-la-ciberseguridad\/\"]}]},{\"@type\":\"ImageObject\",\"inLanguage\":\"es\",\"@id\":\"https:\/\/esment.org\/blogs\/esment-comparte-su-experiencia-y-refuerza-su-compromiso-con-la-ciberseguridad\/#primaryimage\",\"url\":\"https:\/\/esment.org\/blogs\/wp-content\/uploads\/2026\/04\/8acef3e6-1596-4789-8972-3e2ff7d2f916-e1777280060396.jpg\",\"contentUrl\":\"https:\/\/esment.org\/blogs\/wp-content\/uploads\/2026\/04\/8acef3e6-1596-4789-8972-3e2ff7d2f916-e1777280060396.jpg\",\"width\":1000,\"height\":528},{\"@type\":\"BreadcrumbList\",\"@id\":\"https:\/\/esment.org\/blogs\/esment-comparte-su-experiencia-y-refuerza-su-compromiso-con-la-ciberseguridad\/#breadcrumb\",\"itemListElement\":[{\"@type\":\"ListItem\",\"position\":1,\"name\":\"Portada\",\"item\":\"https:\/\/esment.org\/blogs\/\"},{\"@type\":\"ListItem\",\"position\":2,\"name\":\"Esment comparte su experiencia y refuerza su compromiso con la ciberseguridad\"}]},{\"@type\":\"WebSite\",\"@id\":\"https:\/\/esment.org\/blogs\/#website\",\"url\":\"https:\/\/esment.org\/blogs\/\",\"name\":\"Blog Comunidad Esment\",\"description\":\"Blogs de Esment\",\"publisher\":{\"@id\":\"https:\/\/esment.org\/blogs\/#organization\"},\"potentialAction\":[{\"@type\":\"SearchAction\",\"target\":{\"@type\":\"EntryPoint\",\"urlTemplate\":\"https:\/\/esment.org\/blogs\/?s={search_term_string}\"},\"query-input\":{\"@type\":\"PropertyValueSpecification\",\"valueRequired\":true,\"valueName\":\"search_term_string\"}}],\"inLanguage\":\"es\"},{\"@type\":\"Organization\",\"@id\":\"https:\/\/esment.org\/blogs\/#organization\",\"name\":\"Blog Comunidad Esment\",\"url\":\"https:\/\/esment.org\/blogs\/\",\"logo\":{\"@type\":\"ImageObject\",\"inLanguage\":\"es\",\"@id\":\"https:\/\/esment.org\/blogs\/#\/schema\/logo\/image\/\",\"url\":\"https:\/\/esment.org\/blogs\/wp-content\/uploads\/2020\/10\/logo-header.svg\",\"contentUrl\":\"https:\/\/esment.org\/blogs\/wp-content\/uploads\/2020\/10\/logo-header.svg\",\"caption\":\"Blog Comunidad Esment\"},\"image\":{\"@id\":\"https:\/\/esment.org\/blogs\/#\/schema\/logo\/image\/\"}},{\"@type\":\"Person\",\"@id\":\"https:\/\/esment.org\/blogs\/#\/schema\/person\/d2af4a49059695d7ca3491e0498d6b36\",\"name\":\"Yolanda Tarramera\",\"image\":{\"@type\":\"ImageObject\",\"inLanguage\":\"es\",\"@id\":\"https:\/\/esment.org\/blogs\/#\/schema\/person\/image\/\",\"url\":\"https:\/\/secure.gravatar.com\/avatar\/c93060ec77db68f5fefd782408bed5a5005bb0b119c5ece6cdbf5ad8631c6e5b?s=96&d=mm&r=g\",\"contentUrl\":\"https:\/\/secure.gravatar.com\/avatar\/c93060ec77db68f5fefd782408bed5a5005bb0b119c5ece6cdbf5ad8631c6e5b?s=96&d=mm&r=g\",\"caption\":\"Yolanda Tarramera\"},\"url\":\"https:\/\/esment.org\/blogs\/author\/yolanda-tarramera\/\"}]}<\/script>\n<!-- \/ Yoast SEO plugin. -->","yoast_head_json":{"title":"Esment comparte su experiencia y refuerza su compromiso con la ciberseguridad - Blog Comunidad Esment","robots":{"index":"index","follow":"follow","max-snippet":"max-snippet:-1","max-image-preview":"max-image-preview:large","max-video-preview":"max-video-preview:-1"},"canonical":"https:\/\/esment.org\/blogs\/esment-comparte-su-experiencia-y-refuerza-su-compromiso-con-la-ciberseguridad\/","og_locale":"es_ES","og_type":"article","og_title":"Esment comparte su experiencia y refuerza su compromiso con la ciberseguridad - Blog Comunidad Esment","og_description":"Esment ha participado en el encuentro +Ciberseguridad celebrado en la sede de la Confederaci\u00f3n de Asociaciones Empresariales de Baleares (CAEB), un espacio que reuni\u00f3 a empresas, profesionales e instituciones con un objetivo com\u00fan: mejorar la protecci\u00f3n digital y estar mejor preparados ante los riesgos del entorno online. Durante la jornada, Gregorio Corbacho, responsable de IT [&hellip;]","og_url":"https:\/\/esment.org\/blogs\/esment-comparte-su-experiencia-y-refuerza-su-compromiso-con-la-ciberseguridad\/","og_site_name":"Blog Comunidad Esment","article_published_time":"2026-04-27T08:54:57+00:00","og_image":[{"width":1000,"height":528,"url":"https:\/\/esment.org\/blogs\/wp-content\/uploads\/2026\/04\/8acef3e6-1596-4789-8972-3e2ff7d2f916-e1777280060396.jpg","type":"image\/jpeg"}],"author":"Yolanda Tarramera","twitter_card":"summary_large_image","twitter_misc":{"Escrito por":"Yolanda Tarramera","Tiempo de lectura":"2 minutos"},"schema":{"@context":"https:\/\/schema.org","@graph":[{"@type":"Article","@id":"https:\/\/esment.org\/blogs\/esment-comparte-su-experiencia-y-refuerza-su-compromiso-con-la-ciberseguridad\/#article","isPartOf":{"@id":"https:\/\/esment.org\/blogs\/esment-comparte-su-experiencia-y-refuerza-su-compromiso-con-la-ciberseguridad\/"},"author":{"name":"Yolanda Tarramera","@id":"https:\/\/esment.org\/blogs\/#\/schema\/person\/d2af4a49059695d7ca3491e0498d6b36"},"headline":"Esment comparte su experiencia y refuerza su compromiso con la ciberseguridad","datePublished":"2026-04-27T08:54:57+00:00","mainEntityOfPage":{"@id":"https:\/\/esment.org\/blogs\/esment-comparte-su-experiencia-y-refuerza-su-compromiso-con-la-ciberseguridad\/"},"wordCount":274,"commentCount":0,"publisher":{"@id":"https:\/\/esment.org\/blogs\/#organization"},"image":{"@id":"https:\/\/esment.org\/blogs\/esment-comparte-su-experiencia-y-refuerza-su-compromiso-con-la-ciberseguridad\/#primaryimage"},"thumbnailUrl":"https:\/\/esment.org\/blogs\/wp-content\/uploads\/2026\/04\/8acef3e6-1596-4789-8972-3e2ff7d2f916-e1777280060396.jpg","inLanguage":"es","potentialAction":[{"@type":"CommentAction","name":"Comment","target":["https:\/\/esment.org\/blogs\/esment-comparte-su-experiencia-y-refuerza-su-compromiso-con-la-ciberseguridad\/#respond"]}]},{"@type":"WebPage","@id":"https:\/\/esment.org\/blogs\/esment-comparte-su-experiencia-y-refuerza-su-compromiso-con-la-ciberseguridad\/","url":"https:\/\/esment.org\/blogs\/esment-comparte-su-experiencia-y-refuerza-su-compromiso-con-la-ciberseguridad\/","name":"Esment comparte su experiencia y refuerza su compromiso con la ciberseguridad - Blog Comunidad Esment","isPartOf":{"@id":"https:\/\/esment.org\/blogs\/#website"},"primaryImageOfPage":{"@id":"https:\/\/esment.org\/blogs\/esment-comparte-su-experiencia-y-refuerza-su-compromiso-con-la-ciberseguridad\/#primaryimage"},"image":{"@id":"https:\/\/esment.org\/blogs\/esment-comparte-su-experiencia-y-refuerza-su-compromiso-con-la-ciberseguridad\/#primaryimage"},"thumbnailUrl":"https:\/\/esment.org\/blogs\/wp-content\/uploads\/2026\/04\/8acef3e6-1596-4789-8972-3e2ff7d2f916-e1777280060396.jpg","datePublished":"2026-04-27T08:54:57+00:00","breadcrumb":{"@id":"https:\/\/esment.org\/blogs\/esment-comparte-su-experiencia-y-refuerza-su-compromiso-con-la-ciberseguridad\/#breadcrumb"},"inLanguage":"es","potentialAction":[{"@type":"ReadAction","target":["https:\/\/esment.org\/blogs\/esment-comparte-su-experiencia-y-refuerza-su-compromiso-con-la-ciberseguridad\/"]}]},{"@type":"ImageObject","inLanguage":"es","@id":"https:\/\/esment.org\/blogs\/esment-comparte-su-experiencia-y-refuerza-su-compromiso-con-la-ciberseguridad\/#primaryimage","url":"https:\/\/esment.org\/blogs\/wp-content\/uploads\/2026\/04\/8acef3e6-1596-4789-8972-3e2ff7d2f916-e1777280060396.jpg","contentUrl":"https:\/\/esment.org\/blogs\/wp-content\/uploads\/2026\/04\/8acef3e6-1596-4789-8972-3e2ff7d2f916-e1777280060396.jpg","width":1000,"height":528},{"@type":"BreadcrumbList","@id":"https:\/\/esment.org\/blogs\/esment-comparte-su-experiencia-y-refuerza-su-compromiso-con-la-ciberseguridad\/#breadcrumb","itemListElement":[{"@type":"ListItem","position":1,"name":"Portada","item":"https:\/\/esment.org\/blogs\/"},{"@type":"ListItem","position":2,"name":"Esment comparte su experiencia y refuerza su compromiso con la ciberseguridad"}]},{"@type":"WebSite","@id":"https:\/\/esment.org\/blogs\/#website","url":"https:\/\/esment.org\/blogs\/","name":"Blog Comunidad Esment","description":"Blogs de Esment","publisher":{"@id":"https:\/\/esment.org\/blogs\/#organization"},"potentialAction":[{"@type":"SearchAction","target":{"@type":"EntryPoint","urlTemplate":"https:\/\/esment.org\/blogs\/?s={search_term_string}"},"query-input":{"@type":"PropertyValueSpecification","valueRequired":true,"valueName":"search_term_string"}}],"inLanguage":"es"},{"@type":"Organization","@id":"https:\/\/esment.org\/blogs\/#organization","name":"Blog Comunidad Esment","url":"https:\/\/esment.org\/blogs\/","logo":{"@type":"ImageObject","inLanguage":"es","@id":"https:\/\/esment.org\/blogs\/#\/schema\/logo\/image\/","url":"https:\/\/esment.org\/blogs\/wp-content\/uploads\/2020\/10\/logo-header.svg","contentUrl":"https:\/\/esment.org\/blogs\/wp-content\/uploads\/2020\/10\/logo-header.svg","caption":"Blog Comunidad Esment"},"image":{"@id":"https:\/\/esment.org\/blogs\/#\/schema\/logo\/image\/"}},{"@type":"Person","@id":"https:\/\/esment.org\/blogs\/#\/schema\/person\/d2af4a49059695d7ca3491e0498d6b36","name":"Yolanda Tarramera","image":{"@type":"ImageObject","inLanguage":"es","@id":"https:\/\/esment.org\/blogs\/#\/schema\/person\/image\/","url":"https:\/\/secure.gravatar.com\/avatar\/c93060ec77db68f5fefd782408bed5a5005bb0b119c5ece6cdbf5ad8631c6e5b?s=96&d=mm&r=g","contentUrl":"https:\/\/secure.gravatar.com\/avatar\/c93060ec77db68f5fefd782408bed5a5005bb0b119c5ece6cdbf5ad8631c6e5b?s=96&d=mm&r=g","caption":"Yolanda Tarramera"},"url":"https:\/\/esment.org\/blogs\/author\/yolanda-tarramera\/"}]}},"_links":{"self":[{"href":"https:\/\/esment.org\/blogs\/wp-json\/wp\/v2\/posts\/28796","targetHints":{"allow":["GET"]}}],"collection":[{"href":"https:\/\/esment.org\/blogs\/wp-json\/wp\/v2\/posts"}],"about":[{"href":"https:\/\/esment.org\/blogs\/wp-json\/wp\/v2\/types\/post"}],"author":[{"embeddable":true,"href":"https:\/\/esment.org\/blogs\/wp-json\/wp\/v2\/users\/5"}],"replies":[{"embeddable":true,"href":"https:\/\/esment.org\/blogs\/wp-json\/wp\/v2\/comments?post=28796"}],"version-history":[{"count":2,"href":"https:\/\/esment.org\/blogs\/wp-json\/wp\/v2\/posts\/28796\/revisions"}],"predecessor-version":[{"id":28800,"href":"https:\/\/esment.org\/blogs\/wp-json\/wp\/v2\/posts\/28796\/revisions\/28800"}],"wp:featuredmedia":[{"embeddable":true,"href":"https:\/\/esment.org\/blogs\/wp-json\/wp\/v2\/media\/28797"}],"wp:attachment":[{"href":"https:\/\/esment.org\/blogs\/wp-json\/wp\/v2\/media?parent=28796"}],"wp:term":[{"taxonomy":"category","embeddable":true,"href":"https:\/\/esment.org\/blogs\/wp-json\/wp\/v2\/categories?post=28796"},{"taxonomy":"post_tag","embeddable":true,"href":"https:\/\/esment.org\/blogs\/wp-json\/wp\/v2\/tags?post=28796"}],"curies":[{"name":"wp","href":"https:\/\/api.w.org\/{rel}","templated":true}]}}