{"id":28787,"date":"2026-04-21T09:11:59","date_gmt":"2026-04-21T09:11:59","guid":{"rendered":"https:\/\/esment.org\/blogs\/?p=28787"},"modified":"2026-04-21T09:12:39","modified_gmt":"2026-04-21T09:12:39","slug":"nuestro-modelo-de-formacion-dual-en-congreso-estatal-sobre-empleo-sostenibilidad-y-turismo","status":"publish","type":"post","link":"https:\/\/esment.org\/blogs\/nuestro-modelo-de-formacion-dual-en-congreso-estatal-sobre-empleo-sostenibilidad-y-turismo\/","title":{"rendered":"Nuestro modelo de Formaci\u00f3n Dual en el Congreso estatal sobre Empleo, Sostenibilidad y Turismo"},"content":{"rendered":"<section class=\"text-token-text-primary w-full focus:outline-none [--shadow-height:45px] has-data-writing-block:pointer-events-none has-data-writing-block:-mt-(--shadow-height) has-data-writing-block:pt-(--shadow-height) [&amp;:has([data-writing-block])&gt;*]:pointer-events-auto [content-visibility:auto] supports-[content-visibility:auto]:[contain-intrinsic-size:auto_100lvh] R6Vx5W_threadScrollVars scroll-mb-[calc(var(--scroll-root-safe-area-inset-bottom,0px)+var(--thread-response-height))] scroll-mt-[calc(var(--header-height)+min(200px,max(70px,20svh)))]\" dir=\"auto\" data-turn-id=\"request-WEB:dffc125d-8b11-445e-a74d-e05600752fde-3\" data-testid=\"conversation-turn-8\" data-scroll-anchor=\"false\" data-turn=\"assistant\">\n<div class=\"text-base my-auto mx-auto pb-10 [--thread-content-margin:var(--thread-content-margin-xs,calc(var(--spacing)*4))] @w-sm\/main:[--thread-content-margin:var(--thread-content-margin-sm,calc(var(--spacing)*6))] @w-lg\/main:[--thread-content-margin:var(--thread-content-margin-lg,calc(var(--spacing)*16))] px-(--thread-content-margin)\">\n<div class=\"[--thread-content-max-width:40rem] @w-lg\/main:[--thread-content-max-width:48rem] mx-auto max-w-(--thread-content-max-width) flex-1 group\/turn-messages focus-visible:outline-hidden relative flex w-full min-w-0 flex-col agent-turn\">\n<div class=\"flex max-w-full flex-col gap-4 grow\">\n<div class=\"min-h-8 text-message relative flex w-full flex-col items-end gap-2 text-start break-words whitespace-normal outline-none keyboard-focused:focus-ring [.text-message+&amp;]:mt-1\" dir=\"auto\" tabindex=\"0\" data-message-author-role=\"assistant\" data-message-id=\"be765ab7-2baf-490b-95a8-5ba71592cc78\" data-message-model-slug=\"gpt-5-3-mini\" data-turn-start-message=\"true\">\n<div class=\"flex w-full flex-col gap-1 empty:hidden\">\n<div class=\"markdown prose dark:prose-invert w-full wrap-break-word light markdown-new-styling\">\n<p data-start=\"0\" data-end=\"408\">El modelo de Formaci\u00f3n Dual impulsado por Esment Escola Professional contin\u00faa generando inter\u00e9s en el \u00e1mbito educativo y se consolida como una referencia para otros centros de formaci\u00f3n. Su metodolog\u00eda, centrada en el aprendizaje en aula y la experiencia en entornos laborales reales, la posiciona como una propuesta s\u00f3lida para dar respuesta a las nuevas necesidades del mercado laboral.<\/p>\n<p data-start=\"410\" data-end=\"766\" data-is-last-node=\"\" data-is-only-node=\"\">En este contexto, participamos en la mesa \u201cNuevas necesidades de talento: la FP Dual\u201d, en el marco del Congreso estatal sobre Empleo, Sostenibilidad y Turismo. Fue un espacio de reflexi\u00f3n compartida en el que pudimos dar a conocer nuestra experiencia y poner en valor el modelo de Formaci\u00f3n Profesional Dual que impulsamos desde Esment Escola Professional.<\/p>\n<p data-start=\"410\" data-end=\"766\" data-is-last-node=\"\" data-is-only-node=\"\">Durante la mesa, se aboradaron los principales retos a los que se enfrentan los j\u00f3venes, tales como la captaci\u00f3n y desarrolo de talento, especialmente en sectores en constante evoluci\u00f3n como el turismo. Desde Esment Escola Professional compartimos nuestra visi\u00f3n y trayectoria en la implantaci\u00f3n de este metodolog\u00eda, que combina la formaci\u00f3n en el aula con la experiencia pr\u00e1ctica en empresas. Un enfoque que no solo mejora la empleabilidad de las personas, sino que tambi\u00e9n permite a las empresas participar activamente en la formaci\u00f3n de futuros profesionales.<\/p>\n<\/div>\n<\/div>\n<\/div>\n<\/div>\n<\/div>\n<\/div>\n<\/section>\n<p data-start=\"1127\" data-end=\"1373\">\n","protected":false},"excerpt":{"rendered":"<p>El modelo de Formaci\u00f3n Dual impulsado por Esment Escola Professional contin\u00faa generando inter\u00e9s en el \u00e1mbito educativo y se consolida como una referencia para otros centros de formaci\u00f3n. Su metodolog\u00eda, centrada en el aprendizaje en aula y la experiencia en entornos laborales reales, la posiciona como una propuesta s\u00f3lida para dar respuesta a las nuevas [&hellip;]<\/p>\n","protected":false},"author":5,"featured_media":28788,"comment_status":"open","ping_status":"closed","sticky":false,"template":"","format":"standard","meta":{"_acf_changed":false,"footnotes":""},"categories":[1],"tags":[770,2387,239,2385,2386],"class_list":["post-28787","post","type-post","status-publish","format-standard","has-post-thumbnail","hentry","category-sin-categoria","tag-aprendices","tag-congreso-estatal","tag-empleo-2","tag-esment-escola-professinal","tag-fdual"],"acf":[],"yoast_head":"<!-- This site is optimized with the Yoast SEO plugin v26.4 - https:\/\/yoast.com\/wordpress\/plugins\/seo\/ -->\n<title>Nuestro modelo de Formaci\u00f3n Dual en el Congreso estatal sobre Empleo, Sostenibilidad y Turismo - Blog Comunidad Esment<\/title>\n<meta name=\"robots\" content=\"index, follow, max-snippet:-1, max-image-preview:large, max-video-preview:-1\" \/>\n<link rel=\"canonical\" href=\"https:\/\/esment.org\/blogs\/nuestro-modelo-de-formacion-dual-en-congreso-estatal-sobre-empleo-sostenibilidad-y-turismo\/\" \/>\n<meta property=\"og:locale\" content=\"es_ES\" \/>\n<meta property=\"og:type\" content=\"article\" \/>\n<meta property=\"og:title\" content=\"Nuestro modelo de Formaci\u00f3n Dual en el Congreso estatal sobre Empleo, Sostenibilidad y Turismo - Blog Comunidad Esment\" \/>\n<meta property=\"og:description\" content=\"El modelo de Formaci\u00f3n Dual impulsado por Esment Escola Professional contin\u00faa generando inter\u00e9s en el \u00e1mbito educativo y se consolida como una referencia para otros centros de formaci\u00f3n. Su metodolog\u00eda, centrada en el aprendizaje en aula y la experiencia en entornos laborales reales, la posiciona como una propuesta s\u00f3lida para dar respuesta a las nuevas [&hellip;]\" \/>\n<meta property=\"og:url\" content=\"https:\/\/esment.org\/blogs\/nuestro-modelo-de-formacion-dual-en-congreso-estatal-sobre-empleo-sostenibilidad-y-turismo\/\" \/>\n<meta property=\"og:site_name\" content=\"Blog Comunidad Esment\" \/>\n<meta property=\"article:published_time\" content=\"2026-04-21T09:11:59+00:00\" \/>\n<meta property=\"article:modified_time\" content=\"2026-04-21T09:12:39+00:00\" \/>\n<meta property=\"og:image\" content=\"https:\/\/esment.org\/blogs\/wp-content\/uploads\/2026\/04\/05d25113-22bc-4c6f-80d8-269d21bddcc4-1024x576.png\" \/>\n\t<meta property=\"og:image:width\" content=\"1024\" \/>\n\t<meta property=\"og:image:height\" content=\"576\" \/>\n\t<meta property=\"og:image:type\" content=\"image\/png\" \/>\n<meta name=\"author\" content=\"Yolanda Tarramera\" \/>\n<meta name=\"twitter:card\" content=\"summary_large_image\" \/>\n<meta name=\"twitter:label1\" content=\"Escrito por\" \/>\n\t<meta name=\"twitter:data1\" content=\"Yolanda Tarramera\" \/>\n\t<meta name=\"twitter:label2\" content=\"Tiempo de lectura\" \/>\n\t<meta name=\"twitter:data2\" content=\"2 minutos\" \/>\n<script type=\"application\/ld+json\" class=\"yoast-schema-graph\">{\"@context\":\"https:\/\/schema.org\",\"@graph\":[{\"@type\":\"Article\",\"@id\":\"https:\/\/esment.org\/blogs\/nuestro-modelo-de-formacion-dual-en-congreso-estatal-sobre-empleo-sostenibilidad-y-turismo\/#article\",\"isPartOf\":{\"@id\":\"https:\/\/esment.org\/blogs\/nuestro-modelo-de-formacion-dual-en-congreso-estatal-sobre-empleo-sostenibilidad-y-turismo\/\"},\"author\":{\"name\":\"Yolanda Tarramera\",\"@id\":\"https:\/\/esment.org\/blogs\/#\/schema\/person\/d2af4a49059695d7ca3491e0498d6b36\"},\"headline\":\"Nuestro modelo de Formaci\u00f3n Dual en el Congreso estatal sobre Empleo, Sostenibilidad y Turismo\",\"datePublished\":\"2026-04-21T09:11:59+00:00\",\"dateModified\":\"2026-04-21T09:12:39+00:00\",\"mainEntityOfPage\":{\"@id\":\"https:\/\/esment.org\/blogs\/nuestro-modelo-de-formacion-dual-en-congreso-estatal-sobre-empleo-sostenibilidad-y-turismo\/\"},\"wordCount\":234,\"commentCount\":0,\"publisher\":{\"@id\":\"https:\/\/esment.org\/blogs\/#organization\"},\"image\":{\"@id\":\"https:\/\/esment.org\/blogs\/nuestro-modelo-de-formacion-dual-en-congreso-estatal-sobre-empleo-sostenibilidad-y-turismo\/#primaryimage\"},\"thumbnailUrl\":\"https:\/\/esment.org\/blogs\/wp-content\/uploads\/2026\/04\/05d25113-22bc-4c6f-80d8-269d21bddcc4.png\",\"keywords\":[\"aprendices\",\"Congreso estatal\",\"empleo\",\"Esment Escola Professinal\",\"FDual\"],\"inLanguage\":\"es\",\"potentialAction\":[{\"@type\":\"CommentAction\",\"name\":\"Comment\",\"target\":[\"https:\/\/esment.org\/blogs\/nuestro-modelo-de-formacion-dual-en-congreso-estatal-sobre-empleo-sostenibilidad-y-turismo\/#respond\"]}]},{\"@type\":\"WebPage\",\"@id\":\"https:\/\/esment.org\/blogs\/nuestro-modelo-de-formacion-dual-en-congreso-estatal-sobre-empleo-sostenibilidad-y-turismo\/\",\"url\":\"https:\/\/esment.org\/blogs\/nuestro-modelo-de-formacion-dual-en-congreso-estatal-sobre-empleo-sostenibilidad-y-turismo\/\",\"name\":\"Nuestro modelo de Formaci\u00f3n Dual en el Congreso estatal sobre Empleo, Sostenibilidad y Turismo - Blog Comunidad Esment\",\"isPartOf\":{\"@id\":\"https:\/\/esment.org\/blogs\/#website\"},\"primaryImageOfPage\":{\"@id\":\"https:\/\/esment.org\/blogs\/nuestro-modelo-de-formacion-dual-en-congreso-estatal-sobre-empleo-sostenibilidad-y-turismo\/#primaryimage\"},\"image\":{\"@id\":\"https:\/\/esment.org\/blogs\/nuestro-modelo-de-formacion-dual-en-congreso-estatal-sobre-empleo-sostenibilidad-y-turismo\/#primaryimage\"},\"thumbnailUrl\":\"https:\/\/esment.org\/blogs\/wp-content\/uploads\/2026\/04\/05d25113-22bc-4c6f-80d8-269d21bddcc4.png\",\"datePublished\":\"2026-04-21T09:11:59+00:00\",\"dateModified\":\"2026-04-21T09:12:39+00:00\",\"breadcrumb\":{\"@id\":\"https:\/\/esment.org\/blogs\/nuestro-modelo-de-formacion-dual-en-congreso-estatal-sobre-empleo-sostenibilidad-y-turismo\/#breadcrumb\"},\"inLanguage\":\"es\",\"potentialAction\":[{\"@type\":\"ReadAction\",\"target\":[\"https:\/\/esment.org\/blogs\/nuestro-modelo-de-formacion-dual-en-congreso-estatal-sobre-empleo-sostenibilidad-y-turismo\/\"]}]},{\"@type\":\"ImageObject\",\"inLanguage\":\"es\",\"@id\":\"https:\/\/esment.org\/blogs\/nuestro-modelo-de-formacion-dual-en-congreso-estatal-sobre-empleo-sostenibilidad-y-turismo\/#primaryimage\",\"url\":\"https:\/\/esment.org\/blogs\/wp-content\/uploads\/2026\/04\/05d25113-22bc-4c6f-80d8-269d21bddcc4.png\",\"contentUrl\":\"https:\/\/esment.org\/blogs\/wp-content\/uploads\/2026\/04\/05d25113-22bc-4c6f-80d8-269d21bddcc4.png\",\"width\":1920,\"height\":1080},{\"@type\":\"BreadcrumbList\",\"@id\":\"https:\/\/esment.org\/blogs\/nuestro-modelo-de-formacion-dual-en-congreso-estatal-sobre-empleo-sostenibilidad-y-turismo\/#breadcrumb\",\"itemListElement\":[{\"@type\":\"ListItem\",\"position\":1,\"name\":\"Portada\",\"item\":\"https:\/\/esment.org\/blogs\/\"},{\"@type\":\"ListItem\",\"position\":2,\"name\":\"Nuestro modelo de Formaci\u00f3n Dual en el Congreso estatal sobre Empleo, Sostenibilidad y Turismo\"}]},{\"@type\":\"WebSite\",\"@id\":\"https:\/\/esment.org\/blogs\/#website\",\"url\":\"https:\/\/esment.org\/blogs\/\",\"name\":\"Blog Comunidad Esment\",\"description\":\"Blogs de Esment\",\"publisher\":{\"@id\":\"https:\/\/esment.org\/blogs\/#organization\"},\"potentialAction\":[{\"@type\":\"SearchAction\",\"target\":{\"@type\":\"EntryPoint\",\"urlTemplate\":\"https:\/\/esment.org\/blogs\/?s={search_term_string}\"},\"query-input\":{\"@type\":\"PropertyValueSpecification\",\"valueRequired\":true,\"valueName\":\"search_term_string\"}}],\"inLanguage\":\"es\"},{\"@type\":\"Organization\",\"@id\":\"https:\/\/esment.org\/blogs\/#organization\",\"name\":\"Blog Comunidad Esment\",\"url\":\"https:\/\/esment.org\/blogs\/\",\"logo\":{\"@type\":\"ImageObject\",\"inLanguage\":\"es\",\"@id\":\"https:\/\/esment.org\/blogs\/#\/schema\/logo\/image\/\",\"url\":\"https:\/\/esment.org\/blogs\/wp-content\/uploads\/2020\/10\/logo-header.svg\",\"contentUrl\":\"https:\/\/esment.org\/blogs\/wp-content\/uploads\/2020\/10\/logo-header.svg\",\"caption\":\"Blog Comunidad Esment\"},\"image\":{\"@id\":\"https:\/\/esment.org\/blogs\/#\/schema\/logo\/image\/\"}},{\"@type\":\"Person\",\"@id\":\"https:\/\/esment.org\/blogs\/#\/schema\/person\/d2af4a49059695d7ca3491e0498d6b36\",\"name\":\"Yolanda Tarramera\",\"image\":{\"@type\":\"ImageObject\",\"inLanguage\":\"es\",\"@id\":\"https:\/\/esment.org\/blogs\/#\/schema\/person\/image\/\",\"url\":\"https:\/\/secure.gravatar.com\/avatar\/c93060ec77db68f5fefd782408bed5a5005bb0b119c5ece6cdbf5ad8631c6e5b?s=96&d=mm&r=g\",\"contentUrl\":\"https:\/\/secure.gravatar.com\/avatar\/c93060ec77db68f5fefd782408bed5a5005bb0b119c5ece6cdbf5ad8631c6e5b?s=96&d=mm&r=g\",\"caption\":\"Yolanda Tarramera\"},\"url\":\"https:\/\/esment.org\/blogs\/author\/yolanda-tarramera\/\"}]}<\/script>\n<!-- \/ Yoast SEO plugin. -->","yoast_head_json":{"title":"Nuestro modelo de Formaci\u00f3n Dual en el Congreso estatal sobre Empleo, Sostenibilidad y Turismo - Blog Comunidad Esment","robots":{"index":"index","follow":"follow","max-snippet":"max-snippet:-1","max-image-preview":"max-image-preview:large","max-video-preview":"max-video-preview:-1"},"canonical":"https:\/\/esment.org\/blogs\/nuestro-modelo-de-formacion-dual-en-congreso-estatal-sobre-empleo-sostenibilidad-y-turismo\/","og_locale":"es_ES","og_type":"article","og_title":"Nuestro modelo de Formaci\u00f3n Dual en el Congreso estatal sobre Empleo, Sostenibilidad y Turismo - Blog Comunidad Esment","og_description":"El modelo de Formaci\u00f3n Dual impulsado por Esment Escola Professional contin\u00faa generando inter\u00e9s en el \u00e1mbito educativo y se consolida como una referencia para otros centros de formaci\u00f3n. Su metodolog\u00eda, centrada en el aprendizaje en aula y la experiencia en entornos laborales reales, la posiciona como una propuesta s\u00f3lida para dar respuesta a las nuevas [&hellip;]","og_url":"https:\/\/esment.org\/blogs\/nuestro-modelo-de-formacion-dual-en-congreso-estatal-sobre-empleo-sostenibilidad-y-turismo\/","og_site_name":"Blog Comunidad Esment","article_published_time":"2026-04-21T09:11:59+00:00","article_modified_time":"2026-04-21T09:12:39+00:00","og_image":[{"width":1024,"height":576,"url":"https:\/\/esment.org\/blogs\/wp-content\/uploads\/2026\/04\/05d25113-22bc-4c6f-80d8-269d21bddcc4-1024x576.png","type":"image\/png"}],"author":"Yolanda Tarramera","twitter_card":"summary_large_image","twitter_misc":{"Escrito por":"Yolanda Tarramera","Tiempo de lectura":"2 minutos"},"schema":{"@context":"https:\/\/schema.org","@graph":[{"@type":"Article","@id":"https:\/\/esment.org\/blogs\/nuestro-modelo-de-formacion-dual-en-congreso-estatal-sobre-empleo-sostenibilidad-y-turismo\/#article","isPartOf":{"@id":"https:\/\/esment.org\/blogs\/nuestro-modelo-de-formacion-dual-en-congreso-estatal-sobre-empleo-sostenibilidad-y-turismo\/"},"author":{"name":"Yolanda Tarramera","@id":"https:\/\/esment.org\/blogs\/#\/schema\/person\/d2af4a49059695d7ca3491e0498d6b36"},"headline":"Nuestro modelo de Formaci\u00f3n Dual en el Congreso estatal sobre Empleo, Sostenibilidad y Turismo","datePublished":"2026-04-21T09:11:59+00:00","dateModified":"2026-04-21T09:12:39+00:00","mainEntityOfPage":{"@id":"https:\/\/esment.org\/blogs\/nuestro-modelo-de-formacion-dual-en-congreso-estatal-sobre-empleo-sostenibilidad-y-turismo\/"},"wordCount":234,"commentCount":0,"publisher":{"@id":"https:\/\/esment.org\/blogs\/#organization"},"image":{"@id":"https:\/\/esment.org\/blogs\/nuestro-modelo-de-formacion-dual-en-congreso-estatal-sobre-empleo-sostenibilidad-y-turismo\/#primaryimage"},"thumbnailUrl":"https:\/\/esment.org\/blogs\/wp-content\/uploads\/2026\/04\/05d25113-22bc-4c6f-80d8-269d21bddcc4.png","keywords":["aprendices","Congreso estatal","empleo","Esment Escola Professinal","FDual"],"inLanguage":"es","potentialAction":[{"@type":"CommentAction","name":"Comment","target":["https:\/\/esment.org\/blogs\/nuestro-modelo-de-formacion-dual-en-congreso-estatal-sobre-empleo-sostenibilidad-y-turismo\/#respond"]}]},{"@type":"WebPage","@id":"https:\/\/esment.org\/blogs\/nuestro-modelo-de-formacion-dual-en-congreso-estatal-sobre-empleo-sostenibilidad-y-turismo\/","url":"https:\/\/esment.org\/blogs\/nuestro-modelo-de-formacion-dual-en-congreso-estatal-sobre-empleo-sostenibilidad-y-turismo\/","name":"Nuestro modelo de Formaci\u00f3n Dual en el Congreso estatal sobre Empleo, Sostenibilidad y Turismo - Blog Comunidad Esment","isPartOf":{"@id":"https:\/\/esment.org\/blogs\/#website"},"primaryImageOfPage":{"@id":"https:\/\/esment.org\/blogs\/nuestro-modelo-de-formacion-dual-en-congreso-estatal-sobre-empleo-sostenibilidad-y-turismo\/#primaryimage"},"image":{"@id":"https:\/\/esment.org\/blogs\/nuestro-modelo-de-formacion-dual-en-congreso-estatal-sobre-empleo-sostenibilidad-y-turismo\/#primaryimage"},"thumbnailUrl":"https:\/\/esment.org\/blogs\/wp-content\/uploads\/2026\/04\/05d25113-22bc-4c6f-80d8-269d21bddcc4.png","datePublished":"2026-04-21T09:11:59+00:00","dateModified":"2026-04-21T09:12:39+00:00","breadcrumb":{"@id":"https:\/\/esment.org\/blogs\/nuestro-modelo-de-formacion-dual-en-congreso-estatal-sobre-empleo-sostenibilidad-y-turismo\/#breadcrumb"},"inLanguage":"es","potentialAction":[{"@type":"ReadAction","target":["https:\/\/esment.org\/blogs\/nuestro-modelo-de-formacion-dual-en-congreso-estatal-sobre-empleo-sostenibilidad-y-turismo\/"]}]},{"@type":"ImageObject","inLanguage":"es","@id":"https:\/\/esment.org\/blogs\/nuestro-modelo-de-formacion-dual-en-congreso-estatal-sobre-empleo-sostenibilidad-y-turismo\/#primaryimage","url":"https:\/\/esment.org\/blogs\/wp-content\/uploads\/2026\/04\/05d25113-22bc-4c6f-80d8-269d21bddcc4.png","contentUrl":"https:\/\/esment.org\/blogs\/wp-content\/uploads\/2026\/04\/05d25113-22bc-4c6f-80d8-269d21bddcc4.png","width":1920,"height":1080},{"@type":"BreadcrumbList","@id":"https:\/\/esment.org\/blogs\/nuestro-modelo-de-formacion-dual-en-congreso-estatal-sobre-empleo-sostenibilidad-y-turismo\/#breadcrumb","itemListElement":[{"@type":"ListItem","position":1,"name":"Portada","item":"https:\/\/esment.org\/blogs\/"},{"@type":"ListItem","position":2,"name":"Nuestro modelo de Formaci\u00f3n Dual en el Congreso estatal sobre Empleo, Sostenibilidad y Turismo"}]},{"@type":"WebSite","@id":"https:\/\/esment.org\/blogs\/#website","url":"https:\/\/esment.org\/blogs\/","name":"Blog Comunidad Esment","description":"Blogs de Esment","publisher":{"@id":"https:\/\/esment.org\/blogs\/#organization"},"potentialAction":[{"@type":"SearchAction","target":{"@type":"EntryPoint","urlTemplate":"https:\/\/esment.org\/blogs\/?s={search_term_string}"},"query-input":{"@type":"PropertyValueSpecification","valueRequired":true,"valueName":"search_term_string"}}],"inLanguage":"es"},{"@type":"Organization","@id":"https:\/\/esment.org\/blogs\/#organization","name":"Blog Comunidad Esment","url":"https:\/\/esment.org\/blogs\/","logo":{"@type":"ImageObject","inLanguage":"es","@id":"https:\/\/esment.org\/blogs\/#\/schema\/logo\/image\/","url":"https:\/\/esment.org\/blogs\/wp-content\/uploads\/2020\/10\/logo-header.svg","contentUrl":"https:\/\/esment.org\/blogs\/wp-content\/uploads\/2020\/10\/logo-header.svg","caption":"Blog Comunidad Esment"},"image":{"@id":"https:\/\/esment.org\/blogs\/#\/schema\/logo\/image\/"}},{"@type":"Person","@id":"https:\/\/esment.org\/blogs\/#\/schema\/person\/d2af4a49059695d7ca3491e0498d6b36","name":"Yolanda Tarramera","image":{"@type":"ImageObject","inLanguage":"es","@id":"https:\/\/esment.org\/blogs\/#\/schema\/person\/image\/","url":"https:\/\/secure.gravatar.com\/avatar\/c93060ec77db68f5fefd782408bed5a5005bb0b119c5ece6cdbf5ad8631c6e5b?s=96&d=mm&r=g","contentUrl":"https:\/\/secure.gravatar.com\/avatar\/c93060ec77db68f5fefd782408bed5a5005bb0b119c5ece6cdbf5ad8631c6e5b?s=96&d=mm&r=g","caption":"Yolanda Tarramera"},"url":"https:\/\/esment.org\/blogs\/author\/yolanda-tarramera\/"}]}},"_links":{"self":[{"href":"https:\/\/esment.org\/blogs\/wp-json\/wp\/v2\/posts\/28787","targetHints":{"allow":["GET"]}}],"collection":[{"href":"https:\/\/esment.org\/blogs\/wp-json\/wp\/v2\/posts"}],"about":[{"href":"https:\/\/esment.org\/blogs\/wp-json\/wp\/v2\/types\/post"}],"author":[{"embeddable":true,"href":"https:\/\/esment.org\/blogs\/wp-json\/wp\/v2\/users\/5"}],"replies":[{"embeddable":true,"href":"https:\/\/esment.org\/blogs\/wp-json\/wp\/v2\/comments?post=28787"}],"version-history":[{"count":4,"href":"https:\/\/esment.org\/blogs\/wp-json\/wp\/v2\/posts\/28787\/revisions"}],"predecessor-version":[{"id":28793,"href":"https:\/\/esment.org\/blogs\/wp-json\/wp\/v2\/posts\/28787\/revisions\/28793"}],"wp:featuredmedia":[{"embeddable":true,"href":"https:\/\/esment.org\/blogs\/wp-json\/wp\/v2\/media\/28788"}],"wp:attachment":[{"href":"https:\/\/esment.org\/blogs\/wp-json\/wp\/v2\/media?parent=28787"}],"wp:term":[{"taxonomy":"category","embeddable":true,"href":"https:\/\/esment.org\/blogs\/wp-json\/wp\/v2\/categories?post=28787"},{"taxonomy":"post_tag","embeddable":true,"href":"https:\/\/esment.org\/blogs\/wp-json\/wp\/v2\/tags?post=28787"}],"curies":[{"name":"wp","href":"https:\/\/api.w.org\/{rel}","templated":true}]}}