{"id":28779,"date":"2026-04-21T08:19:23","date_gmt":"2026-04-21T08:19:23","guid":{"rendered":"https:\/\/esment.org\/blogs\/?p=28779"},"modified":"2026-04-21T09:13:50","modified_gmt":"2026-04-21T09:13:50","slug":"fundacio-prodis-terrassa-conoce-la-formacion-dual-adaptada-de-esment-escola-professional","status":"publish","type":"post","link":"https:\/\/esment.org\/blogs\/fundacio-prodis-terrassa-conoce-la-formacion-dual-adaptada-de-esment-escola-professional\/","title":{"rendered":"Fundaci\u00f3 Prodis Terrassa replica el modelo de Formaci\u00f3n Dual Adaptada de Esment Escola"},"content":{"rendered":"<p data-start=\"0\" data-end=\"260\">Esta semana el equipo de <span class=\"hover:entity-accent entity-underline inline cursor-pointer align-baseline\"><span class=\"whitespace-normal\">Esment Escola Professional<\/span><\/span> ha recibido la visita de <span class=\"hover:entity-accent entity-underline inline cursor-pointer align-baseline\"><span class=\"whitespace-normal\">Fundaci\u00f3 Prodis, de Terrassa, que ha querido <\/span><\/span>conocer de cerca nuestro modelo de Formaci\u00f3n Dual Adaptada.<\/p>\n<p data-start=\"262\" data-end=\"591\">El encuentro ha puesto el foco en la metodolog\u00eda y en c\u00f3mo se aplica en el d\u00eda a d\u00eda, combinando aprendizaje y experiencia laboral real. Pero, sobre todo, ha sido una oportunidad para compartir tiempo con los aprendices que actualmente cursan esta formaci\u00f3n, escuchar sus experiencias y entender c\u00f3mo viven su proceso formativo.<\/p>\n<p data-start=\"593\" data-end=\"1059\">Uno de los momentos clave ha sido la explicaci\u00f3n del modelo a cargo de Karim, alumno de segundo a\u00f1o de Formaci\u00f3n Dual Adaptada de Cocina, quien ha presentado el enfoque pedag\u00f3gico a partir de su propio portfolio de aprendizajes. A trav\u00e9s de su experiencia, ha explicado c\u00f3mo el \u201caprender haciendo\u201d se convierte en el eje central de la formaci\u00f3n, mostrando de manera concreta c\u00f3mo adquiere competencias en entornos reales y c\u00f3mo estas se reflejan en su evoluci\u00f3n personal y profesional.<\/p>\n<p data-start=\"1061\" data-end=\"1408\">Impulsado por Esment hace diez a\u00f1os, este modelo pionero en Espa\u00f1a sigue despertando el inter\u00e9s de entidades que buscan avanzar en formaci\u00f3n inclusiva y mejorar las oportunidades de inserci\u00f3n laboral de personas con discapacidad intelectual. Su impacto ha sido reconocido tambi\u00e9n a nivel internacional con el <a href=\"https:\/\/esment.org\/blogs\/recogemos-el-premio-internacional-qia-a-la-innovacion-educativa\/\">premio <span class=\"hover:entity-accent entity-underline inline cursor-pointer align-baseline\"><span class=\"whitespace-normal\">International Prize a la Innovaci\u00f3n Educativa<\/span><\/span>.<\/a><\/p>\n<p data-start=\"1410\" data-end=\"1646\" data-is-last-node=\"\" data-is-only-node=\"\"><img fetchpriority=\"high\" decoding=\"async\" class=\"alignnone wp-image-28783 size-full\" src=\"https:\/\/esment.org\/blogs\/wp-content\/uploads\/2026\/04\/IMG_8646-1-scaled-e1776759526511.jpeg\" alt=\"\" width=\"2368\" height=\"1323\" srcset=\"https:\/\/esment.org\/blogs\/wp-content\/uploads\/2026\/04\/IMG_8646-1-scaled-e1776759526511.jpeg 2368w, https:\/\/esment.org\/blogs\/wp-content\/uploads\/2026\/04\/IMG_8646-1-scaled-e1776759526511-300x168.jpeg 300w, https:\/\/esment.org\/blogs\/wp-content\/uploads\/2026\/04\/IMG_8646-1-scaled-e1776759526511-1024x572.jpeg 1024w, https:\/\/esment.org\/blogs\/wp-content\/uploads\/2026\/04\/IMG_8646-1-scaled-e1776759526511-768x429.jpeg 768w, https:\/\/esment.org\/blogs\/wp-content\/uploads\/2026\/04\/IMG_8646-1-scaled-e1776759526511-1536x858.jpeg 1536w, https:\/\/esment.org\/blogs\/wp-content\/uploads\/2026\/04\/IMG_8646-1-scaled-e1776759526511-2048x1144.jpeg 2048w\" sizes=\"(max-width: 2368px) 100vw, 2368px\" \/><\/p>\n","protected":false},"excerpt":{"rendered":"<p>Esta semana el equipo de Esment Escola Professional ha recibido la visita de Fundaci\u00f3 Prodis, de Terrassa, que ha querido conocer de cerca nuestro modelo de Formaci\u00f3n Dual Adaptada. El encuentro ha puesto el foco en la metodolog\u00eda y en c\u00f3mo se aplica en el d\u00eda a d\u00eda, combinando aprendizaje y experiencia laboral real. Pero, [&hellip;]<\/p>\n","protected":false},"author":5,"featured_media":28782,"comment_status":"open","ping_status":"closed","sticky":false,"template":"","format":"standard","meta":{"_acf_changed":false,"footnotes":""},"categories":[1],"tags":[],"class_list":["post-28779","post","type-post","status-publish","format-standard","has-post-thumbnail","hentry","category-sin-categoria"],"acf":[],"yoast_head":"<!-- This site is optimized with the Yoast SEO plugin v26.4 - https:\/\/yoast.com\/wordpress\/plugins\/seo\/ -->\n<title>Fundaci\u00f3 Prodis Terrassa replica el modelo de Formaci\u00f3n Dual Adaptada de Esment Escola - Blog Comunidad Esment<\/title>\n<meta name=\"robots\" content=\"index, follow, max-snippet:-1, max-image-preview:large, max-video-preview:-1\" \/>\n<link rel=\"canonical\" href=\"https:\/\/esment.org\/blogs\/fundacio-prodis-terrassa-conoce-la-formacion-dual-adaptada-de-esment-escola-professional\/\" \/>\n<meta property=\"og:locale\" content=\"es_ES\" \/>\n<meta property=\"og:type\" content=\"article\" \/>\n<meta property=\"og:title\" content=\"Fundaci\u00f3 Prodis Terrassa replica el modelo de Formaci\u00f3n Dual Adaptada de Esment Escola - Blog Comunidad Esment\" \/>\n<meta property=\"og:description\" content=\"Esta semana el equipo de Esment Escola Professional ha recibido la visita de Fundaci\u00f3 Prodis, de Terrassa, que ha querido conocer de cerca nuestro modelo de Formaci\u00f3n Dual Adaptada. El encuentro ha puesto el foco en la metodolog\u00eda y en c\u00f3mo se aplica en el d\u00eda a d\u00eda, combinando aprendizaje y experiencia laboral real. Pero, [&hellip;]\" \/>\n<meta property=\"og:url\" content=\"https:\/\/esment.org\/blogs\/fundacio-prodis-terrassa-conoce-la-formacion-dual-adaptada-de-esment-escola-professional\/\" \/>\n<meta property=\"og:site_name\" content=\"Blog Comunidad Esment\" \/>\n<meta property=\"article:published_time\" content=\"2026-04-21T08:19:23+00:00\" \/>\n<meta property=\"article:modified_time\" content=\"2026-04-21T09:13:50+00:00\" \/>\n<meta property=\"og:image\" content=\"https:\/\/esment.org\/blogs\/wp-content\/uploads\/2026\/04\/fundacio-prodis-e1776759554885.png\" \/>\n\t<meta property=\"og:image:width\" content=\"916\" \/>\n\t<meta property=\"og:image:height\" content=\"437\" \/>\n\t<meta property=\"og:image:type\" content=\"image\/png\" \/>\n<meta name=\"author\" content=\"Yolanda Tarramera\" \/>\n<meta name=\"twitter:card\" content=\"summary_large_image\" \/>\n<meta name=\"twitter:label1\" content=\"Escrito por\" \/>\n\t<meta name=\"twitter:data1\" content=\"Yolanda Tarramera\" \/>\n\t<meta name=\"twitter:label2\" content=\"Tiempo de lectura\" \/>\n\t<meta name=\"twitter:data2\" content=\"2 minutos\" \/>\n<script type=\"application\/ld+json\" class=\"yoast-schema-graph\">{\"@context\":\"https:\/\/schema.org\",\"@graph\":[{\"@type\":\"Article\",\"@id\":\"https:\/\/esment.org\/blogs\/fundacio-prodis-terrassa-conoce-la-formacion-dual-adaptada-de-esment-escola-professional\/#article\",\"isPartOf\":{\"@id\":\"https:\/\/esment.org\/blogs\/fundacio-prodis-terrassa-conoce-la-formacion-dual-adaptada-de-esment-escola-professional\/\"},\"author\":{\"name\":\"Yolanda Tarramera\",\"@id\":\"https:\/\/esment.org\/blogs\/#\/schema\/person\/d2af4a49059695d7ca3491e0498d6b36\"},\"headline\":\"Fundaci\u00f3 Prodis Terrassa replica el modelo de Formaci\u00f3n Dual Adaptada de Esment Escola\",\"datePublished\":\"2026-04-21T08:19:23+00:00\",\"dateModified\":\"2026-04-21T09:13:50+00:00\",\"mainEntityOfPage\":{\"@id\":\"https:\/\/esment.org\/blogs\/fundacio-prodis-terrassa-conoce-la-formacion-dual-adaptada-de-esment-escola-professional\/\"},\"wordCount\":253,\"commentCount\":0,\"publisher\":{\"@id\":\"https:\/\/esment.org\/blogs\/#organization\"},\"image\":{\"@id\":\"https:\/\/esment.org\/blogs\/fundacio-prodis-terrassa-conoce-la-formacion-dual-adaptada-de-esment-escola-professional\/#primaryimage\"},\"thumbnailUrl\":\"https:\/\/esment.org\/blogs\/wp-content\/uploads\/2026\/04\/fundacio-prodis-e1776759554885.png\",\"inLanguage\":\"es\",\"potentialAction\":[{\"@type\":\"CommentAction\",\"name\":\"Comment\",\"target\":[\"https:\/\/esment.org\/blogs\/fundacio-prodis-terrassa-conoce-la-formacion-dual-adaptada-de-esment-escola-professional\/#respond\"]}]},{\"@type\":\"WebPage\",\"@id\":\"https:\/\/esment.org\/blogs\/fundacio-prodis-terrassa-conoce-la-formacion-dual-adaptada-de-esment-escola-professional\/\",\"url\":\"https:\/\/esment.org\/blogs\/fundacio-prodis-terrassa-conoce-la-formacion-dual-adaptada-de-esment-escola-professional\/\",\"name\":\"Fundaci\u00f3 Prodis Terrassa replica el modelo de Formaci\u00f3n Dual Adaptada de Esment Escola - Blog Comunidad Esment\",\"isPartOf\":{\"@id\":\"https:\/\/esment.org\/blogs\/#website\"},\"primaryImageOfPage\":{\"@id\":\"https:\/\/esment.org\/blogs\/fundacio-prodis-terrassa-conoce-la-formacion-dual-adaptada-de-esment-escola-professional\/#primaryimage\"},\"image\":{\"@id\":\"https:\/\/esment.org\/blogs\/fundacio-prodis-terrassa-conoce-la-formacion-dual-adaptada-de-esment-escola-professional\/#primaryimage\"},\"thumbnailUrl\":\"https:\/\/esment.org\/blogs\/wp-content\/uploads\/2026\/04\/fundacio-prodis-e1776759554885.png\",\"datePublished\":\"2026-04-21T08:19:23+00:00\",\"dateModified\":\"2026-04-21T09:13:50+00:00\",\"breadcrumb\":{\"@id\":\"https:\/\/esment.org\/blogs\/fundacio-prodis-terrassa-conoce-la-formacion-dual-adaptada-de-esment-escola-professional\/#breadcrumb\"},\"inLanguage\":\"es\",\"potentialAction\":[{\"@type\":\"ReadAction\",\"target\":[\"https:\/\/esment.org\/blogs\/fundacio-prodis-terrassa-conoce-la-formacion-dual-adaptada-de-esment-escola-professional\/\"]}]},{\"@type\":\"ImageObject\",\"inLanguage\":\"es\",\"@id\":\"https:\/\/esment.org\/blogs\/fundacio-prodis-terrassa-conoce-la-formacion-dual-adaptada-de-esment-escola-professional\/#primaryimage\",\"url\":\"https:\/\/esment.org\/blogs\/wp-content\/uploads\/2026\/04\/fundacio-prodis-e1776759554885.png\",\"contentUrl\":\"https:\/\/esment.org\/blogs\/wp-content\/uploads\/2026\/04\/fundacio-prodis-e1776759554885.png\",\"width\":916,\"height\":437},{\"@type\":\"BreadcrumbList\",\"@id\":\"https:\/\/esment.org\/blogs\/fundacio-prodis-terrassa-conoce-la-formacion-dual-adaptada-de-esment-escola-professional\/#breadcrumb\",\"itemListElement\":[{\"@type\":\"ListItem\",\"position\":1,\"name\":\"Portada\",\"item\":\"https:\/\/esment.org\/blogs\/\"},{\"@type\":\"ListItem\",\"position\":2,\"name\":\"Fundaci\u00f3 Prodis Terrassa replica el modelo de Formaci\u00f3n Dual Adaptada de Esment Escola\"}]},{\"@type\":\"WebSite\",\"@id\":\"https:\/\/esment.org\/blogs\/#website\",\"url\":\"https:\/\/esment.org\/blogs\/\",\"name\":\"Blog Comunidad Esment\",\"description\":\"Blogs de Esment\",\"publisher\":{\"@id\":\"https:\/\/esment.org\/blogs\/#organization\"},\"potentialAction\":[{\"@type\":\"SearchAction\",\"target\":{\"@type\":\"EntryPoint\",\"urlTemplate\":\"https:\/\/esment.org\/blogs\/?s={search_term_string}\"},\"query-input\":{\"@type\":\"PropertyValueSpecification\",\"valueRequired\":true,\"valueName\":\"search_term_string\"}}],\"inLanguage\":\"es\"},{\"@type\":\"Organization\",\"@id\":\"https:\/\/esment.org\/blogs\/#organization\",\"name\":\"Blog Comunidad Esment\",\"url\":\"https:\/\/esment.org\/blogs\/\",\"logo\":{\"@type\":\"ImageObject\",\"inLanguage\":\"es\",\"@id\":\"https:\/\/esment.org\/blogs\/#\/schema\/logo\/image\/\",\"url\":\"https:\/\/esment.org\/blogs\/wp-content\/uploads\/2020\/10\/logo-header.svg\",\"contentUrl\":\"https:\/\/esment.org\/blogs\/wp-content\/uploads\/2020\/10\/logo-header.svg\",\"caption\":\"Blog Comunidad Esment\"},\"image\":{\"@id\":\"https:\/\/esment.org\/blogs\/#\/schema\/logo\/image\/\"}},{\"@type\":\"Person\",\"@id\":\"https:\/\/esment.org\/blogs\/#\/schema\/person\/d2af4a49059695d7ca3491e0498d6b36\",\"name\":\"Yolanda Tarramera\",\"image\":{\"@type\":\"ImageObject\",\"inLanguage\":\"es\",\"@id\":\"https:\/\/esment.org\/blogs\/#\/schema\/person\/image\/\",\"url\":\"https:\/\/secure.gravatar.com\/avatar\/c93060ec77db68f5fefd782408bed5a5005bb0b119c5ece6cdbf5ad8631c6e5b?s=96&d=mm&r=g\",\"contentUrl\":\"https:\/\/secure.gravatar.com\/avatar\/c93060ec77db68f5fefd782408bed5a5005bb0b119c5ece6cdbf5ad8631c6e5b?s=96&d=mm&r=g\",\"caption\":\"Yolanda Tarramera\"},\"url\":\"https:\/\/esment.org\/blogs\/author\/yolanda-tarramera\/\"}]}<\/script>\n<!-- \/ Yoast SEO plugin. -->","yoast_head_json":{"title":"Fundaci\u00f3 Prodis Terrassa replica el modelo de Formaci\u00f3n Dual Adaptada de Esment Escola - Blog Comunidad Esment","robots":{"index":"index","follow":"follow","max-snippet":"max-snippet:-1","max-image-preview":"max-image-preview:large","max-video-preview":"max-video-preview:-1"},"canonical":"https:\/\/esment.org\/blogs\/fundacio-prodis-terrassa-conoce-la-formacion-dual-adaptada-de-esment-escola-professional\/","og_locale":"es_ES","og_type":"article","og_title":"Fundaci\u00f3 Prodis Terrassa replica el modelo de Formaci\u00f3n Dual Adaptada de Esment Escola - Blog Comunidad Esment","og_description":"Esta semana el equipo de Esment Escola Professional ha recibido la visita de Fundaci\u00f3 Prodis, de Terrassa, que ha querido conocer de cerca nuestro modelo de Formaci\u00f3n Dual Adaptada. El encuentro ha puesto el foco en la metodolog\u00eda y en c\u00f3mo se aplica en el d\u00eda a d\u00eda, combinando aprendizaje y experiencia laboral real. Pero, [&hellip;]","og_url":"https:\/\/esment.org\/blogs\/fundacio-prodis-terrassa-conoce-la-formacion-dual-adaptada-de-esment-escola-professional\/","og_site_name":"Blog Comunidad Esment","article_published_time":"2026-04-21T08:19:23+00:00","article_modified_time":"2026-04-21T09:13:50+00:00","og_image":[{"width":916,"height":437,"url":"https:\/\/esment.org\/blogs\/wp-content\/uploads\/2026\/04\/fundacio-prodis-e1776759554885.png","type":"image\/png"}],"author":"Yolanda Tarramera","twitter_card":"summary_large_image","twitter_misc":{"Escrito por":"Yolanda Tarramera","Tiempo de lectura":"2 minutos"},"schema":{"@context":"https:\/\/schema.org","@graph":[{"@type":"Article","@id":"https:\/\/esment.org\/blogs\/fundacio-prodis-terrassa-conoce-la-formacion-dual-adaptada-de-esment-escola-professional\/#article","isPartOf":{"@id":"https:\/\/esment.org\/blogs\/fundacio-prodis-terrassa-conoce-la-formacion-dual-adaptada-de-esment-escola-professional\/"},"author":{"name":"Yolanda Tarramera","@id":"https:\/\/esment.org\/blogs\/#\/schema\/person\/d2af4a49059695d7ca3491e0498d6b36"},"headline":"Fundaci\u00f3 Prodis Terrassa replica el modelo de Formaci\u00f3n Dual Adaptada de Esment Escola","datePublished":"2026-04-21T08:19:23+00:00","dateModified":"2026-04-21T09:13:50+00:00","mainEntityOfPage":{"@id":"https:\/\/esment.org\/blogs\/fundacio-prodis-terrassa-conoce-la-formacion-dual-adaptada-de-esment-escola-professional\/"},"wordCount":253,"commentCount":0,"publisher":{"@id":"https:\/\/esment.org\/blogs\/#organization"},"image":{"@id":"https:\/\/esment.org\/blogs\/fundacio-prodis-terrassa-conoce-la-formacion-dual-adaptada-de-esment-escola-professional\/#primaryimage"},"thumbnailUrl":"https:\/\/esment.org\/blogs\/wp-content\/uploads\/2026\/04\/fundacio-prodis-e1776759554885.png","inLanguage":"es","potentialAction":[{"@type":"CommentAction","name":"Comment","target":["https:\/\/esment.org\/blogs\/fundacio-prodis-terrassa-conoce-la-formacion-dual-adaptada-de-esment-escola-professional\/#respond"]}]},{"@type":"WebPage","@id":"https:\/\/esment.org\/blogs\/fundacio-prodis-terrassa-conoce-la-formacion-dual-adaptada-de-esment-escola-professional\/","url":"https:\/\/esment.org\/blogs\/fundacio-prodis-terrassa-conoce-la-formacion-dual-adaptada-de-esment-escola-professional\/","name":"Fundaci\u00f3 Prodis Terrassa replica el modelo de Formaci\u00f3n Dual Adaptada de Esment Escola - Blog Comunidad Esment","isPartOf":{"@id":"https:\/\/esment.org\/blogs\/#website"},"primaryImageOfPage":{"@id":"https:\/\/esment.org\/blogs\/fundacio-prodis-terrassa-conoce-la-formacion-dual-adaptada-de-esment-escola-professional\/#primaryimage"},"image":{"@id":"https:\/\/esment.org\/blogs\/fundacio-prodis-terrassa-conoce-la-formacion-dual-adaptada-de-esment-escola-professional\/#primaryimage"},"thumbnailUrl":"https:\/\/esment.org\/blogs\/wp-content\/uploads\/2026\/04\/fundacio-prodis-e1776759554885.png","datePublished":"2026-04-21T08:19:23+00:00","dateModified":"2026-04-21T09:13:50+00:00","breadcrumb":{"@id":"https:\/\/esment.org\/blogs\/fundacio-prodis-terrassa-conoce-la-formacion-dual-adaptada-de-esment-escola-professional\/#breadcrumb"},"inLanguage":"es","potentialAction":[{"@type":"ReadAction","target":["https:\/\/esment.org\/blogs\/fundacio-prodis-terrassa-conoce-la-formacion-dual-adaptada-de-esment-escola-professional\/"]}]},{"@type":"ImageObject","inLanguage":"es","@id":"https:\/\/esment.org\/blogs\/fundacio-prodis-terrassa-conoce-la-formacion-dual-adaptada-de-esment-escola-professional\/#primaryimage","url":"https:\/\/esment.org\/blogs\/wp-content\/uploads\/2026\/04\/fundacio-prodis-e1776759554885.png","contentUrl":"https:\/\/esment.org\/blogs\/wp-content\/uploads\/2026\/04\/fundacio-prodis-e1776759554885.png","width":916,"height":437},{"@type":"BreadcrumbList","@id":"https:\/\/esment.org\/blogs\/fundacio-prodis-terrassa-conoce-la-formacion-dual-adaptada-de-esment-escola-professional\/#breadcrumb","itemListElement":[{"@type":"ListItem","position":1,"name":"Portada","item":"https:\/\/esment.org\/blogs\/"},{"@type":"ListItem","position":2,"name":"Fundaci\u00f3 Prodis Terrassa replica el modelo de Formaci\u00f3n Dual Adaptada de Esment Escola"}]},{"@type":"WebSite","@id":"https:\/\/esment.org\/blogs\/#website","url":"https:\/\/esment.org\/blogs\/","name":"Blog Comunidad Esment","description":"Blogs de Esment","publisher":{"@id":"https:\/\/esment.org\/blogs\/#organization"},"potentialAction":[{"@type":"SearchAction","target":{"@type":"EntryPoint","urlTemplate":"https:\/\/esment.org\/blogs\/?s={search_term_string}"},"query-input":{"@type":"PropertyValueSpecification","valueRequired":true,"valueName":"search_term_string"}}],"inLanguage":"es"},{"@type":"Organization","@id":"https:\/\/esment.org\/blogs\/#organization","name":"Blog Comunidad Esment","url":"https:\/\/esment.org\/blogs\/","logo":{"@type":"ImageObject","inLanguage":"es","@id":"https:\/\/esment.org\/blogs\/#\/schema\/logo\/image\/","url":"https:\/\/esment.org\/blogs\/wp-content\/uploads\/2020\/10\/logo-header.svg","contentUrl":"https:\/\/esment.org\/blogs\/wp-content\/uploads\/2020\/10\/logo-header.svg","caption":"Blog Comunidad Esment"},"image":{"@id":"https:\/\/esment.org\/blogs\/#\/schema\/logo\/image\/"}},{"@type":"Person","@id":"https:\/\/esment.org\/blogs\/#\/schema\/person\/d2af4a49059695d7ca3491e0498d6b36","name":"Yolanda Tarramera","image":{"@type":"ImageObject","inLanguage":"es","@id":"https:\/\/esment.org\/blogs\/#\/schema\/person\/image\/","url":"https:\/\/secure.gravatar.com\/avatar\/c93060ec77db68f5fefd782408bed5a5005bb0b119c5ece6cdbf5ad8631c6e5b?s=96&d=mm&r=g","contentUrl":"https:\/\/secure.gravatar.com\/avatar\/c93060ec77db68f5fefd782408bed5a5005bb0b119c5ece6cdbf5ad8631c6e5b?s=96&d=mm&r=g","caption":"Yolanda Tarramera"},"url":"https:\/\/esment.org\/blogs\/author\/yolanda-tarramera\/"}]}},"_links":{"self":[{"href":"https:\/\/esment.org\/blogs\/wp-json\/wp\/v2\/posts\/28779","targetHints":{"allow":["GET"]}}],"collection":[{"href":"https:\/\/esment.org\/blogs\/wp-json\/wp\/v2\/posts"}],"about":[{"href":"https:\/\/esment.org\/blogs\/wp-json\/wp\/v2\/types\/post"}],"author":[{"embeddable":true,"href":"https:\/\/esment.org\/blogs\/wp-json\/wp\/v2\/users\/5"}],"replies":[{"embeddable":true,"href":"https:\/\/esment.org\/blogs\/wp-json\/wp\/v2\/comments?post=28779"}],"version-history":[{"count":4,"href":"https:\/\/esment.org\/blogs\/wp-json\/wp\/v2\/posts\/28779\/revisions"}],"predecessor-version":[{"id":28795,"href":"https:\/\/esment.org\/blogs\/wp-json\/wp\/v2\/posts\/28779\/revisions\/28795"}],"wp:featuredmedia":[{"embeddable":true,"href":"https:\/\/esment.org\/blogs\/wp-json\/wp\/v2\/media\/28782"}],"wp:attachment":[{"href":"https:\/\/esment.org\/blogs\/wp-json\/wp\/v2\/media?parent=28779"}],"wp:term":[{"taxonomy":"category","embeddable":true,"href":"https:\/\/esment.org\/blogs\/wp-json\/wp\/v2\/categories?post=28779"},{"taxonomy":"post_tag","embeddable":true,"href":"https:\/\/esment.org\/blogs\/wp-json\/wp\/v2\/tags?post=28779"}],"curies":[{"name":"wp","href":"https:\/\/api.w.org\/{rel}","templated":true}]}}