{"id":28714,"date":"2026-03-31T09:55:43","date_gmt":"2026-03-31T09:55:43","guid":{"rendered":"https:\/\/esment.org\/blogs\/?p=28714"},"modified":"2026-03-31T10:48:45","modified_gmt":"2026-03-31T10:48:45","slug":"soib-servei-dorientacio-per-a-locupacio-per-a-persones-amb-discapacitat-fisica","status":"publish","type":"post","link":"https:\/\/esment.org\/blogs\/soib-servei-dorientacio-per-a-locupacio-per-a-persones-amb-discapacitat-fisica\/","title":{"rendered":"SOIB Servei d\u00b4Orientaci\u00f3 per a l\u00b4Ocupaci\u00f3 per a persones amb discapacitat f\u00edsica"},"content":{"rendered":"<p>SOIB SERVEI D\u2019ORIENTACI\u00d3 PER A L\u2019OCUPACI\u00d3 PER A PERSONES AMB DISCAPACITAT F\u00cdSICA<\/p>\n<p>A trav\u00e9s del Servei d\u2019Orientaci\u00f3 per a l\u2019Ocupaci\u00f3 (SOO) per al col\u00b7lectiu de persones amb discapacitat f\u00edsica i amb dificultats especials d\u2019inserci\u00f3 laboral, Esment ofereix un servei d\u2019orientaci\u00f3 dirigit a persones amb discapacitat f\u00edsica per a afavorir la seva inserci\u00f3 sociolaboral.<br \/>\nL\u2019objectiu principal d\u2019aquest servei \u00e9s facilitar la seva incorporaci\u00f3 al mercat laboral, fomentar les seves capacitats, i ocupabilitat mitjan\u00e7ant el model d\u2019intervenci\u00f3 d\u2019Esment basat en l\u2019atenci\u00f3 individual a la persona, i la metodologia de treball amb suport. El servei inclou el disseny d\u2019un itinerari<br \/>\nindividualitzat, aix\u00ed com un acompanyament continu que s\u2019inicia el primer dia i es mant\u00e9 durant tota la seva etapa laboral.<br \/>\nLes accions d\u2019aquest servei estan emmarcades al programa SOIB Concertaci\u00f3 Servei d\u2019Orientaci\u00f3 per a l\u2019Ocupaci\u00f3 ha estat promogut pel SOIB i ha comptat amb el cofinan\u00e7ament de la Uni\u00f3 Europea (FSE+). La inversi\u00f3 anual per al servei \u00e9s de 278.356,05 \u20ac, des de l\u20191\/03\/2026 fins al 28\/02\/2027, amb un total de 105 places concertades.<\/p>\n<p>\\\\<\/p>\n<p>SOIB SERVICIO DE ORIENTACI\u00d3N PARA EL EMPLEO PARA PERSONAS CON DISCAPACIDAD F\u00cdSICA<\/p>\n<p>A trav\u00e9s del Servicio de Orientaci\u00f3n para el Empleo (SOO) para el colectivo de personas con discapacidad f\u00edsica y con dificultades especiales de inserci\u00f3n laboral, Menci\u00f3n ofrece un servicio de orientaci\u00f3n dirigido a personas con discapacidad f\u00edsica para favorecer su inserci\u00f3n sociolaboral.<br \/>\nEl objetivo principal de este servicio es facilitar su incorporaci\u00f3n al mercado laboral, fomentar sus capacidades, y empleabilidad mediante el modelo de intervenci\u00f3n de Menci\u00f3n basado en la atenci\u00f3n individual a la persona, y la metodolog\u00eda de trabajo con apoyo. El servicio incluye el dise\u00f1o de un itinerario individualizado, as\u00ed como un continuo acompa\u00f1amiento que se inicia el primer d\u00eda y se mantiene durante toda su etapa laboral.<br \/>\nLas acciones de este servicio est\u00e1n enmarcadas en el programa SOIB Concertaci\u00f3n Servicio de Orientaci\u00f3n para el Empleo ha sido promovido por el SOIB y ha contado con la cofinanciaci\u00f3n de la Uni\u00f3n Europea (FSE+). La inversi\u00f3n anual para el servicio es de 278.356,05\u20ac, desde el 1\/03\/2026 hasta el 28\/02\/2027, con un total de 105 plazas concertadas.<\/p>\n<p><img fetchpriority=\"high\" decoding=\"async\" class=\"alignnone wp-image-28715 size-full\" src=\"https:\/\/esment.org\/blogs\/wp-content\/uploads\/2026\/03\/NOU-Cintillo-logotips-SOIB-Concertacio-3er-sector-SOO-Vulnerables-1-3-1-1.png\" alt=\"\" width=\"1937\" height=\"213\" srcset=\"https:\/\/esment.org\/blogs\/wp-content\/uploads\/2026\/03\/NOU-Cintillo-logotips-SOIB-Concertacio-3er-sector-SOO-Vulnerables-1-3-1-1.png 1937w, https:\/\/esment.org\/blogs\/wp-content\/uploads\/2026\/03\/NOU-Cintillo-logotips-SOIB-Concertacio-3er-sector-SOO-Vulnerables-1-3-1-1-300x33.png 300w, https:\/\/esment.org\/blogs\/wp-content\/uploads\/2026\/03\/NOU-Cintillo-logotips-SOIB-Concertacio-3er-sector-SOO-Vulnerables-1-3-1-1-1024x113.png 1024w, https:\/\/esment.org\/blogs\/wp-content\/uploads\/2026\/03\/NOU-Cintillo-logotips-SOIB-Concertacio-3er-sector-SOO-Vulnerables-1-3-1-1-768x84.png 768w, https:\/\/esment.org\/blogs\/wp-content\/uploads\/2026\/03\/NOU-Cintillo-logotips-SOIB-Concertacio-3er-sector-SOO-Vulnerables-1-3-1-1-1536x169.png 1536w\" sizes=\"(max-width: 1937px) 100vw, 1937px\" \/><\/p>\n","protected":false},"excerpt":{"rendered":"<p>SOIB SERVEI D\u2019ORIENTACI\u00d3 PER A L\u2019OCUPACI\u00d3 PER A PERSONES AMB DISCAPACITAT F\u00cdSICA A trav\u00e9s del Servei d\u2019Orientaci\u00f3 per a l\u2019Ocupaci\u00f3 (SOO) per al col\u00b7lectiu de persones amb discapacitat f\u00edsica i amb dificultats especials d\u2019inserci\u00f3 laboral, Esment ofereix un servei d\u2019orientaci\u00f3 dirigit a persones amb discapacitat f\u00edsica per a afavorir la seva inserci\u00f3 sociolaboral. L\u2019objectiu principal [&hellip;]<\/p>\n","protected":false},"author":2,"featured_media":28716,"comment_status":"open","ping_status":"closed","sticky":false,"template":"","format":"standard","meta":{"_acf_changed":false,"footnotes":""},"categories":[1819],"tags":[],"class_list":["post-28714","post","type-post","status-publish","format-standard","has-post-thumbnail","hentry","category-servicio-orientacion-profesional-personas-con-discapacidad-fisica"],"acf":[],"yoast_head":"<!-- This site is optimized with the Yoast SEO plugin v26.4 - https:\/\/yoast.com\/wordpress\/plugins\/seo\/ -->\n<title>SOIB Servei d\u00b4Orientaci\u00f3 per a l\u00b4Ocupaci\u00f3 per a persones amb discapacitat f\u00edsica - Blog Comunidad Esment<\/title>\n<meta name=\"robots\" content=\"index, follow, max-snippet:-1, max-image-preview:large, max-video-preview:-1\" \/>\n<link rel=\"canonical\" href=\"https:\/\/esment.org\/blogs\/soib-servei-dorientacio-per-a-locupacio-per-a-persones-amb-discapacitat-fisica\/\" \/>\n<meta property=\"og:locale\" content=\"es_ES\" \/>\n<meta property=\"og:type\" content=\"article\" \/>\n<meta property=\"og:title\" content=\"SOIB Servei d\u00b4Orientaci\u00f3 per a l\u00b4Ocupaci\u00f3 per a persones amb discapacitat f\u00edsica - Blog Comunidad Esment\" \/>\n<meta property=\"og:description\" content=\"SOIB SERVEI D\u2019ORIENTACI\u00d3 PER A L\u2019OCUPACI\u00d3 PER A PERSONES AMB DISCAPACITAT F\u00cdSICA A trav\u00e9s del Servei d\u2019Orientaci\u00f3 per a l\u2019Ocupaci\u00f3 (SOO) per al col\u00b7lectiu de persones amb discapacitat f\u00edsica i amb dificultats especials d\u2019inserci\u00f3 laboral, Esment ofereix un servei d\u2019orientaci\u00f3 dirigit a persones amb discapacitat f\u00edsica per a afavorir la seva inserci\u00f3 sociolaboral. L\u2019objectiu principal [&hellip;]\" \/>\n<meta property=\"og:url\" content=\"https:\/\/esment.org\/blogs\/soib-servei-dorientacio-per-a-locupacio-per-a-persones-amb-discapacitat-fisica\/\" \/>\n<meta property=\"og:site_name\" content=\"Blog Comunidad Esment\" \/>\n<meta property=\"article:published_time\" content=\"2026-03-31T09:55:43+00:00\" \/>\n<meta property=\"article:modified_time\" content=\"2026-03-31T10:48:45+00:00\" \/>\n<meta property=\"og:image\" content=\"https:\/\/esment.org\/blogs\/wp-content\/uploads\/2026\/03\/P1010898-scaled.jpg\" \/>\n\t<meta property=\"og:image:width\" content=\"2560\" \/>\n\t<meta property=\"og:image:height\" content=\"1707\" \/>\n\t<meta property=\"og:image:type\" content=\"image\/jpeg\" \/>\n<meta name=\"author\" content=\"Comunicaci\u00f3\" \/>\n<meta name=\"twitter:card\" content=\"summary_large_image\" \/>\n<meta name=\"twitter:label1\" content=\"Escrito por\" \/>\n\t<meta name=\"twitter:data1\" content=\"Comunicaci\u00f3\" \/>\n\t<meta name=\"twitter:label2\" content=\"Tiempo de lectura\" \/>\n\t<meta name=\"twitter:data2\" content=\"3 minutos\" \/>\n<script type=\"application\/ld+json\" class=\"yoast-schema-graph\">{\"@context\":\"https:\/\/schema.org\",\"@graph\":[{\"@type\":\"Article\",\"@id\":\"https:\/\/esment.org\/blogs\/soib-servei-dorientacio-per-a-locupacio-per-a-persones-amb-discapacitat-fisica\/#article\",\"isPartOf\":{\"@id\":\"https:\/\/esment.org\/blogs\/soib-servei-dorientacio-per-a-locupacio-per-a-persones-amb-discapacitat-fisica\/\"},\"author\":{\"name\":\"Comunicaci\u00f3\",\"@id\":\"https:\/\/esment.org\/blogs\/#\/schema\/person\/b81c725135ae4d5748a15f5f91986b27\"},\"headline\":\"SOIB Servei d\u00b4Orientaci\u00f3 per a l\u00b4Ocupaci\u00f3 per a persones amb discapacitat f\u00edsica\",\"datePublished\":\"2026-03-31T09:55:43+00:00\",\"dateModified\":\"2026-03-31T10:48:45+00:00\",\"mainEntityOfPage\":{\"@id\":\"https:\/\/esment.org\/blogs\/soib-servei-dorientacio-per-a-locupacio-per-a-persones-amb-discapacitat-fisica\/\"},\"wordCount\":404,\"commentCount\":0,\"publisher\":{\"@id\":\"https:\/\/esment.org\/blogs\/#organization\"},\"image\":{\"@id\":\"https:\/\/esment.org\/blogs\/soib-servei-dorientacio-per-a-locupacio-per-a-persones-amb-discapacitat-fisica\/#primaryimage\"},\"thumbnailUrl\":\"https:\/\/esment.org\/blogs\/wp-content\/uploads\/2026\/03\/P1010898-scaled.jpg\",\"articleSection\":[\"SOIB SERVICIO DE ORIENTACI\u00d3N PARA LA OCUPACI\u00d3N PARA PERSONAS CON DISCAPACIDAD F\u00cdSICA\"],\"inLanguage\":\"es\",\"potentialAction\":[{\"@type\":\"CommentAction\",\"name\":\"Comment\",\"target\":[\"https:\/\/esment.org\/blogs\/soib-servei-dorientacio-per-a-locupacio-per-a-persones-amb-discapacitat-fisica\/#respond\"]}]},{\"@type\":\"WebPage\",\"@id\":\"https:\/\/esment.org\/blogs\/soib-servei-dorientacio-per-a-locupacio-per-a-persones-amb-discapacitat-fisica\/\",\"url\":\"https:\/\/esment.org\/blogs\/soib-servei-dorientacio-per-a-locupacio-per-a-persones-amb-discapacitat-fisica\/\",\"name\":\"SOIB Servei d\u00b4Orientaci\u00f3 per a l\u00b4Ocupaci\u00f3 per a persones amb discapacitat f\u00edsica - Blog Comunidad Esment\",\"isPartOf\":{\"@id\":\"https:\/\/esment.org\/blogs\/#website\"},\"primaryImageOfPage\":{\"@id\":\"https:\/\/esment.org\/blogs\/soib-servei-dorientacio-per-a-locupacio-per-a-persones-amb-discapacitat-fisica\/#primaryimage\"},\"image\":{\"@id\":\"https:\/\/esment.org\/blogs\/soib-servei-dorientacio-per-a-locupacio-per-a-persones-amb-discapacitat-fisica\/#primaryimage\"},\"thumbnailUrl\":\"https:\/\/esment.org\/blogs\/wp-content\/uploads\/2026\/03\/P1010898-scaled.jpg\",\"datePublished\":\"2026-03-31T09:55:43+00:00\",\"dateModified\":\"2026-03-31T10:48:45+00:00\",\"breadcrumb\":{\"@id\":\"https:\/\/esment.org\/blogs\/soib-servei-dorientacio-per-a-locupacio-per-a-persones-amb-discapacitat-fisica\/#breadcrumb\"},\"inLanguage\":\"es\",\"potentialAction\":[{\"@type\":\"ReadAction\",\"target\":[\"https:\/\/esment.org\/blogs\/soib-servei-dorientacio-per-a-locupacio-per-a-persones-amb-discapacitat-fisica\/\"]}]},{\"@type\":\"ImageObject\",\"inLanguage\":\"es\",\"@id\":\"https:\/\/esment.org\/blogs\/soib-servei-dorientacio-per-a-locupacio-per-a-persones-amb-discapacitat-fisica\/#primaryimage\",\"url\":\"https:\/\/esment.org\/blogs\/wp-content\/uploads\/2026\/03\/P1010898-scaled.jpg\",\"contentUrl\":\"https:\/\/esment.org\/blogs\/wp-content\/uploads\/2026\/03\/P1010898-scaled.jpg\",\"width\":2560,\"height\":1707},{\"@type\":\"BreadcrumbList\",\"@id\":\"https:\/\/esment.org\/blogs\/soib-servei-dorientacio-per-a-locupacio-per-a-persones-amb-discapacitat-fisica\/#breadcrumb\",\"itemListElement\":[{\"@type\":\"ListItem\",\"position\":1,\"name\":\"Portada\",\"item\":\"https:\/\/esment.org\/blogs\/\"},{\"@type\":\"ListItem\",\"position\":2,\"name\":\"SOIB Servei d\u00b4Orientaci\u00f3 per a l\u00b4Ocupaci\u00f3 per a persones amb discapacitat f\u00edsica\"}]},{\"@type\":\"WebSite\",\"@id\":\"https:\/\/esment.org\/blogs\/#website\",\"url\":\"https:\/\/esment.org\/blogs\/\",\"name\":\"Blog Comunidad Esment\",\"description\":\"Blogs de Esment\",\"publisher\":{\"@id\":\"https:\/\/esment.org\/blogs\/#organization\"},\"potentialAction\":[{\"@type\":\"SearchAction\",\"target\":{\"@type\":\"EntryPoint\",\"urlTemplate\":\"https:\/\/esment.org\/blogs\/?s={search_term_string}\"},\"query-input\":{\"@type\":\"PropertyValueSpecification\",\"valueRequired\":true,\"valueName\":\"search_term_string\"}}],\"inLanguage\":\"es\"},{\"@type\":\"Organization\",\"@id\":\"https:\/\/esment.org\/blogs\/#organization\",\"name\":\"Blog Comunidad Esment\",\"url\":\"https:\/\/esment.org\/blogs\/\",\"logo\":{\"@type\":\"ImageObject\",\"inLanguage\":\"es\",\"@id\":\"https:\/\/esment.org\/blogs\/#\/schema\/logo\/image\/\",\"url\":\"https:\/\/esment.org\/blogs\/wp-content\/uploads\/2020\/10\/logo-header.svg\",\"contentUrl\":\"https:\/\/esment.org\/blogs\/wp-content\/uploads\/2020\/10\/logo-header.svg\",\"caption\":\"Blog Comunidad Esment\"},\"image\":{\"@id\":\"https:\/\/esment.org\/blogs\/#\/schema\/logo\/image\/\"}},{\"@type\":\"Person\",\"@id\":\"https:\/\/esment.org\/blogs\/#\/schema\/person\/b81c725135ae4d5748a15f5f91986b27\",\"name\":\"Comunicaci\u00f3\",\"image\":{\"@type\":\"ImageObject\",\"inLanguage\":\"es\",\"@id\":\"https:\/\/esment.org\/blogs\/#\/schema\/person\/image\/\",\"url\":\"https:\/\/secure.gravatar.com\/avatar\/88ab8e6ed41c613b22dace6ca23675795f15dc49d30afd5c6feee6c1cc4d0194?s=96&d=mm&r=g\",\"contentUrl\":\"https:\/\/secure.gravatar.com\/avatar\/88ab8e6ed41c613b22dace6ca23675795f15dc49d30afd5c6feee6c1cc4d0194?s=96&d=mm&r=g\",\"caption\":\"Comunicaci\u00f3\"},\"url\":\"https:\/\/esment.org\/blogs\/author\/alicciagarcia\/\"}]}<\/script>\n<!-- \/ Yoast SEO plugin. -->","yoast_head_json":{"title":"SOIB Servei d\u00b4Orientaci\u00f3 per a l\u00b4Ocupaci\u00f3 per a persones amb discapacitat f\u00edsica - Blog Comunidad Esment","robots":{"index":"index","follow":"follow","max-snippet":"max-snippet:-1","max-image-preview":"max-image-preview:large","max-video-preview":"max-video-preview:-1"},"canonical":"https:\/\/esment.org\/blogs\/soib-servei-dorientacio-per-a-locupacio-per-a-persones-amb-discapacitat-fisica\/","og_locale":"es_ES","og_type":"article","og_title":"SOIB Servei d\u00b4Orientaci\u00f3 per a l\u00b4Ocupaci\u00f3 per a persones amb discapacitat f\u00edsica - Blog Comunidad Esment","og_description":"SOIB SERVEI D\u2019ORIENTACI\u00d3 PER A L\u2019OCUPACI\u00d3 PER A PERSONES AMB DISCAPACITAT F\u00cdSICA A trav\u00e9s del Servei d\u2019Orientaci\u00f3 per a l\u2019Ocupaci\u00f3 (SOO) per al col\u00b7lectiu de persones amb discapacitat f\u00edsica i amb dificultats especials d\u2019inserci\u00f3 laboral, Esment ofereix un servei d\u2019orientaci\u00f3 dirigit a persones amb discapacitat f\u00edsica per a afavorir la seva inserci\u00f3 sociolaboral. L\u2019objectiu principal [&hellip;]","og_url":"https:\/\/esment.org\/blogs\/soib-servei-dorientacio-per-a-locupacio-per-a-persones-amb-discapacitat-fisica\/","og_site_name":"Blog Comunidad Esment","article_published_time":"2026-03-31T09:55:43+00:00","article_modified_time":"2026-03-31T10:48:45+00:00","og_image":[{"width":2560,"height":1707,"url":"https:\/\/esment.org\/blogs\/wp-content\/uploads\/2026\/03\/P1010898-scaled.jpg","type":"image\/jpeg"}],"author":"Comunicaci\u00f3","twitter_card":"summary_large_image","twitter_misc":{"Escrito por":"Comunicaci\u00f3","Tiempo de lectura":"3 minutos"},"schema":{"@context":"https:\/\/schema.org","@graph":[{"@type":"Article","@id":"https:\/\/esment.org\/blogs\/soib-servei-dorientacio-per-a-locupacio-per-a-persones-amb-discapacitat-fisica\/#article","isPartOf":{"@id":"https:\/\/esment.org\/blogs\/soib-servei-dorientacio-per-a-locupacio-per-a-persones-amb-discapacitat-fisica\/"},"author":{"name":"Comunicaci\u00f3","@id":"https:\/\/esment.org\/blogs\/#\/schema\/person\/b81c725135ae4d5748a15f5f91986b27"},"headline":"SOIB Servei d\u00b4Orientaci\u00f3 per a l\u00b4Ocupaci\u00f3 per a persones amb discapacitat f\u00edsica","datePublished":"2026-03-31T09:55:43+00:00","dateModified":"2026-03-31T10:48:45+00:00","mainEntityOfPage":{"@id":"https:\/\/esment.org\/blogs\/soib-servei-dorientacio-per-a-locupacio-per-a-persones-amb-discapacitat-fisica\/"},"wordCount":404,"commentCount":0,"publisher":{"@id":"https:\/\/esment.org\/blogs\/#organization"},"image":{"@id":"https:\/\/esment.org\/blogs\/soib-servei-dorientacio-per-a-locupacio-per-a-persones-amb-discapacitat-fisica\/#primaryimage"},"thumbnailUrl":"https:\/\/esment.org\/blogs\/wp-content\/uploads\/2026\/03\/P1010898-scaled.jpg","articleSection":["SOIB SERVICIO DE ORIENTACI\u00d3N PARA LA OCUPACI\u00d3N PARA PERSONAS CON DISCAPACIDAD F\u00cdSICA"],"inLanguage":"es","potentialAction":[{"@type":"CommentAction","name":"Comment","target":["https:\/\/esment.org\/blogs\/soib-servei-dorientacio-per-a-locupacio-per-a-persones-amb-discapacitat-fisica\/#respond"]}]},{"@type":"WebPage","@id":"https:\/\/esment.org\/blogs\/soib-servei-dorientacio-per-a-locupacio-per-a-persones-amb-discapacitat-fisica\/","url":"https:\/\/esment.org\/blogs\/soib-servei-dorientacio-per-a-locupacio-per-a-persones-amb-discapacitat-fisica\/","name":"SOIB Servei d\u00b4Orientaci\u00f3 per a l\u00b4Ocupaci\u00f3 per a persones amb discapacitat f\u00edsica - Blog Comunidad Esment","isPartOf":{"@id":"https:\/\/esment.org\/blogs\/#website"},"primaryImageOfPage":{"@id":"https:\/\/esment.org\/blogs\/soib-servei-dorientacio-per-a-locupacio-per-a-persones-amb-discapacitat-fisica\/#primaryimage"},"image":{"@id":"https:\/\/esment.org\/blogs\/soib-servei-dorientacio-per-a-locupacio-per-a-persones-amb-discapacitat-fisica\/#primaryimage"},"thumbnailUrl":"https:\/\/esment.org\/blogs\/wp-content\/uploads\/2026\/03\/P1010898-scaled.jpg","datePublished":"2026-03-31T09:55:43+00:00","dateModified":"2026-03-31T10:48:45+00:00","breadcrumb":{"@id":"https:\/\/esment.org\/blogs\/soib-servei-dorientacio-per-a-locupacio-per-a-persones-amb-discapacitat-fisica\/#breadcrumb"},"inLanguage":"es","potentialAction":[{"@type":"ReadAction","target":["https:\/\/esment.org\/blogs\/soib-servei-dorientacio-per-a-locupacio-per-a-persones-amb-discapacitat-fisica\/"]}]},{"@type":"ImageObject","inLanguage":"es","@id":"https:\/\/esment.org\/blogs\/soib-servei-dorientacio-per-a-locupacio-per-a-persones-amb-discapacitat-fisica\/#primaryimage","url":"https:\/\/esment.org\/blogs\/wp-content\/uploads\/2026\/03\/P1010898-scaled.jpg","contentUrl":"https:\/\/esment.org\/blogs\/wp-content\/uploads\/2026\/03\/P1010898-scaled.jpg","width":2560,"height":1707},{"@type":"BreadcrumbList","@id":"https:\/\/esment.org\/blogs\/soib-servei-dorientacio-per-a-locupacio-per-a-persones-amb-discapacitat-fisica\/#breadcrumb","itemListElement":[{"@type":"ListItem","position":1,"name":"Portada","item":"https:\/\/esment.org\/blogs\/"},{"@type":"ListItem","position":2,"name":"SOIB Servei d\u00b4Orientaci\u00f3 per a l\u00b4Ocupaci\u00f3 per a persones amb discapacitat f\u00edsica"}]},{"@type":"WebSite","@id":"https:\/\/esment.org\/blogs\/#website","url":"https:\/\/esment.org\/blogs\/","name":"Blog Comunidad Esment","description":"Blogs de Esment","publisher":{"@id":"https:\/\/esment.org\/blogs\/#organization"},"potentialAction":[{"@type":"SearchAction","target":{"@type":"EntryPoint","urlTemplate":"https:\/\/esment.org\/blogs\/?s={search_term_string}"},"query-input":{"@type":"PropertyValueSpecification","valueRequired":true,"valueName":"search_term_string"}}],"inLanguage":"es"},{"@type":"Organization","@id":"https:\/\/esment.org\/blogs\/#organization","name":"Blog Comunidad Esment","url":"https:\/\/esment.org\/blogs\/","logo":{"@type":"ImageObject","inLanguage":"es","@id":"https:\/\/esment.org\/blogs\/#\/schema\/logo\/image\/","url":"https:\/\/esment.org\/blogs\/wp-content\/uploads\/2020\/10\/logo-header.svg","contentUrl":"https:\/\/esment.org\/blogs\/wp-content\/uploads\/2020\/10\/logo-header.svg","caption":"Blog Comunidad Esment"},"image":{"@id":"https:\/\/esment.org\/blogs\/#\/schema\/logo\/image\/"}},{"@type":"Person","@id":"https:\/\/esment.org\/blogs\/#\/schema\/person\/b81c725135ae4d5748a15f5f91986b27","name":"Comunicaci\u00f3","image":{"@type":"ImageObject","inLanguage":"es","@id":"https:\/\/esment.org\/blogs\/#\/schema\/person\/image\/","url":"https:\/\/secure.gravatar.com\/avatar\/88ab8e6ed41c613b22dace6ca23675795f15dc49d30afd5c6feee6c1cc4d0194?s=96&d=mm&r=g","contentUrl":"https:\/\/secure.gravatar.com\/avatar\/88ab8e6ed41c613b22dace6ca23675795f15dc49d30afd5c6feee6c1cc4d0194?s=96&d=mm&r=g","caption":"Comunicaci\u00f3"},"url":"https:\/\/esment.org\/blogs\/author\/alicciagarcia\/"}]}},"_links":{"self":[{"href":"https:\/\/esment.org\/blogs\/wp-json\/wp\/v2\/posts\/28714","targetHints":{"allow":["GET"]}}],"collection":[{"href":"https:\/\/esment.org\/blogs\/wp-json\/wp\/v2\/posts"}],"about":[{"href":"https:\/\/esment.org\/blogs\/wp-json\/wp\/v2\/types\/post"}],"author":[{"embeddable":true,"href":"https:\/\/esment.org\/blogs\/wp-json\/wp\/v2\/users\/2"}],"replies":[{"embeddable":true,"href":"https:\/\/esment.org\/blogs\/wp-json\/wp\/v2\/comments?post=28714"}],"version-history":[{"count":2,"href":"https:\/\/esment.org\/blogs\/wp-json\/wp\/v2\/posts\/28714\/revisions"}],"predecessor-version":[{"id":28725,"href":"https:\/\/esment.org\/blogs\/wp-json\/wp\/v2\/posts\/28714\/revisions\/28725"}],"wp:featuredmedia":[{"embeddable":true,"href":"https:\/\/esment.org\/blogs\/wp-json\/wp\/v2\/media\/28716"}],"wp:attachment":[{"href":"https:\/\/esment.org\/blogs\/wp-json\/wp\/v2\/media?parent=28714"}],"wp:term":[{"taxonomy":"category","embeddable":true,"href":"https:\/\/esment.org\/blogs\/wp-json\/wp\/v2\/categories?post=28714"},{"taxonomy":"post_tag","embeddable":true,"href":"https:\/\/esment.org\/blogs\/wp-json\/wp\/v2\/tags?post=28714"}],"curies":[{"name":"wp","href":"https:\/\/api.w.org\/{rel}","templated":true}]}}