{"id":28697,"date":"2026-03-27T10:47:08","date_gmt":"2026-03-27T10:47:08","guid":{"rendered":"https:\/\/esment.org\/blogs\/?p=28697"},"modified":"2026-04-01T08:53:06","modified_gmt":"2026-04-01T08:53:06","slug":"infancia-y-fundacion-once-promueven-un-comedor-escolar-adaptado-a-la-diversidad","status":"publish","type":"post","link":"https:\/\/esment.org\/blogs\/infancia-y-fundacion-once-promueven-un-comedor-escolar-adaptado-a-la-diversidad\/","title":{"rendered":"Infancia y Fundaci\u00f3n ONCE promueven la adaptaci\u00f3n a la diversidad"},"content":{"rendered":"<div class=\"text-base my-auto mx-auto [--thread-content-margin:var(--thread-content-margin-xs,calc(var(--spacing)*4))] @w-sm\/main:[--thread-content-margin:var(--thread-content-margin-sm,calc(var(--spacing)*6))] @w-lg\/main:[--thread-content-margin:var(--thread-content-margin-lg,calc(var(--spacing)*16))] px-(--thread-content-margin)\">\n<div class=\"[--thread-content-max-width:40rem] @w-lg\/main:[--thread-content-max-width:48rem] mx-auto max-w-(--thread-content-max-width) flex-1 group\/turn-messages focus-visible:outline-hidden relative flex w-full min-w-0 flex-col agent-turn\">\n<div class=\"flex max-w-full flex-col gap-4 grow\">\n<div class=\"min-h-8 text-message relative flex w-full flex-col items-end gap-2 text-start break-words whitespace-normal outline-none keyboard-focused:focus-ring [.text-message+&amp;]:mt-1\" dir=\"auto\" data-message-author-role=\"assistant\" data-message-id=\"1110a37a-5f11-4d8e-a29b-4bd1c4cfbfa6\" data-message-model-slug=\"gpt-5-3\">\n<div class=\"flex w-full flex-col gap-1 empty:hidden\">\n<div class=\"markdown prose dark:prose-invert w-full wrap-break-word light markdown-new-styling\">\n<p data-start=\"106\" data-end=\"418\">El comedor del CEIP Mestre Colom, en Bunyola, se prepara para un cambio importante. De la mano de Esment Infancia y con el apoyo de la Fundaci\u00f3n ONCE, el centro trabaja para crear un espacio m\u00e1s amable, organizado y que responda mejor a la diversidad de todo el alumnado.<\/p>\n<p data-start=\"420\" data-end=\"664\">La iniciativa se enmarca dentro del proyecto Comunidades Educativas Inclusivas, integrado en el Programa de Inclusi\u00f3n Social, Garant\u00eda Infantil y Lucha contra la Pobreza FSE+ 2021-2027, y cuenta adem\u00e1s con la cofinanciaci\u00f3n de la Uni\u00f3n Europea.<\/p>\n<p data-start=\"666\" data-end=\"1041\">Todo parte de una preocupaci\u00f3n compartida por el propio centro educativo: el comedor, tal y como funciona actualmente, presenta un ambiente ruidoso y poco estructurado. Una situaci\u00f3n que puede resultar especialmente dif\u00edcil para algunos ni\u00f1os y ni\u00f1as, sobre todo para aquellos m\u00e1s sensibles al ruido o que necesitan entornos m\u00e1s ordenados y tranquilos.<\/p>\n<p data-start=\"1043\" data-end=\"1392\">Ante esta necesidad, el proyecto busca convertir el comedor en un espacio m\u00e1s accesible a nivel cognitivo y sensorial. Para ello, se apostar\u00e1 por normas claras, rutinas bien definidas, una mejor se\u00f1alizaci\u00f3n y medidas espec\u00edficas para reducir el ruido. El objetivo final es favorecer la autonom\u00eda, el bienestar y la participaci\u00f3n de todo el alumnado.<\/p>\n<p data-start=\"1394\" data-end=\"1894\">Antes, se evaluar\u00e1 el actual funcionamiento del comedor. Habr\u00e1 observaciones directas, entrevistas y cuestionarios dirigidos al profesorado y al personal del centro. Con toda esta informaci\u00f3n, se dise\u00f1ar\u00e1 una propuesta de intervenci\u00f3n que el equipo docente podr\u00e1 ajustar seg\u00fan sus necesidades. Despu\u00e9s, se explicar\u00e1n los cambios al alumnado para facilitar su adaptaci\u00f3n, con la previsi\u00f3n de aplicar las mejoras tras las vacaciones de Semana Santa.<\/p>\n<p data-start=\"1896\" data-end=\"2231\">Entre las medidas previstas hay algunas muy concretas: se colocar\u00e1n deslizadores o fundas en las patas de las sillas para reducir el ruido, se organizar\u00e1n turnos por edades para evitar aglomeraciones y se limitar\u00e1 el n\u00famero de alumnos por mesa. Adem\u00e1s, cada estudiante tendr\u00e1 un asiento fijo, identificado con una tarjeta plastificada.<\/p>\n<p data-start=\"2233\" data-end=\"2434\">Tambi\u00e9n se fomentar\u00e1 la responsabilidad compartida. En cada mesa habr\u00e1 un alumno o alumna encargado de peque\u00f1as tareas como recoger los platos, mantener el orden o ayudar a controlar el nivel de ruido.<\/p>\n<p data-start=\"2436\" data-end=\"2792\">El proyecto incluye, adem\u00e1s, apoyos visuales adaptados a diferentes edades, con normas claras sobre higiene y funcionamiento del comedor. Incluso se prev\u00e9 la instalaci\u00f3n de un ruid\u00f3metro que permitir\u00e1 al alumnado tomar conciencia del ambiente sonoro y autorregularse. A todo ello se sumar\u00e1 la habilitaci\u00f3n de una zona exterior donde el alumnado podr\u00e1 dejar los objetos personales.<\/p>\n<p data-start=\"2794\" data-end=\"3039\" data-is-last-node=\"\" data-is-only-node=\"\">Con esta intervenci\u00f3n, Esment Infancia, el CEIP Mestre Colom y Fundaci\u00f3n ONCE buscan crear un espacio educativo que sea m\u00e1s accesible, diverso y agradable para todos.<\/p>\n<p data-start=\"2794\" data-end=\"3039\" data-is-last-node=\"\" data-is-only-node=\"\">\u00a0 \u00a0 \u00a0 \u00a0 \u00a0 \u00a0 \u00a0 \u00a0 \u00a0 \u00a0 <img decoding=\"async\" class=\"alignnone wp-image-28699 \" src=\"https:\/\/esment.org\/blogs\/wp-content\/uploads\/2026\/03\/FONCE-vertical-1024x917.png\" alt=\"\" width=\"227\" height=\"203\" srcset=\"https:\/\/esment.org\/blogs\/wp-content\/uploads\/2026\/03\/FONCE-vertical-1024x917.png 1024w, https:\/\/esment.org\/blogs\/wp-content\/uploads\/2026\/03\/FONCE-vertical-300x269.png 300w, https:\/\/esment.org\/blogs\/wp-content\/uploads\/2026\/03\/FONCE-vertical-768x688.png 768w, https:\/\/esment.org\/blogs\/wp-content\/uploads\/2026\/03\/FONCE-vertical.png 1239w\" sizes=\"(max-width: 227px) 100vw, 227px\" \/>\u00a0 \u00a0 <img decoding=\"async\" class=\"alignnone wp-image-28698\" src=\"https:\/\/esment.org\/blogs\/wp-content\/uploads\/2026\/03\/ES_co_fundedvertical_RGB_POS-296x300.png\" alt=\"\" width=\"218\" height=\"221\" srcset=\"https:\/\/esment.org\/blogs\/wp-content\/uploads\/2026\/03\/ES_co_fundedvertical_RGB_POS-296x300.png 296w, https:\/\/esment.org\/blogs\/wp-content\/uploads\/2026\/03\/ES_co_fundedvertical_RGB_POS-768x778.png 768w, https:\/\/esment.org\/blogs\/wp-content\/uploads\/2026\/03\/ES_co_fundedvertical_RGB_POS.png 910w\" sizes=\"(max-width: 218px) 100vw, 218px\" \/><\/p>\n<\/div>\n<p data-start=\"2794\" data-end=\"3039\" data-is-last-node=\"\" data-is-only-node=\"\"><img fetchpriority=\"high\" decoding=\"async\" class=\"alignnone wp-image-28700 \" src=\"https:\/\/esment.org\/blogs\/wp-content\/uploads\/2026\/03\/4_Menjador-CEIP-Mestre-Colom-Bunyola.jpg\" alt=\"\" width=\"297\" height=\"396\" srcset=\"https:\/\/esment.org\/blogs\/wp-content\/uploads\/2026\/03\/4_Menjador-CEIP-Mestre-Colom-Bunyola.jpg 328w, https:\/\/esment.org\/blogs\/wp-content\/uploads\/2026\/03\/4_Menjador-CEIP-Mestre-Colom-Bunyola-225x300.jpg 225w\" sizes=\"(max-width: 297px) 100vw, 297px\" \/> <img loading=\"lazy\" decoding=\"async\" class=\"alignnone wp-image-28701 size-full\" src=\"https:\/\/esment.org\/blogs\/wp-content\/uploads\/2026\/03\/3_Menjador-CEIP-Mestre-Colom-Bunyola.jpg\" alt=\"\" width=\"294\" height=\"392\" srcset=\"https:\/\/esment.org\/blogs\/wp-content\/uploads\/2026\/03\/3_Menjador-CEIP-Mestre-Colom-Bunyola.jpg 294w, https:\/\/esment.org\/blogs\/wp-content\/uploads\/2026\/03\/3_Menjador-CEIP-Mestre-Colom-Bunyola-225x300.jpg 225w\" sizes=\"(max-width: 294px) 100vw, 294px\" \/> <img loading=\"lazy\" decoding=\"async\" class=\"alignnone wp-image-28702 \" src=\"https:\/\/esment.org\/blogs\/wp-content\/uploads\/2026\/03\/1_Menjador-CEIP-Mestre-Colom-Bunyola.jpg\" alt=\"\" width=\"294\" height=\"392\" srcset=\"https:\/\/esment.org\/blogs\/wp-content\/uploads\/2026\/03\/1_Menjador-CEIP-Mestre-Colom-Bunyola.jpg 393w, https:\/\/esment.org\/blogs\/wp-content\/uploads\/2026\/03\/1_Menjador-CEIP-Mestre-Colom-Bunyola-225x300.jpg 225w\" sizes=\"(max-width: 294px) 100vw, 294px\" \/><\/p>\n<\/div>\n<\/div>\n<\/div>\n<div class=\"z-0 flex min-h-[46px] justify-start\"><\/div>\n<\/div>\n<\/div>\n","protected":false},"excerpt":{"rendered":"<p>El comedor del CEIP Mestre Colom, en Bunyola, se prepara para un cambio importante. De la mano de Esment Infancia y con el apoyo de la Fundaci\u00f3n ONCE, el centro trabaja para crear un espacio m\u00e1s amable, organizado y que responda mejor a la diversidad de todo el alumnado. La iniciativa se enmarca dentro del [&hellip;]<\/p>\n","protected":false},"author":5,"featured_media":28703,"comment_status":"open","ping_status":"closed","sticky":false,"template":"","format":"standard","meta":{"_acf_changed":false,"footnotes":""},"categories":[1],"tags":[210,2379,1306,2380,1199,798],"class_list":["post-28697","post","type-post","status-publish","format-standard","has-post-thumbnail","hentry","category-sin-categoria","tag-colaboracion","tag-comedor-escolar","tag-diversidad","tag-entornos-adaptados","tag-esment-infancia","tag-fundacion-once"],"acf":[],"yoast_head":"<!-- This site is optimized with the Yoast SEO plugin v26.4 - https:\/\/yoast.com\/wordpress\/plugins\/seo\/ -->\n<title>Infancia y Fundaci\u00f3n ONCE promueven la adaptaci\u00f3n a la diversidad - Blog Comunidad Esment<\/title>\n<meta name=\"robots\" content=\"index, follow, max-snippet:-1, max-image-preview:large, max-video-preview:-1\" \/>\n<link rel=\"canonical\" href=\"https:\/\/esment.org\/blogs\/infancia-y-fundacion-once-promueven-un-comedor-escolar-adaptado-a-la-diversidad\/\" \/>\n<meta property=\"og:locale\" content=\"es_ES\" \/>\n<meta property=\"og:type\" content=\"article\" \/>\n<meta property=\"og:title\" content=\"Infancia y Fundaci\u00f3n ONCE promueven la adaptaci\u00f3n a la diversidad - Blog Comunidad Esment\" \/>\n<meta property=\"og:description\" content=\"El comedor del CEIP Mestre Colom, en Bunyola, se prepara para un cambio importante. De la mano de Esment Infancia y con el apoyo de la Fundaci\u00f3n ONCE, el centro trabaja para crear un espacio m\u00e1s amable, organizado y que responda mejor a la diversidad de todo el alumnado. La iniciativa se enmarca dentro del [&hellip;]\" \/>\n<meta property=\"og:url\" content=\"https:\/\/esment.org\/blogs\/infancia-y-fundacion-once-promueven-un-comedor-escolar-adaptado-a-la-diversidad\/\" \/>\n<meta property=\"og:site_name\" content=\"Blog Comunidad Esment\" \/>\n<meta property=\"article:published_time\" content=\"2026-03-27T10:47:08+00:00\" \/>\n<meta property=\"article:modified_time\" content=\"2026-04-01T08:53:06+00:00\" \/>\n<meta property=\"og:image\" content=\"https:\/\/esment.org\/blogs\/wp-content\/uploads\/2026\/03\/2_Menjador-CEIP-Mestre-Colom-Bunyola-e1774608189204.jpg\" \/>\n\t<meta property=\"og:image:width\" content=\"314\" \/>\n\t<meta property=\"og:image:height\" content=\"225\" \/>\n\t<meta property=\"og:image:type\" content=\"image\/jpeg\" \/>\n<meta name=\"author\" content=\"Yolanda Tarramera\" \/>\n<meta name=\"twitter:card\" content=\"summary_large_image\" \/>\n<meta name=\"twitter:label1\" content=\"Escrito por\" \/>\n\t<meta name=\"twitter:data1\" content=\"Yolanda Tarramera\" \/>\n\t<meta name=\"twitter:label2\" content=\"Tiempo de lectura\" \/>\n\t<meta name=\"twitter:data2\" content=\"4 minutos\" \/>\n<script type=\"application\/ld+json\" class=\"yoast-schema-graph\">{\"@context\":\"https:\/\/schema.org\",\"@graph\":[{\"@type\":\"Article\",\"@id\":\"https:\/\/esment.org\/blogs\/infancia-y-fundacion-once-promueven-un-comedor-escolar-adaptado-a-la-diversidad\/#article\",\"isPartOf\":{\"@id\":\"https:\/\/esment.org\/blogs\/infancia-y-fundacion-once-promueven-un-comedor-escolar-adaptado-a-la-diversidad\/\"},\"author\":{\"name\":\"Yolanda Tarramera\",\"@id\":\"https:\/\/esment.org\/blogs\/#\/schema\/person\/d2af4a49059695d7ca3491e0498d6b36\"},\"headline\":\"Infancia y Fundaci\u00f3n ONCE promueven la adaptaci\u00f3n a la diversidad\",\"datePublished\":\"2026-03-27T10:47:08+00:00\",\"dateModified\":\"2026-04-01T08:53:06+00:00\",\"mainEntityOfPage\":{\"@id\":\"https:\/\/esment.org\/blogs\/infancia-y-fundacion-once-promueven-un-comedor-escolar-adaptado-a-la-diversidad\/\"},\"wordCount\":479,\"commentCount\":0,\"publisher\":{\"@id\":\"https:\/\/esment.org\/blogs\/#organization\"},\"image\":{\"@id\":\"https:\/\/esment.org\/blogs\/infancia-y-fundacion-once-promueven-un-comedor-escolar-adaptado-a-la-diversidad\/#primaryimage\"},\"thumbnailUrl\":\"https:\/\/esment.org\/blogs\/wp-content\/uploads\/2026\/03\/2_Menjador-CEIP-Mestre-Colom-Bunyola-e1774608189204.jpg\",\"keywords\":[\"colaboraci\u00f3n\",\"comedor escolar\",\"diversidad\",\"entornos adaptados\",\"esment infancia\",\"fundaci\u00f3n ONCE\"],\"inLanguage\":\"es\",\"potentialAction\":[{\"@type\":\"CommentAction\",\"name\":\"Comment\",\"target\":[\"https:\/\/esment.org\/blogs\/infancia-y-fundacion-once-promueven-un-comedor-escolar-adaptado-a-la-diversidad\/#respond\"]}]},{\"@type\":\"WebPage\",\"@id\":\"https:\/\/esment.org\/blogs\/infancia-y-fundacion-once-promueven-un-comedor-escolar-adaptado-a-la-diversidad\/\",\"url\":\"https:\/\/esment.org\/blogs\/infancia-y-fundacion-once-promueven-un-comedor-escolar-adaptado-a-la-diversidad\/\",\"name\":\"Infancia y Fundaci\u00f3n ONCE promueven la adaptaci\u00f3n a la diversidad - Blog Comunidad Esment\",\"isPartOf\":{\"@id\":\"https:\/\/esment.org\/blogs\/#website\"},\"primaryImageOfPage\":{\"@id\":\"https:\/\/esment.org\/blogs\/infancia-y-fundacion-once-promueven-un-comedor-escolar-adaptado-a-la-diversidad\/#primaryimage\"},\"image\":{\"@id\":\"https:\/\/esment.org\/blogs\/infancia-y-fundacion-once-promueven-un-comedor-escolar-adaptado-a-la-diversidad\/#primaryimage\"},\"thumbnailUrl\":\"https:\/\/esment.org\/blogs\/wp-content\/uploads\/2026\/03\/2_Menjador-CEIP-Mestre-Colom-Bunyola-e1774608189204.jpg\",\"datePublished\":\"2026-03-27T10:47:08+00:00\",\"dateModified\":\"2026-04-01T08:53:06+00:00\",\"breadcrumb\":{\"@id\":\"https:\/\/esment.org\/blogs\/infancia-y-fundacion-once-promueven-un-comedor-escolar-adaptado-a-la-diversidad\/#breadcrumb\"},\"inLanguage\":\"es\",\"potentialAction\":[{\"@type\":\"ReadAction\",\"target\":[\"https:\/\/esment.org\/blogs\/infancia-y-fundacion-once-promueven-un-comedor-escolar-adaptado-a-la-diversidad\/\"]}]},{\"@type\":\"ImageObject\",\"inLanguage\":\"es\",\"@id\":\"https:\/\/esment.org\/blogs\/infancia-y-fundacion-once-promueven-un-comedor-escolar-adaptado-a-la-diversidad\/#primaryimage\",\"url\":\"https:\/\/esment.org\/blogs\/wp-content\/uploads\/2026\/03\/2_Menjador-CEIP-Mestre-Colom-Bunyola-e1774608189204.jpg\",\"contentUrl\":\"https:\/\/esment.org\/blogs\/wp-content\/uploads\/2026\/03\/2_Menjador-CEIP-Mestre-Colom-Bunyola-e1774608189204.jpg\",\"width\":314,\"height\":225},{\"@type\":\"BreadcrumbList\",\"@id\":\"https:\/\/esment.org\/blogs\/infancia-y-fundacion-once-promueven-un-comedor-escolar-adaptado-a-la-diversidad\/#breadcrumb\",\"itemListElement\":[{\"@type\":\"ListItem\",\"position\":1,\"name\":\"Portada\",\"item\":\"https:\/\/esment.org\/blogs\/\"},{\"@type\":\"ListItem\",\"position\":2,\"name\":\"Infancia y Fundaci\u00f3n ONCE promueven la adaptaci\u00f3n a la diversidad\"}]},{\"@type\":\"WebSite\",\"@id\":\"https:\/\/esment.org\/blogs\/#website\",\"url\":\"https:\/\/esment.org\/blogs\/\",\"name\":\"Blog Comunidad Esment\",\"description\":\"Blogs de Esment\",\"publisher\":{\"@id\":\"https:\/\/esment.org\/blogs\/#organization\"},\"potentialAction\":[{\"@type\":\"SearchAction\",\"target\":{\"@type\":\"EntryPoint\",\"urlTemplate\":\"https:\/\/esment.org\/blogs\/?s={search_term_string}\"},\"query-input\":{\"@type\":\"PropertyValueSpecification\",\"valueRequired\":true,\"valueName\":\"search_term_string\"}}],\"inLanguage\":\"es\"},{\"@type\":\"Organization\",\"@id\":\"https:\/\/esment.org\/blogs\/#organization\",\"name\":\"Blog Comunidad Esment\",\"url\":\"https:\/\/esment.org\/blogs\/\",\"logo\":{\"@type\":\"ImageObject\",\"inLanguage\":\"es\",\"@id\":\"https:\/\/esment.org\/blogs\/#\/schema\/logo\/image\/\",\"url\":\"https:\/\/esment.org\/blogs\/wp-content\/uploads\/2020\/10\/logo-header.svg\",\"contentUrl\":\"https:\/\/esment.org\/blogs\/wp-content\/uploads\/2020\/10\/logo-header.svg\",\"caption\":\"Blog Comunidad Esment\"},\"image\":{\"@id\":\"https:\/\/esment.org\/blogs\/#\/schema\/logo\/image\/\"}},{\"@type\":\"Person\",\"@id\":\"https:\/\/esment.org\/blogs\/#\/schema\/person\/d2af4a49059695d7ca3491e0498d6b36\",\"name\":\"Yolanda Tarramera\",\"image\":{\"@type\":\"ImageObject\",\"inLanguage\":\"es\",\"@id\":\"https:\/\/esment.org\/blogs\/#\/schema\/person\/image\/\",\"url\":\"https:\/\/secure.gravatar.com\/avatar\/c93060ec77db68f5fefd782408bed5a5005bb0b119c5ece6cdbf5ad8631c6e5b?s=96&d=mm&r=g\",\"contentUrl\":\"https:\/\/secure.gravatar.com\/avatar\/c93060ec77db68f5fefd782408bed5a5005bb0b119c5ece6cdbf5ad8631c6e5b?s=96&d=mm&r=g\",\"caption\":\"Yolanda Tarramera\"},\"url\":\"https:\/\/esment.org\/blogs\/author\/yolanda-tarramera\/\"}]}<\/script>\n<!-- \/ Yoast SEO plugin. -->","yoast_head_json":{"title":"Infancia y Fundaci\u00f3n ONCE promueven la adaptaci\u00f3n a la diversidad - Blog Comunidad Esment","robots":{"index":"index","follow":"follow","max-snippet":"max-snippet:-1","max-image-preview":"max-image-preview:large","max-video-preview":"max-video-preview:-1"},"canonical":"https:\/\/esment.org\/blogs\/infancia-y-fundacion-once-promueven-un-comedor-escolar-adaptado-a-la-diversidad\/","og_locale":"es_ES","og_type":"article","og_title":"Infancia y Fundaci\u00f3n ONCE promueven la adaptaci\u00f3n a la diversidad - Blog Comunidad Esment","og_description":"El comedor del CEIP Mestre Colom, en Bunyola, se prepara para un cambio importante. De la mano de Esment Infancia y con el apoyo de la Fundaci\u00f3n ONCE, el centro trabaja para crear un espacio m\u00e1s amable, organizado y que responda mejor a la diversidad de todo el alumnado. La iniciativa se enmarca dentro del [&hellip;]","og_url":"https:\/\/esment.org\/blogs\/infancia-y-fundacion-once-promueven-un-comedor-escolar-adaptado-a-la-diversidad\/","og_site_name":"Blog Comunidad Esment","article_published_time":"2026-03-27T10:47:08+00:00","article_modified_time":"2026-04-01T08:53:06+00:00","og_image":[{"width":314,"height":225,"url":"https:\/\/esment.org\/blogs\/wp-content\/uploads\/2026\/03\/2_Menjador-CEIP-Mestre-Colom-Bunyola-e1774608189204.jpg","type":"image\/jpeg"}],"author":"Yolanda Tarramera","twitter_card":"summary_large_image","twitter_misc":{"Escrito por":"Yolanda Tarramera","Tiempo de lectura":"4 minutos"},"schema":{"@context":"https:\/\/schema.org","@graph":[{"@type":"Article","@id":"https:\/\/esment.org\/blogs\/infancia-y-fundacion-once-promueven-un-comedor-escolar-adaptado-a-la-diversidad\/#article","isPartOf":{"@id":"https:\/\/esment.org\/blogs\/infancia-y-fundacion-once-promueven-un-comedor-escolar-adaptado-a-la-diversidad\/"},"author":{"name":"Yolanda Tarramera","@id":"https:\/\/esment.org\/blogs\/#\/schema\/person\/d2af4a49059695d7ca3491e0498d6b36"},"headline":"Infancia y Fundaci\u00f3n ONCE promueven la adaptaci\u00f3n a la diversidad","datePublished":"2026-03-27T10:47:08+00:00","dateModified":"2026-04-01T08:53:06+00:00","mainEntityOfPage":{"@id":"https:\/\/esment.org\/blogs\/infancia-y-fundacion-once-promueven-un-comedor-escolar-adaptado-a-la-diversidad\/"},"wordCount":479,"commentCount":0,"publisher":{"@id":"https:\/\/esment.org\/blogs\/#organization"},"image":{"@id":"https:\/\/esment.org\/blogs\/infancia-y-fundacion-once-promueven-un-comedor-escolar-adaptado-a-la-diversidad\/#primaryimage"},"thumbnailUrl":"https:\/\/esment.org\/blogs\/wp-content\/uploads\/2026\/03\/2_Menjador-CEIP-Mestre-Colom-Bunyola-e1774608189204.jpg","keywords":["colaboraci\u00f3n","comedor escolar","diversidad","entornos adaptados","esment infancia","fundaci\u00f3n ONCE"],"inLanguage":"es","potentialAction":[{"@type":"CommentAction","name":"Comment","target":["https:\/\/esment.org\/blogs\/infancia-y-fundacion-once-promueven-un-comedor-escolar-adaptado-a-la-diversidad\/#respond"]}]},{"@type":"WebPage","@id":"https:\/\/esment.org\/blogs\/infancia-y-fundacion-once-promueven-un-comedor-escolar-adaptado-a-la-diversidad\/","url":"https:\/\/esment.org\/blogs\/infancia-y-fundacion-once-promueven-un-comedor-escolar-adaptado-a-la-diversidad\/","name":"Infancia y Fundaci\u00f3n ONCE promueven la adaptaci\u00f3n a la diversidad - Blog Comunidad Esment","isPartOf":{"@id":"https:\/\/esment.org\/blogs\/#website"},"primaryImageOfPage":{"@id":"https:\/\/esment.org\/blogs\/infancia-y-fundacion-once-promueven-un-comedor-escolar-adaptado-a-la-diversidad\/#primaryimage"},"image":{"@id":"https:\/\/esment.org\/blogs\/infancia-y-fundacion-once-promueven-un-comedor-escolar-adaptado-a-la-diversidad\/#primaryimage"},"thumbnailUrl":"https:\/\/esment.org\/blogs\/wp-content\/uploads\/2026\/03\/2_Menjador-CEIP-Mestre-Colom-Bunyola-e1774608189204.jpg","datePublished":"2026-03-27T10:47:08+00:00","dateModified":"2026-04-01T08:53:06+00:00","breadcrumb":{"@id":"https:\/\/esment.org\/blogs\/infancia-y-fundacion-once-promueven-un-comedor-escolar-adaptado-a-la-diversidad\/#breadcrumb"},"inLanguage":"es","potentialAction":[{"@type":"ReadAction","target":["https:\/\/esment.org\/blogs\/infancia-y-fundacion-once-promueven-un-comedor-escolar-adaptado-a-la-diversidad\/"]}]},{"@type":"ImageObject","inLanguage":"es","@id":"https:\/\/esment.org\/blogs\/infancia-y-fundacion-once-promueven-un-comedor-escolar-adaptado-a-la-diversidad\/#primaryimage","url":"https:\/\/esment.org\/blogs\/wp-content\/uploads\/2026\/03\/2_Menjador-CEIP-Mestre-Colom-Bunyola-e1774608189204.jpg","contentUrl":"https:\/\/esment.org\/blogs\/wp-content\/uploads\/2026\/03\/2_Menjador-CEIP-Mestre-Colom-Bunyola-e1774608189204.jpg","width":314,"height":225},{"@type":"BreadcrumbList","@id":"https:\/\/esment.org\/blogs\/infancia-y-fundacion-once-promueven-un-comedor-escolar-adaptado-a-la-diversidad\/#breadcrumb","itemListElement":[{"@type":"ListItem","position":1,"name":"Portada","item":"https:\/\/esment.org\/blogs\/"},{"@type":"ListItem","position":2,"name":"Infancia y Fundaci\u00f3n ONCE promueven la adaptaci\u00f3n a la diversidad"}]},{"@type":"WebSite","@id":"https:\/\/esment.org\/blogs\/#website","url":"https:\/\/esment.org\/blogs\/","name":"Blog Comunidad Esment","description":"Blogs de Esment","publisher":{"@id":"https:\/\/esment.org\/blogs\/#organization"},"potentialAction":[{"@type":"SearchAction","target":{"@type":"EntryPoint","urlTemplate":"https:\/\/esment.org\/blogs\/?s={search_term_string}"},"query-input":{"@type":"PropertyValueSpecification","valueRequired":true,"valueName":"search_term_string"}}],"inLanguage":"es"},{"@type":"Organization","@id":"https:\/\/esment.org\/blogs\/#organization","name":"Blog Comunidad Esment","url":"https:\/\/esment.org\/blogs\/","logo":{"@type":"ImageObject","inLanguage":"es","@id":"https:\/\/esment.org\/blogs\/#\/schema\/logo\/image\/","url":"https:\/\/esment.org\/blogs\/wp-content\/uploads\/2020\/10\/logo-header.svg","contentUrl":"https:\/\/esment.org\/blogs\/wp-content\/uploads\/2020\/10\/logo-header.svg","caption":"Blog Comunidad Esment"},"image":{"@id":"https:\/\/esment.org\/blogs\/#\/schema\/logo\/image\/"}},{"@type":"Person","@id":"https:\/\/esment.org\/blogs\/#\/schema\/person\/d2af4a49059695d7ca3491e0498d6b36","name":"Yolanda Tarramera","image":{"@type":"ImageObject","inLanguage":"es","@id":"https:\/\/esment.org\/blogs\/#\/schema\/person\/image\/","url":"https:\/\/secure.gravatar.com\/avatar\/c93060ec77db68f5fefd782408bed5a5005bb0b119c5ece6cdbf5ad8631c6e5b?s=96&d=mm&r=g","contentUrl":"https:\/\/secure.gravatar.com\/avatar\/c93060ec77db68f5fefd782408bed5a5005bb0b119c5ece6cdbf5ad8631c6e5b?s=96&d=mm&r=g","caption":"Yolanda Tarramera"},"url":"https:\/\/esment.org\/blogs\/author\/yolanda-tarramera\/"}]}},"_links":{"self":[{"href":"https:\/\/esment.org\/blogs\/wp-json\/wp\/v2\/posts\/28697","targetHints":{"allow":["GET"]}}],"collection":[{"href":"https:\/\/esment.org\/blogs\/wp-json\/wp\/v2\/posts"}],"about":[{"href":"https:\/\/esment.org\/blogs\/wp-json\/wp\/v2\/types\/post"}],"author":[{"embeddable":true,"href":"https:\/\/esment.org\/blogs\/wp-json\/wp\/v2\/users\/5"}],"replies":[{"embeddable":true,"href":"https:\/\/esment.org\/blogs\/wp-json\/wp\/v2\/comments?post=28697"}],"version-history":[{"count":7,"href":"https:\/\/esment.org\/blogs\/wp-json\/wp\/v2\/posts\/28697\/revisions"}],"predecessor-version":[{"id":28730,"href":"https:\/\/esment.org\/blogs\/wp-json\/wp\/v2\/posts\/28697\/revisions\/28730"}],"wp:featuredmedia":[{"embeddable":true,"href":"https:\/\/esment.org\/blogs\/wp-json\/wp\/v2\/media\/28703"}],"wp:attachment":[{"href":"https:\/\/esment.org\/blogs\/wp-json\/wp\/v2\/media?parent=28697"}],"wp:term":[{"taxonomy":"category","embeddable":true,"href":"https:\/\/esment.org\/blogs\/wp-json\/wp\/v2\/categories?post=28697"},{"taxonomy":"post_tag","embeddable":true,"href":"https:\/\/esment.org\/blogs\/wp-json\/wp\/v2\/tags?post=28697"}],"curies":[{"name":"wp","href":"https:\/\/api.w.org\/{rel}","templated":true}]}}