{"id":28685,"date":"2026-03-24T14:07:58","date_gmt":"2026-03-24T14:07:58","guid":{"rendered":"https:\/\/esment.org\/blogs\/?p=28685"},"modified":"2026-03-27T09:51:10","modified_gmt":"2026-03-27T09:51:10","slug":"josep-planisi-talento-de-esment-escola-professional-finalista-en-proturchef-2026","status":"publish","type":"post","link":"https:\/\/esment.org\/blogs\/josep-planisi-talento-de-esment-escola-professional-finalista-en-proturchef-2026\/","title":{"rendered":"Josep Planisi, talento de Esment Escola Professional, finalista en ProturChef 2026"},"content":{"rendered":"<p data-start=\"109\" data-end=\"262\">Josep Planisi, estudiante de Formaci\u00f3n Dual de Cocina de Esment Escola Professional, se ha convertido en finalista del concurso nacional ProturChef 2026.<\/p>\n<p data-start=\"264\" data-end=\"672\">A sus 25 a\u00f1os, esta joven promesa de la gastronom\u00eda nos cuenta que su pasi\u00f3n por la cocina empez\u00f3 cuando era un ni\u00f1o, en la Colonia de Sant Pere, observando a su madre y a su abuela cocinar.\u00a0 Ese entorno, marcado tambi\u00e9n por la tradici\u00f3n pesquera de su padre, fue el que despert\u00f3 su inter\u00e9s por la gastronom\u00eda profesional.<\/p>\n<p data-start=\"674\" data-end=\"1161\">Tras finalizar el bachillerato, lo tuvo claro y apost\u00f3 por la cocina como camino profesional. Su primera experiencia laboral lleg\u00f3 en verano, trabajando de cocinero en un restaurante de la zona. Desde entonces, su recorrido ha sido constante. Primero realiz\u00f3 un grado superior de Cocina y despu\u00e9s decidi\u00f3 dar el salto al modelo de Formaci\u00f3n Dual en Esment, donde hoy sigue perfeccionando su formaci\u00f3n en el aula, combinada con pr\u00e1cticas remuneradas en el Hotel Cap Rocat.<\/p>\n<p data-start=\"1163\" data-end=\"1445\">De cara al concurso, que se celebrar\u00e1 este fin de semana en Mallorca, Josep ensaya, bajo la supervisi\u00f3n de los docentes de la Escola, la propuesta que presentar\u00e1 al jurado. No podemos desvelar la elaboraci\u00f3n, pero s\u00ed el producto principal que marca el concurso: \u201cGall de Sant Pere\u201d.<\/p>\n<p data-start=\"1447\" data-end=\"1647\">De los 18 finalistas que competir\u00e1n este fin de semana, se escoger\u00e1 a 6, que ser\u00e1n los que optar\u00e1n al galard\u00f3n Protur Chef 2026: 3.000 euros y una experiencia formativa en hoteles de la cadena Protur.<\/p>\n<p data-start=\"1649\" data-end=\"1810\">Desde Esment, todo el apoyo a Josep en este importante reto, que ya refleja el valor de un modelo formativo que impulsa el talento y genera oportunidades reales.<\/p>\n<p data-start=\"1649\" data-end=\"1810\"><img fetchpriority=\"high\" decoding=\"async\" class=\"alignnone size-medium wp-image-28688\" src=\"https:\/\/esment.org\/blogs\/wp-content\/uploads\/2026\/03\/41b89519-a67f-4f33-baf7-b1c20b022d6c-1-225x300.jpg\" alt=\"\" width=\"225\" height=\"300\" srcset=\"https:\/\/esment.org\/blogs\/wp-content\/uploads\/2026\/03\/41b89519-a67f-4f33-baf7-b1c20b022d6c-1-225x300.jpg 225w, https:\/\/esment.org\/blogs\/wp-content\/uploads\/2026\/03\/41b89519-a67f-4f33-baf7-b1c20b022d6c-1-768x1024.jpg 768w, https:\/\/esment.org\/blogs\/wp-content\/uploads\/2026\/03\/41b89519-a67f-4f33-baf7-b1c20b022d6c-1-1152x1536.jpg 1152w, https:\/\/esment.org\/blogs\/wp-content\/uploads\/2026\/03\/41b89519-a67f-4f33-baf7-b1c20b022d6c-1.jpg 1200w\" sizes=\"(max-width: 225px) 100vw, 225px\" \/><\/p>\n","protected":false},"excerpt":{"rendered":"<p>Josep Planisi, estudiante de Formaci\u00f3n Dual de Cocina de Esment Escola Professional, se ha convertido en finalista del concurso nacional ProturChef 2026. A sus 25 a\u00f1os, esta joven promesa de la gastronom\u00eda nos cuenta que su pasi\u00f3n por la cocina empez\u00f3 cuando era un ni\u00f1o, en la Colonia de Sant Pere, observando a su madre [&hellip;]<\/p>\n","protected":false},"author":5,"featured_media":28686,"comment_status":"open","ping_status":"closed","sticky":false,"template":"","format":"standard","meta":{"_acf_changed":false,"footnotes":""},"categories":[1],"tags":[871,293,774,1300,1810],"class_list":["post-28685","post","type-post","status-publish","format-standard","has-post-thumbnail","hentry","category-sin-categoria","tag-aprendiz","tag-cocina","tag-esment-escola-professional","tag-protur-chef","tag-talento"],"acf":[],"yoast_head":"<!-- This site is optimized with the Yoast SEO plugin v26.4 - https:\/\/yoast.com\/wordpress\/plugins\/seo\/ -->\n<title>Josep Planisi, talento de Esment Escola Professional, finalista en ProturChef 2026 - Blog Comunidad Esment<\/title>\n<meta name=\"robots\" content=\"index, follow, max-snippet:-1, max-image-preview:large, max-video-preview:-1\" \/>\n<link rel=\"canonical\" href=\"https:\/\/esment.org\/blogs\/josep-planisi-talento-de-esment-escola-professional-finalista-en-proturchef-2026\/\" \/>\n<meta property=\"og:locale\" content=\"es_ES\" \/>\n<meta property=\"og:type\" content=\"article\" \/>\n<meta property=\"og:title\" content=\"Josep Planisi, talento de Esment Escola Professional, finalista en ProturChef 2026 - Blog Comunidad Esment\" \/>\n<meta property=\"og:description\" content=\"Josep Planisi, estudiante de Formaci\u00f3n Dual de Cocina de Esment Escola Professional, se ha convertido en finalista del concurso nacional ProturChef 2026. A sus 25 a\u00f1os, esta joven promesa de la gastronom\u00eda nos cuenta que su pasi\u00f3n por la cocina empez\u00f3 cuando era un ni\u00f1o, en la Colonia de Sant Pere, observando a su madre [&hellip;]\" \/>\n<meta property=\"og:url\" content=\"https:\/\/esment.org\/blogs\/josep-planisi-talento-de-esment-escola-professional-finalista-en-proturchef-2026\/\" \/>\n<meta property=\"og:site_name\" content=\"Blog Comunidad Esment\" \/>\n<meta property=\"article:published_time\" content=\"2026-03-24T14:07:58+00:00\" \/>\n<meta property=\"article:modified_time\" content=\"2026-03-27T09:51:10+00:00\" \/>\n<meta property=\"og:image\" content=\"https:\/\/esment.org\/blogs\/wp-content\/uploads\/2026\/03\/41b89519-a67f-4f33-baf7-b1c20b022d6c.jpg\" \/>\n\t<meta property=\"og:image:width\" content=\"1200\" \/>\n\t<meta property=\"og:image:height\" content=\"1600\" \/>\n\t<meta property=\"og:image:type\" content=\"image\/jpeg\" \/>\n<meta name=\"author\" content=\"Yolanda Tarramera\" \/>\n<meta name=\"twitter:card\" content=\"summary_large_image\" \/>\n<meta name=\"twitter:label1\" content=\"Escrito por\" \/>\n\t<meta name=\"twitter:data1\" content=\"Yolanda Tarramera\" \/>\n\t<meta name=\"twitter:label2\" content=\"Tiempo de lectura\" \/>\n\t<meta name=\"twitter:data2\" content=\"2 minutos\" \/>\n<script type=\"application\/ld+json\" class=\"yoast-schema-graph\">{\"@context\":\"https:\/\/schema.org\",\"@graph\":[{\"@type\":\"Article\",\"@id\":\"https:\/\/esment.org\/blogs\/josep-planisi-talento-de-esment-escola-professional-finalista-en-proturchef-2026\/#article\",\"isPartOf\":{\"@id\":\"https:\/\/esment.org\/blogs\/josep-planisi-talento-de-esment-escola-professional-finalista-en-proturchef-2026\/\"},\"author\":{\"name\":\"Yolanda Tarramera\",\"@id\":\"https:\/\/esment.org\/blogs\/#\/schema\/person\/d2af4a49059695d7ca3491e0498d6b36\"},\"headline\":\"Josep Planisi, talento de Esment Escola Professional, finalista en ProturChef 2026\",\"datePublished\":\"2026-03-24T14:07:58+00:00\",\"dateModified\":\"2026-03-27T09:51:10+00:00\",\"mainEntityOfPage\":{\"@id\":\"https:\/\/esment.org\/blogs\/josep-planisi-talento-de-esment-escola-professional-finalista-en-proturchef-2026\/\"},\"wordCount\":292,\"commentCount\":0,\"publisher\":{\"@id\":\"https:\/\/esment.org\/blogs\/#organization\"},\"image\":{\"@id\":\"https:\/\/esment.org\/blogs\/josep-planisi-talento-de-esment-escola-professional-finalista-en-proturchef-2026\/#primaryimage\"},\"thumbnailUrl\":\"https:\/\/esment.org\/blogs\/wp-content\/uploads\/2026\/03\/41b89519-a67f-4f33-baf7-b1c20b022d6c.jpg\",\"keywords\":[\"aprendiz\",\"cocina\",\"esment escola professional\",\"protur chef\",\"talento\"],\"inLanguage\":\"es\",\"potentialAction\":[{\"@type\":\"CommentAction\",\"name\":\"Comment\",\"target\":[\"https:\/\/esment.org\/blogs\/josep-planisi-talento-de-esment-escola-professional-finalista-en-proturchef-2026\/#respond\"]}]},{\"@type\":\"WebPage\",\"@id\":\"https:\/\/esment.org\/blogs\/josep-planisi-talento-de-esment-escola-professional-finalista-en-proturchef-2026\/\",\"url\":\"https:\/\/esment.org\/blogs\/josep-planisi-talento-de-esment-escola-professional-finalista-en-proturchef-2026\/\",\"name\":\"Josep Planisi, talento de Esment Escola Professional, finalista en ProturChef 2026 - Blog Comunidad Esment\",\"isPartOf\":{\"@id\":\"https:\/\/esment.org\/blogs\/#website\"},\"primaryImageOfPage\":{\"@id\":\"https:\/\/esment.org\/blogs\/josep-planisi-talento-de-esment-escola-professional-finalista-en-proturchef-2026\/#primaryimage\"},\"image\":{\"@id\":\"https:\/\/esment.org\/blogs\/josep-planisi-talento-de-esment-escola-professional-finalista-en-proturchef-2026\/#primaryimage\"},\"thumbnailUrl\":\"https:\/\/esment.org\/blogs\/wp-content\/uploads\/2026\/03\/41b89519-a67f-4f33-baf7-b1c20b022d6c.jpg\",\"datePublished\":\"2026-03-24T14:07:58+00:00\",\"dateModified\":\"2026-03-27T09:51:10+00:00\",\"breadcrumb\":{\"@id\":\"https:\/\/esment.org\/blogs\/josep-planisi-talento-de-esment-escola-professional-finalista-en-proturchef-2026\/#breadcrumb\"},\"inLanguage\":\"es\",\"potentialAction\":[{\"@type\":\"ReadAction\",\"target\":[\"https:\/\/esment.org\/blogs\/josep-planisi-talento-de-esment-escola-professional-finalista-en-proturchef-2026\/\"]}]},{\"@type\":\"ImageObject\",\"inLanguage\":\"es\",\"@id\":\"https:\/\/esment.org\/blogs\/josep-planisi-talento-de-esment-escola-professional-finalista-en-proturchef-2026\/#primaryimage\",\"url\":\"https:\/\/esment.org\/blogs\/wp-content\/uploads\/2026\/03\/41b89519-a67f-4f33-baf7-b1c20b022d6c.jpg\",\"contentUrl\":\"https:\/\/esment.org\/blogs\/wp-content\/uploads\/2026\/03\/41b89519-a67f-4f33-baf7-b1c20b022d6c.jpg\",\"width\":1200,\"height\":1600},{\"@type\":\"BreadcrumbList\",\"@id\":\"https:\/\/esment.org\/blogs\/josep-planisi-talento-de-esment-escola-professional-finalista-en-proturchef-2026\/#breadcrumb\",\"itemListElement\":[{\"@type\":\"ListItem\",\"position\":1,\"name\":\"Portada\",\"item\":\"https:\/\/esment.org\/blogs\/\"},{\"@type\":\"ListItem\",\"position\":2,\"name\":\"Josep Planisi, talento de Esment Escola Professional, finalista en ProturChef 2026\"}]},{\"@type\":\"WebSite\",\"@id\":\"https:\/\/esment.org\/blogs\/#website\",\"url\":\"https:\/\/esment.org\/blogs\/\",\"name\":\"Blog Comunidad Esment\",\"description\":\"Blogs de Esment\",\"publisher\":{\"@id\":\"https:\/\/esment.org\/blogs\/#organization\"},\"potentialAction\":[{\"@type\":\"SearchAction\",\"target\":{\"@type\":\"EntryPoint\",\"urlTemplate\":\"https:\/\/esment.org\/blogs\/?s={search_term_string}\"},\"query-input\":{\"@type\":\"PropertyValueSpecification\",\"valueRequired\":true,\"valueName\":\"search_term_string\"}}],\"inLanguage\":\"es\"},{\"@type\":\"Organization\",\"@id\":\"https:\/\/esment.org\/blogs\/#organization\",\"name\":\"Blog Comunidad Esment\",\"url\":\"https:\/\/esment.org\/blogs\/\",\"logo\":{\"@type\":\"ImageObject\",\"inLanguage\":\"es\",\"@id\":\"https:\/\/esment.org\/blogs\/#\/schema\/logo\/image\/\",\"url\":\"https:\/\/esment.org\/blogs\/wp-content\/uploads\/2020\/10\/logo-header.svg\",\"contentUrl\":\"https:\/\/esment.org\/blogs\/wp-content\/uploads\/2020\/10\/logo-header.svg\",\"caption\":\"Blog Comunidad Esment\"},\"image\":{\"@id\":\"https:\/\/esment.org\/blogs\/#\/schema\/logo\/image\/\"}},{\"@type\":\"Person\",\"@id\":\"https:\/\/esment.org\/blogs\/#\/schema\/person\/d2af4a49059695d7ca3491e0498d6b36\",\"name\":\"Yolanda Tarramera\",\"image\":{\"@type\":\"ImageObject\",\"inLanguage\":\"es\",\"@id\":\"https:\/\/esment.org\/blogs\/#\/schema\/person\/image\/\",\"url\":\"https:\/\/secure.gravatar.com\/avatar\/c93060ec77db68f5fefd782408bed5a5005bb0b119c5ece6cdbf5ad8631c6e5b?s=96&d=mm&r=g\",\"contentUrl\":\"https:\/\/secure.gravatar.com\/avatar\/c93060ec77db68f5fefd782408bed5a5005bb0b119c5ece6cdbf5ad8631c6e5b?s=96&d=mm&r=g\",\"caption\":\"Yolanda Tarramera\"},\"url\":\"https:\/\/esment.org\/blogs\/author\/yolanda-tarramera\/\"}]}<\/script>\n<!-- \/ Yoast SEO plugin. -->","yoast_head_json":{"title":"Josep Planisi, talento de Esment Escola Professional, finalista en ProturChef 2026 - Blog Comunidad Esment","robots":{"index":"index","follow":"follow","max-snippet":"max-snippet:-1","max-image-preview":"max-image-preview:large","max-video-preview":"max-video-preview:-1"},"canonical":"https:\/\/esment.org\/blogs\/josep-planisi-talento-de-esment-escola-professional-finalista-en-proturchef-2026\/","og_locale":"es_ES","og_type":"article","og_title":"Josep Planisi, talento de Esment Escola Professional, finalista en ProturChef 2026 - Blog Comunidad Esment","og_description":"Josep Planisi, estudiante de Formaci\u00f3n Dual de Cocina de Esment Escola Professional, se ha convertido en finalista del concurso nacional ProturChef 2026. A sus 25 a\u00f1os, esta joven promesa de la gastronom\u00eda nos cuenta que su pasi\u00f3n por la cocina empez\u00f3 cuando era un ni\u00f1o, en la Colonia de Sant Pere, observando a su madre [&hellip;]","og_url":"https:\/\/esment.org\/blogs\/josep-planisi-talento-de-esment-escola-professional-finalista-en-proturchef-2026\/","og_site_name":"Blog Comunidad Esment","article_published_time":"2026-03-24T14:07:58+00:00","article_modified_time":"2026-03-27T09:51:10+00:00","og_image":[{"width":1200,"height":1600,"url":"https:\/\/esment.org\/blogs\/wp-content\/uploads\/2026\/03\/41b89519-a67f-4f33-baf7-b1c20b022d6c.jpg","type":"image\/jpeg"}],"author":"Yolanda Tarramera","twitter_card":"summary_large_image","twitter_misc":{"Escrito por":"Yolanda Tarramera","Tiempo de lectura":"2 minutos"},"schema":{"@context":"https:\/\/schema.org","@graph":[{"@type":"Article","@id":"https:\/\/esment.org\/blogs\/josep-planisi-talento-de-esment-escola-professional-finalista-en-proturchef-2026\/#article","isPartOf":{"@id":"https:\/\/esment.org\/blogs\/josep-planisi-talento-de-esment-escola-professional-finalista-en-proturchef-2026\/"},"author":{"name":"Yolanda Tarramera","@id":"https:\/\/esment.org\/blogs\/#\/schema\/person\/d2af4a49059695d7ca3491e0498d6b36"},"headline":"Josep Planisi, talento de Esment Escola Professional, finalista en ProturChef 2026","datePublished":"2026-03-24T14:07:58+00:00","dateModified":"2026-03-27T09:51:10+00:00","mainEntityOfPage":{"@id":"https:\/\/esment.org\/blogs\/josep-planisi-talento-de-esment-escola-professional-finalista-en-proturchef-2026\/"},"wordCount":292,"commentCount":0,"publisher":{"@id":"https:\/\/esment.org\/blogs\/#organization"},"image":{"@id":"https:\/\/esment.org\/blogs\/josep-planisi-talento-de-esment-escola-professional-finalista-en-proturchef-2026\/#primaryimage"},"thumbnailUrl":"https:\/\/esment.org\/blogs\/wp-content\/uploads\/2026\/03\/41b89519-a67f-4f33-baf7-b1c20b022d6c.jpg","keywords":["aprendiz","cocina","esment escola professional","protur chef","talento"],"inLanguage":"es","potentialAction":[{"@type":"CommentAction","name":"Comment","target":["https:\/\/esment.org\/blogs\/josep-planisi-talento-de-esment-escola-professional-finalista-en-proturchef-2026\/#respond"]}]},{"@type":"WebPage","@id":"https:\/\/esment.org\/blogs\/josep-planisi-talento-de-esment-escola-professional-finalista-en-proturchef-2026\/","url":"https:\/\/esment.org\/blogs\/josep-planisi-talento-de-esment-escola-professional-finalista-en-proturchef-2026\/","name":"Josep Planisi, talento de Esment Escola Professional, finalista en ProturChef 2026 - Blog Comunidad Esment","isPartOf":{"@id":"https:\/\/esment.org\/blogs\/#website"},"primaryImageOfPage":{"@id":"https:\/\/esment.org\/blogs\/josep-planisi-talento-de-esment-escola-professional-finalista-en-proturchef-2026\/#primaryimage"},"image":{"@id":"https:\/\/esment.org\/blogs\/josep-planisi-talento-de-esment-escola-professional-finalista-en-proturchef-2026\/#primaryimage"},"thumbnailUrl":"https:\/\/esment.org\/blogs\/wp-content\/uploads\/2026\/03\/41b89519-a67f-4f33-baf7-b1c20b022d6c.jpg","datePublished":"2026-03-24T14:07:58+00:00","dateModified":"2026-03-27T09:51:10+00:00","breadcrumb":{"@id":"https:\/\/esment.org\/blogs\/josep-planisi-talento-de-esment-escola-professional-finalista-en-proturchef-2026\/#breadcrumb"},"inLanguage":"es","potentialAction":[{"@type":"ReadAction","target":["https:\/\/esment.org\/blogs\/josep-planisi-talento-de-esment-escola-professional-finalista-en-proturchef-2026\/"]}]},{"@type":"ImageObject","inLanguage":"es","@id":"https:\/\/esment.org\/blogs\/josep-planisi-talento-de-esment-escola-professional-finalista-en-proturchef-2026\/#primaryimage","url":"https:\/\/esment.org\/blogs\/wp-content\/uploads\/2026\/03\/41b89519-a67f-4f33-baf7-b1c20b022d6c.jpg","contentUrl":"https:\/\/esment.org\/blogs\/wp-content\/uploads\/2026\/03\/41b89519-a67f-4f33-baf7-b1c20b022d6c.jpg","width":1200,"height":1600},{"@type":"BreadcrumbList","@id":"https:\/\/esment.org\/blogs\/josep-planisi-talento-de-esment-escola-professional-finalista-en-proturchef-2026\/#breadcrumb","itemListElement":[{"@type":"ListItem","position":1,"name":"Portada","item":"https:\/\/esment.org\/blogs\/"},{"@type":"ListItem","position":2,"name":"Josep Planisi, talento de Esment Escola Professional, finalista en ProturChef 2026"}]},{"@type":"WebSite","@id":"https:\/\/esment.org\/blogs\/#website","url":"https:\/\/esment.org\/blogs\/","name":"Blog Comunidad Esment","description":"Blogs de Esment","publisher":{"@id":"https:\/\/esment.org\/blogs\/#organization"},"potentialAction":[{"@type":"SearchAction","target":{"@type":"EntryPoint","urlTemplate":"https:\/\/esment.org\/blogs\/?s={search_term_string}"},"query-input":{"@type":"PropertyValueSpecification","valueRequired":true,"valueName":"search_term_string"}}],"inLanguage":"es"},{"@type":"Organization","@id":"https:\/\/esment.org\/blogs\/#organization","name":"Blog Comunidad Esment","url":"https:\/\/esment.org\/blogs\/","logo":{"@type":"ImageObject","inLanguage":"es","@id":"https:\/\/esment.org\/blogs\/#\/schema\/logo\/image\/","url":"https:\/\/esment.org\/blogs\/wp-content\/uploads\/2020\/10\/logo-header.svg","contentUrl":"https:\/\/esment.org\/blogs\/wp-content\/uploads\/2020\/10\/logo-header.svg","caption":"Blog Comunidad Esment"},"image":{"@id":"https:\/\/esment.org\/blogs\/#\/schema\/logo\/image\/"}},{"@type":"Person","@id":"https:\/\/esment.org\/blogs\/#\/schema\/person\/d2af4a49059695d7ca3491e0498d6b36","name":"Yolanda Tarramera","image":{"@type":"ImageObject","inLanguage":"es","@id":"https:\/\/esment.org\/blogs\/#\/schema\/person\/image\/","url":"https:\/\/secure.gravatar.com\/avatar\/c93060ec77db68f5fefd782408bed5a5005bb0b119c5ece6cdbf5ad8631c6e5b?s=96&d=mm&r=g","contentUrl":"https:\/\/secure.gravatar.com\/avatar\/c93060ec77db68f5fefd782408bed5a5005bb0b119c5ece6cdbf5ad8631c6e5b?s=96&d=mm&r=g","caption":"Yolanda Tarramera"},"url":"https:\/\/esment.org\/blogs\/author\/yolanda-tarramera\/"}]}},"_links":{"self":[{"href":"https:\/\/esment.org\/blogs\/wp-json\/wp\/v2\/posts\/28685","targetHints":{"allow":["GET"]}}],"collection":[{"href":"https:\/\/esment.org\/blogs\/wp-json\/wp\/v2\/posts"}],"about":[{"href":"https:\/\/esment.org\/blogs\/wp-json\/wp\/v2\/types\/post"}],"author":[{"embeddable":true,"href":"https:\/\/esment.org\/blogs\/wp-json\/wp\/v2\/users\/5"}],"replies":[{"embeddable":true,"href":"https:\/\/esment.org\/blogs\/wp-json\/wp\/v2\/comments?post=28685"}],"version-history":[{"count":5,"href":"https:\/\/esment.org\/blogs\/wp-json\/wp\/v2\/posts\/28685\/revisions"}],"predecessor-version":[{"id":28696,"href":"https:\/\/esment.org\/blogs\/wp-json\/wp\/v2\/posts\/28685\/revisions\/28696"}],"wp:featuredmedia":[{"embeddable":true,"href":"https:\/\/esment.org\/blogs\/wp-json\/wp\/v2\/media\/28686"}],"wp:attachment":[{"href":"https:\/\/esment.org\/blogs\/wp-json\/wp\/v2\/media?parent=28685"}],"wp:term":[{"taxonomy":"category","embeddable":true,"href":"https:\/\/esment.org\/blogs\/wp-json\/wp\/v2\/categories?post=28685"},{"taxonomy":"post_tag","embeddable":true,"href":"https:\/\/esment.org\/blogs\/wp-json\/wp\/v2\/tags?post=28685"}],"curies":[{"name":"wp","href":"https:\/\/api.w.org\/{rel}","templated":true}]}}