{"id":28652,"date":"2026-03-23T12:16:54","date_gmt":"2026-03-23T12:16:54","guid":{"rendered":"https:\/\/esment.org\/blogs\/?p=28652"},"modified":"2026-03-23T13:15:42","modified_gmt":"2026-03-23T13:15:42","slug":"presentacion-del-proyecto-formativo-conjunto-entre-esment-escola-professional-y-cifp-juniper-serra","status":"publish","type":"post","link":"https:\/\/esment.org\/blogs\/presentacion-del-proyecto-formativo-conjunto-entre-esment-escola-professional-y-cifp-juniper-serra\/","title":{"rendered":"Presentaci\u00f3n del proyecto formativo entre Esment Escola Professional y CIFP Jun\u00edper Serra"},"content":{"rendered":"<p data-start=\"107\" data-end=\"420\">La colaboraci\u00f3n entre <span class=\"hover:entity-accent entity-underline inline cursor-pointer align-baseline\"><span class=\"whitespace-normal\">Esment Escola Professional<\/span><\/span> y <span class=\"hover:entity-accent entity-underline inline cursor-pointer align-baseline\"><span class=\"whitespace-normal\">CIFP Jun\u00edper Serra<\/span><\/span> celebr\u00f3 su segunda edici\u00f3n con una nueva experiencia formativa conjunta. El proyecto culmin\u00f3 en Casa Esment, en una jornada en la que el alumnado tuvo que poner en pr\u00e1ctica el trabajo aprendido durante meses de formaci\u00f3n.<\/p>\n<p data-start=\"422\" data-end=\"854\">Si en la edici\u00f3n anterior el escenario fue el propio <span class=\"hover:entity-accent entity-underline inline cursor-pointer align-baseline\"><span class=\"whitespace-normal\">CIFP Jun\u00edper Serra<\/span><\/span>, este a\u00f1o el testigo lo recogi\u00f3 Casa Esment, donde, tras meses de preparaci\u00f3n, estudiantes de FP B\u00e1sica en Cocina y Restauraci\u00f3n y alumnos de FP Dual Adaptada de <span class=\"hover:entity-accent entity-underline inline cursor-pointer align-baseline\"><span class=\"whitespace-normal\">Esment Escola Professional <\/span><\/span>demostraron saber organizar un evento gastron\u00f3mico real dirigido a cerca de un centenar de comensales. La cita fue el resultado de m\u00e1s de cinco meses de trabajo y aprendizaje en el que los alumnos aprendieron a planificar, crear y coordinar, de forma conjunta, un evento gastron\u00f3mico en todas sus fases, desde la idea inicial hasta el servicio final.<\/p>\n<p data-start=\"1292\" data-end=\"1660\">Para llevarlo a cabo se utilizaron metodolog\u00edas activas como el Aprendizaje Basado en Proyectos (ABP), el aprendizaje cooperativo o el team-based learning (TBL), que permitieron al alumnado convertirse en protagonista de su propio proceso formativo. En este contexto, la cocina se convirti\u00f3 en un espacio donde cada estudiante particip\u00f3 en din\u00e1micas de trabajo reales.<\/p>\n<p data-start=\"0\" data-end=\"340\">La jornada celebrada en Casa Esment fue mucho m\u00e1s que una demostraci\u00f3n de talento en la cocina. Visibiliz\u00f3 valores como el trabajo en equipo, la responsabilidad y la superaci\u00f3n. Se vi\u00f3 en cada plato y detalle. Una organizaci\u00f3n muy profesional que reflej\u00f3 las t\u00e9cnicas y habilidades personales y sociales adquiridas por los alumnos a lo largo de esta formacion.<\/p>\n<p data-start=\"342\" data-end=\"468\" data-is-last-node=\"\" data-is-only-node=\"\">Un proyecto que ha demostrado c\u00f3mo la diversidad y el trabajo compartido pueden ser una herramienta real para aprender y crecer.<\/p>\n<p data-start=\"1662\" data-end=\"2013\"><img fetchpriority=\"high\" decoding=\"async\" class=\"alignnone wp-image-28661 size-full\" src=\"https:\/\/esment.org\/blogs\/wp-content\/uploads\/2026\/03\/81680ec5-9b59-4714-9ad6-7bfb8e8407c0.jpg\" alt=\"\" width=\"1200\" height=\"1600\" srcset=\"https:\/\/esment.org\/blogs\/wp-content\/uploads\/2026\/03\/81680ec5-9b59-4714-9ad6-7bfb8e8407c0.jpg 1200w, https:\/\/esment.org\/blogs\/wp-content\/uploads\/2026\/03\/81680ec5-9b59-4714-9ad6-7bfb8e8407c0-225x300.jpg 225w, https:\/\/esment.org\/blogs\/wp-content\/uploads\/2026\/03\/81680ec5-9b59-4714-9ad6-7bfb8e8407c0-768x1024.jpg 768w, https:\/\/esment.org\/blogs\/wp-content\/uploads\/2026\/03\/81680ec5-9b59-4714-9ad6-7bfb8e8407c0-1152x1536.jpg 1152w\" sizes=\"(max-width: 1200px) 100vw, 1200px\" \/><\/p>\n<p data-start=\"1662\" data-end=\"2013\"><img decoding=\"async\" class=\"alignnone wp-image-28660 size-full\" src=\"https:\/\/esment.org\/blogs\/wp-content\/uploads\/2026\/03\/38c8ac89-2d32-4ddb-8baf-e5c7072754a4.jpg\" alt=\"\" width=\"1200\" height=\"1600\" srcset=\"https:\/\/esment.org\/blogs\/wp-content\/uploads\/2026\/03\/38c8ac89-2d32-4ddb-8baf-e5c7072754a4.jpg 1200w, https:\/\/esment.org\/blogs\/wp-content\/uploads\/2026\/03\/38c8ac89-2d32-4ddb-8baf-e5c7072754a4-225x300.jpg 225w, https:\/\/esment.org\/blogs\/wp-content\/uploads\/2026\/03\/38c8ac89-2d32-4ddb-8baf-e5c7072754a4-768x1024.jpg 768w, https:\/\/esment.org\/blogs\/wp-content\/uploads\/2026\/03\/38c8ac89-2d32-4ddb-8baf-e5c7072754a4-1152x1536.jpg 1152w\" sizes=\"(max-width: 1200px) 100vw, 1200px\" \/><\/p>\n<p data-start=\"1662\" data-end=\"2013\"><img decoding=\"async\" class=\"alignnone wp-image-28659 size-full\" src=\"https:\/\/esment.org\/blogs\/wp-content\/uploads\/2026\/03\/f3133326-b720-4673-8e51-9e77eb58cb16.jpg\" alt=\"\" width=\"1200\" height=\"1600\" srcset=\"https:\/\/esment.org\/blogs\/wp-content\/uploads\/2026\/03\/f3133326-b720-4673-8e51-9e77eb58cb16.jpg 1200w, https:\/\/esment.org\/blogs\/wp-content\/uploads\/2026\/03\/f3133326-b720-4673-8e51-9e77eb58cb16-225x300.jpg 225w, https:\/\/esment.org\/blogs\/wp-content\/uploads\/2026\/03\/f3133326-b720-4673-8e51-9e77eb58cb16-768x1024.jpg 768w, https:\/\/esment.org\/blogs\/wp-content\/uploads\/2026\/03\/f3133326-b720-4673-8e51-9e77eb58cb16-1152x1536.jpg 1152w\" sizes=\"(max-width: 1200px) 100vw, 1200px\" \/><\/p>\n<p data-start=\"1662\" data-end=\"2013\"><img loading=\"lazy\" decoding=\"async\" class=\"alignnone wp-image-28658 size-full\" src=\"https:\/\/esment.org\/blogs\/wp-content\/uploads\/2026\/03\/c693ca12-3b35-45a8-87ed-80c920b7cd62.jpg\" alt=\"\" width=\"1200\" height=\"1600\" srcset=\"https:\/\/esment.org\/blogs\/wp-content\/uploads\/2026\/03\/c693ca12-3b35-45a8-87ed-80c920b7cd62.jpg 1200w, https:\/\/esment.org\/blogs\/wp-content\/uploads\/2026\/03\/c693ca12-3b35-45a8-87ed-80c920b7cd62-225x300.jpg 225w, https:\/\/esment.org\/blogs\/wp-content\/uploads\/2026\/03\/c693ca12-3b35-45a8-87ed-80c920b7cd62-768x1024.jpg 768w, https:\/\/esment.org\/blogs\/wp-content\/uploads\/2026\/03\/c693ca12-3b35-45a8-87ed-80c920b7cd62-1152x1536.jpg 1152w\" sizes=\"(max-width: 1200px) 100vw, 1200px\" \/><\/p>\n<p data-start=\"1662\" data-end=\"2013\"><img loading=\"lazy\" decoding=\"async\" class=\"alignnone wp-image-28657 size-full\" src=\"https:\/\/esment.org\/blogs\/wp-content\/uploads\/2026\/03\/12dcb928-9a4f-49bb-8344-68fb1b9b3ded.jpg\" alt=\"\" width=\"1200\" height=\"1600\" srcset=\"https:\/\/esment.org\/blogs\/wp-content\/uploads\/2026\/03\/12dcb928-9a4f-49bb-8344-68fb1b9b3ded.jpg 1200w, https:\/\/esment.org\/blogs\/wp-content\/uploads\/2026\/03\/12dcb928-9a4f-49bb-8344-68fb1b9b3ded-225x300.jpg 225w, https:\/\/esment.org\/blogs\/wp-content\/uploads\/2026\/03\/12dcb928-9a4f-49bb-8344-68fb1b9b3ded-768x1024.jpg 768w, https:\/\/esment.org\/blogs\/wp-content\/uploads\/2026\/03\/12dcb928-9a4f-49bb-8344-68fb1b9b3ded-1152x1536.jpg 1152w\" sizes=\"(max-width: 1200px) 100vw, 1200px\" \/><\/p>\n<p data-start=\"1662\" data-end=\"2013\"><img loading=\"lazy\" decoding=\"async\" class=\"alignnone wp-image-28656 size-full\" src=\"https:\/\/esment.org\/blogs\/wp-content\/uploads\/2026\/03\/2975327f-ee0e-4375-b4d2-9dae9000ae9d.jpg\" alt=\"\" width=\"1200\" height=\"1600\" srcset=\"https:\/\/esment.org\/blogs\/wp-content\/uploads\/2026\/03\/2975327f-ee0e-4375-b4d2-9dae9000ae9d.jpg 1200w, https:\/\/esment.org\/blogs\/wp-content\/uploads\/2026\/03\/2975327f-ee0e-4375-b4d2-9dae9000ae9d-225x300.jpg 225w, https:\/\/esment.org\/blogs\/wp-content\/uploads\/2026\/03\/2975327f-ee0e-4375-b4d2-9dae9000ae9d-768x1024.jpg 768w, https:\/\/esment.org\/blogs\/wp-content\/uploads\/2026\/03\/2975327f-ee0e-4375-b4d2-9dae9000ae9d-1152x1536.jpg 1152w\" sizes=\"(max-width: 1200px) 100vw, 1200px\" \/><\/p>\n<p data-start=\"1662\" data-end=\"2013\"><img loading=\"lazy\" decoding=\"async\" class=\"alignnone wp-image-28655 size-full\" src=\"https:\/\/esment.org\/blogs\/wp-content\/uploads\/2026\/03\/6c23d9b3-10a3-4b34-8844-0373650f15c9.jpg\" alt=\"\" width=\"1200\" height=\"1600\" srcset=\"https:\/\/esment.org\/blogs\/wp-content\/uploads\/2026\/03\/6c23d9b3-10a3-4b34-8844-0373650f15c9.jpg 1200w, https:\/\/esment.org\/blogs\/wp-content\/uploads\/2026\/03\/6c23d9b3-10a3-4b34-8844-0373650f15c9-225x300.jpg 225w, https:\/\/esment.org\/blogs\/wp-content\/uploads\/2026\/03\/6c23d9b3-10a3-4b34-8844-0373650f15c9-768x1024.jpg 768w, https:\/\/esment.org\/blogs\/wp-content\/uploads\/2026\/03\/6c23d9b3-10a3-4b34-8844-0373650f15c9-1152x1536.jpg 1152w\" sizes=\"(max-width: 1200px) 100vw, 1200px\" \/> <img loading=\"lazy\" decoding=\"async\" class=\"alignnone wp-image-28654 size-full\" src=\"https:\/\/esment.org\/blogs\/wp-content\/uploads\/2026\/03\/a78a3c9b-04e2-46a6-a5c8-22d13b7360b7.jpg\" alt=\"\" width=\"1200\" height=\"1600\" srcset=\"https:\/\/esment.org\/blogs\/wp-content\/uploads\/2026\/03\/a78a3c9b-04e2-46a6-a5c8-22d13b7360b7.jpg 1200w, https:\/\/esment.org\/blogs\/wp-content\/uploads\/2026\/03\/a78a3c9b-04e2-46a6-a5c8-22d13b7360b7-225x300.jpg 225w, https:\/\/esment.org\/blogs\/wp-content\/uploads\/2026\/03\/a78a3c9b-04e2-46a6-a5c8-22d13b7360b7-768x1024.jpg 768w, https:\/\/esment.org\/blogs\/wp-content\/uploads\/2026\/03\/a78a3c9b-04e2-46a6-a5c8-22d13b7360b7-1152x1536.jpg 1152w\" sizes=\"(max-width: 1200px) 100vw, 1200px\" \/><\/p>\n","protected":false},"excerpt":{"rendered":"<p>La colaboraci\u00f3n entre Esment Escola Professional y CIFP Jun\u00edper Serra celebr\u00f3 su segunda edici\u00f3n con una nueva experiencia formativa conjunta. El proyecto culmin\u00f3 en Casa Esment, en una jornada en la que el alumnado tuvo que poner en pr\u00e1ctica el trabajo aprendido durante meses de formaci\u00f3n. Si en la edici\u00f3n anterior el escenario fue el [&hellip;]<\/p>\n","protected":false},"author":5,"featured_media":28653,"comment_status":"open","ping_status":"closed","sticky":false,"template":"","format":"standard","meta":{"_acf_changed":false,"footnotes":""},"categories":[1],"tags":[1280,293,210,774,2378,2377],"class_list":["post-28652","post","type-post","status-publish","format-standard","has-post-thumbnail","hentry","category-sin-categoria","tag-casa-esment","tag-cocina","tag-colaboracion","tag-esment-escola-professional","tag-evento","tag-juniper-serra"],"acf":[],"yoast_head":"<!-- This site is optimized with the Yoast SEO plugin v26.4 - https:\/\/yoast.com\/wordpress\/plugins\/seo\/ -->\n<title>Presentaci\u00f3n del proyecto formativo entre Esment Escola Professional y CIFP Jun\u00edper Serra - Blog Comunidad Esment<\/title>\n<meta name=\"robots\" content=\"index, follow, max-snippet:-1, max-image-preview:large, max-video-preview:-1\" \/>\n<link rel=\"canonical\" href=\"https:\/\/esment.org\/blogs\/presentacion-del-proyecto-formativo-conjunto-entre-esment-escola-professional-y-cifp-juniper-serra\/\" \/>\n<meta property=\"og:locale\" content=\"es_ES\" \/>\n<meta property=\"og:type\" content=\"article\" \/>\n<meta property=\"og:title\" content=\"Presentaci\u00f3n del proyecto formativo entre Esment Escola Professional y CIFP Jun\u00edper Serra - Blog Comunidad Esment\" \/>\n<meta property=\"og:description\" content=\"La colaboraci\u00f3n entre Esment Escola Professional y CIFP Jun\u00edper Serra celebr\u00f3 su segunda edici\u00f3n con una nueva experiencia formativa conjunta. El proyecto culmin\u00f3 en Casa Esment, en una jornada en la que el alumnado tuvo que poner en pr\u00e1ctica el trabajo aprendido durante meses de formaci\u00f3n. Si en la edici\u00f3n anterior el escenario fue el [&hellip;]\" \/>\n<meta property=\"og:url\" content=\"https:\/\/esment.org\/blogs\/presentacion-del-proyecto-formativo-conjunto-entre-esment-escola-professional-y-cifp-juniper-serra\/\" \/>\n<meta property=\"og:site_name\" content=\"Blog Comunidad Esment\" \/>\n<meta property=\"article:published_time\" content=\"2026-03-23T12:16:54+00:00\" \/>\n<meta property=\"article:modified_time\" content=\"2026-03-23T13:15:42+00:00\" \/>\n<meta property=\"og:image\" content=\"https:\/\/esment.org\/blogs\/wp-content\/uploads\/2026\/03\/c13a172d-f641-445a-a04a-019c514a041b-e1774265543402.jpg\" \/>\n\t<meta property=\"og:image:width\" content=\"1600\" \/>\n\t<meta property=\"og:image:height\" content=\"813\" \/>\n\t<meta property=\"og:image:type\" content=\"image\/jpeg\" \/>\n<meta name=\"author\" content=\"Yolanda Tarramera\" \/>\n<meta name=\"twitter:card\" content=\"summary_large_image\" \/>\n<meta name=\"twitter:label1\" content=\"Escrito por\" \/>\n\t<meta name=\"twitter:data1\" content=\"Yolanda Tarramera\" \/>\n\t<meta name=\"twitter:label2\" content=\"Tiempo de lectura\" \/>\n\t<meta name=\"twitter:data2\" content=\"4 minutos\" \/>\n<script type=\"application\/ld+json\" class=\"yoast-schema-graph\">{\"@context\":\"https:\/\/schema.org\",\"@graph\":[{\"@type\":\"Article\",\"@id\":\"https:\/\/esment.org\/blogs\/presentacion-del-proyecto-formativo-conjunto-entre-esment-escola-professional-y-cifp-juniper-serra\/#article\",\"isPartOf\":{\"@id\":\"https:\/\/esment.org\/blogs\/presentacion-del-proyecto-formativo-conjunto-entre-esment-escola-professional-y-cifp-juniper-serra\/\"},\"author\":{\"name\":\"Yolanda Tarramera\",\"@id\":\"https:\/\/esment.org\/blogs\/#\/schema\/person\/d2af4a49059695d7ca3491e0498d6b36\"},\"headline\":\"Presentaci\u00f3n del proyecto formativo entre Esment Escola Professional y CIFP Jun\u00edper Serra\",\"datePublished\":\"2026-03-23T12:16:54+00:00\",\"dateModified\":\"2026-03-23T13:15:42+00:00\",\"mainEntityOfPage\":{\"@id\":\"https:\/\/esment.org\/blogs\/presentacion-del-proyecto-formativo-conjunto-entre-esment-escola-professional-y-cifp-juniper-serra\/\"},\"wordCount\":318,\"commentCount\":0,\"publisher\":{\"@id\":\"https:\/\/esment.org\/blogs\/#organization\"},\"image\":{\"@id\":\"https:\/\/esment.org\/blogs\/presentacion-del-proyecto-formativo-conjunto-entre-esment-escola-professional-y-cifp-juniper-serra\/#primaryimage\"},\"thumbnailUrl\":\"https:\/\/esment.org\/blogs\/wp-content\/uploads\/2026\/03\/c13a172d-f641-445a-a04a-019c514a041b-e1774265543402.jpg\",\"keywords\":[\"casa esment\",\"cocina\",\"colaboraci\u00f3n\",\"esment escola professional\",\"evento\",\"Jun\u00edper Serra\"],\"inLanguage\":\"es\",\"potentialAction\":[{\"@type\":\"CommentAction\",\"name\":\"Comment\",\"target\":[\"https:\/\/esment.org\/blogs\/presentacion-del-proyecto-formativo-conjunto-entre-esment-escola-professional-y-cifp-juniper-serra\/#respond\"]}]},{\"@type\":\"WebPage\",\"@id\":\"https:\/\/esment.org\/blogs\/presentacion-del-proyecto-formativo-conjunto-entre-esment-escola-professional-y-cifp-juniper-serra\/\",\"url\":\"https:\/\/esment.org\/blogs\/presentacion-del-proyecto-formativo-conjunto-entre-esment-escola-professional-y-cifp-juniper-serra\/\",\"name\":\"Presentaci\u00f3n del proyecto formativo entre Esment Escola Professional y CIFP Jun\u00edper Serra - Blog Comunidad Esment\",\"isPartOf\":{\"@id\":\"https:\/\/esment.org\/blogs\/#website\"},\"primaryImageOfPage\":{\"@id\":\"https:\/\/esment.org\/blogs\/presentacion-del-proyecto-formativo-conjunto-entre-esment-escola-professional-y-cifp-juniper-serra\/#primaryimage\"},\"image\":{\"@id\":\"https:\/\/esment.org\/blogs\/presentacion-del-proyecto-formativo-conjunto-entre-esment-escola-professional-y-cifp-juniper-serra\/#primaryimage\"},\"thumbnailUrl\":\"https:\/\/esment.org\/blogs\/wp-content\/uploads\/2026\/03\/c13a172d-f641-445a-a04a-019c514a041b-e1774265543402.jpg\",\"datePublished\":\"2026-03-23T12:16:54+00:00\",\"dateModified\":\"2026-03-23T13:15:42+00:00\",\"breadcrumb\":{\"@id\":\"https:\/\/esment.org\/blogs\/presentacion-del-proyecto-formativo-conjunto-entre-esment-escola-professional-y-cifp-juniper-serra\/#breadcrumb\"},\"inLanguage\":\"es\",\"potentialAction\":[{\"@type\":\"ReadAction\",\"target\":[\"https:\/\/esment.org\/blogs\/presentacion-del-proyecto-formativo-conjunto-entre-esment-escola-professional-y-cifp-juniper-serra\/\"]}]},{\"@type\":\"ImageObject\",\"inLanguage\":\"es\",\"@id\":\"https:\/\/esment.org\/blogs\/presentacion-del-proyecto-formativo-conjunto-entre-esment-escola-professional-y-cifp-juniper-serra\/#primaryimage\",\"url\":\"https:\/\/esment.org\/blogs\/wp-content\/uploads\/2026\/03\/c13a172d-f641-445a-a04a-019c514a041b-e1774265543402.jpg\",\"contentUrl\":\"https:\/\/esment.org\/blogs\/wp-content\/uploads\/2026\/03\/c13a172d-f641-445a-a04a-019c514a041b-e1774265543402.jpg\",\"width\":1600,\"height\":813},{\"@type\":\"BreadcrumbList\",\"@id\":\"https:\/\/esment.org\/blogs\/presentacion-del-proyecto-formativo-conjunto-entre-esment-escola-professional-y-cifp-juniper-serra\/#breadcrumb\",\"itemListElement\":[{\"@type\":\"ListItem\",\"position\":1,\"name\":\"Portada\",\"item\":\"https:\/\/esment.org\/blogs\/\"},{\"@type\":\"ListItem\",\"position\":2,\"name\":\"Presentaci\u00f3n del proyecto formativo entre Esment Escola Professional y CIFP Jun\u00edper Serra\"}]},{\"@type\":\"WebSite\",\"@id\":\"https:\/\/esment.org\/blogs\/#website\",\"url\":\"https:\/\/esment.org\/blogs\/\",\"name\":\"Blog Comunidad Esment\",\"description\":\"Blogs de Esment\",\"publisher\":{\"@id\":\"https:\/\/esment.org\/blogs\/#organization\"},\"potentialAction\":[{\"@type\":\"SearchAction\",\"target\":{\"@type\":\"EntryPoint\",\"urlTemplate\":\"https:\/\/esment.org\/blogs\/?s={search_term_string}\"},\"query-input\":{\"@type\":\"PropertyValueSpecification\",\"valueRequired\":true,\"valueName\":\"search_term_string\"}}],\"inLanguage\":\"es\"},{\"@type\":\"Organization\",\"@id\":\"https:\/\/esment.org\/blogs\/#organization\",\"name\":\"Blog Comunidad Esment\",\"url\":\"https:\/\/esment.org\/blogs\/\",\"logo\":{\"@type\":\"ImageObject\",\"inLanguage\":\"es\",\"@id\":\"https:\/\/esment.org\/blogs\/#\/schema\/logo\/image\/\",\"url\":\"https:\/\/esment.org\/blogs\/wp-content\/uploads\/2020\/10\/logo-header.svg\",\"contentUrl\":\"https:\/\/esment.org\/blogs\/wp-content\/uploads\/2020\/10\/logo-header.svg\",\"caption\":\"Blog Comunidad Esment\"},\"image\":{\"@id\":\"https:\/\/esment.org\/blogs\/#\/schema\/logo\/image\/\"}},{\"@type\":\"Person\",\"@id\":\"https:\/\/esment.org\/blogs\/#\/schema\/person\/d2af4a49059695d7ca3491e0498d6b36\",\"name\":\"Yolanda Tarramera\",\"image\":{\"@type\":\"ImageObject\",\"inLanguage\":\"es\",\"@id\":\"https:\/\/esment.org\/blogs\/#\/schema\/person\/image\/\",\"url\":\"https:\/\/secure.gravatar.com\/avatar\/c93060ec77db68f5fefd782408bed5a5005bb0b119c5ece6cdbf5ad8631c6e5b?s=96&d=mm&r=g\",\"contentUrl\":\"https:\/\/secure.gravatar.com\/avatar\/c93060ec77db68f5fefd782408bed5a5005bb0b119c5ece6cdbf5ad8631c6e5b?s=96&d=mm&r=g\",\"caption\":\"Yolanda Tarramera\"},\"url\":\"https:\/\/esment.org\/blogs\/author\/yolanda-tarramera\/\"}]}<\/script>\n<!-- \/ Yoast SEO plugin. -->","yoast_head_json":{"title":"Presentaci\u00f3n del proyecto formativo entre Esment Escola Professional y CIFP Jun\u00edper Serra - Blog Comunidad Esment","robots":{"index":"index","follow":"follow","max-snippet":"max-snippet:-1","max-image-preview":"max-image-preview:large","max-video-preview":"max-video-preview:-1"},"canonical":"https:\/\/esment.org\/blogs\/presentacion-del-proyecto-formativo-conjunto-entre-esment-escola-professional-y-cifp-juniper-serra\/","og_locale":"es_ES","og_type":"article","og_title":"Presentaci\u00f3n del proyecto formativo entre Esment Escola Professional y CIFP Jun\u00edper Serra - Blog Comunidad Esment","og_description":"La colaboraci\u00f3n entre Esment Escola Professional y CIFP Jun\u00edper Serra celebr\u00f3 su segunda edici\u00f3n con una nueva experiencia formativa conjunta. El proyecto culmin\u00f3 en Casa Esment, en una jornada en la que el alumnado tuvo que poner en pr\u00e1ctica el trabajo aprendido durante meses de formaci\u00f3n. Si en la edici\u00f3n anterior el escenario fue el [&hellip;]","og_url":"https:\/\/esment.org\/blogs\/presentacion-del-proyecto-formativo-conjunto-entre-esment-escola-professional-y-cifp-juniper-serra\/","og_site_name":"Blog Comunidad Esment","article_published_time":"2026-03-23T12:16:54+00:00","article_modified_time":"2026-03-23T13:15:42+00:00","og_image":[{"width":1600,"height":813,"url":"https:\/\/esment.org\/blogs\/wp-content\/uploads\/2026\/03\/c13a172d-f641-445a-a04a-019c514a041b-e1774265543402.jpg","type":"image\/jpeg"}],"author":"Yolanda Tarramera","twitter_card":"summary_large_image","twitter_misc":{"Escrito por":"Yolanda Tarramera","Tiempo de lectura":"4 minutos"},"schema":{"@context":"https:\/\/schema.org","@graph":[{"@type":"Article","@id":"https:\/\/esment.org\/blogs\/presentacion-del-proyecto-formativo-conjunto-entre-esment-escola-professional-y-cifp-juniper-serra\/#article","isPartOf":{"@id":"https:\/\/esment.org\/blogs\/presentacion-del-proyecto-formativo-conjunto-entre-esment-escola-professional-y-cifp-juniper-serra\/"},"author":{"name":"Yolanda Tarramera","@id":"https:\/\/esment.org\/blogs\/#\/schema\/person\/d2af4a49059695d7ca3491e0498d6b36"},"headline":"Presentaci\u00f3n del proyecto formativo entre Esment Escola Professional y CIFP Jun\u00edper Serra","datePublished":"2026-03-23T12:16:54+00:00","dateModified":"2026-03-23T13:15:42+00:00","mainEntityOfPage":{"@id":"https:\/\/esment.org\/blogs\/presentacion-del-proyecto-formativo-conjunto-entre-esment-escola-professional-y-cifp-juniper-serra\/"},"wordCount":318,"commentCount":0,"publisher":{"@id":"https:\/\/esment.org\/blogs\/#organization"},"image":{"@id":"https:\/\/esment.org\/blogs\/presentacion-del-proyecto-formativo-conjunto-entre-esment-escola-professional-y-cifp-juniper-serra\/#primaryimage"},"thumbnailUrl":"https:\/\/esment.org\/blogs\/wp-content\/uploads\/2026\/03\/c13a172d-f641-445a-a04a-019c514a041b-e1774265543402.jpg","keywords":["casa esment","cocina","colaboraci\u00f3n","esment escola professional","evento","Jun\u00edper Serra"],"inLanguage":"es","potentialAction":[{"@type":"CommentAction","name":"Comment","target":["https:\/\/esment.org\/blogs\/presentacion-del-proyecto-formativo-conjunto-entre-esment-escola-professional-y-cifp-juniper-serra\/#respond"]}]},{"@type":"WebPage","@id":"https:\/\/esment.org\/blogs\/presentacion-del-proyecto-formativo-conjunto-entre-esment-escola-professional-y-cifp-juniper-serra\/","url":"https:\/\/esment.org\/blogs\/presentacion-del-proyecto-formativo-conjunto-entre-esment-escola-professional-y-cifp-juniper-serra\/","name":"Presentaci\u00f3n del proyecto formativo entre Esment Escola Professional y CIFP Jun\u00edper Serra - Blog Comunidad Esment","isPartOf":{"@id":"https:\/\/esment.org\/blogs\/#website"},"primaryImageOfPage":{"@id":"https:\/\/esment.org\/blogs\/presentacion-del-proyecto-formativo-conjunto-entre-esment-escola-professional-y-cifp-juniper-serra\/#primaryimage"},"image":{"@id":"https:\/\/esment.org\/blogs\/presentacion-del-proyecto-formativo-conjunto-entre-esment-escola-professional-y-cifp-juniper-serra\/#primaryimage"},"thumbnailUrl":"https:\/\/esment.org\/blogs\/wp-content\/uploads\/2026\/03\/c13a172d-f641-445a-a04a-019c514a041b-e1774265543402.jpg","datePublished":"2026-03-23T12:16:54+00:00","dateModified":"2026-03-23T13:15:42+00:00","breadcrumb":{"@id":"https:\/\/esment.org\/blogs\/presentacion-del-proyecto-formativo-conjunto-entre-esment-escola-professional-y-cifp-juniper-serra\/#breadcrumb"},"inLanguage":"es","potentialAction":[{"@type":"ReadAction","target":["https:\/\/esment.org\/blogs\/presentacion-del-proyecto-formativo-conjunto-entre-esment-escola-professional-y-cifp-juniper-serra\/"]}]},{"@type":"ImageObject","inLanguage":"es","@id":"https:\/\/esment.org\/blogs\/presentacion-del-proyecto-formativo-conjunto-entre-esment-escola-professional-y-cifp-juniper-serra\/#primaryimage","url":"https:\/\/esment.org\/blogs\/wp-content\/uploads\/2026\/03\/c13a172d-f641-445a-a04a-019c514a041b-e1774265543402.jpg","contentUrl":"https:\/\/esment.org\/blogs\/wp-content\/uploads\/2026\/03\/c13a172d-f641-445a-a04a-019c514a041b-e1774265543402.jpg","width":1600,"height":813},{"@type":"BreadcrumbList","@id":"https:\/\/esment.org\/blogs\/presentacion-del-proyecto-formativo-conjunto-entre-esment-escola-professional-y-cifp-juniper-serra\/#breadcrumb","itemListElement":[{"@type":"ListItem","position":1,"name":"Portada","item":"https:\/\/esment.org\/blogs\/"},{"@type":"ListItem","position":2,"name":"Presentaci\u00f3n del proyecto formativo entre Esment Escola Professional y CIFP Jun\u00edper Serra"}]},{"@type":"WebSite","@id":"https:\/\/esment.org\/blogs\/#website","url":"https:\/\/esment.org\/blogs\/","name":"Blog Comunidad Esment","description":"Blogs de Esment","publisher":{"@id":"https:\/\/esment.org\/blogs\/#organization"},"potentialAction":[{"@type":"SearchAction","target":{"@type":"EntryPoint","urlTemplate":"https:\/\/esment.org\/blogs\/?s={search_term_string}"},"query-input":{"@type":"PropertyValueSpecification","valueRequired":true,"valueName":"search_term_string"}}],"inLanguage":"es"},{"@type":"Organization","@id":"https:\/\/esment.org\/blogs\/#organization","name":"Blog Comunidad Esment","url":"https:\/\/esment.org\/blogs\/","logo":{"@type":"ImageObject","inLanguage":"es","@id":"https:\/\/esment.org\/blogs\/#\/schema\/logo\/image\/","url":"https:\/\/esment.org\/blogs\/wp-content\/uploads\/2020\/10\/logo-header.svg","contentUrl":"https:\/\/esment.org\/blogs\/wp-content\/uploads\/2020\/10\/logo-header.svg","caption":"Blog Comunidad Esment"},"image":{"@id":"https:\/\/esment.org\/blogs\/#\/schema\/logo\/image\/"}},{"@type":"Person","@id":"https:\/\/esment.org\/blogs\/#\/schema\/person\/d2af4a49059695d7ca3491e0498d6b36","name":"Yolanda Tarramera","image":{"@type":"ImageObject","inLanguage":"es","@id":"https:\/\/esment.org\/blogs\/#\/schema\/person\/image\/","url":"https:\/\/secure.gravatar.com\/avatar\/c93060ec77db68f5fefd782408bed5a5005bb0b119c5ece6cdbf5ad8631c6e5b?s=96&d=mm&r=g","contentUrl":"https:\/\/secure.gravatar.com\/avatar\/c93060ec77db68f5fefd782408bed5a5005bb0b119c5ece6cdbf5ad8631c6e5b?s=96&d=mm&r=g","caption":"Yolanda Tarramera"},"url":"https:\/\/esment.org\/blogs\/author\/yolanda-tarramera\/"}]}},"_links":{"self":[{"href":"https:\/\/esment.org\/blogs\/wp-json\/wp\/v2\/posts\/28652","targetHints":{"allow":["GET"]}}],"collection":[{"href":"https:\/\/esment.org\/blogs\/wp-json\/wp\/v2\/posts"}],"about":[{"href":"https:\/\/esment.org\/blogs\/wp-json\/wp\/v2\/types\/post"}],"author":[{"embeddable":true,"href":"https:\/\/esment.org\/blogs\/wp-json\/wp\/v2\/users\/5"}],"replies":[{"embeddable":true,"href":"https:\/\/esment.org\/blogs\/wp-json\/wp\/v2\/comments?post=28652"}],"version-history":[{"count":4,"href":"https:\/\/esment.org\/blogs\/wp-json\/wp\/v2\/posts\/28652\/revisions"}],"predecessor-version":[{"id":28680,"href":"https:\/\/esment.org\/blogs\/wp-json\/wp\/v2\/posts\/28652\/revisions\/28680"}],"wp:featuredmedia":[{"embeddable":true,"href":"https:\/\/esment.org\/blogs\/wp-json\/wp\/v2\/media\/28653"}],"wp:attachment":[{"href":"https:\/\/esment.org\/blogs\/wp-json\/wp\/v2\/media?parent=28652"}],"wp:term":[{"taxonomy":"category","embeddable":true,"href":"https:\/\/esment.org\/blogs\/wp-json\/wp\/v2\/categories?post=28652"},{"taxonomy":"post_tag","embeddable":true,"href":"https:\/\/esment.org\/blogs\/wp-json\/wp\/v2\/tags?post=28652"}],"curies":[{"name":"wp","href":"https:\/\/api.w.org\/{rel}","templated":true}]}}