{"id":27843,"date":"2025-11-24T08:31:39","date_gmt":"2025-11-24T08:31:39","guid":{"rendered":"https:\/\/esment.org\/blogs\/?p=27843"},"modified":"2025-11-24T08:32:17","modified_gmt":"2025-11-24T08:32:17","slug":"esment-participa-en-la-semana-de-la-infancia-y-la-adolescencia-de-palma","status":"publish","type":"post","link":"https:\/\/esment.org\/blogs\/esment-participa-en-la-semana-de-la-infancia-y-la-adolescencia-de-palma\/","title":{"rendered":"Esment participa en la Semana de la Infancia y la Adolescencia de Palma"},"content":{"rendered":"<p class=\"Y3BBE\" data-hveid=\"CAIQAA\" data-processed=\"true\" data-complete=\"true\">El equipo de Esment Infancia particip\u00f3 en la <span class=\"T286Pc\" data-sfc-cp=\"\" data-complete=\"true\" data-processed=\"true\">Semana de la Infancia y la Adolescencia de Palma<\/span> que concluy\u00f3 el pasado s\u00e1bado en una gran fiesta en el <span class=\"T286Pc\" data-sfc-cp=\"\" data-processed=\"true\" data-complete=\"true\">Parque de Sa Riera. Durante la jornada los m\u00e1s peque\u00f1os pudieron disfrutar de espacios creativos, talleres, juegos y diferentes actividades gratuitas. Adem\u00e1s, desde nuestro stand pudimos atender a muchas familias que se acercaron para conocer los servicios que ofrece Esment Infancia para ni\u00f1os de 0 a 16 a\u00f1os con dificultades en el desarrollo, as\u00ed como a sus familias.\u00a0<\/span><\/p>\n<p class=\"Y3BBE\" data-hveid=\"CAIQAA\" data-processed=\"true\" data-complete=\"true\"><span class=\"T286Pc\" data-sfc-cp=\"\" data-processed=\"true\" data-complete=\"true\">Un servicio que busca fomentar el bienestar y el desarrollo personal, social y educativo del menor y ofrecerle apoyos individualizados, flexibles y adaptados en sus distintas etapas de crecimiento y desarrollo.\u00a0\u00a0<\/span><\/p>\n<div data-sfc-cp=\"\" data-hveid=\"CAIQAA\" data-processed=\"true\" data-complete=\"true\"><\/div>\n<div data-sfc-cp=\"\" data-hveid=\"CAUQAA\" data-processed=\"true\" data-complete=\"true\"><\/div>\n","protected":false},"excerpt":{"rendered":"<p>El equipo de Esment Infancia particip\u00f3 en la Semana de la Infancia y la Adolescencia de Palma que concluy\u00f3 el pasado s\u00e1bado en una gran fiesta en el Parque de Sa Riera. Durante la jornada los m\u00e1s peque\u00f1os pudieron disfrutar de espacios creativos, talleres, juegos y diferentes actividades gratuitas. Adem\u00e1s, desde nuestro stand pudimos atender [&hellip;]<\/p>\n","protected":false},"author":5,"featured_media":27845,"comment_status":"open","ping_status":"closed","sticky":false,"template":"","format":"standard","meta":{"_acf_changed":false,"footnotes":""},"categories":[1],"tags":[304,1199,183,2336,2337],"class_list":["post-27843","post","type-post","status-publish","format-standard","has-post-thumbnail","hentry","category-sin-categoria","tag-ajuntament-de-palma","tag-esment-infancia","tag-palma","tag-semana-de-la-infancia-y-la-adolescencia","tag-servicio"],"acf":[],"yoast_head":"<!-- This site is optimized with the Yoast SEO plugin v26.4 - https:\/\/yoast.com\/wordpress\/plugins\/seo\/ -->\n<title>Esment participa en la Semana de la Infancia y la Adolescencia de Palma - Blog Comunidad Esment<\/title>\n<meta name=\"robots\" content=\"index, follow, max-snippet:-1, max-image-preview:large, max-video-preview:-1\" \/>\n<link rel=\"canonical\" href=\"https:\/\/esment.org\/blogs\/esment-participa-en-la-semana-de-la-infancia-y-la-adolescencia-de-palma\/\" \/>\n<meta property=\"og:locale\" content=\"es_ES\" \/>\n<meta property=\"og:type\" content=\"article\" \/>\n<meta property=\"og:title\" content=\"Esment participa en la Semana de la Infancia y la Adolescencia de Palma - Blog Comunidad Esment\" \/>\n<meta property=\"og:description\" content=\"El equipo de Esment Infancia particip\u00f3 en la Semana de la Infancia y la Adolescencia de Palma que concluy\u00f3 el pasado s\u00e1bado en una gran fiesta en el Parque de Sa Riera. Durante la jornada los m\u00e1s peque\u00f1os pudieron disfrutar de espacios creativos, talleres, juegos y diferentes actividades gratuitas. Adem\u00e1s, desde nuestro stand pudimos atender [&hellip;]\" \/>\n<meta property=\"og:url\" content=\"https:\/\/esment.org\/blogs\/esment-participa-en-la-semana-de-la-infancia-y-la-adolescencia-de-palma\/\" \/>\n<meta property=\"og:site_name\" content=\"Blog Comunidad Esment\" \/>\n<meta property=\"article:published_time\" content=\"2025-11-24T08:31:39+00:00\" \/>\n<meta property=\"article:modified_time\" content=\"2025-11-24T08:32:17+00:00\" \/>\n<meta property=\"og:image\" content=\"https:\/\/esment.org\/blogs\/wp-content\/uploads\/2025\/11\/8ceef2ef-e3c6-4188-810b-92d5fe120ac6-e1763972280509.jpg\" \/>\n\t<meta property=\"og:image:width\" content=\"898\" \/>\n\t<meta property=\"og:image:height\" content=\"940\" \/>\n\t<meta property=\"og:image:type\" content=\"image\/jpeg\" \/>\n<meta name=\"author\" content=\"Yolanda Tarramera\" \/>\n<meta name=\"twitter:card\" content=\"summary_large_image\" \/>\n<meta name=\"twitter:label1\" content=\"Escrito por\" \/>\n\t<meta name=\"twitter:data1\" content=\"Yolanda Tarramera\" \/>\n\t<meta name=\"twitter:label2\" content=\"Tiempo de lectura\" \/>\n\t<meta name=\"twitter:data2\" content=\"1 minuto\" \/>\n<script type=\"application\/ld+json\" class=\"yoast-schema-graph\">{\"@context\":\"https:\/\/schema.org\",\"@graph\":[{\"@type\":\"Article\",\"@id\":\"https:\/\/esment.org\/blogs\/esment-participa-en-la-semana-de-la-infancia-y-la-adolescencia-de-palma\/#article\",\"isPartOf\":{\"@id\":\"https:\/\/esment.org\/blogs\/esment-participa-en-la-semana-de-la-infancia-y-la-adolescencia-de-palma\/\"},\"author\":{\"name\":\"Yolanda Tarramera\",\"@id\":\"https:\/\/esment.org\/blogs\/#\/schema\/person\/d2af4a49059695d7ca3491e0498d6b36\"},\"headline\":\"Esment participa en la Semana de la Infancia y la Adolescencia de Palma\",\"datePublished\":\"2025-11-24T08:31:39+00:00\",\"dateModified\":\"2025-11-24T08:32:17+00:00\",\"mainEntityOfPage\":{\"@id\":\"https:\/\/esment.org\/blogs\/esment-participa-en-la-semana-de-la-infancia-y-la-adolescencia-de-palma\/\"},\"wordCount\":134,\"commentCount\":0,\"publisher\":{\"@id\":\"https:\/\/esment.org\/blogs\/#organization\"},\"image\":{\"@id\":\"https:\/\/esment.org\/blogs\/esment-participa-en-la-semana-de-la-infancia-y-la-adolescencia-de-palma\/#primaryimage\"},\"thumbnailUrl\":\"https:\/\/esment.org\/blogs\/wp-content\/uploads\/2025\/11\/8ceef2ef-e3c6-4188-810b-92d5fe120ac6-e1763972280509.jpg\",\"keywords\":[\"Ajuntament de Palma\",\"esment infancia\",\"Palma\",\"Semana de la Infancia y la Adolescencia\",\"servicio\"],\"inLanguage\":\"es\",\"potentialAction\":[{\"@type\":\"CommentAction\",\"name\":\"Comment\",\"target\":[\"https:\/\/esment.org\/blogs\/esment-participa-en-la-semana-de-la-infancia-y-la-adolescencia-de-palma\/#respond\"]}]},{\"@type\":\"WebPage\",\"@id\":\"https:\/\/esment.org\/blogs\/esment-participa-en-la-semana-de-la-infancia-y-la-adolescencia-de-palma\/\",\"url\":\"https:\/\/esment.org\/blogs\/esment-participa-en-la-semana-de-la-infancia-y-la-adolescencia-de-palma\/\",\"name\":\"Esment participa en la Semana de la Infancia y la Adolescencia de Palma - Blog Comunidad Esment\",\"isPartOf\":{\"@id\":\"https:\/\/esment.org\/blogs\/#website\"},\"primaryImageOfPage\":{\"@id\":\"https:\/\/esment.org\/blogs\/esment-participa-en-la-semana-de-la-infancia-y-la-adolescencia-de-palma\/#primaryimage\"},\"image\":{\"@id\":\"https:\/\/esment.org\/blogs\/esment-participa-en-la-semana-de-la-infancia-y-la-adolescencia-de-palma\/#primaryimage\"},\"thumbnailUrl\":\"https:\/\/esment.org\/blogs\/wp-content\/uploads\/2025\/11\/8ceef2ef-e3c6-4188-810b-92d5fe120ac6-e1763972280509.jpg\",\"datePublished\":\"2025-11-24T08:31:39+00:00\",\"dateModified\":\"2025-11-24T08:32:17+00:00\",\"breadcrumb\":{\"@id\":\"https:\/\/esment.org\/blogs\/esment-participa-en-la-semana-de-la-infancia-y-la-adolescencia-de-palma\/#breadcrumb\"},\"inLanguage\":\"es\",\"potentialAction\":[{\"@type\":\"ReadAction\",\"target\":[\"https:\/\/esment.org\/blogs\/esment-participa-en-la-semana-de-la-infancia-y-la-adolescencia-de-palma\/\"]}]},{\"@type\":\"ImageObject\",\"inLanguage\":\"es\",\"@id\":\"https:\/\/esment.org\/blogs\/esment-participa-en-la-semana-de-la-infancia-y-la-adolescencia-de-palma\/#primaryimage\",\"url\":\"https:\/\/esment.org\/blogs\/wp-content\/uploads\/2025\/11\/8ceef2ef-e3c6-4188-810b-92d5fe120ac6-e1763972280509.jpg\",\"contentUrl\":\"https:\/\/esment.org\/blogs\/wp-content\/uploads\/2025\/11\/8ceef2ef-e3c6-4188-810b-92d5fe120ac6-e1763972280509.jpg\",\"width\":898,\"height\":940},{\"@type\":\"BreadcrumbList\",\"@id\":\"https:\/\/esment.org\/blogs\/esment-participa-en-la-semana-de-la-infancia-y-la-adolescencia-de-palma\/#breadcrumb\",\"itemListElement\":[{\"@type\":\"ListItem\",\"position\":1,\"name\":\"Portada\",\"item\":\"https:\/\/esment.org\/blogs\/\"},{\"@type\":\"ListItem\",\"position\":2,\"name\":\"Esment participa en la Semana de la Infancia y la Adolescencia de Palma\"}]},{\"@type\":\"WebSite\",\"@id\":\"https:\/\/esment.org\/blogs\/#website\",\"url\":\"https:\/\/esment.org\/blogs\/\",\"name\":\"Blog Comunidad Esment\",\"description\":\"Blogs de Esment\",\"publisher\":{\"@id\":\"https:\/\/esment.org\/blogs\/#organization\"},\"potentialAction\":[{\"@type\":\"SearchAction\",\"target\":{\"@type\":\"EntryPoint\",\"urlTemplate\":\"https:\/\/esment.org\/blogs\/?s={search_term_string}\"},\"query-input\":{\"@type\":\"PropertyValueSpecification\",\"valueRequired\":true,\"valueName\":\"search_term_string\"}}],\"inLanguage\":\"es\"},{\"@type\":\"Organization\",\"@id\":\"https:\/\/esment.org\/blogs\/#organization\",\"name\":\"Blog Comunidad Esment\",\"url\":\"https:\/\/esment.org\/blogs\/\",\"logo\":{\"@type\":\"ImageObject\",\"inLanguage\":\"es\",\"@id\":\"https:\/\/esment.org\/blogs\/#\/schema\/logo\/image\/\",\"url\":\"https:\/\/esment.org\/blogs\/wp-content\/uploads\/2020\/10\/logo-header.svg\",\"contentUrl\":\"https:\/\/esment.org\/blogs\/wp-content\/uploads\/2020\/10\/logo-header.svg\",\"caption\":\"Blog Comunidad Esment\"},\"image\":{\"@id\":\"https:\/\/esment.org\/blogs\/#\/schema\/logo\/image\/\"}},{\"@type\":\"Person\",\"@id\":\"https:\/\/esment.org\/blogs\/#\/schema\/person\/d2af4a49059695d7ca3491e0498d6b36\",\"name\":\"Yolanda Tarramera\",\"image\":{\"@type\":\"ImageObject\",\"inLanguage\":\"es\",\"@id\":\"https:\/\/esment.org\/blogs\/#\/schema\/person\/image\/\",\"url\":\"https:\/\/secure.gravatar.com\/avatar\/c93060ec77db68f5fefd782408bed5a5005bb0b119c5ece6cdbf5ad8631c6e5b?s=96&d=mm&r=g\",\"contentUrl\":\"https:\/\/secure.gravatar.com\/avatar\/c93060ec77db68f5fefd782408bed5a5005bb0b119c5ece6cdbf5ad8631c6e5b?s=96&d=mm&r=g\",\"caption\":\"Yolanda Tarramera\"},\"url\":\"https:\/\/esment.org\/blogs\/author\/yolanda-tarramera\/\"}]}<\/script>\n<!-- \/ Yoast SEO plugin. -->","yoast_head_json":{"title":"Esment participa en la Semana de la Infancia y la Adolescencia de Palma - Blog Comunidad Esment","robots":{"index":"index","follow":"follow","max-snippet":"max-snippet:-1","max-image-preview":"max-image-preview:large","max-video-preview":"max-video-preview:-1"},"canonical":"https:\/\/esment.org\/blogs\/esment-participa-en-la-semana-de-la-infancia-y-la-adolescencia-de-palma\/","og_locale":"es_ES","og_type":"article","og_title":"Esment participa en la Semana de la Infancia y la Adolescencia de Palma - Blog Comunidad Esment","og_description":"El equipo de Esment Infancia particip\u00f3 en la Semana de la Infancia y la Adolescencia de Palma que concluy\u00f3 el pasado s\u00e1bado en una gran fiesta en el Parque de Sa Riera. Durante la jornada los m\u00e1s peque\u00f1os pudieron disfrutar de espacios creativos, talleres, juegos y diferentes actividades gratuitas. Adem\u00e1s, desde nuestro stand pudimos atender [&hellip;]","og_url":"https:\/\/esment.org\/blogs\/esment-participa-en-la-semana-de-la-infancia-y-la-adolescencia-de-palma\/","og_site_name":"Blog Comunidad Esment","article_published_time":"2025-11-24T08:31:39+00:00","article_modified_time":"2025-11-24T08:32:17+00:00","og_image":[{"width":898,"height":940,"url":"https:\/\/esment.org\/blogs\/wp-content\/uploads\/2025\/11\/8ceef2ef-e3c6-4188-810b-92d5fe120ac6-e1763972280509.jpg","type":"image\/jpeg"}],"author":"Yolanda Tarramera","twitter_card":"summary_large_image","twitter_misc":{"Escrito por":"Yolanda Tarramera","Tiempo de lectura":"1 minuto"},"schema":{"@context":"https:\/\/schema.org","@graph":[{"@type":"Article","@id":"https:\/\/esment.org\/blogs\/esment-participa-en-la-semana-de-la-infancia-y-la-adolescencia-de-palma\/#article","isPartOf":{"@id":"https:\/\/esment.org\/blogs\/esment-participa-en-la-semana-de-la-infancia-y-la-adolescencia-de-palma\/"},"author":{"name":"Yolanda Tarramera","@id":"https:\/\/esment.org\/blogs\/#\/schema\/person\/d2af4a49059695d7ca3491e0498d6b36"},"headline":"Esment participa en la Semana de la Infancia y la Adolescencia de Palma","datePublished":"2025-11-24T08:31:39+00:00","dateModified":"2025-11-24T08:32:17+00:00","mainEntityOfPage":{"@id":"https:\/\/esment.org\/blogs\/esment-participa-en-la-semana-de-la-infancia-y-la-adolescencia-de-palma\/"},"wordCount":134,"commentCount":0,"publisher":{"@id":"https:\/\/esment.org\/blogs\/#organization"},"image":{"@id":"https:\/\/esment.org\/blogs\/esment-participa-en-la-semana-de-la-infancia-y-la-adolescencia-de-palma\/#primaryimage"},"thumbnailUrl":"https:\/\/esment.org\/blogs\/wp-content\/uploads\/2025\/11\/8ceef2ef-e3c6-4188-810b-92d5fe120ac6-e1763972280509.jpg","keywords":["Ajuntament de Palma","esment infancia","Palma","Semana de la Infancia y la Adolescencia","servicio"],"inLanguage":"es","potentialAction":[{"@type":"CommentAction","name":"Comment","target":["https:\/\/esment.org\/blogs\/esment-participa-en-la-semana-de-la-infancia-y-la-adolescencia-de-palma\/#respond"]}]},{"@type":"WebPage","@id":"https:\/\/esment.org\/blogs\/esment-participa-en-la-semana-de-la-infancia-y-la-adolescencia-de-palma\/","url":"https:\/\/esment.org\/blogs\/esment-participa-en-la-semana-de-la-infancia-y-la-adolescencia-de-palma\/","name":"Esment participa en la Semana de la Infancia y la Adolescencia de Palma - Blog Comunidad Esment","isPartOf":{"@id":"https:\/\/esment.org\/blogs\/#website"},"primaryImageOfPage":{"@id":"https:\/\/esment.org\/blogs\/esment-participa-en-la-semana-de-la-infancia-y-la-adolescencia-de-palma\/#primaryimage"},"image":{"@id":"https:\/\/esment.org\/blogs\/esment-participa-en-la-semana-de-la-infancia-y-la-adolescencia-de-palma\/#primaryimage"},"thumbnailUrl":"https:\/\/esment.org\/blogs\/wp-content\/uploads\/2025\/11\/8ceef2ef-e3c6-4188-810b-92d5fe120ac6-e1763972280509.jpg","datePublished":"2025-11-24T08:31:39+00:00","dateModified":"2025-11-24T08:32:17+00:00","breadcrumb":{"@id":"https:\/\/esment.org\/blogs\/esment-participa-en-la-semana-de-la-infancia-y-la-adolescencia-de-palma\/#breadcrumb"},"inLanguage":"es","potentialAction":[{"@type":"ReadAction","target":["https:\/\/esment.org\/blogs\/esment-participa-en-la-semana-de-la-infancia-y-la-adolescencia-de-palma\/"]}]},{"@type":"ImageObject","inLanguage":"es","@id":"https:\/\/esment.org\/blogs\/esment-participa-en-la-semana-de-la-infancia-y-la-adolescencia-de-palma\/#primaryimage","url":"https:\/\/esment.org\/blogs\/wp-content\/uploads\/2025\/11\/8ceef2ef-e3c6-4188-810b-92d5fe120ac6-e1763972280509.jpg","contentUrl":"https:\/\/esment.org\/blogs\/wp-content\/uploads\/2025\/11\/8ceef2ef-e3c6-4188-810b-92d5fe120ac6-e1763972280509.jpg","width":898,"height":940},{"@type":"BreadcrumbList","@id":"https:\/\/esment.org\/blogs\/esment-participa-en-la-semana-de-la-infancia-y-la-adolescencia-de-palma\/#breadcrumb","itemListElement":[{"@type":"ListItem","position":1,"name":"Portada","item":"https:\/\/esment.org\/blogs\/"},{"@type":"ListItem","position":2,"name":"Esment participa en la Semana de la Infancia y la Adolescencia de Palma"}]},{"@type":"WebSite","@id":"https:\/\/esment.org\/blogs\/#website","url":"https:\/\/esment.org\/blogs\/","name":"Blog Comunidad Esment","description":"Blogs de Esment","publisher":{"@id":"https:\/\/esment.org\/blogs\/#organization"},"potentialAction":[{"@type":"SearchAction","target":{"@type":"EntryPoint","urlTemplate":"https:\/\/esment.org\/blogs\/?s={search_term_string}"},"query-input":{"@type":"PropertyValueSpecification","valueRequired":true,"valueName":"search_term_string"}}],"inLanguage":"es"},{"@type":"Organization","@id":"https:\/\/esment.org\/blogs\/#organization","name":"Blog Comunidad Esment","url":"https:\/\/esment.org\/blogs\/","logo":{"@type":"ImageObject","inLanguage":"es","@id":"https:\/\/esment.org\/blogs\/#\/schema\/logo\/image\/","url":"https:\/\/esment.org\/blogs\/wp-content\/uploads\/2020\/10\/logo-header.svg","contentUrl":"https:\/\/esment.org\/blogs\/wp-content\/uploads\/2020\/10\/logo-header.svg","caption":"Blog Comunidad Esment"},"image":{"@id":"https:\/\/esment.org\/blogs\/#\/schema\/logo\/image\/"}},{"@type":"Person","@id":"https:\/\/esment.org\/blogs\/#\/schema\/person\/d2af4a49059695d7ca3491e0498d6b36","name":"Yolanda Tarramera","image":{"@type":"ImageObject","inLanguage":"es","@id":"https:\/\/esment.org\/blogs\/#\/schema\/person\/image\/","url":"https:\/\/secure.gravatar.com\/avatar\/c93060ec77db68f5fefd782408bed5a5005bb0b119c5ece6cdbf5ad8631c6e5b?s=96&d=mm&r=g","contentUrl":"https:\/\/secure.gravatar.com\/avatar\/c93060ec77db68f5fefd782408bed5a5005bb0b119c5ece6cdbf5ad8631c6e5b?s=96&d=mm&r=g","caption":"Yolanda Tarramera"},"url":"https:\/\/esment.org\/blogs\/author\/yolanda-tarramera\/"}]}},"_links":{"self":[{"href":"https:\/\/esment.org\/blogs\/wp-json\/wp\/v2\/posts\/27843","targetHints":{"allow":["GET"]}}],"collection":[{"href":"https:\/\/esment.org\/blogs\/wp-json\/wp\/v2\/posts"}],"about":[{"href":"https:\/\/esment.org\/blogs\/wp-json\/wp\/v2\/types\/post"}],"author":[{"embeddable":true,"href":"https:\/\/esment.org\/blogs\/wp-json\/wp\/v2\/users\/5"}],"replies":[{"embeddable":true,"href":"https:\/\/esment.org\/blogs\/wp-json\/wp\/v2\/comments?post=27843"}],"version-history":[{"count":4,"href":"https:\/\/esment.org\/blogs\/wp-json\/wp\/v2\/posts\/27843\/revisions"}],"predecessor-version":[{"id":27858,"href":"https:\/\/esment.org\/blogs\/wp-json\/wp\/v2\/posts\/27843\/revisions\/27858"}],"wp:featuredmedia":[{"embeddable":true,"href":"https:\/\/esment.org\/blogs\/wp-json\/wp\/v2\/media\/27845"}],"wp:attachment":[{"href":"https:\/\/esment.org\/blogs\/wp-json\/wp\/v2\/media?parent=27843"}],"wp:term":[{"taxonomy":"category","embeddable":true,"href":"https:\/\/esment.org\/blogs\/wp-json\/wp\/v2\/categories?post=27843"},{"taxonomy":"post_tag","embeddable":true,"href":"https:\/\/esment.org\/blogs\/wp-json\/wp\/v2\/tags?post=27843"}],"curies":[{"name":"wp","href":"https:\/\/api.w.org\/{rel}","templated":true}]}}