{"id":27836,"date":"2025-11-24T09:36:55","date_gmt":"2025-11-24T09:36:55","guid":{"rendered":"https:\/\/esment.org\/blogs\/?p=27836"},"modified":"2025-11-27T09:41:52","modified_gmt":"2025-11-27T09:41:52","slug":"esta-navidad-ven-a-nuestros-restaurantes-a-disfrutar-de-los-menus-especiales-para-grupos","status":"publish","type":"post","link":"https:\/\/esment.org\/blogs\/esta-navidad-ven-a-nuestros-restaurantes-a-disfrutar-de-los-menus-especiales-para-grupos\/","title":{"rendered":"Esta Navidad, ven a nuestros restaurantes a disfrutar de los men\u00fas para grupos"},"content":{"rendered":"<p data-start=\"169\" data-end=\"396\">Ya tenemos preparados nuestros men\u00fas de Navidad 2025 para grupos, pensados para que empresas, familias y amigos pod\u00e1is celebrar estas fiestas con una propuesta gastron\u00f3mica local, hecha con mimo y en el ambiente acogedor de nuestros restaurantes.<\/p>\n<p data-start=\"398\" data-end=\"762\">En<strong> Casa Esment <\/strong>proponemos un recorrido por sabores muy nuestros: croquetas de temporada, coca fina de pescado ahumado, caldo navide\u00f1o, verduras a la brasa, canel\u00f3n de <em data-start=\"569\" data-end=\"577\">rostit<\/em>, paletilla de cordero y un arroz de sepia con gamba roja que pone el broche. Todo por <strong data-start=\"664\" data-end=\"677\">45\u20ac + IVA<\/strong>, con opci\u00f3n de a\u00f1adir pack de bebidas por 10\u20ac.<\/p>\n<p data-start=\"764\" data-end=\"855\"><a href=\"https:\/\/esment.org\/blogs\/wp-content\/uploads\/2025\/11\/Menu-Navidad-Casa-Esment-2025-1.pdf\">Men\u00fa Navidad Casa Esment 2025<\/a><\/p>\n<p data-start=\"764\" data-end=\"855\">En <strong data-start=\"767\" data-end=\"829\">Caf\u00e8 Palmano<\/strong><strong data-start=\"767\" data-end=\"829\">a, Es Pes de Sa Palla, Bar Escola y Caf\u00e8 Inca<\/strong> ofrecemos dos opciones:<\/p>\n<ul data-start=\"856\" data-end=\"1053\">\n<li data-start=\"856\" data-end=\"952\">\n<p data-start=\"858\" data-end=\"952\">Un <strong data-start=\"861\" data-end=\"879\">men\u00fa Compartir<\/strong>, con entrecot, arroz de porc negre y canelones de pollo desde <strong data-start=\"942\" data-end=\"949\">36\u20ac<\/strong>.<\/p>\n<\/li>\n<li data-start=\"953\" data-end=\"1053\">\n<p data-start=\"955\" data-end=\"1053\">Un <strong data-start=\"958\" data-end=\"976\">men\u00fa Principal<\/strong>, donde pod\u00e9is elegir entre caldereta de pescado o solomillo desde <strong data-start=\"1043\" data-end=\"1050\">42\u20ac<\/strong>.<\/p>\n<\/li>\n<\/ul>\n<p data-start=\"1055\" data-end=\"1170\">Y como siempre, cerramos ambas propuestas con los turrones y trufas de nuestro obrador Can Pa.<\/p>\n<p class=\"not-prose mt-0! mb-0! flex-auto truncate\"><a href=\"https:\/\/esment.org\/blogs\/wp-content\/uploads\/2025\/11\/Menu-Navidad-2025-2.pdf\">Men\u00fa Navidad 2025<\/a><\/p>\n<p data-start=\"1172\" data-end=\"1305\" data-is-last-node=\"\" data-is-only-node=\"\">Nos hace ilusi\u00f3n acompa\u00f1aros un a\u00f1o m\u00e1s en vuestras celebraciones navide\u00f1as con propuestas sabrosas, locales y accesibles para todos.<\/p>\n<p>&nbsp;<\/p>\n<p>&nbsp;<\/p>\n<p>&nbsp;<\/p>\n<p>&nbsp;<\/p>\n","protected":false},"excerpt":{"rendered":"<p>Ya tenemos preparados nuestros men\u00fas de Navidad 2025 para grupos, pensados para que empresas, familias y amigos pod\u00e1is celebrar estas fiestas con una propuesta gastron\u00f3mica local, hecha con mimo y en el ambiente acogedor de nuestros restaurantes. En Casa Esment proponemos un recorrido por sabores muy nuestros: croquetas de temporada, coca fina de pescado ahumado, [&hellip;]<\/p>\n","protected":false},"author":5,"featured_media":27838,"comment_status":"open","ping_status":"closed","sticky":false,"template":"","format":"standard","meta":{"_acf_changed":false,"footnotes":""},"categories":[1],"tags":[1280,394,1184,270,678,2338],"class_list":["post-27836","post","type-post","status-publish","format-standard","has-post-thumbnail","hentry","category-sin-categoria","tag-casa-esment","tag-es-pes-de-sa-palla","tag-menu-navidad","tag-palmanova","tag-producto-local","tag-restaurante-cafe-inca"],"acf":[],"yoast_head":"<!-- This site is optimized with the Yoast SEO plugin v26.4 - https:\/\/yoast.com\/wordpress\/plugins\/seo\/ -->\n<title>Esta Navidad, ven a nuestros restaurantes a disfrutar de los men\u00fas para grupos - Blog Comunidad Esment<\/title>\n<meta name=\"robots\" content=\"index, follow, max-snippet:-1, max-image-preview:large, max-video-preview:-1\" \/>\n<link rel=\"canonical\" href=\"https:\/\/esment.org\/blogs\/esta-navidad-ven-a-nuestros-restaurantes-a-disfrutar-de-los-menus-especiales-para-grupos\/\" \/>\n<meta property=\"og:locale\" content=\"es_ES\" \/>\n<meta property=\"og:type\" content=\"article\" \/>\n<meta property=\"og:title\" content=\"Esta Navidad, ven a nuestros restaurantes a disfrutar de los men\u00fas para grupos - Blog Comunidad Esment\" \/>\n<meta property=\"og:description\" content=\"Ya tenemos preparados nuestros men\u00fas de Navidad 2025 para grupos, pensados para que empresas, familias y amigos pod\u00e1is celebrar estas fiestas con una propuesta gastron\u00f3mica local, hecha con mimo y en el ambiente acogedor de nuestros restaurantes. En Casa Esment proponemos un recorrido por sabores muy nuestros: croquetas de temporada, coca fina de pescado ahumado, [&hellip;]\" \/>\n<meta property=\"og:url\" content=\"https:\/\/esment.org\/blogs\/esta-navidad-ven-a-nuestros-restaurantes-a-disfrutar-de-los-menus-especiales-para-grupos\/\" \/>\n<meta property=\"og:site_name\" content=\"Blog Comunidad Esment\" \/>\n<meta property=\"article:published_time\" content=\"2025-11-24T09:36:55+00:00\" \/>\n<meta property=\"article:modified_time\" content=\"2025-11-27T09:41:52+00:00\" \/>\n<meta property=\"og:image\" content=\"https:\/\/esment.org\/blogs\/wp-content\/uploads\/2025\/11\/Diseno-sin-titulo-3.png\" \/>\n\t<meta property=\"og:image:width\" content=\"1748\" \/>\n\t<meta property=\"og:image:height\" content=\"1240\" \/>\n\t<meta property=\"og:image:type\" content=\"image\/png\" \/>\n<meta name=\"author\" content=\"Yolanda Tarramera\" \/>\n<meta name=\"twitter:card\" content=\"summary_large_image\" \/>\n<meta name=\"twitter:label1\" content=\"Escrito por\" \/>\n\t<meta name=\"twitter:data1\" content=\"Yolanda Tarramera\" \/>\n\t<meta name=\"twitter:label2\" content=\"Tiempo de lectura\" \/>\n\t<meta name=\"twitter:data2\" content=\"2 minutos\" \/>\n<script type=\"application\/ld+json\" class=\"yoast-schema-graph\">{\"@context\":\"https:\/\/schema.org\",\"@graph\":[{\"@type\":\"Article\",\"@id\":\"https:\/\/esment.org\/blogs\/esta-navidad-ven-a-nuestros-restaurantes-a-disfrutar-de-los-menus-especiales-para-grupos\/#article\",\"isPartOf\":{\"@id\":\"https:\/\/esment.org\/blogs\/esta-navidad-ven-a-nuestros-restaurantes-a-disfrutar-de-los-menus-especiales-para-grupos\/\"},\"author\":{\"name\":\"Yolanda Tarramera\",\"@id\":\"https:\/\/esment.org\/blogs\/#\/schema\/person\/d2af4a49059695d7ca3491e0498d6b36\"},\"headline\":\"Esta Navidad, ven a nuestros restaurantes a disfrutar de los men\u00fas para grupos\",\"datePublished\":\"2025-11-24T09:36:55+00:00\",\"dateModified\":\"2025-11-27T09:41:52+00:00\",\"mainEntityOfPage\":{\"@id\":\"https:\/\/esment.org\/blogs\/esta-navidad-ven-a-nuestros-restaurantes-a-disfrutar-de-los-menus-especiales-para-grupos\/\"},\"wordCount\":205,\"commentCount\":0,\"publisher\":{\"@id\":\"https:\/\/esment.org\/blogs\/#organization\"},\"image\":{\"@id\":\"https:\/\/esment.org\/blogs\/esta-navidad-ven-a-nuestros-restaurantes-a-disfrutar-de-los-menus-especiales-para-grupos\/#primaryimage\"},\"thumbnailUrl\":\"https:\/\/esment.org\/blogs\/wp-content\/uploads\/2025\/11\/Diseno-sin-titulo-3.png\",\"keywords\":[\"casa esment\",\"es pes de sa palla\",\"men\u00fa navidad\",\"Palmanova\",\"producto local\",\"restaurante Caf\u00e9 Inca\"],\"inLanguage\":\"es\",\"potentialAction\":[{\"@type\":\"CommentAction\",\"name\":\"Comment\",\"target\":[\"https:\/\/esment.org\/blogs\/esta-navidad-ven-a-nuestros-restaurantes-a-disfrutar-de-los-menus-especiales-para-grupos\/#respond\"]}]},{\"@type\":\"WebPage\",\"@id\":\"https:\/\/esment.org\/blogs\/esta-navidad-ven-a-nuestros-restaurantes-a-disfrutar-de-los-menus-especiales-para-grupos\/\",\"url\":\"https:\/\/esment.org\/blogs\/esta-navidad-ven-a-nuestros-restaurantes-a-disfrutar-de-los-menus-especiales-para-grupos\/\",\"name\":\"Esta Navidad, ven a nuestros restaurantes a disfrutar de los men\u00fas para grupos - Blog Comunidad Esment\",\"isPartOf\":{\"@id\":\"https:\/\/esment.org\/blogs\/#website\"},\"primaryImageOfPage\":{\"@id\":\"https:\/\/esment.org\/blogs\/esta-navidad-ven-a-nuestros-restaurantes-a-disfrutar-de-los-menus-especiales-para-grupos\/#primaryimage\"},\"image\":{\"@id\":\"https:\/\/esment.org\/blogs\/esta-navidad-ven-a-nuestros-restaurantes-a-disfrutar-de-los-menus-especiales-para-grupos\/#primaryimage\"},\"thumbnailUrl\":\"https:\/\/esment.org\/blogs\/wp-content\/uploads\/2025\/11\/Diseno-sin-titulo-3.png\",\"datePublished\":\"2025-11-24T09:36:55+00:00\",\"dateModified\":\"2025-11-27T09:41:52+00:00\",\"breadcrumb\":{\"@id\":\"https:\/\/esment.org\/blogs\/esta-navidad-ven-a-nuestros-restaurantes-a-disfrutar-de-los-menus-especiales-para-grupos\/#breadcrumb\"},\"inLanguage\":\"es\",\"potentialAction\":[{\"@type\":\"ReadAction\",\"target\":[\"https:\/\/esment.org\/blogs\/esta-navidad-ven-a-nuestros-restaurantes-a-disfrutar-de-los-menus-especiales-para-grupos\/\"]}]},{\"@type\":\"ImageObject\",\"inLanguage\":\"es\",\"@id\":\"https:\/\/esment.org\/blogs\/esta-navidad-ven-a-nuestros-restaurantes-a-disfrutar-de-los-menus-especiales-para-grupos\/#primaryimage\",\"url\":\"https:\/\/esment.org\/blogs\/wp-content\/uploads\/2025\/11\/Diseno-sin-titulo-3.png\",\"contentUrl\":\"https:\/\/esment.org\/blogs\/wp-content\/uploads\/2025\/11\/Diseno-sin-titulo-3.png\",\"width\":1748,\"height\":1240},{\"@type\":\"BreadcrumbList\",\"@id\":\"https:\/\/esment.org\/blogs\/esta-navidad-ven-a-nuestros-restaurantes-a-disfrutar-de-los-menus-especiales-para-grupos\/#breadcrumb\",\"itemListElement\":[{\"@type\":\"ListItem\",\"position\":1,\"name\":\"Portada\",\"item\":\"https:\/\/esment.org\/blogs\/\"},{\"@type\":\"ListItem\",\"position\":2,\"name\":\"Esta Navidad, ven a nuestros restaurantes a disfrutar de los men\u00fas para grupos\"}]},{\"@type\":\"WebSite\",\"@id\":\"https:\/\/esment.org\/blogs\/#website\",\"url\":\"https:\/\/esment.org\/blogs\/\",\"name\":\"Blog Comunidad Esment\",\"description\":\"Blogs de Esment\",\"publisher\":{\"@id\":\"https:\/\/esment.org\/blogs\/#organization\"},\"potentialAction\":[{\"@type\":\"SearchAction\",\"target\":{\"@type\":\"EntryPoint\",\"urlTemplate\":\"https:\/\/esment.org\/blogs\/?s={search_term_string}\"},\"query-input\":{\"@type\":\"PropertyValueSpecification\",\"valueRequired\":true,\"valueName\":\"search_term_string\"}}],\"inLanguage\":\"es\"},{\"@type\":\"Organization\",\"@id\":\"https:\/\/esment.org\/blogs\/#organization\",\"name\":\"Blog Comunidad Esment\",\"url\":\"https:\/\/esment.org\/blogs\/\",\"logo\":{\"@type\":\"ImageObject\",\"inLanguage\":\"es\",\"@id\":\"https:\/\/esment.org\/blogs\/#\/schema\/logo\/image\/\",\"url\":\"https:\/\/esment.org\/blogs\/wp-content\/uploads\/2020\/10\/logo-header.svg\",\"contentUrl\":\"https:\/\/esment.org\/blogs\/wp-content\/uploads\/2020\/10\/logo-header.svg\",\"caption\":\"Blog Comunidad Esment\"},\"image\":{\"@id\":\"https:\/\/esment.org\/blogs\/#\/schema\/logo\/image\/\"}},{\"@type\":\"Person\",\"@id\":\"https:\/\/esment.org\/blogs\/#\/schema\/person\/d2af4a49059695d7ca3491e0498d6b36\",\"name\":\"Yolanda Tarramera\",\"image\":{\"@type\":\"ImageObject\",\"inLanguage\":\"es\",\"@id\":\"https:\/\/esment.org\/blogs\/#\/schema\/person\/image\/\",\"url\":\"https:\/\/secure.gravatar.com\/avatar\/c93060ec77db68f5fefd782408bed5a5005bb0b119c5ece6cdbf5ad8631c6e5b?s=96&d=mm&r=g\",\"contentUrl\":\"https:\/\/secure.gravatar.com\/avatar\/c93060ec77db68f5fefd782408bed5a5005bb0b119c5ece6cdbf5ad8631c6e5b?s=96&d=mm&r=g\",\"caption\":\"Yolanda Tarramera\"},\"url\":\"https:\/\/esment.org\/blogs\/author\/yolanda-tarramera\/\"}]}<\/script>\n<!-- \/ Yoast SEO plugin. -->","yoast_head_json":{"title":"Esta Navidad, ven a nuestros restaurantes a disfrutar de los men\u00fas para grupos - Blog Comunidad Esment","robots":{"index":"index","follow":"follow","max-snippet":"max-snippet:-1","max-image-preview":"max-image-preview:large","max-video-preview":"max-video-preview:-1"},"canonical":"https:\/\/esment.org\/blogs\/esta-navidad-ven-a-nuestros-restaurantes-a-disfrutar-de-los-menus-especiales-para-grupos\/","og_locale":"es_ES","og_type":"article","og_title":"Esta Navidad, ven a nuestros restaurantes a disfrutar de los men\u00fas para grupos - Blog Comunidad Esment","og_description":"Ya tenemos preparados nuestros men\u00fas de Navidad 2025 para grupos, pensados para que empresas, familias y amigos pod\u00e1is celebrar estas fiestas con una propuesta gastron\u00f3mica local, hecha con mimo y en el ambiente acogedor de nuestros restaurantes. En Casa Esment proponemos un recorrido por sabores muy nuestros: croquetas de temporada, coca fina de pescado ahumado, [&hellip;]","og_url":"https:\/\/esment.org\/blogs\/esta-navidad-ven-a-nuestros-restaurantes-a-disfrutar-de-los-menus-especiales-para-grupos\/","og_site_name":"Blog Comunidad Esment","article_published_time":"2025-11-24T09:36:55+00:00","article_modified_time":"2025-11-27T09:41:52+00:00","og_image":[{"width":1748,"height":1240,"url":"https:\/\/esment.org\/blogs\/wp-content\/uploads\/2025\/11\/Diseno-sin-titulo-3.png","type":"image\/png"}],"author":"Yolanda Tarramera","twitter_card":"summary_large_image","twitter_misc":{"Escrito por":"Yolanda Tarramera","Tiempo de lectura":"2 minutos"},"schema":{"@context":"https:\/\/schema.org","@graph":[{"@type":"Article","@id":"https:\/\/esment.org\/blogs\/esta-navidad-ven-a-nuestros-restaurantes-a-disfrutar-de-los-menus-especiales-para-grupos\/#article","isPartOf":{"@id":"https:\/\/esment.org\/blogs\/esta-navidad-ven-a-nuestros-restaurantes-a-disfrutar-de-los-menus-especiales-para-grupos\/"},"author":{"name":"Yolanda Tarramera","@id":"https:\/\/esment.org\/blogs\/#\/schema\/person\/d2af4a49059695d7ca3491e0498d6b36"},"headline":"Esta Navidad, ven a nuestros restaurantes a disfrutar de los men\u00fas para grupos","datePublished":"2025-11-24T09:36:55+00:00","dateModified":"2025-11-27T09:41:52+00:00","mainEntityOfPage":{"@id":"https:\/\/esment.org\/blogs\/esta-navidad-ven-a-nuestros-restaurantes-a-disfrutar-de-los-menus-especiales-para-grupos\/"},"wordCount":205,"commentCount":0,"publisher":{"@id":"https:\/\/esment.org\/blogs\/#organization"},"image":{"@id":"https:\/\/esment.org\/blogs\/esta-navidad-ven-a-nuestros-restaurantes-a-disfrutar-de-los-menus-especiales-para-grupos\/#primaryimage"},"thumbnailUrl":"https:\/\/esment.org\/blogs\/wp-content\/uploads\/2025\/11\/Diseno-sin-titulo-3.png","keywords":["casa esment","es pes de sa palla","men\u00fa navidad","Palmanova","producto local","restaurante Caf\u00e9 Inca"],"inLanguage":"es","potentialAction":[{"@type":"CommentAction","name":"Comment","target":["https:\/\/esment.org\/blogs\/esta-navidad-ven-a-nuestros-restaurantes-a-disfrutar-de-los-menus-especiales-para-grupos\/#respond"]}]},{"@type":"WebPage","@id":"https:\/\/esment.org\/blogs\/esta-navidad-ven-a-nuestros-restaurantes-a-disfrutar-de-los-menus-especiales-para-grupos\/","url":"https:\/\/esment.org\/blogs\/esta-navidad-ven-a-nuestros-restaurantes-a-disfrutar-de-los-menus-especiales-para-grupos\/","name":"Esta Navidad, ven a nuestros restaurantes a disfrutar de los men\u00fas para grupos - Blog Comunidad Esment","isPartOf":{"@id":"https:\/\/esment.org\/blogs\/#website"},"primaryImageOfPage":{"@id":"https:\/\/esment.org\/blogs\/esta-navidad-ven-a-nuestros-restaurantes-a-disfrutar-de-los-menus-especiales-para-grupos\/#primaryimage"},"image":{"@id":"https:\/\/esment.org\/blogs\/esta-navidad-ven-a-nuestros-restaurantes-a-disfrutar-de-los-menus-especiales-para-grupos\/#primaryimage"},"thumbnailUrl":"https:\/\/esment.org\/blogs\/wp-content\/uploads\/2025\/11\/Diseno-sin-titulo-3.png","datePublished":"2025-11-24T09:36:55+00:00","dateModified":"2025-11-27T09:41:52+00:00","breadcrumb":{"@id":"https:\/\/esment.org\/blogs\/esta-navidad-ven-a-nuestros-restaurantes-a-disfrutar-de-los-menus-especiales-para-grupos\/#breadcrumb"},"inLanguage":"es","potentialAction":[{"@type":"ReadAction","target":["https:\/\/esment.org\/blogs\/esta-navidad-ven-a-nuestros-restaurantes-a-disfrutar-de-los-menus-especiales-para-grupos\/"]}]},{"@type":"ImageObject","inLanguage":"es","@id":"https:\/\/esment.org\/blogs\/esta-navidad-ven-a-nuestros-restaurantes-a-disfrutar-de-los-menus-especiales-para-grupos\/#primaryimage","url":"https:\/\/esment.org\/blogs\/wp-content\/uploads\/2025\/11\/Diseno-sin-titulo-3.png","contentUrl":"https:\/\/esment.org\/blogs\/wp-content\/uploads\/2025\/11\/Diseno-sin-titulo-3.png","width":1748,"height":1240},{"@type":"BreadcrumbList","@id":"https:\/\/esment.org\/blogs\/esta-navidad-ven-a-nuestros-restaurantes-a-disfrutar-de-los-menus-especiales-para-grupos\/#breadcrumb","itemListElement":[{"@type":"ListItem","position":1,"name":"Portada","item":"https:\/\/esment.org\/blogs\/"},{"@type":"ListItem","position":2,"name":"Esta Navidad, ven a nuestros restaurantes a disfrutar de los men\u00fas para grupos"}]},{"@type":"WebSite","@id":"https:\/\/esment.org\/blogs\/#website","url":"https:\/\/esment.org\/blogs\/","name":"Blog Comunidad Esment","description":"Blogs de Esment","publisher":{"@id":"https:\/\/esment.org\/blogs\/#organization"},"potentialAction":[{"@type":"SearchAction","target":{"@type":"EntryPoint","urlTemplate":"https:\/\/esment.org\/blogs\/?s={search_term_string}"},"query-input":{"@type":"PropertyValueSpecification","valueRequired":true,"valueName":"search_term_string"}}],"inLanguage":"es"},{"@type":"Organization","@id":"https:\/\/esment.org\/blogs\/#organization","name":"Blog Comunidad Esment","url":"https:\/\/esment.org\/blogs\/","logo":{"@type":"ImageObject","inLanguage":"es","@id":"https:\/\/esment.org\/blogs\/#\/schema\/logo\/image\/","url":"https:\/\/esment.org\/blogs\/wp-content\/uploads\/2020\/10\/logo-header.svg","contentUrl":"https:\/\/esment.org\/blogs\/wp-content\/uploads\/2020\/10\/logo-header.svg","caption":"Blog Comunidad Esment"},"image":{"@id":"https:\/\/esment.org\/blogs\/#\/schema\/logo\/image\/"}},{"@type":"Person","@id":"https:\/\/esment.org\/blogs\/#\/schema\/person\/d2af4a49059695d7ca3491e0498d6b36","name":"Yolanda Tarramera","image":{"@type":"ImageObject","inLanguage":"es","@id":"https:\/\/esment.org\/blogs\/#\/schema\/person\/image\/","url":"https:\/\/secure.gravatar.com\/avatar\/c93060ec77db68f5fefd782408bed5a5005bb0b119c5ece6cdbf5ad8631c6e5b?s=96&d=mm&r=g","contentUrl":"https:\/\/secure.gravatar.com\/avatar\/c93060ec77db68f5fefd782408bed5a5005bb0b119c5ece6cdbf5ad8631c6e5b?s=96&d=mm&r=g","caption":"Yolanda Tarramera"},"url":"https:\/\/esment.org\/blogs\/author\/yolanda-tarramera\/"}]}},"_links":{"self":[{"href":"https:\/\/esment.org\/blogs\/wp-json\/wp\/v2\/posts\/27836","targetHints":{"allow":["GET"]}}],"collection":[{"href":"https:\/\/esment.org\/blogs\/wp-json\/wp\/v2\/posts"}],"about":[{"href":"https:\/\/esment.org\/blogs\/wp-json\/wp\/v2\/types\/post"}],"author":[{"embeddable":true,"href":"https:\/\/esment.org\/blogs\/wp-json\/wp\/v2\/users\/5"}],"replies":[{"embeddable":true,"href":"https:\/\/esment.org\/blogs\/wp-json\/wp\/v2\/comments?post=27836"}],"version-history":[{"count":6,"href":"https:\/\/esment.org\/blogs\/wp-json\/wp\/v2\/posts\/27836\/revisions"}],"predecessor-version":[{"id":27911,"href":"https:\/\/esment.org\/blogs\/wp-json\/wp\/v2\/posts\/27836\/revisions\/27911"}],"wp:featuredmedia":[{"embeddable":true,"href":"https:\/\/esment.org\/blogs\/wp-json\/wp\/v2\/media\/27838"}],"wp:attachment":[{"href":"https:\/\/esment.org\/blogs\/wp-json\/wp\/v2\/media?parent=27836"}],"wp:term":[{"taxonomy":"category","embeddable":true,"href":"https:\/\/esment.org\/blogs\/wp-json\/wp\/v2\/categories?post=27836"},{"taxonomy":"post_tag","embeddable":true,"href":"https:\/\/esment.org\/blogs\/wp-json\/wp\/v2\/tags?post=27836"}],"curies":[{"name":"wp","href":"https:\/\/api.w.org\/{rel}","templated":true}]}}