{"id":27831,"date":"2025-11-21T11:42:15","date_gmt":"2025-11-21T11:42:15","guid":{"rendered":"https:\/\/esment.org\/blogs\/?p=27831"},"modified":"2025-11-26T12:54:49","modified_gmt":"2025-11-26T12:54:49","slug":"esment-imprenta-estrena-nueva-tecnologia-de-impresion","status":"publish","type":"post","link":"https:\/\/esment.org\/blogs\/esment-imprenta-estrena-nueva-tecnologia-de-impresion\/","title":{"rendered":"Esment Imprenta estrena nueva tecnolog\u00eda de impresi\u00f3n"},"content":{"rendered":"<p data-start=\"229\" data-end=\"504\">En Esment Imprenta est\u00e1n de estreno. Despu\u00e9s de m\u00e1s de cuatro d\u00e9cadas en el mundo de las artes gr\u00e1ficas, se ha renovado el parque de impresi\u00f3n con la ayuda de un cliente que ya es casi de la casa: Canon, con quien lleva trabajando desde hace m\u00e1s de siete a\u00f1os.<\/p>\n<p data-start=\"506\" data-end=\"929\">Gracias a esta colaboraci\u00f3n se han incorporado tres nuevos equipos \u2014imagePRESS V1350, imagePRESS V1000 y varioPRINT 115\u2014 que permiten imprimir m\u00e1s r\u00e1pido, con m\u00e1s precisi\u00f3n y con mejor calidad. Esta inversi\u00f3n se traduce en poder ofrecer un servicio m\u00e1s completo a clientes de todos los sectores y, sobre todo, en generar m\u00e1s oportunidades laborales para las personas que forman parte del equipo.<\/p>\n<p data-start=\"931\" data-end=\"1270\">En Esment, nuestro prop\u00f3sito siempre ha sido mejorar la calidad de vida de las personas con discapacidad intelectual y trastorno del desarrollo. Por eso, a la hora de elegir nuevas m\u00e1quinas, no solo busc\u00e1bamos tecnolog\u00eda puntera, sino tambi\u00e9n equipos accesibles y f\u00e1ciles de usar, que apoyen la autonom\u00eda y desarrollo de las cerca de 160 personas que actualmente est\u00e1n vinculadas a esta actividad.<\/p>\n<p data-start=\"1272\" data-end=\"1443\">\n","protected":false},"excerpt":{"rendered":"<p>En Esment Imprenta est\u00e1n de estreno. Despu\u00e9s de m\u00e1s de cuatro d\u00e9cadas en el mundo de las artes gr\u00e1ficas, se ha renovado el parque de impresi\u00f3n con la ayuda de un cliente que ya es casi de la casa: Canon, con quien lleva trabajando desde hace m\u00e1s de siete a\u00f1os. Gracias a esta colaboraci\u00f3n se [&hellip;]<\/p>\n","protected":false},"author":5,"featured_media":27832,"comment_status":"open","ping_status":"closed","sticky":false,"template":"","format":"standard","meta":{"_acf_changed":false,"footnotes":""},"categories":[1],"tags":[643,2334,96,160,2335,600,277],"class_list":["post-27831","post","type-post","status-publish","format-standard","has-post-thumbnail","hentry","category-sin-categoria","tag-calidad","tag-canon","tag-imprenta-2","tag-insercion-laboral","tag-inversion","tag-oportunidades","tag-tecnologia"],"acf":[],"yoast_head":"<!-- This site is optimized with the Yoast SEO plugin v26.4 - https:\/\/yoast.com\/wordpress\/plugins\/seo\/ -->\n<title>Esment Imprenta estrena nueva tecnolog\u00eda de impresi\u00f3n - Blog Comunidad Esment<\/title>\n<meta name=\"robots\" content=\"index, follow, max-snippet:-1, max-image-preview:large, max-video-preview:-1\" \/>\n<link rel=\"canonical\" href=\"https:\/\/esment.org\/blogs\/esment-imprenta-estrena-nueva-tecnologia-de-impresion\/\" \/>\n<meta property=\"og:locale\" content=\"es_ES\" \/>\n<meta property=\"og:type\" content=\"article\" \/>\n<meta property=\"og:title\" content=\"Esment Imprenta estrena nueva tecnolog\u00eda de impresi\u00f3n - Blog Comunidad Esment\" \/>\n<meta property=\"og:description\" content=\"En Esment Imprenta est\u00e1n de estreno. Despu\u00e9s de m\u00e1s de cuatro d\u00e9cadas en el mundo de las artes gr\u00e1ficas, se ha renovado el parque de impresi\u00f3n con la ayuda de un cliente que ya es casi de la casa: Canon, con quien lleva trabajando desde hace m\u00e1s de siete a\u00f1os. Gracias a esta colaboraci\u00f3n se [&hellip;]\" \/>\n<meta property=\"og:url\" content=\"https:\/\/esment.org\/blogs\/esment-imprenta-estrena-nueva-tecnologia-de-impresion\/\" \/>\n<meta property=\"og:site_name\" content=\"Blog Comunidad Esment\" \/>\n<meta property=\"article:published_time\" content=\"2025-11-21T11:42:15+00:00\" \/>\n<meta property=\"article:modified_time\" content=\"2025-11-26T12:54:49+00:00\" \/>\n<meta property=\"og:image\" content=\"https:\/\/esment.org\/blogs\/wp-content\/uploads\/2025\/11\/canon-e1763725283682.jpg\" \/>\n\t<meta property=\"og:image:width\" content=\"800\" \/>\n\t<meta property=\"og:image:height\" content=\"579\" \/>\n\t<meta property=\"og:image:type\" content=\"image\/jpeg\" \/>\n<meta name=\"author\" content=\"Yolanda Tarramera\" \/>\n<meta name=\"twitter:card\" content=\"summary_large_image\" \/>\n<meta name=\"twitter:label1\" content=\"Escrito por\" \/>\n\t<meta name=\"twitter:data1\" content=\"Yolanda Tarramera\" \/>\n\t<meta name=\"twitter:label2\" content=\"Tiempo de lectura\" \/>\n\t<meta name=\"twitter:data2\" content=\"2 minutos\" \/>\n<script type=\"application\/ld+json\" class=\"yoast-schema-graph\">{\"@context\":\"https:\/\/schema.org\",\"@graph\":[{\"@type\":\"Article\",\"@id\":\"https:\/\/esment.org\/blogs\/esment-imprenta-estrena-nueva-tecnologia-de-impresion\/#article\",\"isPartOf\":{\"@id\":\"https:\/\/esment.org\/blogs\/esment-imprenta-estrena-nueva-tecnologia-de-impresion\/\"},\"author\":{\"name\":\"Yolanda Tarramera\",\"@id\":\"https:\/\/esment.org\/blogs\/#\/schema\/person\/d2af4a49059695d7ca3491e0498d6b36\"},\"headline\":\"Esment Imprenta estrena nueva tecnolog\u00eda de impresi\u00f3n\",\"datePublished\":\"2025-11-21T11:42:15+00:00\",\"dateModified\":\"2025-11-26T12:54:49+00:00\",\"mainEntityOfPage\":{\"@id\":\"https:\/\/esment.org\/blogs\/esment-imprenta-estrena-nueva-tecnologia-de-impresion\/\"},\"wordCount\":206,\"commentCount\":0,\"publisher\":{\"@id\":\"https:\/\/esment.org\/blogs\/#organization\"},\"image\":{\"@id\":\"https:\/\/esment.org\/blogs\/esment-imprenta-estrena-nueva-tecnologia-de-impresion\/#primaryimage\"},\"thumbnailUrl\":\"https:\/\/esment.org\/blogs\/wp-content\/uploads\/2025\/11\/canon-e1763725283682.jpg\",\"keywords\":[\"calidad\",\"Canon\",\"imprenta\",\"inserci\u00f3n laboral\",\"inversi\u00f3n\",\"oportunidades\",\"tecnolog\u00eda\"],\"inLanguage\":\"es\",\"potentialAction\":[{\"@type\":\"CommentAction\",\"name\":\"Comment\",\"target\":[\"https:\/\/esment.org\/blogs\/esment-imprenta-estrena-nueva-tecnologia-de-impresion\/#respond\"]}]},{\"@type\":\"WebPage\",\"@id\":\"https:\/\/esment.org\/blogs\/esment-imprenta-estrena-nueva-tecnologia-de-impresion\/\",\"url\":\"https:\/\/esment.org\/blogs\/esment-imprenta-estrena-nueva-tecnologia-de-impresion\/\",\"name\":\"Esment Imprenta estrena nueva tecnolog\u00eda de impresi\u00f3n - Blog Comunidad Esment\",\"isPartOf\":{\"@id\":\"https:\/\/esment.org\/blogs\/#website\"},\"primaryImageOfPage\":{\"@id\":\"https:\/\/esment.org\/blogs\/esment-imprenta-estrena-nueva-tecnologia-de-impresion\/#primaryimage\"},\"image\":{\"@id\":\"https:\/\/esment.org\/blogs\/esment-imprenta-estrena-nueva-tecnologia-de-impresion\/#primaryimage\"},\"thumbnailUrl\":\"https:\/\/esment.org\/blogs\/wp-content\/uploads\/2025\/11\/canon-e1763725283682.jpg\",\"datePublished\":\"2025-11-21T11:42:15+00:00\",\"dateModified\":\"2025-11-26T12:54:49+00:00\",\"breadcrumb\":{\"@id\":\"https:\/\/esment.org\/blogs\/esment-imprenta-estrena-nueva-tecnologia-de-impresion\/#breadcrumb\"},\"inLanguage\":\"es\",\"potentialAction\":[{\"@type\":\"ReadAction\",\"target\":[\"https:\/\/esment.org\/blogs\/esment-imprenta-estrena-nueva-tecnologia-de-impresion\/\"]}]},{\"@type\":\"ImageObject\",\"inLanguage\":\"es\",\"@id\":\"https:\/\/esment.org\/blogs\/esment-imprenta-estrena-nueva-tecnologia-de-impresion\/#primaryimage\",\"url\":\"https:\/\/esment.org\/blogs\/wp-content\/uploads\/2025\/11\/canon-e1763725283682.jpg\",\"contentUrl\":\"https:\/\/esment.org\/blogs\/wp-content\/uploads\/2025\/11\/canon-e1763725283682.jpg\",\"width\":800,\"height\":579},{\"@type\":\"BreadcrumbList\",\"@id\":\"https:\/\/esment.org\/blogs\/esment-imprenta-estrena-nueva-tecnologia-de-impresion\/#breadcrumb\",\"itemListElement\":[{\"@type\":\"ListItem\",\"position\":1,\"name\":\"Portada\",\"item\":\"https:\/\/esment.org\/blogs\/\"},{\"@type\":\"ListItem\",\"position\":2,\"name\":\"Esment Imprenta estrena nueva tecnolog\u00eda de impresi\u00f3n\"}]},{\"@type\":\"WebSite\",\"@id\":\"https:\/\/esment.org\/blogs\/#website\",\"url\":\"https:\/\/esment.org\/blogs\/\",\"name\":\"Blog Comunidad Esment\",\"description\":\"Blogs de Esment\",\"publisher\":{\"@id\":\"https:\/\/esment.org\/blogs\/#organization\"},\"potentialAction\":[{\"@type\":\"SearchAction\",\"target\":{\"@type\":\"EntryPoint\",\"urlTemplate\":\"https:\/\/esment.org\/blogs\/?s={search_term_string}\"},\"query-input\":{\"@type\":\"PropertyValueSpecification\",\"valueRequired\":true,\"valueName\":\"search_term_string\"}}],\"inLanguage\":\"es\"},{\"@type\":\"Organization\",\"@id\":\"https:\/\/esment.org\/blogs\/#organization\",\"name\":\"Blog Comunidad Esment\",\"url\":\"https:\/\/esment.org\/blogs\/\",\"logo\":{\"@type\":\"ImageObject\",\"inLanguage\":\"es\",\"@id\":\"https:\/\/esment.org\/blogs\/#\/schema\/logo\/image\/\",\"url\":\"https:\/\/esment.org\/blogs\/wp-content\/uploads\/2020\/10\/logo-header.svg\",\"contentUrl\":\"https:\/\/esment.org\/blogs\/wp-content\/uploads\/2020\/10\/logo-header.svg\",\"caption\":\"Blog Comunidad Esment\"},\"image\":{\"@id\":\"https:\/\/esment.org\/blogs\/#\/schema\/logo\/image\/\"}},{\"@type\":\"Person\",\"@id\":\"https:\/\/esment.org\/blogs\/#\/schema\/person\/d2af4a49059695d7ca3491e0498d6b36\",\"name\":\"Yolanda Tarramera\",\"image\":{\"@type\":\"ImageObject\",\"inLanguage\":\"es\",\"@id\":\"https:\/\/esment.org\/blogs\/#\/schema\/person\/image\/\",\"url\":\"https:\/\/secure.gravatar.com\/avatar\/c93060ec77db68f5fefd782408bed5a5005bb0b119c5ece6cdbf5ad8631c6e5b?s=96&d=mm&r=g\",\"contentUrl\":\"https:\/\/secure.gravatar.com\/avatar\/c93060ec77db68f5fefd782408bed5a5005bb0b119c5ece6cdbf5ad8631c6e5b?s=96&d=mm&r=g\",\"caption\":\"Yolanda Tarramera\"},\"url\":\"https:\/\/esment.org\/blogs\/author\/yolanda-tarramera\/\"}]}<\/script>\n<!-- \/ Yoast SEO plugin. -->","yoast_head_json":{"title":"Esment Imprenta estrena nueva tecnolog\u00eda de impresi\u00f3n - Blog Comunidad Esment","robots":{"index":"index","follow":"follow","max-snippet":"max-snippet:-1","max-image-preview":"max-image-preview:large","max-video-preview":"max-video-preview:-1"},"canonical":"https:\/\/esment.org\/blogs\/esment-imprenta-estrena-nueva-tecnologia-de-impresion\/","og_locale":"es_ES","og_type":"article","og_title":"Esment Imprenta estrena nueva tecnolog\u00eda de impresi\u00f3n - Blog Comunidad Esment","og_description":"En Esment Imprenta est\u00e1n de estreno. Despu\u00e9s de m\u00e1s de cuatro d\u00e9cadas en el mundo de las artes gr\u00e1ficas, se ha renovado el parque de impresi\u00f3n con la ayuda de un cliente que ya es casi de la casa: Canon, con quien lleva trabajando desde hace m\u00e1s de siete a\u00f1os. Gracias a esta colaboraci\u00f3n se [&hellip;]","og_url":"https:\/\/esment.org\/blogs\/esment-imprenta-estrena-nueva-tecnologia-de-impresion\/","og_site_name":"Blog Comunidad Esment","article_published_time":"2025-11-21T11:42:15+00:00","article_modified_time":"2025-11-26T12:54:49+00:00","og_image":[{"width":800,"height":579,"url":"https:\/\/esment.org\/blogs\/wp-content\/uploads\/2025\/11\/canon-e1763725283682.jpg","type":"image\/jpeg"}],"author":"Yolanda Tarramera","twitter_card":"summary_large_image","twitter_misc":{"Escrito por":"Yolanda Tarramera","Tiempo de lectura":"2 minutos"},"schema":{"@context":"https:\/\/schema.org","@graph":[{"@type":"Article","@id":"https:\/\/esment.org\/blogs\/esment-imprenta-estrena-nueva-tecnologia-de-impresion\/#article","isPartOf":{"@id":"https:\/\/esment.org\/blogs\/esment-imprenta-estrena-nueva-tecnologia-de-impresion\/"},"author":{"name":"Yolanda Tarramera","@id":"https:\/\/esment.org\/blogs\/#\/schema\/person\/d2af4a49059695d7ca3491e0498d6b36"},"headline":"Esment Imprenta estrena nueva tecnolog\u00eda de impresi\u00f3n","datePublished":"2025-11-21T11:42:15+00:00","dateModified":"2025-11-26T12:54:49+00:00","mainEntityOfPage":{"@id":"https:\/\/esment.org\/blogs\/esment-imprenta-estrena-nueva-tecnologia-de-impresion\/"},"wordCount":206,"commentCount":0,"publisher":{"@id":"https:\/\/esment.org\/blogs\/#organization"},"image":{"@id":"https:\/\/esment.org\/blogs\/esment-imprenta-estrena-nueva-tecnologia-de-impresion\/#primaryimage"},"thumbnailUrl":"https:\/\/esment.org\/blogs\/wp-content\/uploads\/2025\/11\/canon-e1763725283682.jpg","keywords":["calidad","Canon","imprenta","inserci\u00f3n laboral","inversi\u00f3n","oportunidades","tecnolog\u00eda"],"inLanguage":"es","potentialAction":[{"@type":"CommentAction","name":"Comment","target":["https:\/\/esment.org\/blogs\/esment-imprenta-estrena-nueva-tecnologia-de-impresion\/#respond"]}]},{"@type":"WebPage","@id":"https:\/\/esment.org\/blogs\/esment-imprenta-estrena-nueva-tecnologia-de-impresion\/","url":"https:\/\/esment.org\/blogs\/esment-imprenta-estrena-nueva-tecnologia-de-impresion\/","name":"Esment Imprenta estrena nueva tecnolog\u00eda de impresi\u00f3n - Blog Comunidad Esment","isPartOf":{"@id":"https:\/\/esment.org\/blogs\/#website"},"primaryImageOfPage":{"@id":"https:\/\/esment.org\/blogs\/esment-imprenta-estrena-nueva-tecnologia-de-impresion\/#primaryimage"},"image":{"@id":"https:\/\/esment.org\/blogs\/esment-imprenta-estrena-nueva-tecnologia-de-impresion\/#primaryimage"},"thumbnailUrl":"https:\/\/esment.org\/blogs\/wp-content\/uploads\/2025\/11\/canon-e1763725283682.jpg","datePublished":"2025-11-21T11:42:15+00:00","dateModified":"2025-11-26T12:54:49+00:00","breadcrumb":{"@id":"https:\/\/esment.org\/blogs\/esment-imprenta-estrena-nueva-tecnologia-de-impresion\/#breadcrumb"},"inLanguage":"es","potentialAction":[{"@type":"ReadAction","target":["https:\/\/esment.org\/blogs\/esment-imprenta-estrena-nueva-tecnologia-de-impresion\/"]}]},{"@type":"ImageObject","inLanguage":"es","@id":"https:\/\/esment.org\/blogs\/esment-imprenta-estrena-nueva-tecnologia-de-impresion\/#primaryimage","url":"https:\/\/esment.org\/blogs\/wp-content\/uploads\/2025\/11\/canon-e1763725283682.jpg","contentUrl":"https:\/\/esment.org\/blogs\/wp-content\/uploads\/2025\/11\/canon-e1763725283682.jpg","width":800,"height":579},{"@type":"BreadcrumbList","@id":"https:\/\/esment.org\/blogs\/esment-imprenta-estrena-nueva-tecnologia-de-impresion\/#breadcrumb","itemListElement":[{"@type":"ListItem","position":1,"name":"Portada","item":"https:\/\/esment.org\/blogs\/"},{"@type":"ListItem","position":2,"name":"Esment Imprenta estrena nueva tecnolog\u00eda de impresi\u00f3n"}]},{"@type":"WebSite","@id":"https:\/\/esment.org\/blogs\/#website","url":"https:\/\/esment.org\/blogs\/","name":"Blog Comunidad Esment","description":"Blogs de Esment","publisher":{"@id":"https:\/\/esment.org\/blogs\/#organization"},"potentialAction":[{"@type":"SearchAction","target":{"@type":"EntryPoint","urlTemplate":"https:\/\/esment.org\/blogs\/?s={search_term_string}"},"query-input":{"@type":"PropertyValueSpecification","valueRequired":true,"valueName":"search_term_string"}}],"inLanguage":"es"},{"@type":"Organization","@id":"https:\/\/esment.org\/blogs\/#organization","name":"Blog Comunidad Esment","url":"https:\/\/esment.org\/blogs\/","logo":{"@type":"ImageObject","inLanguage":"es","@id":"https:\/\/esment.org\/blogs\/#\/schema\/logo\/image\/","url":"https:\/\/esment.org\/blogs\/wp-content\/uploads\/2020\/10\/logo-header.svg","contentUrl":"https:\/\/esment.org\/blogs\/wp-content\/uploads\/2020\/10\/logo-header.svg","caption":"Blog Comunidad Esment"},"image":{"@id":"https:\/\/esment.org\/blogs\/#\/schema\/logo\/image\/"}},{"@type":"Person","@id":"https:\/\/esment.org\/blogs\/#\/schema\/person\/d2af4a49059695d7ca3491e0498d6b36","name":"Yolanda Tarramera","image":{"@type":"ImageObject","inLanguage":"es","@id":"https:\/\/esment.org\/blogs\/#\/schema\/person\/image\/","url":"https:\/\/secure.gravatar.com\/avatar\/c93060ec77db68f5fefd782408bed5a5005bb0b119c5ece6cdbf5ad8631c6e5b?s=96&d=mm&r=g","contentUrl":"https:\/\/secure.gravatar.com\/avatar\/c93060ec77db68f5fefd782408bed5a5005bb0b119c5ece6cdbf5ad8631c6e5b?s=96&d=mm&r=g","caption":"Yolanda Tarramera"},"url":"https:\/\/esment.org\/blogs\/author\/yolanda-tarramera\/"}]}},"_links":{"self":[{"href":"https:\/\/esment.org\/blogs\/wp-json\/wp\/v2\/posts\/27831","targetHints":{"allow":["GET"]}}],"collection":[{"href":"https:\/\/esment.org\/blogs\/wp-json\/wp\/v2\/posts"}],"about":[{"href":"https:\/\/esment.org\/blogs\/wp-json\/wp\/v2\/types\/post"}],"author":[{"embeddable":true,"href":"https:\/\/esment.org\/blogs\/wp-json\/wp\/v2\/users\/5"}],"replies":[{"embeddable":true,"href":"https:\/\/esment.org\/blogs\/wp-json\/wp\/v2\/comments?post=27831"}],"version-history":[{"count":3,"href":"https:\/\/esment.org\/blogs\/wp-json\/wp\/v2\/posts\/27831\/revisions"}],"predecessor-version":[{"id":27835,"href":"https:\/\/esment.org\/blogs\/wp-json\/wp\/v2\/posts\/27831\/revisions\/27835"}],"wp:featuredmedia":[{"embeddable":true,"href":"https:\/\/esment.org\/blogs\/wp-json\/wp\/v2\/media\/27832"}],"wp:attachment":[{"href":"https:\/\/esment.org\/blogs\/wp-json\/wp\/v2\/media?parent=27831"}],"wp:term":[{"taxonomy":"category","embeddable":true,"href":"https:\/\/esment.org\/blogs\/wp-json\/wp\/v2\/categories?post=27831"},{"taxonomy":"post_tag","embeddable":true,"href":"https:\/\/esment.org\/blogs\/wp-json\/wp\/v2\/tags?post=27831"}],"curies":[{"name":"wp","href":"https:\/\/api.w.org\/{rel}","templated":true}]}}