{"id":27816,"date":"2025-11-21T10:42:02","date_gmt":"2025-11-21T10:42:02","guid":{"rendered":"https:\/\/esment.org\/blogs\/?p=27816"},"modified":"2025-11-27T12:32:37","modified_gmt":"2025-11-27T12:32:37","slug":"reforzamos-la-continuidad-del-programa-cepes-para-mejorar-las-competencias-de-los-trabajadores-en-restauracion","status":"publish","type":"post","link":"https:\/\/esment.org\/blogs\/reforzamos-la-continuidad-del-programa-cepes-para-mejorar-las-competencias-de-los-trabajadores-en-restauracion\/","title":{"rendered":"La continuidad del programa CEPES ayuda a mejorar las competencias de los trabajadores"},"content":{"rendered":"<p>Esment contin\u00faa avanzando en su compromiso con la inserci\u00f3n laboral a trav\u00e9s del proyecto \u201cEsment Restauraci\u00f3n: Empleo para todas las personas y para cada una\u201d, una iniciativa que busca mejorar las competencias y habilidades de las personas con discapacidad que trabajan en el sector de la restauraci\u00f3n, con especial atenci\u00f3n a quienes presentan mayores necesidades de apoyo y a los trabajadores de m\u00e1s edad.<\/p>\n<p>Este programa, que comenz\u00f3 en julio del 2024 y se extender\u00e1 hasta diciembre de 2026, est\u00e1 cofinanciado por el Fondo Social Europeo Plus a trav\u00e9s de la Confederaci\u00f3n Empresarial Espa\u00f1ola de la Econom\u00eda Social (CEPES), en el marco del programa EFESO, con una aportaci\u00f3n de 193.000 \u20ac.<\/p>\n<p>El objetivo principal es garantizar el mantenimiento del empleo mediante la actualizaci\u00f3n de competencias t\u00e9cnicas y la implantaci\u00f3n de medidas espec\u00edficas para afrontar procesos de envejecimiento. Para ello, se han dise\u00f1ado adaptaciones en los procesos productivos y se ofrece entrenamiento in situ en competencias transversales como la atenci\u00f3n al p\u00fablico, el uso de tecnolog\u00eda y la gesti\u00f3n emocional. Adem\u00e1s, el proyecto incluye asesoramiento y acompa\u00f1amiento en procesos de cualificaci\u00f3n por experiencia.<\/p>\n<p>En el siguiente v\u00eddeo, mostramos c\u00f3mo estas acciones favorecen que las personas empleadas potencien sus capacidades y refuercen su autonom\u00eda:<\/p>\n<p><iframe title=\"Programa CEPES para la mejora de las competencias en restauraci\u00f3n\" width=\"800\" height=\"450\" src=\"https:\/\/www.youtube.com\/embed\/0mQCqikieKA?feature=oembed\" frameborder=\"0\" allow=\"accelerometer; autoplay; clipboard-write; encrypted-media; gyroscope; picture-in-picture; web-share\" referrerpolicy=\"strict-origin-when-cross-origin\" allowfullscreen><\/iframe><\/p>\n<p><img fetchpriority=\"high\" decoding=\"async\" class=\"alignnone wp-image-27922 size-full\" src=\"https:\/\/esment.org\/blogs\/wp-content\/uploads\/2025\/11\/logos-cepes-.png\" alt=\"\" width=\"808\" height=\"275\" srcset=\"https:\/\/esment.org\/blogs\/wp-content\/uploads\/2025\/11\/logos-cepes-.png 808w, https:\/\/esment.org\/blogs\/wp-content\/uploads\/2025\/11\/logos-cepes--300x102.png 300w, https:\/\/esment.org\/blogs\/wp-content\/uploads\/2025\/11\/logos-cepes--768x261.png 768w\" sizes=\"(max-width: 808px) 100vw, 808px\" \/><\/p>\n","protected":false},"excerpt":{"rendered":"<p>Esment contin\u00faa avanzando en su compromiso con la inserci\u00f3n laboral a trav\u00e9s del proyecto \u201cEsment Restauraci\u00f3n: Empleo para todas las personas y para cada una\u201d, una iniciativa que busca mejorar las competencias y habilidades de las personas con discapacidad que trabajan en el sector de la restauraci\u00f3n, con especial atenci\u00f3n a quienes presentan mayores necesidades [&hellip;]<\/p>\n","protected":false},"author":5,"featured_media":27822,"comment_status":"open","ping_status":"closed","sticky":false,"template":"","format":"standard","meta":{"_acf_changed":false,"footnotes":""},"categories":[1],"tags":[789,239,695,16,252,2333,249],"class_list":["post-27816","post","type-post","status-publish","format-standard","has-post-thumbnail","hentry","category-sin-categoria","tag-competencias","tag-empleo-2","tag-esment-escola","tag-formacion","tag-insercion","tag-programa-cepes","tag-restauracion"],"acf":[],"yoast_head":"<!-- This site is optimized with the Yoast SEO plugin v26.4 - https:\/\/yoast.com\/wordpress\/plugins\/seo\/ -->\n<title>La continuidad del programa CEPES ayuda a mejorar las competencias de los trabajadores - Blog Comunidad Esment<\/title>\n<meta name=\"robots\" content=\"index, follow, max-snippet:-1, max-image-preview:large, max-video-preview:-1\" \/>\n<link rel=\"canonical\" href=\"https:\/\/esment.org\/blogs\/reforzamos-la-continuidad-del-programa-cepes-para-mejorar-las-competencias-de-los-trabajadores-en-restauracion\/\" \/>\n<meta property=\"og:locale\" content=\"es_ES\" \/>\n<meta property=\"og:type\" content=\"article\" \/>\n<meta property=\"og:title\" content=\"La continuidad del programa CEPES ayuda a mejorar las competencias de los trabajadores - Blog Comunidad Esment\" \/>\n<meta property=\"og:description\" content=\"Esment contin\u00faa avanzando en su compromiso con la inserci\u00f3n laboral a trav\u00e9s del proyecto \u201cEsment Restauraci\u00f3n: Empleo para todas las personas y para cada una\u201d, una iniciativa que busca mejorar las competencias y habilidades de las personas con discapacidad que trabajan en el sector de la restauraci\u00f3n, con especial atenci\u00f3n a quienes presentan mayores necesidades [&hellip;]\" \/>\n<meta property=\"og:url\" content=\"https:\/\/esment.org\/blogs\/reforzamos-la-continuidad-del-programa-cepes-para-mejorar-las-competencias-de-los-trabajadores-en-restauracion\/\" \/>\n<meta property=\"og:site_name\" content=\"Blog Comunidad Esment\" \/>\n<meta property=\"article:published_time\" content=\"2025-11-21T10:42:02+00:00\" \/>\n<meta property=\"article:modified_time\" content=\"2025-11-27T12:32:37+00:00\" \/>\n<meta property=\"og:image\" content=\"https:\/\/esment.org\/blogs\/wp-content\/uploads\/2025\/11\/Esment-258-scaled.jpg\" \/>\n\t<meta property=\"og:image:width\" content=\"2560\" \/>\n\t<meta property=\"og:image:height\" content=\"1707\" \/>\n\t<meta property=\"og:image:type\" content=\"image\/jpeg\" \/>\n<meta name=\"author\" content=\"Yolanda Tarramera\" \/>\n<meta name=\"twitter:card\" content=\"summary_large_image\" \/>\n<meta name=\"twitter:label1\" content=\"Escrito por\" \/>\n\t<meta name=\"twitter:data1\" content=\"Yolanda Tarramera\" \/>\n\t<meta name=\"twitter:label2\" content=\"Tiempo de lectura\" \/>\n\t<meta name=\"twitter:data2\" content=\"2 minutos\" \/>\n<script type=\"application\/ld+json\" class=\"yoast-schema-graph\">{\"@context\":\"https:\/\/schema.org\",\"@graph\":[{\"@type\":\"Article\",\"@id\":\"https:\/\/esment.org\/blogs\/reforzamos-la-continuidad-del-programa-cepes-para-mejorar-las-competencias-de-los-trabajadores-en-restauracion\/#article\",\"isPartOf\":{\"@id\":\"https:\/\/esment.org\/blogs\/reforzamos-la-continuidad-del-programa-cepes-para-mejorar-las-competencias-de-los-trabajadores-en-restauracion\/\"},\"author\":{\"name\":\"Yolanda Tarramera\",\"@id\":\"https:\/\/esment.org\/blogs\/#\/schema\/person\/d2af4a49059695d7ca3491e0498d6b36\"},\"headline\":\"La continuidad del programa CEPES ayuda a mejorar las competencias de los trabajadores\",\"datePublished\":\"2025-11-21T10:42:02+00:00\",\"dateModified\":\"2025-11-27T12:32:37+00:00\",\"mainEntityOfPage\":{\"@id\":\"https:\/\/esment.org\/blogs\/reforzamos-la-continuidad-del-programa-cepes-para-mejorar-las-competencias-de-los-trabajadores-en-restauracion\/\"},\"wordCount\":242,\"commentCount\":0,\"publisher\":{\"@id\":\"https:\/\/esment.org\/blogs\/#organization\"},\"image\":{\"@id\":\"https:\/\/esment.org\/blogs\/reforzamos-la-continuidad-del-programa-cepes-para-mejorar-las-competencias-de-los-trabajadores-en-restauracion\/#primaryimage\"},\"thumbnailUrl\":\"https:\/\/esment.org\/blogs\/wp-content\/uploads\/2025\/11\/Esment-258-scaled.jpg\",\"keywords\":[\"competencias\",\"empleo\",\"esment escola\",\"formaci\u00f3n\",\"inserci\u00f3n\",\"Programa CEPES\",\"restauraci\u00f3n\"],\"inLanguage\":\"es\",\"potentialAction\":[{\"@type\":\"CommentAction\",\"name\":\"Comment\",\"target\":[\"https:\/\/esment.org\/blogs\/reforzamos-la-continuidad-del-programa-cepes-para-mejorar-las-competencias-de-los-trabajadores-en-restauracion\/#respond\"]}]},{\"@type\":\"WebPage\",\"@id\":\"https:\/\/esment.org\/blogs\/reforzamos-la-continuidad-del-programa-cepes-para-mejorar-las-competencias-de-los-trabajadores-en-restauracion\/\",\"url\":\"https:\/\/esment.org\/blogs\/reforzamos-la-continuidad-del-programa-cepes-para-mejorar-las-competencias-de-los-trabajadores-en-restauracion\/\",\"name\":\"La continuidad del programa CEPES ayuda a mejorar las competencias de los trabajadores - Blog Comunidad Esment\",\"isPartOf\":{\"@id\":\"https:\/\/esment.org\/blogs\/#website\"},\"primaryImageOfPage\":{\"@id\":\"https:\/\/esment.org\/blogs\/reforzamos-la-continuidad-del-programa-cepes-para-mejorar-las-competencias-de-los-trabajadores-en-restauracion\/#primaryimage\"},\"image\":{\"@id\":\"https:\/\/esment.org\/blogs\/reforzamos-la-continuidad-del-programa-cepes-para-mejorar-las-competencias-de-los-trabajadores-en-restauracion\/#primaryimage\"},\"thumbnailUrl\":\"https:\/\/esment.org\/blogs\/wp-content\/uploads\/2025\/11\/Esment-258-scaled.jpg\",\"datePublished\":\"2025-11-21T10:42:02+00:00\",\"dateModified\":\"2025-11-27T12:32:37+00:00\",\"breadcrumb\":{\"@id\":\"https:\/\/esment.org\/blogs\/reforzamos-la-continuidad-del-programa-cepes-para-mejorar-las-competencias-de-los-trabajadores-en-restauracion\/#breadcrumb\"},\"inLanguage\":\"es\",\"potentialAction\":[{\"@type\":\"ReadAction\",\"target\":[\"https:\/\/esment.org\/blogs\/reforzamos-la-continuidad-del-programa-cepes-para-mejorar-las-competencias-de-los-trabajadores-en-restauracion\/\"]}]},{\"@type\":\"ImageObject\",\"inLanguage\":\"es\",\"@id\":\"https:\/\/esment.org\/blogs\/reforzamos-la-continuidad-del-programa-cepes-para-mejorar-las-competencias-de-los-trabajadores-en-restauracion\/#primaryimage\",\"url\":\"https:\/\/esment.org\/blogs\/wp-content\/uploads\/2025\/11\/Esment-258-scaled.jpg\",\"contentUrl\":\"https:\/\/esment.org\/blogs\/wp-content\/uploads\/2025\/11\/Esment-258-scaled.jpg\",\"width\":2560,\"height\":1707},{\"@type\":\"BreadcrumbList\",\"@id\":\"https:\/\/esment.org\/blogs\/reforzamos-la-continuidad-del-programa-cepes-para-mejorar-las-competencias-de-los-trabajadores-en-restauracion\/#breadcrumb\",\"itemListElement\":[{\"@type\":\"ListItem\",\"position\":1,\"name\":\"Portada\",\"item\":\"https:\/\/esment.org\/blogs\/\"},{\"@type\":\"ListItem\",\"position\":2,\"name\":\"La continuidad del programa CEPES ayuda a mejorar las competencias de los trabajadores\"}]},{\"@type\":\"WebSite\",\"@id\":\"https:\/\/esment.org\/blogs\/#website\",\"url\":\"https:\/\/esment.org\/blogs\/\",\"name\":\"Blog Comunidad Esment\",\"description\":\"Blogs de Esment\",\"publisher\":{\"@id\":\"https:\/\/esment.org\/blogs\/#organization\"},\"potentialAction\":[{\"@type\":\"SearchAction\",\"target\":{\"@type\":\"EntryPoint\",\"urlTemplate\":\"https:\/\/esment.org\/blogs\/?s={search_term_string}\"},\"query-input\":{\"@type\":\"PropertyValueSpecification\",\"valueRequired\":true,\"valueName\":\"search_term_string\"}}],\"inLanguage\":\"es\"},{\"@type\":\"Organization\",\"@id\":\"https:\/\/esment.org\/blogs\/#organization\",\"name\":\"Blog Comunidad Esment\",\"url\":\"https:\/\/esment.org\/blogs\/\",\"logo\":{\"@type\":\"ImageObject\",\"inLanguage\":\"es\",\"@id\":\"https:\/\/esment.org\/blogs\/#\/schema\/logo\/image\/\",\"url\":\"https:\/\/esment.org\/blogs\/wp-content\/uploads\/2020\/10\/logo-header.svg\",\"contentUrl\":\"https:\/\/esment.org\/blogs\/wp-content\/uploads\/2020\/10\/logo-header.svg\",\"caption\":\"Blog Comunidad Esment\"},\"image\":{\"@id\":\"https:\/\/esment.org\/blogs\/#\/schema\/logo\/image\/\"}},{\"@type\":\"Person\",\"@id\":\"https:\/\/esment.org\/blogs\/#\/schema\/person\/d2af4a49059695d7ca3491e0498d6b36\",\"name\":\"Yolanda Tarramera\",\"image\":{\"@type\":\"ImageObject\",\"inLanguage\":\"es\",\"@id\":\"https:\/\/esment.org\/blogs\/#\/schema\/person\/image\/\",\"url\":\"https:\/\/secure.gravatar.com\/avatar\/c93060ec77db68f5fefd782408bed5a5005bb0b119c5ece6cdbf5ad8631c6e5b?s=96&d=mm&r=g\",\"contentUrl\":\"https:\/\/secure.gravatar.com\/avatar\/c93060ec77db68f5fefd782408bed5a5005bb0b119c5ece6cdbf5ad8631c6e5b?s=96&d=mm&r=g\",\"caption\":\"Yolanda Tarramera\"},\"url\":\"https:\/\/esment.org\/blogs\/author\/yolanda-tarramera\/\"}]}<\/script>\n<!-- \/ Yoast SEO plugin. -->","yoast_head_json":{"title":"La continuidad del programa CEPES ayuda a mejorar las competencias de los trabajadores - Blog Comunidad Esment","robots":{"index":"index","follow":"follow","max-snippet":"max-snippet:-1","max-image-preview":"max-image-preview:large","max-video-preview":"max-video-preview:-1"},"canonical":"https:\/\/esment.org\/blogs\/reforzamos-la-continuidad-del-programa-cepes-para-mejorar-las-competencias-de-los-trabajadores-en-restauracion\/","og_locale":"es_ES","og_type":"article","og_title":"La continuidad del programa CEPES ayuda a mejorar las competencias de los trabajadores - Blog Comunidad Esment","og_description":"Esment contin\u00faa avanzando en su compromiso con la inserci\u00f3n laboral a trav\u00e9s del proyecto \u201cEsment Restauraci\u00f3n: Empleo para todas las personas y para cada una\u201d, una iniciativa que busca mejorar las competencias y habilidades de las personas con discapacidad que trabajan en el sector de la restauraci\u00f3n, con especial atenci\u00f3n a quienes presentan mayores necesidades [&hellip;]","og_url":"https:\/\/esment.org\/blogs\/reforzamos-la-continuidad-del-programa-cepes-para-mejorar-las-competencias-de-los-trabajadores-en-restauracion\/","og_site_name":"Blog Comunidad Esment","article_published_time":"2025-11-21T10:42:02+00:00","article_modified_time":"2025-11-27T12:32:37+00:00","og_image":[{"width":2560,"height":1707,"url":"https:\/\/esment.org\/blogs\/wp-content\/uploads\/2025\/11\/Esment-258-scaled.jpg","type":"image\/jpeg"}],"author":"Yolanda Tarramera","twitter_card":"summary_large_image","twitter_misc":{"Escrito por":"Yolanda Tarramera","Tiempo de lectura":"2 minutos"},"schema":{"@context":"https:\/\/schema.org","@graph":[{"@type":"Article","@id":"https:\/\/esment.org\/blogs\/reforzamos-la-continuidad-del-programa-cepes-para-mejorar-las-competencias-de-los-trabajadores-en-restauracion\/#article","isPartOf":{"@id":"https:\/\/esment.org\/blogs\/reforzamos-la-continuidad-del-programa-cepes-para-mejorar-las-competencias-de-los-trabajadores-en-restauracion\/"},"author":{"name":"Yolanda Tarramera","@id":"https:\/\/esment.org\/blogs\/#\/schema\/person\/d2af4a49059695d7ca3491e0498d6b36"},"headline":"La continuidad del programa CEPES ayuda a mejorar las competencias de los trabajadores","datePublished":"2025-11-21T10:42:02+00:00","dateModified":"2025-11-27T12:32:37+00:00","mainEntityOfPage":{"@id":"https:\/\/esment.org\/blogs\/reforzamos-la-continuidad-del-programa-cepes-para-mejorar-las-competencias-de-los-trabajadores-en-restauracion\/"},"wordCount":242,"commentCount":0,"publisher":{"@id":"https:\/\/esment.org\/blogs\/#organization"},"image":{"@id":"https:\/\/esment.org\/blogs\/reforzamos-la-continuidad-del-programa-cepes-para-mejorar-las-competencias-de-los-trabajadores-en-restauracion\/#primaryimage"},"thumbnailUrl":"https:\/\/esment.org\/blogs\/wp-content\/uploads\/2025\/11\/Esment-258-scaled.jpg","keywords":["competencias","empleo","esment escola","formaci\u00f3n","inserci\u00f3n","Programa CEPES","restauraci\u00f3n"],"inLanguage":"es","potentialAction":[{"@type":"CommentAction","name":"Comment","target":["https:\/\/esment.org\/blogs\/reforzamos-la-continuidad-del-programa-cepes-para-mejorar-las-competencias-de-los-trabajadores-en-restauracion\/#respond"]}]},{"@type":"WebPage","@id":"https:\/\/esment.org\/blogs\/reforzamos-la-continuidad-del-programa-cepes-para-mejorar-las-competencias-de-los-trabajadores-en-restauracion\/","url":"https:\/\/esment.org\/blogs\/reforzamos-la-continuidad-del-programa-cepes-para-mejorar-las-competencias-de-los-trabajadores-en-restauracion\/","name":"La continuidad del programa CEPES ayuda a mejorar las competencias de los trabajadores - Blog Comunidad Esment","isPartOf":{"@id":"https:\/\/esment.org\/blogs\/#website"},"primaryImageOfPage":{"@id":"https:\/\/esment.org\/blogs\/reforzamos-la-continuidad-del-programa-cepes-para-mejorar-las-competencias-de-los-trabajadores-en-restauracion\/#primaryimage"},"image":{"@id":"https:\/\/esment.org\/blogs\/reforzamos-la-continuidad-del-programa-cepes-para-mejorar-las-competencias-de-los-trabajadores-en-restauracion\/#primaryimage"},"thumbnailUrl":"https:\/\/esment.org\/blogs\/wp-content\/uploads\/2025\/11\/Esment-258-scaled.jpg","datePublished":"2025-11-21T10:42:02+00:00","dateModified":"2025-11-27T12:32:37+00:00","breadcrumb":{"@id":"https:\/\/esment.org\/blogs\/reforzamos-la-continuidad-del-programa-cepes-para-mejorar-las-competencias-de-los-trabajadores-en-restauracion\/#breadcrumb"},"inLanguage":"es","potentialAction":[{"@type":"ReadAction","target":["https:\/\/esment.org\/blogs\/reforzamos-la-continuidad-del-programa-cepes-para-mejorar-las-competencias-de-los-trabajadores-en-restauracion\/"]}]},{"@type":"ImageObject","inLanguage":"es","@id":"https:\/\/esment.org\/blogs\/reforzamos-la-continuidad-del-programa-cepes-para-mejorar-las-competencias-de-los-trabajadores-en-restauracion\/#primaryimage","url":"https:\/\/esment.org\/blogs\/wp-content\/uploads\/2025\/11\/Esment-258-scaled.jpg","contentUrl":"https:\/\/esment.org\/blogs\/wp-content\/uploads\/2025\/11\/Esment-258-scaled.jpg","width":2560,"height":1707},{"@type":"BreadcrumbList","@id":"https:\/\/esment.org\/blogs\/reforzamos-la-continuidad-del-programa-cepes-para-mejorar-las-competencias-de-los-trabajadores-en-restauracion\/#breadcrumb","itemListElement":[{"@type":"ListItem","position":1,"name":"Portada","item":"https:\/\/esment.org\/blogs\/"},{"@type":"ListItem","position":2,"name":"La continuidad del programa CEPES ayuda a mejorar las competencias de los trabajadores"}]},{"@type":"WebSite","@id":"https:\/\/esment.org\/blogs\/#website","url":"https:\/\/esment.org\/blogs\/","name":"Blog Comunidad Esment","description":"Blogs de Esment","publisher":{"@id":"https:\/\/esment.org\/blogs\/#organization"},"potentialAction":[{"@type":"SearchAction","target":{"@type":"EntryPoint","urlTemplate":"https:\/\/esment.org\/blogs\/?s={search_term_string}"},"query-input":{"@type":"PropertyValueSpecification","valueRequired":true,"valueName":"search_term_string"}}],"inLanguage":"es"},{"@type":"Organization","@id":"https:\/\/esment.org\/blogs\/#organization","name":"Blog Comunidad Esment","url":"https:\/\/esment.org\/blogs\/","logo":{"@type":"ImageObject","inLanguage":"es","@id":"https:\/\/esment.org\/blogs\/#\/schema\/logo\/image\/","url":"https:\/\/esment.org\/blogs\/wp-content\/uploads\/2020\/10\/logo-header.svg","contentUrl":"https:\/\/esment.org\/blogs\/wp-content\/uploads\/2020\/10\/logo-header.svg","caption":"Blog Comunidad Esment"},"image":{"@id":"https:\/\/esment.org\/blogs\/#\/schema\/logo\/image\/"}},{"@type":"Person","@id":"https:\/\/esment.org\/blogs\/#\/schema\/person\/d2af4a49059695d7ca3491e0498d6b36","name":"Yolanda Tarramera","image":{"@type":"ImageObject","inLanguage":"es","@id":"https:\/\/esment.org\/blogs\/#\/schema\/person\/image\/","url":"https:\/\/secure.gravatar.com\/avatar\/c93060ec77db68f5fefd782408bed5a5005bb0b119c5ece6cdbf5ad8631c6e5b?s=96&d=mm&r=g","contentUrl":"https:\/\/secure.gravatar.com\/avatar\/c93060ec77db68f5fefd782408bed5a5005bb0b119c5ece6cdbf5ad8631c6e5b?s=96&d=mm&r=g","caption":"Yolanda Tarramera"},"url":"https:\/\/esment.org\/blogs\/author\/yolanda-tarramera\/"}]}},"_links":{"self":[{"href":"https:\/\/esment.org\/blogs\/wp-json\/wp\/v2\/posts\/27816","targetHints":{"allow":["GET"]}}],"collection":[{"href":"https:\/\/esment.org\/blogs\/wp-json\/wp\/v2\/posts"}],"about":[{"href":"https:\/\/esment.org\/blogs\/wp-json\/wp\/v2\/types\/post"}],"author":[{"embeddable":true,"href":"https:\/\/esment.org\/blogs\/wp-json\/wp\/v2\/users\/5"}],"replies":[{"embeddable":true,"href":"https:\/\/esment.org\/blogs\/wp-json\/wp\/v2\/comments?post=27816"}],"version-history":[{"count":8,"href":"https:\/\/esment.org\/blogs\/wp-json\/wp\/v2\/posts\/27816\/revisions"}],"predecessor-version":[{"id":27923,"href":"https:\/\/esment.org\/blogs\/wp-json\/wp\/v2\/posts\/27816\/revisions\/27923"}],"wp:featuredmedia":[{"embeddable":true,"href":"https:\/\/esment.org\/blogs\/wp-json\/wp\/v2\/media\/27822"}],"wp:attachment":[{"href":"https:\/\/esment.org\/blogs\/wp-json\/wp\/v2\/media?parent=27816"}],"wp:term":[{"taxonomy":"category","embeddable":true,"href":"https:\/\/esment.org\/blogs\/wp-json\/wp\/v2\/categories?post=27816"},{"taxonomy":"post_tag","embeddable":true,"href":"https:\/\/esment.org\/blogs\/wp-json\/wp\/v2\/tags?post=27816"}],"curies":[{"name":"wp","href":"https:\/\/api.w.org\/{rel}","templated":true}]}}