{"id":27805,"date":"2025-11-20T14:07:29","date_gmt":"2025-11-20T14:07:29","guid":{"rendered":"https:\/\/esment.org\/blogs\/?p=27805"},"modified":"2025-11-20T14:09:55","modified_gmt":"2025-11-20T14:09:55","slug":"compartimos-nuestro-modelo-organizativo-con-entidades-de-la-comunidad-valencia-y-cantabria","status":"publish","type":"post","link":"https:\/\/esment.org\/blogs\/compartimos-nuestro-modelo-organizativo-con-entidades-de-la-comunidad-valencia-y-cantabria\/","title":{"rendered":"Compartimos nuestro modelo organizativo con entidades de la Comunidad Valencia y Cantabria"},"content":{"rendered":"<p data-start=\"200\" data-end=\"442\">Esta semana hemos recibido a representantes de MIRA&#8217;M Fundaci\u00f3 (Comunitat Valenciana) y Fundaci\u00f3n Obra San Mart\u00edn (Cantabria), dos entidades del \u00e1mbito social interesadas en conocer nuestro modelo organizativo y de acompa\u00f1amiento.<\/p>\n<p data-start=\"444\" data-end=\"895\">Durante las dos jornadas de visita, los profesionales de ambas entidades pudieron conocer algunos de los centros de la entidad, como Esment Inca y Esment Escola Professional, as\u00ed como el Centro Especial de Empleo de Imprenta o Restauraci\u00f3n y Obrador. Tambi\u00e9n mostraron un especial inter\u00e9s por nuestros modelos de inserci\u00f3n sociolaboral, vivienda y clubs sociales. En concreto, visitaron el Club Social Son Forteza, un centro abierto a la comunidad en el que participan y comparten actividades personas con discapacidad y vecinos del barrio. La visita culmin\u00f3 en Garaje Salma, el nuevo centro que ha abierto Esment para compartir con la sociedad conocimiento y desarrollo en tecnolog\u00eda social.<\/p>\n<p data-start=\"897\" data-end=\"1223\">Despu\u00e9s de conocer nuestros servicios y actividades, ambas entidades destacaron que, pese a la diversidad de proyectos, cada uno de ellos manten\u00eda una coherencia plena con los valores y el prop\u00f3sito de la organizaci\u00f3n. Para Esment, la visita tambi\u00e9n result\u00f3 enriquecedora, ya que refuerza el intercambio de buenas pr\u00e1cticas entre entidades comprometidas con la inclusi\u00f3n y el bienestar de las personas. Adem\u00e1s, nos llena de orgullo comprobar el inter\u00e9s que despierta nuestro modelo de acompa\u00f1amiento en otros territorios del Estado.<\/p>\n<p data-start=\"1233\" data-end=\"1529\">\n","protected":false},"excerpt":{"rendered":"<p>Esta semana hemos recibido a representantes de MIRA&#8217;M Fundaci\u00f3 (Comunitat Valenciana) y Fundaci\u00f3n Obra San Mart\u00edn (Cantabria), dos entidades del \u00e1mbito social interesadas en conocer nuestro modelo organizativo y de acompa\u00f1amiento. Durante las dos jornadas de visita, los profesionales de ambas entidades pudieron conocer algunos de los centros de la entidad, como Esment Inca y [&hellip;]<\/p>\n","protected":false},"author":5,"featured_media":27811,"comment_status":"open","ping_status":"closed","sticky":false,"template":"","format":"standard","meta":{"_acf_changed":false,"footnotes":""},"categories":[1],"tags":[2329,2330,2332,96,1341,2331,2328,316],"class_list":["post-27805","post","type-post","status-publish","format-standard","has-post-thumbnail","hentry","category-sin-categoria","tag-compartir-conocimiento","tag-entidades-sociales","tag-fundacion-obra-san-martin","tag-imprenta-2","tag-insercion-sociolaboral","tag-miram-fundacio","tag-modelo-organizativo","tag-vivienda"],"acf":[],"yoast_head":"<!-- This site is optimized with the Yoast SEO plugin v26.4 - https:\/\/yoast.com\/wordpress\/plugins\/seo\/ -->\n<title>Compartimos nuestro modelo organizativo con entidades de la Comunidad Valencia y Cantabria - Blog Comunidad Esment<\/title>\n<meta name=\"robots\" content=\"index, follow, max-snippet:-1, max-image-preview:large, max-video-preview:-1\" \/>\n<link rel=\"canonical\" href=\"https:\/\/esment.org\/blogs\/compartimos-nuestro-modelo-organizativo-con-entidades-de-la-comunidad-valencia-y-cantabria\/\" \/>\n<meta property=\"og:locale\" content=\"es_ES\" \/>\n<meta property=\"og:type\" content=\"article\" \/>\n<meta property=\"og:title\" content=\"Compartimos nuestro modelo organizativo con entidades de la Comunidad Valencia y Cantabria - Blog Comunidad Esment\" \/>\n<meta property=\"og:description\" content=\"Esta semana hemos recibido a representantes de MIRA&#8217;M Fundaci\u00f3 (Comunitat Valenciana) y Fundaci\u00f3n Obra San Mart\u00edn (Cantabria), dos entidades del \u00e1mbito social interesadas en conocer nuestro modelo organizativo y de acompa\u00f1amiento. Durante las dos jornadas de visita, los profesionales de ambas entidades pudieron conocer algunos de los centros de la entidad, como Esment Inca y [&hellip;]\" \/>\n<meta property=\"og:url\" content=\"https:\/\/esment.org\/blogs\/compartimos-nuestro-modelo-organizativo-con-entidades-de-la-comunidad-valencia-y-cantabria\/\" \/>\n<meta property=\"og:site_name\" content=\"Blog Comunidad Esment\" \/>\n<meta property=\"article:published_time\" content=\"2025-11-20T14:07:29+00:00\" \/>\n<meta property=\"article:modified_time\" content=\"2025-11-20T14:09:55+00:00\" \/>\n<meta property=\"og:image\" content=\"https:\/\/esment.org\/blogs\/wp-content\/uploads\/2025\/11\/thumbnail_IMG_8528-1-2-e1763647634107.jpg\" \/>\n\t<meta property=\"og:image:width\" content=\"1920\" \/>\n\t<meta property=\"og:image:height\" content=\"877\" \/>\n\t<meta property=\"og:image:type\" content=\"image\/jpeg\" \/>\n<meta name=\"author\" content=\"Yolanda Tarramera\" \/>\n<meta name=\"twitter:card\" content=\"summary_large_image\" \/>\n<meta name=\"twitter:label1\" content=\"Escrito por\" \/>\n\t<meta name=\"twitter:data1\" content=\"Yolanda Tarramera\" \/>\n\t<meta name=\"twitter:label2\" content=\"Tiempo de lectura\" \/>\n\t<meta name=\"twitter:data2\" content=\"2 minutos\" \/>\n<script type=\"application\/ld+json\" class=\"yoast-schema-graph\">{\"@context\":\"https:\/\/schema.org\",\"@graph\":[{\"@type\":\"Article\",\"@id\":\"https:\/\/esment.org\/blogs\/compartimos-nuestro-modelo-organizativo-con-entidades-de-la-comunidad-valencia-y-cantabria\/#article\",\"isPartOf\":{\"@id\":\"https:\/\/esment.org\/blogs\/compartimos-nuestro-modelo-organizativo-con-entidades-de-la-comunidad-valencia-y-cantabria\/\"},\"author\":{\"name\":\"Yolanda Tarramera\",\"@id\":\"https:\/\/esment.org\/blogs\/#\/schema\/person\/d2af4a49059695d7ca3491e0498d6b36\"},\"headline\":\"Compartimos nuestro modelo organizativo con entidades de la Comunidad Valencia y Cantabria\",\"datePublished\":\"2025-11-20T14:07:29+00:00\",\"dateModified\":\"2025-11-20T14:09:55+00:00\",\"mainEntityOfPage\":{\"@id\":\"https:\/\/esment.org\/blogs\/compartimos-nuestro-modelo-organizativo-con-entidades-de-la-comunidad-valencia-y-cantabria\/\"},\"wordCount\":248,\"commentCount\":0,\"publisher\":{\"@id\":\"https:\/\/esment.org\/blogs\/#organization\"},\"image\":{\"@id\":\"https:\/\/esment.org\/blogs\/compartimos-nuestro-modelo-organizativo-con-entidades-de-la-comunidad-valencia-y-cantabria\/#primaryimage\"},\"thumbnailUrl\":\"https:\/\/esment.org\/blogs\/wp-content\/uploads\/2025\/11\/thumbnail_IMG_8528-1-2-e1763647634107.jpg\",\"keywords\":[\"compartir conocimiento\",\"entidades sociales\",\"Fundaci\u00f3n Obra San Mart\u00edn\",\"imprenta\",\"inserci\u00f3n sociolaboral\",\"MIRA'm Fundaci\u00f3\",\"modelo organizativo\",\"vivienda\"],\"inLanguage\":\"es\",\"potentialAction\":[{\"@type\":\"CommentAction\",\"name\":\"Comment\",\"target\":[\"https:\/\/esment.org\/blogs\/compartimos-nuestro-modelo-organizativo-con-entidades-de-la-comunidad-valencia-y-cantabria\/#respond\"]}]},{\"@type\":\"WebPage\",\"@id\":\"https:\/\/esment.org\/blogs\/compartimos-nuestro-modelo-organizativo-con-entidades-de-la-comunidad-valencia-y-cantabria\/\",\"url\":\"https:\/\/esment.org\/blogs\/compartimos-nuestro-modelo-organizativo-con-entidades-de-la-comunidad-valencia-y-cantabria\/\",\"name\":\"Compartimos nuestro modelo organizativo con entidades de la Comunidad Valencia y Cantabria - Blog Comunidad Esment\",\"isPartOf\":{\"@id\":\"https:\/\/esment.org\/blogs\/#website\"},\"primaryImageOfPage\":{\"@id\":\"https:\/\/esment.org\/blogs\/compartimos-nuestro-modelo-organizativo-con-entidades-de-la-comunidad-valencia-y-cantabria\/#primaryimage\"},\"image\":{\"@id\":\"https:\/\/esment.org\/blogs\/compartimos-nuestro-modelo-organizativo-con-entidades-de-la-comunidad-valencia-y-cantabria\/#primaryimage\"},\"thumbnailUrl\":\"https:\/\/esment.org\/blogs\/wp-content\/uploads\/2025\/11\/thumbnail_IMG_8528-1-2-e1763647634107.jpg\",\"datePublished\":\"2025-11-20T14:07:29+00:00\",\"dateModified\":\"2025-11-20T14:09:55+00:00\",\"breadcrumb\":{\"@id\":\"https:\/\/esment.org\/blogs\/compartimos-nuestro-modelo-organizativo-con-entidades-de-la-comunidad-valencia-y-cantabria\/#breadcrumb\"},\"inLanguage\":\"es\",\"potentialAction\":[{\"@type\":\"ReadAction\",\"target\":[\"https:\/\/esment.org\/blogs\/compartimos-nuestro-modelo-organizativo-con-entidades-de-la-comunidad-valencia-y-cantabria\/\"]}]},{\"@type\":\"ImageObject\",\"inLanguage\":\"es\",\"@id\":\"https:\/\/esment.org\/blogs\/compartimos-nuestro-modelo-organizativo-con-entidades-de-la-comunidad-valencia-y-cantabria\/#primaryimage\",\"url\":\"https:\/\/esment.org\/blogs\/wp-content\/uploads\/2025\/11\/thumbnail_IMG_8528-1-2-e1763647634107.jpg\",\"contentUrl\":\"https:\/\/esment.org\/blogs\/wp-content\/uploads\/2025\/11\/thumbnail_IMG_8528-1-2-e1763647634107.jpg\",\"width\":1920,\"height\":877},{\"@type\":\"BreadcrumbList\",\"@id\":\"https:\/\/esment.org\/blogs\/compartimos-nuestro-modelo-organizativo-con-entidades-de-la-comunidad-valencia-y-cantabria\/#breadcrumb\",\"itemListElement\":[{\"@type\":\"ListItem\",\"position\":1,\"name\":\"Portada\",\"item\":\"https:\/\/esment.org\/blogs\/\"},{\"@type\":\"ListItem\",\"position\":2,\"name\":\"Compartimos nuestro modelo organizativo con entidades de la Comunidad Valencia y Cantabria\"}]},{\"@type\":\"WebSite\",\"@id\":\"https:\/\/esment.org\/blogs\/#website\",\"url\":\"https:\/\/esment.org\/blogs\/\",\"name\":\"Blog Comunidad Esment\",\"description\":\"Blogs de Esment\",\"publisher\":{\"@id\":\"https:\/\/esment.org\/blogs\/#organization\"},\"potentialAction\":[{\"@type\":\"SearchAction\",\"target\":{\"@type\":\"EntryPoint\",\"urlTemplate\":\"https:\/\/esment.org\/blogs\/?s={search_term_string}\"},\"query-input\":{\"@type\":\"PropertyValueSpecification\",\"valueRequired\":true,\"valueName\":\"search_term_string\"}}],\"inLanguage\":\"es\"},{\"@type\":\"Organization\",\"@id\":\"https:\/\/esment.org\/blogs\/#organization\",\"name\":\"Blog Comunidad Esment\",\"url\":\"https:\/\/esment.org\/blogs\/\",\"logo\":{\"@type\":\"ImageObject\",\"inLanguage\":\"es\",\"@id\":\"https:\/\/esment.org\/blogs\/#\/schema\/logo\/image\/\",\"url\":\"https:\/\/esment.org\/blogs\/wp-content\/uploads\/2020\/10\/logo-header.svg\",\"contentUrl\":\"https:\/\/esment.org\/blogs\/wp-content\/uploads\/2020\/10\/logo-header.svg\",\"caption\":\"Blog Comunidad Esment\"},\"image\":{\"@id\":\"https:\/\/esment.org\/blogs\/#\/schema\/logo\/image\/\"}},{\"@type\":\"Person\",\"@id\":\"https:\/\/esment.org\/blogs\/#\/schema\/person\/d2af4a49059695d7ca3491e0498d6b36\",\"name\":\"Yolanda Tarramera\",\"image\":{\"@type\":\"ImageObject\",\"inLanguage\":\"es\",\"@id\":\"https:\/\/esment.org\/blogs\/#\/schema\/person\/image\/\",\"url\":\"https:\/\/secure.gravatar.com\/avatar\/c93060ec77db68f5fefd782408bed5a5005bb0b119c5ece6cdbf5ad8631c6e5b?s=96&d=mm&r=g\",\"contentUrl\":\"https:\/\/secure.gravatar.com\/avatar\/c93060ec77db68f5fefd782408bed5a5005bb0b119c5ece6cdbf5ad8631c6e5b?s=96&d=mm&r=g\",\"caption\":\"Yolanda Tarramera\"},\"url\":\"https:\/\/esment.org\/blogs\/author\/yolanda-tarramera\/\"}]}<\/script>\n<!-- \/ Yoast SEO plugin. -->","yoast_head_json":{"title":"Compartimos nuestro modelo organizativo con entidades de la Comunidad Valencia y Cantabria - Blog Comunidad Esment","robots":{"index":"index","follow":"follow","max-snippet":"max-snippet:-1","max-image-preview":"max-image-preview:large","max-video-preview":"max-video-preview:-1"},"canonical":"https:\/\/esment.org\/blogs\/compartimos-nuestro-modelo-organizativo-con-entidades-de-la-comunidad-valencia-y-cantabria\/","og_locale":"es_ES","og_type":"article","og_title":"Compartimos nuestro modelo organizativo con entidades de la Comunidad Valencia y Cantabria - Blog Comunidad Esment","og_description":"Esta semana hemos recibido a representantes de MIRA&#8217;M Fundaci\u00f3 (Comunitat Valenciana) y Fundaci\u00f3n Obra San Mart\u00edn (Cantabria), dos entidades del \u00e1mbito social interesadas en conocer nuestro modelo organizativo y de acompa\u00f1amiento. Durante las dos jornadas de visita, los profesionales de ambas entidades pudieron conocer algunos de los centros de la entidad, como Esment Inca y [&hellip;]","og_url":"https:\/\/esment.org\/blogs\/compartimos-nuestro-modelo-organizativo-con-entidades-de-la-comunidad-valencia-y-cantabria\/","og_site_name":"Blog Comunidad Esment","article_published_time":"2025-11-20T14:07:29+00:00","article_modified_time":"2025-11-20T14:09:55+00:00","og_image":[{"width":1920,"height":877,"url":"https:\/\/esment.org\/blogs\/wp-content\/uploads\/2025\/11\/thumbnail_IMG_8528-1-2-e1763647634107.jpg","type":"image\/jpeg"}],"author":"Yolanda Tarramera","twitter_card":"summary_large_image","twitter_misc":{"Escrito por":"Yolanda Tarramera","Tiempo de lectura":"2 minutos"},"schema":{"@context":"https:\/\/schema.org","@graph":[{"@type":"Article","@id":"https:\/\/esment.org\/blogs\/compartimos-nuestro-modelo-organizativo-con-entidades-de-la-comunidad-valencia-y-cantabria\/#article","isPartOf":{"@id":"https:\/\/esment.org\/blogs\/compartimos-nuestro-modelo-organizativo-con-entidades-de-la-comunidad-valencia-y-cantabria\/"},"author":{"name":"Yolanda Tarramera","@id":"https:\/\/esment.org\/blogs\/#\/schema\/person\/d2af4a49059695d7ca3491e0498d6b36"},"headline":"Compartimos nuestro modelo organizativo con entidades de la Comunidad Valencia y Cantabria","datePublished":"2025-11-20T14:07:29+00:00","dateModified":"2025-11-20T14:09:55+00:00","mainEntityOfPage":{"@id":"https:\/\/esment.org\/blogs\/compartimos-nuestro-modelo-organizativo-con-entidades-de-la-comunidad-valencia-y-cantabria\/"},"wordCount":248,"commentCount":0,"publisher":{"@id":"https:\/\/esment.org\/blogs\/#organization"},"image":{"@id":"https:\/\/esment.org\/blogs\/compartimos-nuestro-modelo-organizativo-con-entidades-de-la-comunidad-valencia-y-cantabria\/#primaryimage"},"thumbnailUrl":"https:\/\/esment.org\/blogs\/wp-content\/uploads\/2025\/11\/thumbnail_IMG_8528-1-2-e1763647634107.jpg","keywords":["compartir conocimiento","entidades sociales","Fundaci\u00f3n Obra San Mart\u00edn","imprenta","inserci\u00f3n sociolaboral","MIRA'm Fundaci\u00f3","modelo organizativo","vivienda"],"inLanguage":"es","potentialAction":[{"@type":"CommentAction","name":"Comment","target":["https:\/\/esment.org\/blogs\/compartimos-nuestro-modelo-organizativo-con-entidades-de-la-comunidad-valencia-y-cantabria\/#respond"]}]},{"@type":"WebPage","@id":"https:\/\/esment.org\/blogs\/compartimos-nuestro-modelo-organizativo-con-entidades-de-la-comunidad-valencia-y-cantabria\/","url":"https:\/\/esment.org\/blogs\/compartimos-nuestro-modelo-organizativo-con-entidades-de-la-comunidad-valencia-y-cantabria\/","name":"Compartimos nuestro modelo organizativo con entidades de la Comunidad Valencia y Cantabria - Blog Comunidad Esment","isPartOf":{"@id":"https:\/\/esment.org\/blogs\/#website"},"primaryImageOfPage":{"@id":"https:\/\/esment.org\/blogs\/compartimos-nuestro-modelo-organizativo-con-entidades-de-la-comunidad-valencia-y-cantabria\/#primaryimage"},"image":{"@id":"https:\/\/esment.org\/blogs\/compartimos-nuestro-modelo-organizativo-con-entidades-de-la-comunidad-valencia-y-cantabria\/#primaryimage"},"thumbnailUrl":"https:\/\/esment.org\/blogs\/wp-content\/uploads\/2025\/11\/thumbnail_IMG_8528-1-2-e1763647634107.jpg","datePublished":"2025-11-20T14:07:29+00:00","dateModified":"2025-11-20T14:09:55+00:00","breadcrumb":{"@id":"https:\/\/esment.org\/blogs\/compartimos-nuestro-modelo-organizativo-con-entidades-de-la-comunidad-valencia-y-cantabria\/#breadcrumb"},"inLanguage":"es","potentialAction":[{"@type":"ReadAction","target":["https:\/\/esment.org\/blogs\/compartimos-nuestro-modelo-organizativo-con-entidades-de-la-comunidad-valencia-y-cantabria\/"]}]},{"@type":"ImageObject","inLanguage":"es","@id":"https:\/\/esment.org\/blogs\/compartimos-nuestro-modelo-organizativo-con-entidades-de-la-comunidad-valencia-y-cantabria\/#primaryimage","url":"https:\/\/esment.org\/blogs\/wp-content\/uploads\/2025\/11\/thumbnail_IMG_8528-1-2-e1763647634107.jpg","contentUrl":"https:\/\/esment.org\/blogs\/wp-content\/uploads\/2025\/11\/thumbnail_IMG_8528-1-2-e1763647634107.jpg","width":1920,"height":877},{"@type":"BreadcrumbList","@id":"https:\/\/esment.org\/blogs\/compartimos-nuestro-modelo-organizativo-con-entidades-de-la-comunidad-valencia-y-cantabria\/#breadcrumb","itemListElement":[{"@type":"ListItem","position":1,"name":"Portada","item":"https:\/\/esment.org\/blogs\/"},{"@type":"ListItem","position":2,"name":"Compartimos nuestro modelo organizativo con entidades de la Comunidad Valencia y Cantabria"}]},{"@type":"WebSite","@id":"https:\/\/esment.org\/blogs\/#website","url":"https:\/\/esment.org\/blogs\/","name":"Blog Comunidad Esment","description":"Blogs de Esment","publisher":{"@id":"https:\/\/esment.org\/blogs\/#organization"},"potentialAction":[{"@type":"SearchAction","target":{"@type":"EntryPoint","urlTemplate":"https:\/\/esment.org\/blogs\/?s={search_term_string}"},"query-input":{"@type":"PropertyValueSpecification","valueRequired":true,"valueName":"search_term_string"}}],"inLanguage":"es"},{"@type":"Organization","@id":"https:\/\/esment.org\/blogs\/#organization","name":"Blog Comunidad Esment","url":"https:\/\/esment.org\/blogs\/","logo":{"@type":"ImageObject","inLanguage":"es","@id":"https:\/\/esment.org\/blogs\/#\/schema\/logo\/image\/","url":"https:\/\/esment.org\/blogs\/wp-content\/uploads\/2020\/10\/logo-header.svg","contentUrl":"https:\/\/esment.org\/blogs\/wp-content\/uploads\/2020\/10\/logo-header.svg","caption":"Blog Comunidad Esment"},"image":{"@id":"https:\/\/esment.org\/blogs\/#\/schema\/logo\/image\/"}},{"@type":"Person","@id":"https:\/\/esment.org\/blogs\/#\/schema\/person\/d2af4a49059695d7ca3491e0498d6b36","name":"Yolanda Tarramera","image":{"@type":"ImageObject","inLanguage":"es","@id":"https:\/\/esment.org\/blogs\/#\/schema\/person\/image\/","url":"https:\/\/secure.gravatar.com\/avatar\/c93060ec77db68f5fefd782408bed5a5005bb0b119c5ece6cdbf5ad8631c6e5b?s=96&d=mm&r=g","contentUrl":"https:\/\/secure.gravatar.com\/avatar\/c93060ec77db68f5fefd782408bed5a5005bb0b119c5ece6cdbf5ad8631c6e5b?s=96&d=mm&r=g","caption":"Yolanda Tarramera"},"url":"https:\/\/esment.org\/blogs\/author\/yolanda-tarramera\/"}]}},"_links":{"self":[{"href":"https:\/\/esment.org\/blogs\/wp-json\/wp\/v2\/posts\/27805","targetHints":{"allow":["GET"]}}],"collection":[{"href":"https:\/\/esment.org\/blogs\/wp-json\/wp\/v2\/posts"}],"about":[{"href":"https:\/\/esment.org\/blogs\/wp-json\/wp\/v2\/types\/post"}],"author":[{"embeddable":true,"href":"https:\/\/esment.org\/blogs\/wp-json\/wp\/v2\/users\/5"}],"replies":[{"embeddable":true,"href":"https:\/\/esment.org\/blogs\/wp-json\/wp\/v2\/comments?post=27805"}],"version-history":[{"count":4,"href":"https:\/\/esment.org\/blogs\/wp-json\/wp\/v2\/posts\/27805\/revisions"}],"predecessor-version":[{"id":27813,"href":"https:\/\/esment.org\/blogs\/wp-json\/wp\/v2\/posts\/27805\/revisions\/27813"}],"wp:featuredmedia":[{"embeddable":true,"href":"https:\/\/esment.org\/blogs\/wp-json\/wp\/v2\/media\/27811"}],"wp:attachment":[{"href":"https:\/\/esment.org\/blogs\/wp-json\/wp\/v2\/media?parent=27805"}],"wp:term":[{"taxonomy":"category","embeddable":true,"href":"https:\/\/esment.org\/blogs\/wp-json\/wp\/v2\/categories?post=27805"},{"taxonomy":"post_tag","embeddable":true,"href":"https:\/\/esment.org\/blogs\/wp-json\/wp\/v2\/tags?post=27805"}],"curies":[{"name":"wp","href":"https:\/\/api.w.org\/{rel}","templated":true}]}}