{"id":27792,"date":"2025-11-20T11:42:37","date_gmt":"2025-11-20T11:42:37","guid":{"rendered":"https:\/\/esment.org\/blogs\/?p=27792"},"modified":"2025-11-20T11:42:37","modified_gmt":"2025-11-20T11:42:37","slug":"foqua-celebra-20-anys-de-compromis-amb-la-inclusio-a-balears","status":"publish","type":"post","link":"https:\/\/esment.org\/blogs\/foqua-celebra-20-anys-de-compromis-amb-la-inclusio-a-balears\/","title":{"rendered":"FoQua celebra 20 anys de comprom\u00eds amb la inclusi\u00f3 a Balears"},"content":{"rendered":"<p>FoQua, l\u2019agrupaci\u00f3 d\u2019entitats de la qual forma part Esment, ha celebrat avui el seu 20\u00e8 aniversari amb un acte emotiu a Casa Esment. L\u2019esdeveniment ha reunit administracions, professionals i persones que, al llarg de dues d\u00e8cades, han fet possible avan\u00e7ar cap a la inclusi\u00f3 i garantir una atenci\u00f3 de qualitat per a les persones amb discapacitat a les Illes Balears.<\/p>\n<p>La presidenta del Govern, Margalida Prohens, ha volgut felicitar les 16 entitats socials que formen part de FoQua \u201cper contribuir a fer una societat millor i treballar pels drets de les persones amb discapacitat, uns drets que ning\u00fa els podr\u00e0 arrabassar ni rebatre\u201d. Prohens ha reafirmat la voluntat de l\u2019Executiu de continuar avan\u00e7ant en lleis i propostes que donin resposta a reptes com la salut mental, i ha recordat els aven\u00e7os assolits en el tercer sector: millores salarials per als treballadors, increment de sessions en atenci\u00f3 primerenca i la recent renovaci\u00f3 dels 33 concerts que ha signat el Servei d\u2019Ocupaci\u00f3 de les Illes Balears (SOIB) amb 24 entitats del tercer sector, per donar continu\u00eftat als serveis d\u2019orientaci\u00f3 i acompanyament laboral destinats a persones amb especials dificultats d\u2019inserci\u00f3.<\/p>\n<p>Per la seva banda, la presidenta de FoQua, Carmen Mu\u00f1oz, ha destacat que actualment m\u00e9s de 8.000 persones reben atenci\u00f3 a Balears gr\u00e0cies a les entitats que integren l\u2019agrupaci\u00f3. Mu\u00f1oz ha agra\u00eft la implicaci\u00f3 i col\u00b7laboraci\u00f3 de les administracions per fer-ho possible: \u201cAquest aniversari \u00e9s un reconeixement a la feina conjunta i a la for\u00e7a de la comunitat\u201d.<\/p>\n<p>L\u2019acte ha comptat tamb\u00e9 amb la pres\u00e8ncia de les conselleres Catalina Cabrer (Treball, Funci\u00f3 P\u00fablica i Di\u00e0leg Social) i Sandra Fern\u00e1ndez (Fam\u00edlies, Benestar Social i Atenci\u00f3 a la Depend\u00e8ncia), aix\u00ed com de Guillermo S\u00e1nchez, president de l\u2019IMAS, que han reafirmat el seu comprom\u00eds amb la millora cont\u00ednua dels serveis socials.<\/p>\n<p><strong>Sobre FoQua<\/strong><\/p>\n<p>FoQua (F\u00f2rum per la Qualitat) \u00e9s una agrupaci\u00f3 que reuneix 16 entitats del tercer sector social a Balears dedicades a l\u2019atenci\u00f3, formaci\u00f3 i inserci\u00f3 laboral de persones amb discapacitat. Des de la seva creaci\u00f3 el 2005, treballa per garantir la qualitat, la innovaci\u00f3 i la defensa dels drets en l\u2019\u00e0mbit social. Actualment at\u00e9n un total de 8.069 persones i compta amb m\u00e9s de 2.200 professionals. Podeu consultar el darrer balan\u00e7 en <a href=\"https:\/\/esment.org\/blogs\/8-069-persones-ateses-per-foqua-un-any-de-creixement-i-compromis\/\">AQUEST ENLLA\u00c7<\/a><\/p>\n<p>&nbsp;<\/p>\n","protected":false},"excerpt":{"rendered":"<p>FoQua, l\u2019agrupaci\u00f3 d\u2019entitats de la qual forma part Esment, ha celebrat avui el seu 20\u00e8 aniversari amb un acte emotiu a Casa Esment. L\u2019esdeveniment ha reunit administracions, professionals i persones que, al llarg de dues d\u00e8cades, han fet possible avan\u00e7ar cap a la inclusi\u00f3 i garantir una atenci\u00f3 de qualitat per a les persones amb [&hellip;]<\/p>\n","protected":false},"author":5,"featured_media":27793,"comment_status":"open","ping_status":"closed","sticky":false,"template":"","format":"standard","meta":{"_acf_changed":false,"footnotes":""},"categories":[1],"tags":[],"class_list":["post-27792","post","type-post","status-publish","format-standard","has-post-thumbnail","hentry","category-sin-categoria"],"acf":[],"yoast_head":"<!-- This site is optimized with the Yoast SEO plugin v26.4 - https:\/\/yoast.com\/wordpress\/plugins\/seo\/ -->\n<title>FoQua celebra 20 anys de comprom\u00eds amb la inclusi\u00f3 a Balears - Blog Comunidad Esment<\/title>\n<meta name=\"robots\" content=\"index, follow, max-snippet:-1, max-image-preview:large, max-video-preview:-1\" \/>\n<link rel=\"canonical\" href=\"https:\/\/esment.org\/blogs\/foqua-celebra-20-anys-de-compromis-amb-la-inclusio-a-balears\/\" \/>\n<meta property=\"og:locale\" content=\"es_ES\" \/>\n<meta property=\"og:type\" content=\"article\" \/>\n<meta property=\"og:title\" content=\"FoQua celebra 20 anys de comprom\u00eds amb la inclusi\u00f3 a Balears - Blog Comunidad Esment\" \/>\n<meta property=\"og:description\" content=\"FoQua, l\u2019agrupaci\u00f3 d\u2019entitats de la qual forma part Esment, ha celebrat avui el seu 20\u00e8 aniversari amb un acte emotiu a Casa Esment. L\u2019esdeveniment ha reunit administracions, professionals i persones que, al llarg de dues d\u00e8cades, han fet possible avan\u00e7ar cap a la inclusi\u00f3 i garantir una atenci\u00f3 de qualitat per a les persones amb [&hellip;]\" \/>\n<meta property=\"og:url\" content=\"https:\/\/esment.org\/blogs\/foqua-celebra-20-anys-de-compromis-amb-la-inclusio-a-balears\/\" \/>\n<meta property=\"og:site_name\" content=\"Blog Comunidad Esment\" \/>\n<meta property=\"article:published_time\" content=\"2025-11-20T11:42:37+00:00\" \/>\n<meta property=\"og:image\" content=\"https:\/\/esment.org\/blogs\/wp-content\/uploads\/2025\/11\/3265440-e1763638924992.jpeg\" \/>\n\t<meta property=\"og:image:width\" content=\"1600\" \/>\n\t<meta property=\"og:image:height\" content=\"620\" \/>\n\t<meta property=\"og:image:type\" content=\"image\/jpeg\" \/>\n<meta name=\"author\" content=\"Yolanda Tarramera\" \/>\n<meta name=\"twitter:card\" content=\"summary_large_image\" \/>\n<meta name=\"twitter:label1\" content=\"Escrito por\" \/>\n\t<meta name=\"twitter:data1\" content=\"Yolanda Tarramera\" \/>\n\t<meta name=\"twitter:label2\" content=\"Tiempo de lectura\" \/>\n\t<meta name=\"twitter:data2\" content=\"2 minutos\" \/>\n<script type=\"application\/ld+json\" class=\"yoast-schema-graph\">{\"@context\":\"https:\/\/schema.org\",\"@graph\":[{\"@type\":\"Article\",\"@id\":\"https:\/\/esment.org\/blogs\/foqua-celebra-20-anys-de-compromis-amb-la-inclusio-a-balears\/#article\",\"isPartOf\":{\"@id\":\"https:\/\/esment.org\/blogs\/foqua-celebra-20-anys-de-compromis-amb-la-inclusio-a-balears\/\"},\"author\":{\"name\":\"Yolanda Tarramera\",\"@id\":\"https:\/\/esment.org\/blogs\/#\/schema\/person\/d2af4a49059695d7ca3491e0498d6b36\"},\"headline\":\"FoQua celebra 20 anys de comprom\u00eds amb la inclusi\u00f3 a Balears\",\"datePublished\":\"2025-11-20T11:42:37+00:00\",\"mainEntityOfPage\":{\"@id\":\"https:\/\/esment.org\/blogs\/foqua-celebra-20-anys-de-compromis-amb-la-inclusio-a-balears\/\"},\"wordCount\":409,\"commentCount\":0,\"publisher\":{\"@id\":\"https:\/\/esment.org\/blogs\/#organization\"},\"image\":{\"@id\":\"https:\/\/esment.org\/blogs\/foqua-celebra-20-anys-de-compromis-amb-la-inclusio-a-balears\/#primaryimage\"},\"thumbnailUrl\":\"https:\/\/esment.org\/blogs\/wp-content\/uploads\/2025\/11\/3265440-e1763638924992.jpeg\",\"inLanguage\":\"es\",\"potentialAction\":[{\"@type\":\"CommentAction\",\"name\":\"Comment\",\"target\":[\"https:\/\/esment.org\/blogs\/foqua-celebra-20-anys-de-compromis-amb-la-inclusio-a-balears\/#respond\"]}]},{\"@type\":\"WebPage\",\"@id\":\"https:\/\/esment.org\/blogs\/foqua-celebra-20-anys-de-compromis-amb-la-inclusio-a-balears\/\",\"url\":\"https:\/\/esment.org\/blogs\/foqua-celebra-20-anys-de-compromis-amb-la-inclusio-a-balears\/\",\"name\":\"FoQua celebra 20 anys de comprom\u00eds amb la inclusi\u00f3 a Balears - Blog Comunidad Esment\",\"isPartOf\":{\"@id\":\"https:\/\/esment.org\/blogs\/#website\"},\"primaryImageOfPage\":{\"@id\":\"https:\/\/esment.org\/blogs\/foqua-celebra-20-anys-de-compromis-amb-la-inclusio-a-balears\/#primaryimage\"},\"image\":{\"@id\":\"https:\/\/esment.org\/blogs\/foqua-celebra-20-anys-de-compromis-amb-la-inclusio-a-balears\/#primaryimage\"},\"thumbnailUrl\":\"https:\/\/esment.org\/blogs\/wp-content\/uploads\/2025\/11\/3265440-e1763638924992.jpeg\",\"datePublished\":\"2025-11-20T11:42:37+00:00\",\"breadcrumb\":{\"@id\":\"https:\/\/esment.org\/blogs\/foqua-celebra-20-anys-de-compromis-amb-la-inclusio-a-balears\/#breadcrumb\"},\"inLanguage\":\"es\",\"potentialAction\":[{\"@type\":\"ReadAction\",\"target\":[\"https:\/\/esment.org\/blogs\/foqua-celebra-20-anys-de-compromis-amb-la-inclusio-a-balears\/\"]}]},{\"@type\":\"ImageObject\",\"inLanguage\":\"es\",\"@id\":\"https:\/\/esment.org\/blogs\/foqua-celebra-20-anys-de-compromis-amb-la-inclusio-a-balears\/#primaryimage\",\"url\":\"https:\/\/esment.org\/blogs\/wp-content\/uploads\/2025\/11\/3265440-e1763638924992.jpeg\",\"contentUrl\":\"https:\/\/esment.org\/blogs\/wp-content\/uploads\/2025\/11\/3265440-e1763638924992.jpeg\",\"width\":1600,\"height\":620},{\"@type\":\"BreadcrumbList\",\"@id\":\"https:\/\/esment.org\/blogs\/foqua-celebra-20-anys-de-compromis-amb-la-inclusio-a-balears\/#breadcrumb\",\"itemListElement\":[{\"@type\":\"ListItem\",\"position\":1,\"name\":\"Portada\",\"item\":\"https:\/\/esment.org\/blogs\/\"},{\"@type\":\"ListItem\",\"position\":2,\"name\":\"FoQua celebra 20 anys de comprom\u00eds amb la inclusi\u00f3 a Balears\"}]},{\"@type\":\"WebSite\",\"@id\":\"https:\/\/esment.org\/blogs\/#website\",\"url\":\"https:\/\/esment.org\/blogs\/\",\"name\":\"Blog Comunidad Esment\",\"description\":\"Blogs de Esment\",\"publisher\":{\"@id\":\"https:\/\/esment.org\/blogs\/#organization\"},\"potentialAction\":[{\"@type\":\"SearchAction\",\"target\":{\"@type\":\"EntryPoint\",\"urlTemplate\":\"https:\/\/esment.org\/blogs\/?s={search_term_string}\"},\"query-input\":{\"@type\":\"PropertyValueSpecification\",\"valueRequired\":true,\"valueName\":\"search_term_string\"}}],\"inLanguage\":\"es\"},{\"@type\":\"Organization\",\"@id\":\"https:\/\/esment.org\/blogs\/#organization\",\"name\":\"Blog Comunidad Esment\",\"url\":\"https:\/\/esment.org\/blogs\/\",\"logo\":{\"@type\":\"ImageObject\",\"inLanguage\":\"es\",\"@id\":\"https:\/\/esment.org\/blogs\/#\/schema\/logo\/image\/\",\"url\":\"https:\/\/esment.org\/blogs\/wp-content\/uploads\/2020\/10\/logo-header.svg\",\"contentUrl\":\"https:\/\/esment.org\/blogs\/wp-content\/uploads\/2020\/10\/logo-header.svg\",\"caption\":\"Blog Comunidad Esment\"},\"image\":{\"@id\":\"https:\/\/esment.org\/blogs\/#\/schema\/logo\/image\/\"}},{\"@type\":\"Person\",\"@id\":\"https:\/\/esment.org\/blogs\/#\/schema\/person\/d2af4a49059695d7ca3491e0498d6b36\",\"name\":\"Yolanda Tarramera\",\"image\":{\"@type\":\"ImageObject\",\"inLanguage\":\"es\",\"@id\":\"https:\/\/esment.org\/blogs\/#\/schema\/person\/image\/\",\"url\":\"https:\/\/secure.gravatar.com\/avatar\/c93060ec77db68f5fefd782408bed5a5005bb0b119c5ece6cdbf5ad8631c6e5b?s=96&d=mm&r=g\",\"contentUrl\":\"https:\/\/secure.gravatar.com\/avatar\/c93060ec77db68f5fefd782408bed5a5005bb0b119c5ece6cdbf5ad8631c6e5b?s=96&d=mm&r=g\",\"caption\":\"Yolanda Tarramera\"},\"url\":\"https:\/\/esment.org\/blogs\/author\/yolanda-tarramera\/\"}]}<\/script>\n<!-- \/ Yoast SEO plugin. -->","yoast_head_json":{"title":"FoQua celebra 20 anys de comprom\u00eds amb la inclusi\u00f3 a Balears - Blog Comunidad Esment","robots":{"index":"index","follow":"follow","max-snippet":"max-snippet:-1","max-image-preview":"max-image-preview:large","max-video-preview":"max-video-preview:-1"},"canonical":"https:\/\/esment.org\/blogs\/foqua-celebra-20-anys-de-compromis-amb-la-inclusio-a-balears\/","og_locale":"es_ES","og_type":"article","og_title":"FoQua celebra 20 anys de comprom\u00eds amb la inclusi\u00f3 a Balears - Blog Comunidad Esment","og_description":"FoQua, l\u2019agrupaci\u00f3 d\u2019entitats de la qual forma part Esment, ha celebrat avui el seu 20\u00e8 aniversari amb un acte emotiu a Casa Esment. L\u2019esdeveniment ha reunit administracions, professionals i persones que, al llarg de dues d\u00e8cades, han fet possible avan\u00e7ar cap a la inclusi\u00f3 i garantir una atenci\u00f3 de qualitat per a les persones amb [&hellip;]","og_url":"https:\/\/esment.org\/blogs\/foqua-celebra-20-anys-de-compromis-amb-la-inclusio-a-balears\/","og_site_name":"Blog Comunidad Esment","article_published_time":"2025-11-20T11:42:37+00:00","og_image":[{"width":1600,"height":620,"url":"https:\/\/esment.org\/blogs\/wp-content\/uploads\/2025\/11\/3265440-e1763638924992.jpeg","type":"image\/jpeg"}],"author":"Yolanda Tarramera","twitter_card":"summary_large_image","twitter_misc":{"Escrito por":"Yolanda Tarramera","Tiempo de lectura":"2 minutos"},"schema":{"@context":"https:\/\/schema.org","@graph":[{"@type":"Article","@id":"https:\/\/esment.org\/blogs\/foqua-celebra-20-anys-de-compromis-amb-la-inclusio-a-balears\/#article","isPartOf":{"@id":"https:\/\/esment.org\/blogs\/foqua-celebra-20-anys-de-compromis-amb-la-inclusio-a-balears\/"},"author":{"name":"Yolanda Tarramera","@id":"https:\/\/esment.org\/blogs\/#\/schema\/person\/d2af4a49059695d7ca3491e0498d6b36"},"headline":"FoQua celebra 20 anys de comprom\u00eds amb la inclusi\u00f3 a Balears","datePublished":"2025-11-20T11:42:37+00:00","mainEntityOfPage":{"@id":"https:\/\/esment.org\/blogs\/foqua-celebra-20-anys-de-compromis-amb-la-inclusio-a-balears\/"},"wordCount":409,"commentCount":0,"publisher":{"@id":"https:\/\/esment.org\/blogs\/#organization"},"image":{"@id":"https:\/\/esment.org\/blogs\/foqua-celebra-20-anys-de-compromis-amb-la-inclusio-a-balears\/#primaryimage"},"thumbnailUrl":"https:\/\/esment.org\/blogs\/wp-content\/uploads\/2025\/11\/3265440-e1763638924992.jpeg","inLanguage":"es","potentialAction":[{"@type":"CommentAction","name":"Comment","target":["https:\/\/esment.org\/blogs\/foqua-celebra-20-anys-de-compromis-amb-la-inclusio-a-balears\/#respond"]}]},{"@type":"WebPage","@id":"https:\/\/esment.org\/blogs\/foqua-celebra-20-anys-de-compromis-amb-la-inclusio-a-balears\/","url":"https:\/\/esment.org\/blogs\/foqua-celebra-20-anys-de-compromis-amb-la-inclusio-a-balears\/","name":"FoQua celebra 20 anys de comprom\u00eds amb la inclusi\u00f3 a Balears - Blog Comunidad Esment","isPartOf":{"@id":"https:\/\/esment.org\/blogs\/#website"},"primaryImageOfPage":{"@id":"https:\/\/esment.org\/blogs\/foqua-celebra-20-anys-de-compromis-amb-la-inclusio-a-balears\/#primaryimage"},"image":{"@id":"https:\/\/esment.org\/blogs\/foqua-celebra-20-anys-de-compromis-amb-la-inclusio-a-balears\/#primaryimage"},"thumbnailUrl":"https:\/\/esment.org\/blogs\/wp-content\/uploads\/2025\/11\/3265440-e1763638924992.jpeg","datePublished":"2025-11-20T11:42:37+00:00","breadcrumb":{"@id":"https:\/\/esment.org\/blogs\/foqua-celebra-20-anys-de-compromis-amb-la-inclusio-a-balears\/#breadcrumb"},"inLanguage":"es","potentialAction":[{"@type":"ReadAction","target":["https:\/\/esment.org\/blogs\/foqua-celebra-20-anys-de-compromis-amb-la-inclusio-a-balears\/"]}]},{"@type":"ImageObject","inLanguage":"es","@id":"https:\/\/esment.org\/blogs\/foqua-celebra-20-anys-de-compromis-amb-la-inclusio-a-balears\/#primaryimage","url":"https:\/\/esment.org\/blogs\/wp-content\/uploads\/2025\/11\/3265440-e1763638924992.jpeg","contentUrl":"https:\/\/esment.org\/blogs\/wp-content\/uploads\/2025\/11\/3265440-e1763638924992.jpeg","width":1600,"height":620},{"@type":"BreadcrumbList","@id":"https:\/\/esment.org\/blogs\/foqua-celebra-20-anys-de-compromis-amb-la-inclusio-a-balears\/#breadcrumb","itemListElement":[{"@type":"ListItem","position":1,"name":"Portada","item":"https:\/\/esment.org\/blogs\/"},{"@type":"ListItem","position":2,"name":"FoQua celebra 20 anys de comprom\u00eds amb la inclusi\u00f3 a Balears"}]},{"@type":"WebSite","@id":"https:\/\/esment.org\/blogs\/#website","url":"https:\/\/esment.org\/blogs\/","name":"Blog Comunidad Esment","description":"Blogs de Esment","publisher":{"@id":"https:\/\/esment.org\/blogs\/#organization"},"potentialAction":[{"@type":"SearchAction","target":{"@type":"EntryPoint","urlTemplate":"https:\/\/esment.org\/blogs\/?s={search_term_string}"},"query-input":{"@type":"PropertyValueSpecification","valueRequired":true,"valueName":"search_term_string"}}],"inLanguage":"es"},{"@type":"Organization","@id":"https:\/\/esment.org\/blogs\/#organization","name":"Blog Comunidad Esment","url":"https:\/\/esment.org\/blogs\/","logo":{"@type":"ImageObject","inLanguage":"es","@id":"https:\/\/esment.org\/blogs\/#\/schema\/logo\/image\/","url":"https:\/\/esment.org\/blogs\/wp-content\/uploads\/2020\/10\/logo-header.svg","contentUrl":"https:\/\/esment.org\/blogs\/wp-content\/uploads\/2020\/10\/logo-header.svg","caption":"Blog Comunidad Esment"},"image":{"@id":"https:\/\/esment.org\/blogs\/#\/schema\/logo\/image\/"}},{"@type":"Person","@id":"https:\/\/esment.org\/blogs\/#\/schema\/person\/d2af4a49059695d7ca3491e0498d6b36","name":"Yolanda Tarramera","image":{"@type":"ImageObject","inLanguage":"es","@id":"https:\/\/esment.org\/blogs\/#\/schema\/person\/image\/","url":"https:\/\/secure.gravatar.com\/avatar\/c93060ec77db68f5fefd782408bed5a5005bb0b119c5ece6cdbf5ad8631c6e5b?s=96&d=mm&r=g","contentUrl":"https:\/\/secure.gravatar.com\/avatar\/c93060ec77db68f5fefd782408bed5a5005bb0b119c5ece6cdbf5ad8631c6e5b?s=96&d=mm&r=g","caption":"Yolanda Tarramera"},"url":"https:\/\/esment.org\/blogs\/author\/yolanda-tarramera\/"}]}},"_links":{"self":[{"href":"https:\/\/esment.org\/blogs\/wp-json\/wp\/v2\/posts\/27792","targetHints":{"allow":["GET"]}}],"collection":[{"href":"https:\/\/esment.org\/blogs\/wp-json\/wp\/v2\/posts"}],"about":[{"href":"https:\/\/esment.org\/blogs\/wp-json\/wp\/v2\/types\/post"}],"author":[{"embeddable":true,"href":"https:\/\/esment.org\/blogs\/wp-json\/wp\/v2\/users\/5"}],"replies":[{"embeddable":true,"href":"https:\/\/esment.org\/blogs\/wp-json\/wp\/v2\/comments?post=27792"}],"version-history":[{"count":1,"href":"https:\/\/esment.org\/blogs\/wp-json\/wp\/v2\/posts\/27792\/revisions"}],"predecessor-version":[{"id":27799,"href":"https:\/\/esment.org\/blogs\/wp-json\/wp\/v2\/posts\/27792\/revisions\/27799"}],"wp:featuredmedia":[{"embeddable":true,"href":"https:\/\/esment.org\/blogs\/wp-json\/wp\/v2\/media\/27793"}],"wp:attachment":[{"href":"https:\/\/esment.org\/blogs\/wp-json\/wp\/v2\/media?parent=27792"}],"wp:term":[{"taxonomy":"category","embeddable":true,"href":"https:\/\/esment.org\/blogs\/wp-json\/wp\/v2\/categories?post=27792"},{"taxonomy":"post_tag","embeddable":true,"href":"https:\/\/esment.org\/blogs\/wp-json\/wp\/v2\/tags?post=27792"}],"curies":[{"name":"wp","href":"https:\/\/api.w.org\/{rel}","templated":true}]}}