{"id":27743,"date":"2025-11-11T09:53:50","date_gmt":"2025-11-11T09:53:50","guid":{"rendered":"https:\/\/esment.org\/blogs\/?p=27743"},"modified":"2025-11-11T12:02:06","modified_gmt":"2025-11-11T12:02:06","slug":"esment-infancia-comparteix-coneixament-amb-lalumnat-del-grau-de-fisioterapia-de-la-uib","status":"publish","type":"post","link":"https:\/\/esment.org\/blogs\/esment-infancia-comparteix-coneixament-amb-lalumnat-del-grau-de-fisioterapia-de-la-uib\/","title":{"rendered":"Esment Inf\u00e0ncia comparteix coneixament amb l&#8217;alumnat del Grau de Fisioter\u00e0pia de la UIB"},"content":{"rendered":"<article class=\"text-token-text-primary w-full focus:outline-none [--shadow-height:45px] has-data-writing-block:pointer-events-none has-data-writing-block:-mt-(--shadow-height) has-data-writing-block:pt-(--shadow-height) [&amp;:has([data-writing-block])&gt;*]:pointer-events-auto [content-visibility:auto] supports-[content-visibility:auto]:[contain-intrinsic-size:auto_100lvh] scroll-mt-[calc(var(--header-height)+min(200px,max(70px,20svh)))]\" dir=\"auto\" tabindex=\"-1\" data-turn-id=\"request-WEB:12b101fd-f0bf-4188-9beb-8e012c83430d-7\" data-testid=\"conversation-turn-16\" data-scroll-anchor=\"true\" data-turn=\"assistant\">\n<div class=\"text-base my-auto mx-auto pb-10 [--thread-content-margin:--spacing(4)] thread-sm:[--thread-content-margin:--spacing(6)] thread-lg:[--thread-content-margin:--spacing(16)] px-(--thread-content-margin)\">\n<div class=\"[--thread-content-max-width:40rem] thread-lg:[--thread-content-max-width:48rem] mx-auto max-w-(--thread-content-max-width) flex-1 group\/turn-messages focus-visible:outline-hidden relative flex w-full min-w-0 flex-col agent-turn\" tabindex=\"-1\">\n<div class=\"flex max-w-full flex-col grow\">\n<div class=\"min-h-8 text-message relative flex w-full flex-col items-end gap-2 text-start break-words whitespace-normal [.text-message+&amp;]:mt-1\" dir=\"auto\" data-message-author-role=\"assistant\" data-message-id=\"1ab4a18c-b098-44be-8aff-79e4b1703b52\" data-message-model-slug=\"gpt-5\">\n<div class=\"flex w-full flex-col gap-1 empty:hidden first:pt-[1px]\">\n<p class=\"markdown prose dark:prose-invert w-full break-words light markdown-new-styling\"><span style=\"font-size: 16px;\">L\u2019equip d\u2019Esment Inf\u00e0ncia va participar en una sessi\u00f3 formativa dirigida a l\u2019alumnat del Grau de Fisioter\u00e0pia de la Universitat de les Illes Balears (UIB). Durant la sessi\u00f3, l&#8217;equip de professionals van explicar els serveis que ofereix Esment Inf\u00e0ncia per a nins i nines de 0 a 16 anys i com, des de la fisioter\u00e0pia i la ter\u00e0pia ocupacional, s&#8217;acompanyen als infants i a les fam\u00edlies posant el focus en les seves necessitats i objectius, segons el model centrat en la fam\u00edlia.<\/span><\/p>\n<\/div>\n<\/div>\n<\/div>\n<\/div>\n<\/div>\n<\/article>\n<p data-start=\"699\" data-end=\"936\"><span style=\"font-size: 16px;\">Va ser una trobada molt enriquidora, en la qual es va compartir com treballa l&#8217;equip dia a dia per donar suport al desenvolupament i benestar dels infants. Un aspecte que va generar un gran nombre de preguntes i reflexions per part de l&#8217;alumnat.<\/span><\/p>\n<p data-start=\"938\" data-end=\"1184\"><span style=\"font-size: 16px;\">La sessi\u00f3 va comptar tamb\u00e9 amb la participaci\u00f3 d&#8217;una mare del SEPAP, que va compartir la seva experi\u00e8ncia personal i va explicar tot el que ha significat per a la seva fam\u00edlia l&#8217;acompanyament i el suport que ha rebut gr\u00e0cies a aquest servei. Una mirada molt valuosa i propera sobre el treball conjunt entre fam\u00edlies i professionals.<\/span><\/p>\n<p data-start=\"146\" data-end=\"555\"><span style=\"font-size: 16px;\">Per als professionals d\u2019Esment Inf\u00e0ncia, aquesta va ser una experi\u00e8ncia molt enriquidora, que els va permetre compartir la seva manera de treballar i comprovar l\u2019inter\u00e8s que desperta entre els futurs professionals de la fisioter\u00e0pia.<\/span><\/p>\n<p data-start=\"146\" data-end=\"555\"><span style=\"font-size: 16px;\">Espais com aquest s\u00f3n una gran oportunitat per enlla\u00e7ar la pr\u00e0ctica professional amb la formaci\u00f3 universit\u00e0ria i per continuar creixent i aprenent plegats.<\/span><\/p>\n<p data-start=\"557\" data-end=\"664\"><img fetchpriority=\"high\" decoding=\"async\" class=\"alignnone wp-image-27745 size-full\" src=\"https:\/\/esment.org\/blogs\/wp-content\/uploads\/2025\/11\/uib1-scaled.jpg\" alt=\"\" width=\"2560\" height=\"1440\" srcset=\"https:\/\/esment.org\/blogs\/wp-content\/uploads\/2025\/11\/uib1-scaled.jpg 2560w, https:\/\/esment.org\/blogs\/wp-content\/uploads\/2025\/11\/uib1-300x169.jpg 300w, https:\/\/esment.org\/blogs\/wp-content\/uploads\/2025\/11\/uib1-1024x576.jpg 1024w, https:\/\/esment.org\/blogs\/wp-content\/uploads\/2025\/11\/uib1-768x432.jpg 768w, https:\/\/esment.org\/blogs\/wp-content\/uploads\/2025\/11\/uib1-1536x864.jpg 1536w, https:\/\/esment.org\/blogs\/wp-content\/uploads\/2025\/11\/uib1-2048x1152.jpg 2048w\" sizes=\"(max-width: 2560px) 100vw, 2560px\" \/><\/p>\n<p data-start=\"557\" data-end=\"664\"><img decoding=\"async\" class=\"alignnone wp-image-27744 size-full\" src=\"https:\/\/esment.org\/blogs\/wp-content\/uploads\/2025\/11\/uib2-scaled-e1762854579217.jpg\" alt=\"\" width=\"1440\" height=\"2112\" srcset=\"https:\/\/esment.org\/blogs\/wp-content\/uploads\/2025\/11\/uib2-scaled-e1762854579217.jpg 1440w, https:\/\/esment.org\/blogs\/wp-content\/uploads\/2025\/11\/uib2-scaled-e1762854579217-205x300.jpg 205w, https:\/\/esment.org\/blogs\/wp-content\/uploads\/2025\/11\/uib2-scaled-e1762854579217-698x1024.jpg 698w, https:\/\/esment.org\/blogs\/wp-content\/uploads\/2025\/11\/uib2-scaled-e1762854579217-768x1126.jpg 768w, https:\/\/esment.org\/blogs\/wp-content\/uploads\/2025\/11\/uib2-scaled-e1762854579217-1047x1536.jpg 1047w, https:\/\/esment.org\/blogs\/wp-content\/uploads\/2025\/11\/uib2-scaled-e1762854579217-1396x2048.jpg 1396w\" sizes=\"(max-width: 1440px) 100vw, 1440px\" \/><\/p>\n","protected":false},"excerpt":{"rendered":"<p>L\u2019equip d\u2019Esment Inf\u00e0ncia va participar en una sessi\u00f3 formativa dirigida a l\u2019alumnat del Grau de Fisioter\u00e0pia de la Universitat de les Illes Balears (UIB). Durant la sessi\u00f3, l&#8217;equip de professionals van explicar els serveis que ofereix Esment Inf\u00e0ncia per a nins i nines de 0 a 16 anys i com, des de la fisioter\u00e0pia i [&hellip;]<\/p>\n","protected":false},"author":5,"featured_media":27746,"comment_status":"open","ping_status":"closed","sticky":false,"template":"","format":"standard","meta":{"_acf_changed":false,"footnotes":""},"categories":[1],"tags":[2085,620,2325,16,1244,1187,427],"class_list":["post-27743","post","type-post","status-publish","format-standard","has-post-thumbnail","hentry","category-sin-categoria","tag-alumnos","tag-conocimiento","tag-fisioterapia","tag-formacion","tag-infancia","tag-terapia-ocupacional","tag-uib"],"acf":[],"yoast_head":"<!-- This site is optimized with the Yoast SEO plugin v26.4 - https:\/\/yoast.com\/wordpress\/plugins\/seo\/ -->\n<title>Esment Inf\u00e0ncia comparteix coneixament amb l&#039;alumnat del Grau de Fisioter\u00e0pia de la UIB - Blog Comunidad Esment<\/title>\n<meta name=\"robots\" content=\"index, follow, max-snippet:-1, max-image-preview:large, max-video-preview:-1\" \/>\n<link rel=\"canonical\" href=\"https:\/\/esment.org\/blogs\/esment-infancia-comparteix-coneixament-amb-lalumnat-del-grau-de-fisioterapia-de-la-uib\/\" \/>\n<meta property=\"og:locale\" content=\"es_ES\" \/>\n<meta property=\"og:type\" content=\"article\" \/>\n<meta property=\"og:title\" content=\"Esment Inf\u00e0ncia comparteix coneixament amb l&#039;alumnat del Grau de Fisioter\u00e0pia de la UIB - Blog Comunidad Esment\" \/>\n<meta property=\"og:description\" content=\"L\u2019equip d\u2019Esment Inf\u00e0ncia va participar en una sessi\u00f3 formativa dirigida a l\u2019alumnat del Grau de Fisioter\u00e0pia de la Universitat de les Illes Balears (UIB). Durant la sessi\u00f3, l&#8217;equip de professionals van explicar els serveis que ofereix Esment Inf\u00e0ncia per a nins i nines de 0 a 16 anys i com, des de la fisioter\u00e0pia i [&hellip;]\" \/>\n<meta property=\"og:url\" content=\"https:\/\/esment.org\/blogs\/esment-infancia-comparteix-coneixament-amb-lalumnat-del-grau-de-fisioterapia-de-la-uib\/\" \/>\n<meta property=\"og:site_name\" content=\"Blog Comunidad Esment\" \/>\n<meta property=\"article:published_time\" content=\"2025-11-11T09:53:50+00:00\" \/>\n<meta property=\"article:modified_time\" content=\"2025-11-11T12:02:06+00:00\" \/>\n<meta property=\"og:image\" content=\"https:\/\/esment.org\/blogs\/wp-content\/uploads\/2025\/11\/thumbnail_Image-1024x768.png\" \/>\n\t<meta property=\"og:image:width\" content=\"1024\" \/>\n\t<meta property=\"og:image:height\" content=\"768\" \/>\n\t<meta property=\"og:image:type\" content=\"image\/png\" \/>\n<meta name=\"author\" content=\"Yolanda Tarramera\" \/>\n<meta name=\"twitter:card\" content=\"summary_large_image\" \/>\n<meta name=\"twitter:label1\" content=\"Escrito por\" \/>\n\t<meta name=\"twitter:data1\" content=\"Yolanda Tarramera\" \/>\n\t<meta name=\"twitter:label2\" content=\"Tiempo de lectura\" \/>\n\t<meta name=\"twitter:data2\" content=\"2 minutos\" \/>\n<script type=\"application\/ld+json\" class=\"yoast-schema-graph\">{\"@context\":\"https:\/\/schema.org\",\"@graph\":[{\"@type\":\"Article\",\"@id\":\"https:\/\/esment.org\/blogs\/esment-infancia-comparteix-coneixament-amb-lalumnat-del-grau-de-fisioterapia-de-la-uib\/#article\",\"isPartOf\":{\"@id\":\"https:\/\/esment.org\/blogs\/esment-infancia-comparteix-coneixament-amb-lalumnat-del-grau-de-fisioterapia-de-la-uib\/\"},\"author\":{\"name\":\"Yolanda Tarramera\",\"@id\":\"https:\/\/esment.org\/blogs\/#\/schema\/person\/d2af4a49059695d7ca3491e0498d6b36\"},\"headline\":\"Esment Inf\u00e0ncia comparteix coneixament amb l&#8217;alumnat del Grau de Fisioter\u00e0pia de la UIB\",\"datePublished\":\"2025-11-11T09:53:50+00:00\",\"dateModified\":\"2025-11-11T12:02:06+00:00\",\"mainEntityOfPage\":{\"@id\":\"https:\/\/esment.org\/blogs\/esment-infancia-comparteix-coneixament-amb-lalumnat-del-grau-de-fisioterapia-de-la-uib\/\"},\"wordCount\":275,\"commentCount\":0,\"publisher\":{\"@id\":\"https:\/\/esment.org\/blogs\/#organization\"},\"image\":{\"@id\":\"https:\/\/esment.org\/blogs\/esment-infancia-comparteix-coneixament-amb-lalumnat-del-grau-de-fisioterapia-de-la-uib\/#primaryimage\"},\"thumbnailUrl\":\"https:\/\/esment.org\/blogs\/wp-content\/uploads\/2025\/11\/thumbnail_Image.png\",\"keywords\":[\"alumnos\",\"conocimiento\",\"Fisioterapia\",\"formaci\u00f3n\",\"infancia\",\"terapia ocupacional\",\"uib\"],\"inLanguage\":\"es\",\"potentialAction\":[{\"@type\":\"CommentAction\",\"name\":\"Comment\",\"target\":[\"https:\/\/esment.org\/blogs\/esment-infancia-comparteix-coneixament-amb-lalumnat-del-grau-de-fisioterapia-de-la-uib\/#respond\"]}]},{\"@type\":\"WebPage\",\"@id\":\"https:\/\/esment.org\/blogs\/esment-infancia-comparteix-coneixament-amb-lalumnat-del-grau-de-fisioterapia-de-la-uib\/\",\"url\":\"https:\/\/esment.org\/blogs\/esment-infancia-comparteix-coneixament-amb-lalumnat-del-grau-de-fisioterapia-de-la-uib\/\",\"name\":\"Esment Inf\u00e0ncia comparteix coneixament amb l'alumnat del Grau de Fisioter\u00e0pia de la UIB - Blog Comunidad Esment\",\"isPartOf\":{\"@id\":\"https:\/\/esment.org\/blogs\/#website\"},\"primaryImageOfPage\":{\"@id\":\"https:\/\/esment.org\/blogs\/esment-infancia-comparteix-coneixament-amb-lalumnat-del-grau-de-fisioterapia-de-la-uib\/#primaryimage\"},\"image\":{\"@id\":\"https:\/\/esment.org\/blogs\/esment-infancia-comparteix-coneixament-amb-lalumnat-del-grau-de-fisioterapia-de-la-uib\/#primaryimage\"},\"thumbnailUrl\":\"https:\/\/esment.org\/blogs\/wp-content\/uploads\/2025\/11\/thumbnail_Image.png\",\"datePublished\":\"2025-11-11T09:53:50+00:00\",\"dateModified\":\"2025-11-11T12:02:06+00:00\",\"breadcrumb\":{\"@id\":\"https:\/\/esment.org\/blogs\/esment-infancia-comparteix-coneixament-amb-lalumnat-del-grau-de-fisioterapia-de-la-uib\/#breadcrumb\"},\"inLanguage\":\"es\",\"potentialAction\":[{\"@type\":\"ReadAction\",\"target\":[\"https:\/\/esment.org\/blogs\/esment-infancia-comparteix-coneixament-amb-lalumnat-del-grau-de-fisioterapia-de-la-uib\/\"]}]},{\"@type\":\"ImageObject\",\"inLanguage\":\"es\",\"@id\":\"https:\/\/esment.org\/blogs\/esment-infancia-comparteix-coneixament-amb-lalumnat-del-grau-de-fisioterapia-de-la-uib\/#primaryimage\",\"url\":\"https:\/\/esment.org\/blogs\/wp-content\/uploads\/2025\/11\/thumbnail_Image.png\",\"contentUrl\":\"https:\/\/esment.org\/blogs\/wp-content\/uploads\/2025\/11\/thumbnail_Image.png\",\"width\":1600,\"height\":1200},{\"@type\":\"BreadcrumbList\",\"@id\":\"https:\/\/esment.org\/blogs\/esment-infancia-comparteix-coneixament-amb-lalumnat-del-grau-de-fisioterapia-de-la-uib\/#breadcrumb\",\"itemListElement\":[{\"@type\":\"ListItem\",\"position\":1,\"name\":\"Portada\",\"item\":\"https:\/\/esment.org\/blogs\/\"},{\"@type\":\"ListItem\",\"position\":2,\"name\":\"Esment Inf\u00e0ncia comparteix coneixament amb l&#8217;alumnat del Grau de Fisioter\u00e0pia de la UIB\"}]},{\"@type\":\"WebSite\",\"@id\":\"https:\/\/esment.org\/blogs\/#website\",\"url\":\"https:\/\/esment.org\/blogs\/\",\"name\":\"Blog Comunidad Esment\",\"description\":\"Blogs de Esment\",\"publisher\":{\"@id\":\"https:\/\/esment.org\/blogs\/#organization\"},\"potentialAction\":[{\"@type\":\"SearchAction\",\"target\":{\"@type\":\"EntryPoint\",\"urlTemplate\":\"https:\/\/esment.org\/blogs\/?s={search_term_string}\"},\"query-input\":{\"@type\":\"PropertyValueSpecification\",\"valueRequired\":true,\"valueName\":\"search_term_string\"}}],\"inLanguage\":\"es\"},{\"@type\":\"Organization\",\"@id\":\"https:\/\/esment.org\/blogs\/#organization\",\"name\":\"Blog Comunidad Esment\",\"url\":\"https:\/\/esment.org\/blogs\/\",\"logo\":{\"@type\":\"ImageObject\",\"inLanguage\":\"es\",\"@id\":\"https:\/\/esment.org\/blogs\/#\/schema\/logo\/image\/\",\"url\":\"https:\/\/esment.org\/blogs\/wp-content\/uploads\/2020\/10\/logo-header.svg\",\"contentUrl\":\"https:\/\/esment.org\/blogs\/wp-content\/uploads\/2020\/10\/logo-header.svg\",\"caption\":\"Blog Comunidad Esment\"},\"image\":{\"@id\":\"https:\/\/esment.org\/blogs\/#\/schema\/logo\/image\/\"}},{\"@type\":\"Person\",\"@id\":\"https:\/\/esment.org\/blogs\/#\/schema\/person\/d2af4a49059695d7ca3491e0498d6b36\",\"name\":\"Yolanda Tarramera\",\"image\":{\"@type\":\"ImageObject\",\"inLanguage\":\"es\",\"@id\":\"https:\/\/esment.org\/blogs\/#\/schema\/person\/image\/\",\"url\":\"https:\/\/secure.gravatar.com\/avatar\/c93060ec77db68f5fefd782408bed5a5005bb0b119c5ece6cdbf5ad8631c6e5b?s=96&d=mm&r=g\",\"contentUrl\":\"https:\/\/secure.gravatar.com\/avatar\/c93060ec77db68f5fefd782408bed5a5005bb0b119c5ece6cdbf5ad8631c6e5b?s=96&d=mm&r=g\",\"caption\":\"Yolanda Tarramera\"},\"url\":\"https:\/\/esment.org\/blogs\/author\/yolanda-tarramera\/\"}]}<\/script>\n<!-- \/ Yoast SEO plugin. -->","yoast_head_json":{"title":"Esment Inf\u00e0ncia comparteix coneixament amb l'alumnat del Grau de Fisioter\u00e0pia de la UIB - Blog Comunidad Esment","robots":{"index":"index","follow":"follow","max-snippet":"max-snippet:-1","max-image-preview":"max-image-preview:large","max-video-preview":"max-video-preview:-1"},"canonical":"https:\/\/esment.org\/blogs\/esment-infancia-comparteix-coneixament-amb-lalumnat-del-grau-de-fisioterapia-de-la-uib\/","og_locale":"es_ES","og_type":"article","og_title":"Esment Inf\u00e0ncia comparteix coneixament amb l'alumnat del Grau de Fisioter\u00e0pia de la UIB - Blog Comunidad Esment","og_description":"L\u2019equip d\u2019Esment Inf\u00e0ncia va participar en una sessi\u00f3 formativa dirigida a l\u2019alumnat del Grau de Fisioter\u00e0pia de la Universitat de les Illes Balears (UIB). Durant la sessi\u00f3, l&#8217;equip de professionals van explicar els serveis que ofereix Esment Inf\u00e0ncia per a nins i nines de 0 a 16 anys i com, des de la fisioter\u00e0pia i [&hellip;]","og_url":"https:\/\/esment.org\/blogs\/esment-infancia-comparteix-coneixament-amb-lalumnat-del-grau-de-fisioterapia-de-la-uib\/","og_site_name":"Blog Comunidad Esment","article_published_time":"2025-11-11T09:53:50+00:00","article_modified_time":"2025-11-11T12:02:06+00:00","og_image":[{"width":1024,"height":768,"url":"https:\/\/esment.org\/blogs\/wp-content\/uploads\/2025\/11\/thumbnail_Image-1024x768.png","type":"image\/png"}],"author":"Yolanda Tarramera","twitter_card":"summary_large_image","twitter_misc":{"Escrito por":"Yolanda Tarramera","Tiempo de lectura":"2 minutos"},"schema":{"@context":"https:\/\/schema.org","@graph":[{"@type":"Article","@id":"https:\/\/esment.org\/blogs\/esment-infancia-comparteix-coneixament-amb-lalumnat-del-grau-de-fisioterapia-de-la-uib\/#article","isPartOf":{"@id":"https:\/\/esment.org\/blogs\/esment-infancia-comparteix-coneixament-amb-lalumnat-del-grau-de-fisioterapia-de-la-uib\/"},"author":{"name":"Yolanda Tarramera","@id":"https:\/\/esment.org\/blogs\/#\/schema\/person\/d2af4a49059695d7ca3491e0498d6b36"},"headline":"Esment Inf\u00e0ncia comparteix coneixament amb l&#8217;alumnat del Grau de Fisioter\u00e0pia de la UIB","datePublished":"2025-11-11T09:53:50+00:00","dateModified":"2025-11-11T12:02:06+00:00","mainEntityOfPage":{"@id":"https:\/\/esment.org\/blogs\/esment-infancia-comparteix-coneixament-amb-lalumnat-del-grau-de-fisioterapia-de-la-uib\/"},"wordCount":275,"commentCount":0,"publisher":{"@id":"https:\/\/esment.org\/blogs\/#organization"},"image":{"@id":"https:\/\/esment.org\/blogs\/esment-infancia-comparteix-coneixament-amb-lalumnat-del-grau-de-fisioterapia-de-la-uib\/#primaryimage"},"thumbnailUrl":"https:\/\/esment.org\/blogs\/wp-content\/uploads\/2025\/11\/thumbnail_Image.png","keywords":["alumnos","conocimiento","Fisioterapia","formaci\u00f3n","infancia","terapia ocupacional","uib"],"inLanguage":"es","potentialAction":[{"@type":"CommentAction","name":"Comment","target":["https:\/\/esment.org\/blogs\/esment-infancia-comparteix-coneixament-amb-lalumnat-del-grau-de-fisioterapia-de-la-uib\/#respond"]}]},{"@type":"WebPage","@id":"https:\/\/esment.org\/blogs\/esment-infancia-comparteix-coneixament-amb-lalumnat-del-grau-de-fisioterapia-de-la-uib\/","url":"https:\/\/esment.org\/blogs\/esment-infancia-comparteix-coneixament-amb-lalumnat-del-grau-de-fisioterapia-de-la-uib\/","name":"Esment Inf\u00e0ncia comparteix coneixament amb l'alumnat del Grau de Fisioter\u00e0pia de la UIB - Blog Comunidad Esment","isPartOf":{"@id":"https:\/\/esment.org\/blogs\/#website"},"primaryImageOfPage":{"@id":"https:\/\/esment.org\/blogs\/esment-infancia-comparteix-coneixament-amb-lalumnat-del-grau-de-fisioterapia-de-la-uib\/#primaryimage"},"image":{"@id":"https:\/\/esment.org\/blogs\/esment-infancia-comparteix-coneixament-amb-lalumnat-del-grau-de-fisioterapia-de-la-uib\/#primaryimage"},"thumbnailUrl":"https:\/\/esment.org\/blogs\/wp-content\/uploads\/2025\/11\/thumbnail_Image.png","datePublished":"2025-11-11T09:53:50+00:00","dateModified":"2025-11-11T12:02:06+00:00","breadcrumb":{"@id":"https:\/\/esment.org\/blogs\/esment-infancia-comparteix-coneixament-amb-lalumnat-del-grau-de-fisioterapia-de-la-uib\/#breadcrumb"},"inLanguage":"es","potentialAction":[{"@type":"ReadAction","target":["https:\/\/esment.org\/blogs\/esment-infancia-comparteix-coneixament-amb-lalumnat-del-grau-de-fisioterapia-de-la-uib\/"]}]},{"@type":"ImageObject","inLanguage":"es","@id":"https:\/\/esment.org\/blogs\/esment-infancia-comparteix-coneixament-amb-lalumnat-del-grau-de-fisioterapia-de-la-uib\/#primaryimage","url":"https:\/\/esment.org\/blogs\/wp-content\/uploads\/2025\/11\/thumbnail_Image.png","contentUrl":"https:\/\/esment.org\/blogs\/wp-content\/uploads\/2025\/11\/thumbnail_Image.png","width":1600,"height":1200},{"@type":"BreadcrumbList","@id":"https:\/\/esment.org\/blogs\/esment-infancia-comparteix-coneixament-amb-lalumnat-del-grau-de-fisioterapia-de-la-uib\/#breadcrumb","itemListElement":[{"@type":"ListItem","position":1,"name":"Portada","item":"https:\/\/esment.org\/blogs\/"},{"@type":"ListItem","position":2,"name":"Esment Inf\u00e0ncia comparteix coneixament amb l&#8217;alumnat del Grau de Fisioter\u00e0pia de la UIB"}]},{"@type":"WebSite","@id":"https:\/\/esment.org\/blogs\/#website","url":"https:\/\/esment.org\/blogs\/","name":"Blog Comunidad Esment","description":"Blogs de Esment","publisher":{"@id":"https:\/\/esment.org\/blogs\/#organization"},"potentialAction":[{"@type":"SearchAction","target":{"@type":"EntryPoint","urlTemplate":"https:\/\/esment.org\/blogs\/?s={search_term_string}"},"query-input":{"@type":"PropertyValueSpecification","valueRequired":true,"valueName":"search_term_string"}}],"inLanguage":"es"},{"@type":"Organization","@id":"https:\/\/esment.org\/blogs\/#organization","name":"Blog Comunidad Esment","url":"https:\/\/esment.org\/blogs\/","logo":{"@type":"ImageObject","inLanguage":"es","@id":"https:\/\/esment.org\/blogs\/#\/schema\/logo\/image\/","url":"https:\/\/esment.org\/blogs\/wp-content\/uploads\/2020\/10\/logo-header.svg","contentUrl":"https:\/\/esment.org\/blogs\/wp-content\/uploads\/2020\/10\/logo-header.svg","caption":"Blog Comunidad Esment"},"image":{"@id":"https:\/\/esment.org\/blogs\/#\/schema\/logo\/image\/"}},{"@type":"Person","@id":"https:\/\/esment.org\/blogs\/#\/schema\/person\/d2af4a49059695d7ca3491e0498d6b36","name":"Yolanda Tarramera","image":{"@type":"ImageObject","inLanguage":"es","@id":"https:\/\/esment.org\/blogs\/#\/schema\/person\/image\/","url":"https:\/\/secure.gravatar.com\/avatar\/c93060ec77db68f5fefd782408bed5a5005bb0b119c5ece6cdbf5ad8631c6e5b?s=96&d=mm&r=g","contentUrl":"https:\/\/secure.gravatar.com\/avatar\/c93060ec77db68f5fefd782408bed5a5005bb0b119c5ece6cdbf5ad8631c6e5b?s=96&d=mm&r=g","caption":"Yolanda Tarramera"},"url":"https:\/\/esment.org\/blogs\/author\/yolanda-tarramera\/"}]}},"_links":{"self":[{"href":"https:\/\/esment.org\/blogs\/wp-json\/wp\/v2\/posts\/27743","targetHints":{"allow":["GET"]}}],"collection":[{"href":"https:\/\/esment.org\/blogs\/wp-json\/wp\/v2\/posts"}],"about":[{"href":"https:\/\/esment.org\/blogs\/wp-json\/wp\/v2\/types\/post"}],"author":[{"embeddable":true,"href":"https:\/\/esment.org\/blogs\/wp-json\/wp\/v2\/users\/5"}],"replies":[{"embeddable":true,"href":"https:\/\/esment.org\/blogs\/wp-json\/wp\/v2\/comments?post=27743"}],"version-history":[{"count":3,"href":"https:\/\/esment.org\/blogs\/wp-json\/wp\/v2\/posts\/27743\/revisions"}],"predecessor-version":[{"id":27749,"href":"https:\/\/esment.org\/blogs\/wp-json\/wp\/v2\/posts\/27743\/revisions\/27749"}],"wp:featuredmedia":[{"embeddable":true,"href":"https:\/\/esment.org\/blogs\/wp-json\/wp\/v2\/media\/27746"}],"wp:attachment":[{"href":"https:\/\/esment.org\/blogs\/wp-json\/wp\/v2\/media?parent=27743"}],"wp:term":[{"taxonomy":"category","embeddable":true,"href":"https:\/\/esment.org\/blogs\/wp-json\/wp\/v2\/categories?post=27743"},{"taxonomy":"post_tag","embeddable":true,"href":"https:\/\/esment.org\/blogs\/wp-json\/wp\/v2\/tags?post=27743"}],"curies":[{"name":"wp","href":"https:\/\/api.w.org\/{rel}","templated":true}]}}