{"id":27739,"date":"2025-11-10T08:44:24","date_gmt":"2025-11-10T08:44:24","guid":{"rendered":"https:\/\/esment.org\/blogs\/?p=27739"},"modified":"2025-11-10T08:44:24","modified_gmt":"2025-11-10T08:44:24","slug":"autonomia-en-el-agua","status":"publish","type":"post","link":"https:\/\/esment.org\/blogs\/autonomia-en-el-agua\/","title":{"rendered":"Autonom\u00eda en el agua"},"content":{"rendered":"<p>El servicio de Esment infancia, en el marco del SPAP (Servicio de promoci\u00f3n de la autonom\u00eda personal), ha puesto en marcha una iniciativa que utiliza las instalaciones de las piscinas municipales para promover la autonom\u00eda de menores en edades comprendidas entre los 6 y 12 a\u00f1os en situaci\u00f3n de dependencia.<\/p>\n<div>\n<p>El proyecto busca que los menores aprendan a desenvolverse con independencia en un entorno comunitario con el objetivo de que, en el futuro, puedan integrarse con mayor facilidad en actividades grupales. Las sesiones semanales en piscina combinan aspectos sociales, f\u00edsicos y de desarrollo personal, ofreciendo un entorno seguro y motivador.<\/p>\n<\/div>\n<div>\n<p>Durante las actividades, los participantes no solo practican habilidades motrices sino que tambi\u00e9n aprenden a interactuar con otros ni\u00f1os y con el personal de las instalaciones, a seguir normas b\u00e1sicas y a hacer un buen uso del material y de los espacios comunes. El simple hecho de acceder a las instalaciones o utilizar las escaleras se convierte en una oportunidad para avanzar en su autonom\u00eda y coordinaci\u00f3n.<\/p>\n<\/div>\n","protected":false},"excerpt":{"rendered":"<p>El servicio de Esment infancia, en el marco del SPAP (Servicio de promoci\u00f3n de la autonom\u00eda personal), ha puesto en marcha una iniciativa que utiliza las instalaciones de las piscinas municipales para promover la autonom\u00eda de menores en edades comprendidas entre los 6 y 12 a\u00f1os en situaci\u00f3n de dependencia. El proyecto busca que los [&hellip;]<\/p>\n","protected":false},"author":5,"featured_media":27742,"comment_status":"open","ping_status":"closed","sticky":false,"template":"","format":"standard","meta":{"_acf_changed":false,"footnotes":""},"categories":[1],"tags":[],"class_list":["post-27739","post","type-post","status-publish","format-standard","has-post-thumbnail","hentry","category-sin-categoria"],"acf":[],"yoast_head":"<!-- This site is optimized with the Yoast SEO plugin v26.4 - https:\/\/yoast.com\/wordpress\/plugins\/seo\/ -->\n<title>Autonom\u00eda en el agua - Blog Comunidad Esment<\/title>\n<meta name=\"robots\" content=\"index, follow, max-snippet:-1, max-image-preview:large, max-video-preview:-1\" \/>\n<link rel=\"canonical\" href=\"https:\/\/esment.org\/blogs\/autonomia-en-el-agua\/\" \/>\n<meta property=\"og:locale\" content=\"es_ES\" \/>\n<meta property=\"og:type\" content=\"article\" \/>\n<meta property=\"og:title\" content=\"Autonom\u00eda en el agua - Blog Comunidad Esment\" \/>\n<meta property=\"og:description\" content=\"El servicio de Esment infancia, en el marco del SPAP (Servicio de promoci\u00f3n de la autonom\u00eda personal), ha puesto en marcha una iniciativa que utiliza las instalaciones de las piscinas municipales para promover la autonom\u00eda de menores en edades comprendidas entre los 6 y 12 a\u00f1os en situaci\u00f3n de dependencia. El proyecto busca que los [&hellip;]\" \/>\n<meta property=\"og:url\" content=\"https:\/\/esment.org\/blogs\/autonomia-en-el-agua\/\" \/>\n<meta property=\"og:site_name\" content=\"Blog Comunidad Esment\" \/>\n<meta property=\"article:published_time\" content=\"2025-11-10T08:44:24+00:00\" \/>\n<meta property=\"og:image\" content=\"https:\/\/esment.org\/blogs\/wp-content\/uploads\/2025\/11\/thumbnail_20251028_163339-1-e1762764253613.jpg\" \/>\n\t<meta property=\"og:image:width\" content=\"1080\" \/>\n\t<meta property=\"og:image:height\" content=\"608\" \/>\n\t<meta property=\"og:image:type\" content=\"image\/jpeg\" \/>\n<meta name=\"author\" content=\"Yolanda Tarramera\" \/>\n<meta name=\"twitter:card\" content=\"summary_large_image\" \/>\n<meta name=\"twitter:label1\" content=\"Escrito por\" \/>\n\t<meta name=\"twitter:data1\" content=\"Yolanda Tarramera\" \/>\n\t<meta name=\"twitter:label2\" content=\"Tiempo de lectura\" \/>\n\t<meta name=\"twitter:data2\" content=\"1 minuto\" \/>\n<script type=\"application\/ld+json\" class=\"yoast-schema-graph\">{\"@context\":\"https:\/\/schema.org\",\"@graph\":[{\"@type\":\"Article\",\"@id\":\"https:\/\/esment.org\/blogs\/autonomia-en-el-agua\/#article\",\"isPartOf\":{\"@id\":\"https:\/\/esment.org\/blogs\/autonomia-en-el-agua\/\"},\"author\":{\"name\":\"Yolanda Tarramera\",\"@id\":\"https:\/\/esment.org\/blogs\/#\/schema\/person\/d2af4a49059695d7ca3491e0498d6b36\"},\"headline\":\"Autonom\u00eda en el agua\",\"datePublished\":\"2025-11-10T08:44:24+00:00\",\"mainEntityOfPage\":{\"@id\":\"https:\/\/esment.org\/blogs\/autonomia-en-el-agua\/\"},\"wordCount\":181,\"commentCount\":0,\"publisher\":{\"@id\":\"https:\/\/esment.org\/blogs\/#organization\"},\"image\":{\"@id\":\"https:\/\/esment.org\/blogs\/autonomia-en-el-agua\/#primaryimage\"},\"thumbnailUrl\":\"https:\/\/esment.org\/blogs\/wp-content\/uploads\/2025\/11\/thumbnail_20251028_163339-1-e1762764253613.jpg\",\"inLanguage\":\"es\",\"potentialAction\":[{\"@type\":\"CommentAction\",\"name\":\"Comment\",\"target\":[\"https:\/\/esment.org\/blogs\/autonomia-en-el-agua\/#respond\"]}]},{\"@type\":\"WebPage\",\"@id\":\"https:\/\/esment.org\/blogs\/autonomia-en-el-agua\/\",\"url\":\"https:\/\/esment.org\/blogs\/autonomia-en-el-agua\/\",\"name\":\"Autonom\u00eda en el agua - Blog Comunidad Esment\",\"isPartOf\":{\"@id\":\"https:\/\/esment.org\/blogs\/#website\"},\"primaryImageOfPage\":{\"@id\":\"https:\/\/esment.org\/blogs\/autonomia-en-el-agua\/#primaryimage\"},\"image\":{\"@id\":\"https:\/\/esment.org\/blogs\/autonomia-en-el-agua\/#primaryimage\"},\"thumbnailUrl\":\"https:\/\/esment.org\/blogs\/wp-content\/uploads\/2025\/11\/thumbnail_20251028_163339-1-e1762764253613.jpg\",\"datePublished\":\"2025-11-10T08:44:24+00:00\",\"breadcrumb\":{\"@id\":\"https:\/\/esment.org\/blogs\/autonomia-en-el-agua\/#breadcrumb\"},\"inLanguage\":\"es\",\"potentialAction\":[{\"@type\":\"ReadAction\",\"target\":[\"https:\/\/esment.org\/blogs\/autonomia-en-el-agua\/\"]}]},{\"@type\":\"ImageObject\",\"inLanguage\":\"es\",\"@id\":\"https:\/\/esment.org\/blogs\/autonomia-en-el-agua\/#primaryimage\",\"url\":\"https:\/\/esment.org\/blogs\/wp-content\/uploads\/2025\/11\/thumbnail_20251028_163339-1-e1762764253613.jpg\",\"contentUrl\":\"https:\/\/esment.org\/blogs\/wp-content\/uploads\/2025\/11\/thumbnail_20251028_163339-1-e1762764253613.jpg\",\"width\":1080,\"height\":608},{\"@type\":\"BreadcrumbList\",\"@id\":\"https:\/\/esment.org\/blogs\/autonomia-en-el-agua\/#breadcrumb\",\"itemListElement\":[{\"@type\":\"ListItem\",\"position\":1,\"name\":\"Portada\",\"item\":\"https:\/\/esment.org\/blogs\/\"},{\"@type\":\"ListItem\",\"position\":2,\"name\":\"Autonom\u00eda en el agua\"}]},{\"@type\":\"WebSite\",\"@id\":\"https:\/\/esment.org\/blogs\/#website\",\"url\":\"https:\/\/esment.org\/blogs\/\",\"name\":\"Blog Comunidad Esment\",\"description\":\"Blogs de Esment\",\"publisher\":{\"@id\":\"https:\/\/esment.org\/blogs\/#organization\"},\"potentialAction\":[{\"@type\":\"SearchAction\",\"target\":{\"@type\":\"EntryPoint\",\"urlTemplate\":\"https:\/\/esment.org\/blogs\/?s={search_term_string}\"},\"query-input\":{\"@type\":\"PropertyValueSpecification\",\"valueRequired\":true,\"valueName\":\"search_term_string\"}}],\"inLanguage\":\"es\"},{\"@type\":\"Organization\",\"@id\":\"https:\/\/esment.org\/blogs\/#organization\",\"name\":\"Blog Comunidad Esment\",\"url\":\"https:\/\/esment.org\/blogs\/\",\"logo\":{\"@type\":\"ImageObject\",\"inLanguage\":\"es\",\"@id\":\"https:\/\/esment.org\/blogs\/#\/schema\/logo\/image\/\",\"url\":\"https:\/\/esment.org\/blogs\/wp-content\/uploads\/2020\/10\/logo-header.svg\",\"contentUrl\":\"https:\/\/esment.org\/blogs\/wp-content\/uploads\/2020\/10\/logo-header.svg\",\"caption\":\"Blog Comunidad Esment\"},\"image\":{\"@id\":\"https:\/\/esment.org\/blogs\/#\/schema\/logo\/image\/\"}},{\"@type\":\"Person\",\"@id\":\"https:\/\/esment.org\/blogs\/#\/schema\/person\/d2af4a49059695d7ca3491e0498d6b36\",\"name\":\"Yolanda Tarramera\",\"image\":{\"@type\":\"ImageObject\",\"inLanguage\":\"es\",\"@id\":\"https:\/\/esment.org\/blogs\/#\/schema\/person\/image\/\",\"url\":\"https:\/\/secure.gravatar.com\/avatar\/c93060ec77db68f5fefd782408bed5a5005bb0b119c5ece6cdbf5ad8631c6e5b?s=96&d=mm&r=g\",\"contentUrl\":\"https:\/\/secure.gravatar.com\/avatar\/c93060ec77db68f5fefd782408bed5a5005bb0b119c5ece6cdbf5ad8631c6e5b?s=96&d=mm&r=g\",\"caption\":\"Yolanda Tarramera\"},\"url\":\"https:\/\/esment.org\/blogs\/author\/yolanda-tarramera\/\"}]}<\/script>\n<!-- \/ Yoast SEO plugin. -->","yoast_head_json":{"title":"Autonom\u00eda en el agua - Blog Comunidad Esment","robots":{"index":"index","follow":"follow","max-snippet":"max-snippet:-1","max-image-preview":"max-image-preview:large","max-video-preview":"max-video-preview:-1"},"canonical":"https:\/\/esment.org\/blogs\/autonomia-en-el-agua\/","og_locale":"es_ES","og_type":"article","og_title":"Autonom\u00eda en el agua - Blog Comunidad Esment","og_description":"El servicio de Esment infancia, en el marco del SPAP (Servicio de promoci\u00f3n de la autonom\u00eda personal), ha puesto en marcha una iniciativa que utiliza las instalaciones de las piscinas municipales para promover la autonom\u00eda de menores en edades comprendidas entre los 6 y 12 a\u00f1os en situaci\u00f3n de dependencia. El proyecto busca que los [&hellip;]","og_url":"https:\/\/esment.org\/blogs\/autonomia-en-el-agua\/","og_site_name":"Blog Comunidad Esment","article_published_time":"2025-11-10T08:44:24+00:00","og_image":[{"width":1080,"height":608,"url":"https:\/\/esment.org\/blogs\/wp-content\/uploads\/2025\/11\/thumbnail_20251028_163339-1-e1762764253613.jpg","type":"image\/jpeg"}],"author":"Yolanda Tarramera","twitter_card":"summary_large_image","twitter_misc":{"Escrito por":"Yolanda Tarramera","Tiempo de lectura":"1 minuto"},"schema":{"@context":"https:\/\/schema.org","@graph":[{"@type":"Article","@id":"https:\/\/esment.org\/blogs\/autonomia-en-el-agua\/#article","isPartOf":{"@id":"https:\/\/esment.org\/blogs\/autonomia-en-el-agua\/"},"author":{"name":"Yolanda Tarramera","@id":"https:\/\/esment.org\/blogs\/#\/schema\/person\/d2af4a49059695d7ca3491e0498d6b36"},"headline":"Autonom\u00eda en el agua","datePublished":"2025-11-10T08:44:24+00:00","mainEntityOfPage":{"@id":"https:\/\/esment.org\/blogs\/autonomia-en-el-agua\/"},"wordCount":181,"commentCount":0,"publisher":{"@id":"https:\/\/esment.org\/blogs\/#organization"},"image":{"@id":"https:\/\/esment.org\/blogs\/autonomia-en-el-agua\/#primaryimage"},"thumbnailUrl":"https:\/\/esment.org\/blogs\/wp-content\/uploads\/2025\/11\/thumbnail_20251028_163339-1-e1762764253613.jpg","inLanguage":"es","potentialAction":[{"@type":"CommentAction","name":"Comment","target":["https:\/\/esment.org\/blogs\/autonomia-en-el-agua\/#respond"]}]},{"@type":"WebPage","@id":"https:\/\/esment.org\/blogs\/autonomia-en-el-agua\/","url":"https:\/\/esment.org\/blogs\/autonomia-en-el-agua\/","name":"Autonom\u00eda en el agua - Blog Comunidad Esment","isPartOf":{"@id":"https:\/\/esment.org\/blogs\/#website"},"primaryImageOfPage":{"@id":"https:\/\/esment.org\/blogs\/autonomia-en-el-agua\/#primaryimage"},"image":{"@id":"https:\/\/esment.org\/blogs\/autonomia-en-el-agua\/#primaryimage"},"thumbnailUrl":"https:\/\/esment.org\/blogs\/wp-content\/uploads\/2025\/11\/thumbnail_20251028_163339-1-e1762764253613.jpg","datePublished":"2025-11-10T08:44:24+00:00","breadcrumb":{"@id":"https:\/\/esment.org\/blogs\/autonomia-en-el-agua\/#breadcrumb"},"inLanguage":"es","potentialAction":[{"@type":"ReadAction","target":["https:\/\/esment.org\/blogs\/autonomia-en-el-agua\/"]}]},{"@type":"ImageObject","inLanguage":"es","@id":"https:\/\/esment.org\/blogs\/autonomia-en-el-agua\/#primaryimage","url":"https:\/\/esment.org\/blogs\/wp-content\/uploads\/2025\/11\/thumbnail_20251028_163339-1-e1762764253613.jpg","contentUrl":"https:\/\/esment.org\/blogs\/wp-content\/uploads\/2025\/11\/thumbnail_20251028_163339-1-e1762764253613.jpg","width":1080,"height":608},{"@type":"BreadcrumbList","@id":"https:\/\/esment.org\/blogs\/autonomia-en-el-agua\/#breadcrumb","itemListElement":[{"@type":"ListItem","position":1,"name":"Portada","item":"https:\/\/esment.org\/blogs\/"},{"@type":"ListItem","position":2,"name":"Autonom\u00eda en el agua"}]},{"@type":"WebSite","@id":"https:\/\/esment.org\/blogs\/#website","url":"https:\/\/esment.org\/blogs\/","name":"Blog Comunidad Esment","description":"Blogs de Esment","publisher":{"@id":"https:\/\/esment.org\/blogs\/#organization"},"potentialAction":[{"@type":"SearchAction","target":{"@type":"EntryPoint","urlTemplate":"https:\/\/esment.org\/blogs\/?s={search_term_string}"},"query-input":{"@type":"PropertyValueSpecification","valueRequired":true,"valueName":"search_term_string"}}],"inLanguage":"es"},{"@type":"Organization","@id":"https:\/\/esment.org\/blogs\/#organization","name":"Blog Comunidad Esment","url":"https:\/\/esment.org\/blogs\/","logo":{"@type":"ImageObject","inLanguage":"es","@id":"https:\/\/esment.org\/blogs\/#\/schema\/logo\/image\/","url":"https:\/\/esment.org\/blogs\/wp-content\/uploads\/2020\/10\/logo-header.svg","contentUrl":"https:\/\/esment.org\/blogs\/wp-content\/uploads\/2020\/10\/logo-header.svg","caption":"Blog Comunidad Esment"},"image":{"@id":"https:\/\/esment.org\/blogs\/#\/schema\/logo\/image\/"}},{"@type":"Person","@id":"https:\/\/esment.org\/blogs\/#\/schema\/person\/d2af4a49059695d7ca3491e0498d6b36","name":"Yolanda Tarramera","image":{"@type":"ImageObject","inLanguage":"es","@id":"https:\/\/esment.org\/blogs\/#\/schema\/person\/image\/","url":"https:\/\/secure.gravatar.com\/avatar\/c93060ec77db68f5fefd782408bed5a5005bb0b119c5ece6cdbf5ad8631c6e5b?s=96&d=mm&r=g","contentUrl":"https:\/\/secure.gravatar.com\/avatar\/c93060ec77db68f5fefd782408bed5a5005bb0b119c5ece6cdbf5ad8631c6e5b?s=96&d=mm&r=g","caption":"Yolanda Tarramera"},"url":"https:\/\/esment.org\/blogs\/author\/yolanda-tarramera\/"}]}},"_links":{"self":[{"href":"https:\/\/esment.org\/blogs\/wp-json\/wp\/v2\/posts\/27739","targetHints":{"allow":["GET"]}}],"collection":[{"href":"https:\/\/esment.org\/blogs\/wp-json\/wp\/v2\/posts"}],"about":[{"href":"https:\/\/esment.org\/blogs\/wp-json\/wp\/v2\/types\/post"}],"author":[{"embeddable":true,"href":"https:\/\/esment.org\/blogs\/wp-json\/wp\/v2\/users\/5"}],"replies":[{"embeddable":true,"href":"https:\/\/esment.org\/blogs\/wp-json\/wp\/v2\/comments?post=27739"}],"version-history":[{"count":1,"href":"https:\/\/esment.org\/blogs\/wp-json\/wp\/v2\/posts\/27739\/revisions"}],"predecessor-version":[{"id":27741,"href":"https:\/\/esment.org\/blogs\/wp-json\/wp\/v2\/posts\/27739\/revisions\/27741"}],"wp:featuredmedia":[{"embeddable":true,"href":"https:\/\/esment.org\/blogs\/wp-json\/wp\/v2\/media\/27742"}],"wp:attachment":[{"href":"https:\/\/esment.org\/blogs\/wp-json\/wp\/v2\/media?parent=27739"}],"wp:term":[{"taxonomy":"category","embeddable":true,"href":"https:\/\/esment.org\/blogs\/wp-json\/wp\/v2\/categories?post=27739"},{"taxonomy":"post_tag","embeddable":true,"href":"https:\/\/esment.org\/blogs\/wp-json\/wp\/v2\/tags?post=27739"}],"curies":[{"name":"wp","href":"https:\/\/api.w.org\/{rel}","templated":true}]}}