{"id":26491,"date":"2025-05-13T08:52:54","date_gmt":"2025-05-13T08:52:54","guid":{"rendered":"https:\/\/esment.org\/blogs\/?p=26491"},"modified":"2025-05-14T09:44:54","modified_gmt":"2025-05-14T09:44:54","slug":"que-modelo-de-vivienda-es-el-mas-adecuado-proxima-charla-para-familias-22-de-mayo","status":"publish","type":"post","link":"https:\/\/esment.org\/blogs\/que-modelo-de-vivienda-es-el-mas-adecuado-proxima-charla-para-familias-22-de-mayo\/","title":{"rendered":"\u00bfQu\u00e9 modelo de vivienda es el m\u00e1s adecuado? Pr\u00f3xima charla para familias, 22 de mayo"},"content":{"rendered":"<p class=\"\" data-start=\"351\" data-end=\"686\">El pr\u00f3ximo jueves 22 de mayo a las 10:30 h y a las 17.00h, en Esment Escola Professional, el equipo de Apoyo a las Familias celebra una nueva charla dirigida a las familias. En esta ocasi\u00f3n, el tema ser\u00e1 uno de los que m\u00e1s preguntas genera entre los familiares: los modelos de vivienda de Esment.<\/p>\n<p class=\"\" data-start=\"688\" data-end=\"841\">Elegir un entorno adecuado a cada persona es una decisi\u00f3n crucial ya que le permite desarrollar su proyecto de vida. Con este objetivo, durante la charla se explicar\u00e1n con detalle los tres modelos residenciales que ofrece Esment:<\/p>\n<ul data-start=\"842\" data-end=\"1099\">\n<li class=\"\" data-start=\"842\" data-end=\"922\">\n<p class=\"\" data-start=\"844\" data-end=\"922\">Apoyo a la vivienda, para fomentar la autonom\u00eda con los apoyos necesarios.<\/p>\n<\/li>\n<li class=\"\" data-start=\"923\" data-end=\"1014\">\n<p class=\"\" data-start=\"925\" data-end=\"1014\">Vivienda supervisada, un equilibrio entre independencia y acompa\u00f1amiento profesional.<\/p>\n<\/li>\n<li class=\"\" data-start=\"1015\" data-end=\"1099\">\n<p class=\"\" data-start=\"1017\" data-end=\"1099\">Residencia, para quienes necesitan un entorno completamente adaptado y seguro.<\/p>\n<\/li>\n<\/ul>\n<p class=\"\" data-start=\"1101\" data-end=\"1487\">Este encuentro forma parte del ciclo de charlas impulsado por el equipo de Apoyo a las Familias, un espacio de escucha creado precisamente para dar respuesta a las inquietudes y necesidades de las familias Se trata de una oportunidad para aclarar dudas, recibir orientaci\u00f3n personalizada y conocer m\u00e1s a fondo los recursos que Esment ofrece a las personas y sus entornos familiares. \u00a0Cada charla o actividad estar\u00e1 dedicada en un tema diferente: desde recursos de ocio a temas jur\u00eddicos, pasando por capacitaci\u00f3n digital o envejecimiento laboral.<\/p>\n<p class=\"\" data-start=\"1101\" data-end=\"1487\">M\u00e1s informaci\u00f3n, en <a href=\"https:\/\/esment.org\/es\/talleres-y-charlas\/\">ESTE ENLACE <\/a><\/p>\n<p class=\"\" data-start=\"1101\" data-end=\"1487\">Te esperamos.<\/p>\n","protected":false},"excerpt":{"rendered":"<p>El pr\u00f3ximo jueves 22 de mayo a las 10:30 h y a las 17.00h, en Esment Escola Professional, el equipo de Apoyo a las Familias celebra una nueva charla dirigida a las familias. En esta ocasi\u00f3n, el tema ser\u00e1 uno de los que m\u00e1s preguntas genera entre los familiares: los modelos de vivienda de Esment. [&hellip;]<\/p>\n","protected":false},"author":5,"featured_media":26492,"comment_status":"open","ping_status":"closed","sticky":false,"template":"","format":"standard","meta":{"_acf_changed":false,"footnotes":""},"categories":[1],"tags":[118,449,2254],"class_list":["post-26491","post","type-post","status-publish","format-standard","has-post-thumbnail","hentry","category-sin-categoria","tag-apoyo-a-familias","tag-charla","tag-modelo-de-vivienda"],"acf":[],"yoast_head":"<!-- This site is optimized with the Yoast SEO plugin v26.4 - https:\/\/yoast.com\/wordpress\/plugins\/seo\/ -->\n<title>\u00bfQu\u00e9 modelo de vivienda es el m\u00e1s adecuado? Pr\u00f3xima charla para familias, 22 de mayo - Blog Comunidad Esment<\/title>\n<meta name=\"robots\" content=\"index, follow, max-snippet:-1, max-image-preview:large, max-video-preview:-1\" \/>\n<link rel=\"canonical\" href=\"https:\/\/esment.org\/blogs\/que-modelo-de-vivienda-es-el-mas-adecuado-proxima-charla-para-familias-22-de-mayo\/\" \/>\n<meta property=\"og:locale\" content=\"es_ES\" \/>\n<meta property=\"og:type\" content=\"article\" \/>\n<meta property=\"og:title\" content=\"\u00bfQu\u00e9 modelo de vivienda es el m\u00e1s adecuado? Pr\u00f3xima charla para familias, 22 de mayo - Blog Comunidad Esment\" \/>\n<meta property=\"og:description\" content=\"El pr\u00f3ximo jueves 22 de mayo a las 10:30 h y a las 17.00h, en Esment Escola Professional, el equipo de Apoyo a las Familias celebra una nueva charla dirigida a las familias. En esta ocasi\u00f3n, el tema ser\u00e1 uno de los que m\u00e1s preguntas genera entre los familiares: los modelos de vivienda de Esment. [&hellip;]\" \/>\n<meta property=\"og:url\" content=\"https:\/\/esment.org\/blogs\/que-modelo-de-vivienda-es-el-mas-adecuado-proxima-charla-para-familias-22-de-mayo\/\" \/>\n<meta property=\"og:site_name\" content=\"Blog Comunidad Esment\" \/>\n<meta property=\"article:published_time\" content=\"2025-05-13T08:52:54+00:00\" \/>\n<meta property=\"article:modified_time\" content=\"2025-05-14T09:44:54+00:00\" \/>\n<meta property=\"og:image\" content=\"https:\/\/esment.org\/blogs\/wp-content\/uploads\/2025\/05\/P1177068-scaled.jpg\" \/>\n\t<meta property=\"og:image:width\" content=\"2560\" \/>\n\t<meta property=\"og:image:height\" content=\"1707\" \/>\n\t<meta property=\"og:image:type\" content=\"image\/jpeg\" \/>\n<meta name=\"author\" content=\"Yolanda Tarramera\" \/>\n<meta name=\"twitter:card\" content=\"summary_large_image\" \/>\n<meta name=\"twitter:label1\" content=\"Escrito por\" \/>\n\t<meta name=\"twitter:data1\" content=\"Yolanda Tarramera\" \/>\n\t<meta name=\"twitter:label2\" content=\"Tiempo de lectura\" \/>\n\t<meta name=\"twitter:data2\" content=\"2 minutos\" \/>\n<script type=\"application\/ld+json\" class=\"yoast-schema-graph\">{\"@context\":\"https:\/\/schema.org\",\"@graph\":[{\"@type\":\"Article\",\"@id\":\"https:\/\/esment.org\/blogs\/que-modelo-de-vivienda-es-el-mas-adecuado-proxima-charla-para-familias-22-de-mayo\/#article\",\"isPartOf\":{\"@id\":\"https:\/\/esment.org\/blogs\/que-modelo-de-vivienda-es-el-mas-adecuado-proxima-charla-para-familias-22-de-mayo\/\"},\"author\":{\"name\":\"Yolanda Tarramera\",\"@id\":\"https:\/\/esment.org\/blogs\/#\/schema\/person\/d2af4a49059695d7ca3491e0498d6b36\"},\"headline\":\"\u00bfQu\u00e9 modelo de vivienda es el m\u00e1s adecuado? Pr\u00f3xima charla para familias, 22 de mayo\",\"datePublished\":\"2025-05-13T08:52:54+00:00\",\"dateModified\":\"2025-05-14T09:44:54+00:00\",\"mainEntityOfPage\":{\"@id\":\"https:\/\/esment.org\/blogs\/que-modelo-de-vivienda-es-el-mas-adecuado-proxima-charla-para-familias-22-de-mayo\/\"},\"wordCount\":243,\"commentCount\":0,\"publisher\":{\"@id\":\"https:\/\/esment.org\/blogs\/#organization\"},\"image\":{\"@id\":\"https:\/\/esment.org\/blogs\/que-modelo-de-vivienda-es-el-mas-adecuado-proxima-charla-para-familias-22-de-mayo\/#primaryimage\"},\"thumbnailUrl\":\"https:\/\/esment.org\/blogs\/wp-content\/uploads\/2025\/05\/P1177068-scaled.jpg\",\"keywords\":[\"apoyo a familias\",\"charla\",\"modelo de vivienda\"],\"inLanguage\":\"es\",\"potentialAction\":[{\"@type\":\"CommentAction\",\"name\":\"Comment\",\"target\":[\"https:\/\/esment.org\/blogs\/que-modelo-de-vivienda-es-el-mas-adecuado-proxima-charla-para-familias-22-de-mayo\/#respond\"]}]},{\"@type\":\"WebPage\",\"@id\":\"https:\/\/esment.org\/blogs\/que-modelo-de-vivienda-es-el-mas-adecuado-proxima-charla-para-familias-22-de-mayo\/\",\"url\":\"https:\/\/esment.org\/blogs\/que-modelo-de-vivienda-es-el-mas-adecuado-proxima-charla-para-familias-22-de-mayo\/\",\"name\":\"\u00bfQu\u00e9 modelo de vivienda es el m\u00e1s adecuado? Pr\u00f3xima charla para familias, 22 de mayo - Blog Comunidad Esment\",\"isPartOf\":{\"@id\":\"https:\/\/esment.org\/blogs\/#website\"},\"primaryImageOfPage\":{\"@id\":\"https:\/\/esment.org\/blogs\/que-modelo-de-vivienda-es-el-mas-adecuado-proxima-charla-para-familias-22-de-mayo\/#primaryimage\"},\"image\":{\"@id\":\"https:\/\/esment.org\/blogs\/que-modelo-de-vivienda-es-el-mas-adecuado-proxima-charla-para-familias-22-de-mayo\/#primaryimage\"},\"thumbnailUrl\":\"https:\/\/esment.org\/blogs\/wp-content\/uploads\/2025\/05\/P1177068-scaled.jpg\",\"datePublished\":\"2025-05-13T08:52:54+00:00\",\"dateModified\":\"2025-05-14T09:44:54+00:00\",\"breadcrumb\":{\"@id\":\"https:\/\/esment.org\/blogs\/que-modelo-de-vivienda-es-el-mas-adecuado-proxima-charla-para-familias-22-de-mayo\/#breadcrumb\"},\"inLanguage\":\"es\",\"potentialAction\":[{\"@type\":\"ReadAction\",\"target\":[\"https:\/\/esment.org\/blogs\/que-modelo-de-vivienda-es-el-mas-adecuado-proxima-charla-para-familias-22-de-mayo\/\"]}]},{\"@type\":\"ImageObject\",\"inLanguage\":\"es\",\"@id\":\"https:\/\/esment.org\/blogs\/que-modelo-de-vivienda-es-el-mas-adecuado-proxima-charla-para-familias-22-de-mayo\/#primaryimage\",\"url\":\"https:\/\/esment.org\/blogs\/wp-content\/uploads\/2025\/05\/P1177068-scaled.jpg\",\"contentUrl\":\"https:\/\/esment.org\/blogs\/wp-content\/uploads\/2025\/05\/P1177068-scaled.jpg\",\"width\":2560,\"height\":1707},{\"@type\":\"BreadcrumbList\",\"@id\":\"https:\/\/esment.org\/blogs\/que-modelo-de-vivienda-es-el-mas-adecuado-proxima-charla-para-familias-22-de-mayo\/#breadcrumb\",\"itemListElement\":[{\"@type\":\"ListItem\",\"position\":1,\"name\":\"Portada\",\"item\":\"https:\/\/esment.org\/blogs\/\"},{\"@type\":\"ListItem\",\"position\":2,\"name\":\"\u00bfQu\u00e9 modelo de vivienda es el m\u00e1s adecuado? Pr\u00f3xima charla para familias, 22 de mayo\"}]},{\"@type\":\"WebSite\",\"@id\":\"https:\/\/esment.org\/blogs\/#website\",\"url\":\"https:\/\/esment.org\/blogs\/\",\"name\":\"Blog Comunidad Esment\",\"description\":\"Blogs de Esment\",\"publisher\":{\"@id\":\"https:\/\/esment.org\/blogs\/#organization\"},\"potentialAction\":[{\"@type\":\"SearchAction\",\"target\":{\"@type\":\"EntryPoint\",\"urlTemplate\":\"https:\/\/esment.org\/blogs\/?s={search_term_string}\"},\"query-input\":{\"@type\":\"PropertyValueSpecification\",\"valueRequired\":true,\"valueName\":\"search_term_string\"}}],\"inLanguage\":\"es\"},{\"@type\":\"Organization\",\"@id\":\"https:\/\/esment.org\/blogs\/#organization\",\"name\":\"Blog Comunidad Esment\",\"url\":\"https:\/\/esment.org\/blogs\/\",\"logo\":{\"@type\":\"ImageObject\",\"inLanguage\":\"es\",\"@id\":\"https:\/\/esment.org\/blogs\/#\/schema\/logo\/image\/\",\"url\":\"https:\/\/esment.org\/blogs\/wp-content\/uploads\/2020\/10\/logo-header.svg\",\"contentUrl\":\"https:\/\/esment.org\/blogs\/wp-content\/uploads\/2020\/10\/logo-header.svg\",\"caption\":\"Blog Comunidad Esment\"},\"image\":{\"@id\":\"https:\/\/esment.org\/blogs\/#\/schema\/logo\/image\/\"}},{\"@type\":\"Person\",\"@id\":\"https:\/\/esment.org\/blogs\/#\/schema\/person\/d2af4a49059695d7ca3491e0498d6b36\",\"name\":\"Yolanda Tarramera\",\"image\":{\"@type\":\"ImageObject\",\"inLanguage\":\"es\",\"@id\":\"https:\/\/esment.org\/blogs\/#\/schema\/person\/image\/\",\"url\":\"https:\/\/secure.gravatar.com\/avatar\/c93060ec77db68f5fefd782408bed5a5005bb0b119c5ece6cdbf5ad8631c6e5b?s=96&d=mm&r=g\",\"contentUrl\":\"https:\/\/secure.gravatar.com\/avatar\/c93060ec77db68f5fefd782408bed5a5005bb0b119c5ece6cdbf5ad8631c6e5b?s=96&d=mm&r=g\",\"caption\":\"Yolanda Tarramera\"},\"url\":\"https:\/\/esment.org\/blogs\/author\/yolanda-tarramera\/\"}]}<\/script>\n<!-- \/ Yoast SEO plugin. -->","yoast_head_json":{"title":"\u00bfQu\u00e9 modelo de vivienda es el m\u00e1s adecuado? Pr\u00f3xima charla para familias, 22 de mayo - Blog Comunidad Esment","robots":{"index":"index","follow":"follow","max-snippet":"max-snippet:-1","max-image-preview":"max-image-preview:large","max-video-preview":"max-video-preview:-1"},"canonical":"https:\/\/esment.org\/blogs\/que-modelo-de-vivienda-es-el-mas-adecuado-proxima-charla-para-familias-22-de-mayo\/","og_locale":"es_ES","og_type":"article","og_title":"\u00bfQu\u00e9 modelo de vivienda es el m\u00e1s adecuado? Pr\u00f3xima charla para familias, 22 de mayo - Blog Comunidad Esment","og_description":"El pr\u00f3ximo jueves 22 de mayo a las 10:30 h y a las 17.00h, en Esment Escola Professional, el equipo de Apoyo a las Familias celebra una nueva charla dirigida a las familias. En esta ocasi\u00f3n, el tema ser\u00e1 uno de los que m\u00e1s preguntas genera entre los familiares: los modelos de vivienda de Esment. [&hellip;]","og_url":"https:\/\/esment.org\/blogs\/que-modelo-de-vivienda-es-el-mas-adecuado-proxima-charla-para-familias-22-de-mayo\/","og_site_name":"Blog Comunidad Esment","article_published_time":"2025-05-13T08:52:54+00:00","article_modified_time":"2025-05-14T09:44:54+00:00","og_image":[{"width":2560,"height":1707,"url":"https:\/\/esment.org\/blogs\/wp-content\/uploads\/2025\/05\/P1177068-scaled.jpg","type":"image\/jpeg"}],"author":"Yolanda Tarramera","twitter_card":"summary_large_image","twitter_misc":{"Escrito por":"Yolanda Tarramera","Tiempo de lectura":"2 minutos"},"schema":{"@context":"https:\/\/schema.org","@graph":[{"@type":"Article","@id":"https:\/\/esment.org\/blogs\/que-modelo-de-vivienda-es-el-mas-adecuado-proxima-charla-para-familias-22-de-mayo\/#article","isPartOf":{"@id":"https:\/\/esment.org\/blogs\/que-modelo-de-vivienda-es-el-mas-adecuado-proxima-charla-para-familias-22-de-mayo\/"},"author":{"name":"Yolanda Tarramera","@id":"https:\/\/esment.org\/blogs\/#\/schema\/person\/d2af4a49059695d7ca3491e0498d6b36"},"headline":"\u00bfQu\u00e9 modelo de vivienda es el m\u00e1s adecuado? Pr\u00f3xima charla para familias, 22 de mayo","datePublished":"2025-05-13T08:52:54+00:00","dateModified":"2025-05-14T09:44:54+00:00","mainEntityOfPage":{"@id":"https:\/\/esment.org\/blogs\/que-modelo-de-vivienda-es-el-mas-adecuado-proxima-charla-para-familias-22-de-mayo\/"},"wordCount":243,"commentCount":0,"publisher":{"@id":"https:\/\/esment.org\/blogs\/#organization"},"image":{"@id":"https:\/\/esment.org\/blogs\/que-modelo-de-vivienda-es-el-mas-adecuado-proxima-charla-para-familias-22-de-mayo\/#primaryimage"},"thumbnailUrl":"https:\/\/esment.org\/blogs\/wp-content\/uploads\/2025\/05\/P1177068-scaled.jpg","keywords":["apoyo a familias","charla","modelo de vivienda"],"inLanguage":"es","potentialAction":[{"@type":"CommentAction","name":"Comment","target":["https:\/\/esment.org\/blogs\/que-modelo-de-vivienda-es-el-mas-adecuado-proxima-charla-para-familias-22-de-mayo\/#respond"]}]},{"@type":"WebPage","@id":"https:\/\/esment.org\/blogs\/que-modelo-de-vivienda-es-el-mas-adecuado-proxima-charla-para-familias-22-de-mayo\/","url":"https:\/\/esment.org\/blogs\/que-modelo-de-vivienda-es-el-mas-adecuado-proxima-charla-para-familias-22-de-mayo\/","name":"\u00bfQu\u00e9 modelo de vivienda es el m\u00e1s adecuado? Pr\u00f3xima charla para familias, 22 de mayo - Blog Comunidad Esment","isPartOf":{"@id":"https:\/\/esment.org\/blogs\/#website"},"primaryImageOfPage":{"@id":"https:\/\/esment.org\/blogs\/que-modelo-de-vivienda-es-el-mas-adecuado-proxima-charla-para-familias-22-de-mayo\/#primaryimage"},"image":{"@id":"https:\/\/esment.org\/blogs\/que-modelo-de-vivienda-es-el-mas-adecuado-proxima-charla-para-familias-22-de-mayo\/#primaryimage"},"thumbnailUrl":"https:\/\/esment.org\/blogs\/wp-content\/uploads\/2025\/05\/P1177068-scaled.jpg","datePublished":"2025-05-13T08:52:54+00:00","dateModified":"2025-05-14T09:44:54+00:00","breadcrumb":{"@id":"https:\/\/esment.org\/blogs\/que-modelo-de-vivienda-es-el-mas-adecuado-proxima-charla-para-familias-22-de-mayo\/#breadcrumb"},"inLanguage":"es","potentialAction":[{"@type":"ReadAction","target":["https:\/\/esment.org\/blogs\/que-modelo-de-vivienda-es-el-mas-adecuado-proxima-charla-para-familias-22-de-mayo\/"]}]},{"@type":"ImageObject","inLanguage":"es","@id":"https:\/\/esment.org\/blogs\/que-modelo-de-vivienda-es-el-mas-adecuado-proxima-charla-para-familias-22-de-mayo\/#primaryimage","url":"https:\/\/esment.org\/blogs\/wp-content\/uploads\/2025\/05\/P1177068-scaled.jpg","contentUrl":"https:\/\/esment.org\/blogs\/wp-content\/uploads\/2025\/05\/P1177068-scaled.jpg","width":2560,"height":1707},{"@type":"BreadcrumbList","@id":"https:\/\/esment.org\/blogs\/que-modelo-de-vivienda-es-el-mas-adecuado-proxima-charla-para-familias-22-de-mayo\/#breadcrumb","itemListElement":[{"@type":"ListItem","position":1,"name":"Portada","item":"https:\/\/esment.org\/blogs\/"},{"@type":"ListItem","position":2,"name":"\u00bfQu\u00e9 modelo de vivienda es el m\u00e1s adecuado? Pr\u00f3xima charla para familias, 22 de mayo"}]},{"@type":"WebSite","@id":"https:\/\/esment.org\/blogs\/#website","url":"https:\/\/esment.org\/blogs\/","name":"Blog Comunidad Esment","description":"Blogs de Esment","publisher":{"@id":"https:\/\/esment.org\/blogs\/#organization"},"potentialAction":[{"@type":"SearchAction","target":{"@type":"EntryPoint","urlTemplate":"https:\/\/esment.org\/blogs\/?s={search_term_string}"},"query-input":{"@type":"PropertyValueSpecification","valueRequired":true,"valueName":"search_term_string"}}],"inLanguage":"es"},{"@type":"Organization","@id":"https:\/\/esment.org\/blogs\/#organization","name":"Blog Comunidad Esment","url":"https:\/\/esment.org\/blogs\/","logo":{"@type":"ImageObject","inLanguage":"es","@id":"https:\/\/esment.org\/blogs\/#\/schema\/logo\/image\/","url":"https:\/\/esment.org\/blogs\/wp-content\/uploads\/2020\/10\/logo-header.svg","contentUrl":"https:\/\/esment.org\/blogs\/wp-content\/uploads\/2020\/10\/logo-header.svg","caption":"Blog Comunidad Esment"},"image":{"@id":"https:\/\/esment.org\/blogs\/#\/schema\/logo\/image\/"}},{"@type":"Person","@id":"https:\/\/esment.org\/blogs\/#\/schema\/person\/d2af4a49059695d7ca3491e0498d6b36","name":"Yolanda Tarramera","image":{"@type":"ImageObject","inLanguage":"es","@id":"https:\/\/esment.org\/blogs\/#\/schema\/person\/image\/","url":"https:\/\/secure.gravatar.com\/avatar\/c93060ec77db68f5fefd782408bed5a5005bb0b119c5ece6cdbf5ad8631c6e5b?s=96&d=mm&r=g","contentUrl":"https:\/\/secure.gravatar.com\/avatar\/c93060ec77db68f5fefd782408bed5a5005bb0b119c5ece6cdbf5ad8631c6e5b?s=96&d=mm&r=g","caption":"Yolanda Tarramera"},"url":"https:\/\/esment.org\/blogs\/author\/yolanda-tarramera\/"}]}},"_links":{"self":[{"href":"https:\/\/esment.org\/blogs\/wp-json\/wp\/v2\/posts\/26491","targetHints":{"allow":["GET"]}}],"collection":[{"href":"https:\/\/esment.org\/blogs\/wp-json\/wp\/v2\/posts"}],"about":[{"href":"https:\/\/esment.org\/blogs\/wp-json\/wp\/v2\/types\/post"}],"author":[{"embeddable":true,"href":"https:\/\/esment.org\/blogs\/wp-json\/wp\/v2\/users\/5"}],"replies":[{"embeddable":true,"href":"https:\/\/esment.org\/blogs\/wp-json\/wp\/v2\/comments?post=26491"}],"version-history":[{"count":3,"href":"https:\/\/esment.org\/blogs\/wp-json\/wp\/v2\/posts\/26491\/revisions"}],"predecessor-version":[{"id":26503,"href":"https:\/\/esment.org\/blogs\/wp-json\/wp\/v2\/posts\/26491\/revisions\/26503"}],"wp:featuredmedia":[{"embeddable":true,"href":"https:\/\/esment.org\/blogs\/wp-json\/wp\/v2\/media\/26492"}],"wp:attachment":[{"href":"https:\/\/esment.org\/blogs\/wp-json\/wp\/v2\/media?parent=26491"}],"wp:term":[{"taxonomy":"category","embeddable":true,"href":"https:\/\/esment.org\/blogs\/wp-json\/wp\/v2\/categories?post=26491"},{"taxonomy":"post_tag","embeddable":true,"href":"https:\/\/esment.org\/blogs\/wp-json\/wp\/v2\/tags?post=26491"}],"curies":[{"name":"wp","href":"https:\/\/api.w.org\/{rel}","templated":true}]}}