{"id":26476,"date":"2025-05-12T11:30:49","date_gmt":"2025-05-12T11:30:49","guid":{"rendered":"https:\/\/esment.org\/blogs\/?p=26476"},"modified":"2025-05-12T11:30:49","modified_gmt":"2025-05-12T11:30:49","slug":"lanzamos-el-proyecto-impulsat-para-reforzar-las-competencias-sociolaborales-de-personas-con-tea","status":"publish","type":"post","link":"https:\/\/esment.org\/blogs\/lanzamos-el-proyecto-impulsat-para-reforzar-las-competencias-sociolaborales-de-personas-con-tea\/","title":{"rendered":"Lanzamos el proyecto ImpulsaT para reforzar las competencias sociolaborales de personas con TEA"},"content":{"rendered":"<p class=\"\" data-start=\"237\" data-end=\"582\">A partir del mes de junio, ponemos en marcha el Proyecto ImpulsaT, un programa de capacitaci\u00f3n dise\u00f1ado para reforzar las competencias personales y sociolaborales de personas con TEA que ya son atendidas en alguno de los servicios de la entidad. Esta iniciativa se enmarca como paso previo al programa de inserci\u00f3n laboral InserTEA.<\/p>\n<p class=\"\" data-start=\"584\" data-end=\"878\">Las sesiones se desarrollar\u00e1n los d\u00edas 23, 25, 26 y 27 de junio, en horario de 9:00 a 13:00 h, en las instalaciones de Esment Escola Professional. El formato ser\u00e1 grupal y presencial, adapt\u00e1ndose a las necesidades individuales de cada participante en cuanto a horarios y calendario.<\/p>\n<p class=\"\" data-start=\"880\" data-end=\"1146\">Durante el programa, las personas asistentes trabajar\u00e1n aspectos clave para su desarrollo profesional y personal, como el autoconcepto y la autoaceptaci\u00f3n, las habilidades interpersonales y sociolaborales, as\u00ed como la definici\u00f3n de su perfil profesional.<\/p>\n<p class=\"\" data-start=\"1148\" data-end=\"1318\">Con este proyecto, Esment refuerza su compromiso con la autonom\u00eda, la inclusi\u00f3n y el acompa\u00f1amiento personalizado en los itinerarios de inserci\u00f3n de las personas con TEA.<\/p>\n<p data-start=\"1148\" data-end=\"1318\"><img fetchpriority=\"high\" decoding=\"async\" class=\"alignnone wp-image-26477 size-full\" src=\"https:\/\/esment.org\/blogs\/wp-content\/uploads\/2025\/05\/Cartel_IMPULTAT-2025.jpg\" alt=\"\" width=\"1587\" height=\"2245\" srcset=\"https:\/\/esment.org\/blogs\/wp-content\/uploads\/2025\/05\/Cartel_IMPULTAT-2025.jpg 1587w, https:\/\/esment.org\/blogs\/wp-content\/uploads\/2025\/05\/Cartel_IMPULTAT-2025-212x300.jpg 212w, https:\/\/esment.org\/blogs\/wp-content\/uploads\/2025\/05\/Cartel_IMPULTAT-2025-724x1024.jpg 724w, https:\/\/esment.org\/blogs\/wp-content\/uploads\/2025\/05\/Cartel_IMPULTAT-2025-768x1086.jpg 768w, https:\/\/esment.org\/blogs\/wp-content\/uploads\/2025\/05\/Cartel_IMPULTAT-2025-1086x1536.jpg 1086w, https:\/\/esment.org\/blogs\/wp-content\/uploads\/2025\/05\/Cartel_IMPULTAT-2025-1448x2048.jpg 1448w\" sizes=\"(max-width: 1587px) 100vw, 1587px\" \/><\/p>\n<p class=\"\" data-start=\"1148\" data-end=\"1318\">\n","protected":false},"excerpt":{"rendered":"<p>A partir del mes de junio, ponemos en marcha el Proyecto ImpulsaT, un programa de capacitaci\u00f3n dise\u00f1ado para reforzar las competencias personales y sociolaborales de personas con TEA que ya son atendidas en alguno de los servicios de la entidad. Esta iniciativa se enmarca como paso previo al programa de inserci\u00f3n laboral InserTEA. Las sesiones [&hellip;]<\/p>\n","protected":false},"author":5,"featured_media":26478,"comment_status":"open","ping_status":"closed","sticky":false,"template":"","format":"standard","meta":{"_acf_changed":false,"footnotes":""},"categories":[1131],"tags":[695,1147],"class_list":["post-26476","post","type-post","status-publish","format-standard","has-post-thumbnail","hentry","category-esment-tea","tag-esment-escola","tag-tea"],"acf":[],"yoast_head":"<!-- This site is optimized with the Yoast SEO plugin v26.4 - https:\/\/yoast.com\/wordpress\/plugins\/seo\/ -->\n<title>Lanzamos el proyecto ImpulsaT para reforzar las competencias sociolaborales de personas con TEA - Blog Comunidad Esment<\/title>\n<meta name=\"robots\" content=\"index, follow, max-snippet:-1, max-image-preview:large, max-video-preview:-1\" \/>\n<link rel=\"canonical\" href=\"https:\/\/esment.org\/blogs\/lanzamos-el-proyecto-impulsat-para-reforzar-las-competencias-sociolaborales-de-personas-con-tea\/\" \/>\n<meta property=\"og:locale\" content=\"es_ES\" \/>\n<meta property=\"og:type\" content=\"article\" \/>\n<meta property=\"og:title\" content=\"Lanzamos el proyecto ImpulsaT para reforzar las competencias sociolaborales de personas con TEA - Blog Comunidad Esment\" \/>\n<meta property=\"og:description\" content=\"A partir del mes de junio, ponemos en marcha el Proyecto ImpulsaT, un programa de capacitaci\u00f3n dise\u00f1ado para reforzar las competencias personales y sociolaborales de personas con TEA que ya son atendidas en alguno de los servicios de la entidad. Esta iniciativa se enmarca como paso previo al programa de inserci\u00f3n laboral InserTEA. Las sesiones [&hellip;]\" \/>\n<meta property=\"og:url\" content=\"https:\/\/esment.org\/blogs\/lanzamos-el-proyecto-impulsat-para-reforzar-las-competencias-sociolaborales-de-personas-con-tea\/\" \/>\n<meta property=\"og:site_name\" content=\"Blog Comunidad Esment\" \/>\n<meta property=\"article:published_time\" content=\"2025-05-12T11:30:49+00:00\" \/>\n<meta property=\"og:image\" content=\"https:\/\/esment.org\/blogs\/wp-content\/uploads\/2025\/05\/ImpulsaT-e1747049402734.png\" \/>\n\t<meta property=\"og:image:width\" content=\"329\" \/>\n\t<meta property=\"og:image:height\" content=\"307\" \/>\n\t<meta property=\"og:image:type\" content=\"image\/png\" \/>\n<meta name=\"author\" content=\"Yolanda Tarramera\" \/>\n<meta name=\"twitter:card\" content=\"summary_large_image\" \/>\n<meta name=\"twitter:label1\" content=\"Escrito por\" \/>\n\t<meta name=\"twitter:data1\" content=\"Yolanda Tarramera\" \/>\n\t<meta name=\"twitter:label2\" content=\"Tiempo de lectura\" \/>\n\t<meta name=\"twitter:data2\" content=\"2 minutos\" \/>\n<script type=\"application\/ld+json\" class=\"yoast-schema-graph\">{\"@context\":\"https:\/\/schema.org\",\"@graph\":[{\"@type\":\"Article\",\"@id\":\"https:\/\/esment.org\/blogs\/lanzamos-el-proyecto-impulsat-para-reforzar-las-competencias-sociolaborales-de-personas-con-tea\/#article\",\"isPartOf\":{\"@id\":\"https:\/\/esment.org\/blogs\/lanzamos-el-proyecto-impulsat-para-reforzar-las-competencias-sociolaborales-de-personas-con-tea\/\"},\"author\":{\"name\":\"Yolanda Tarramera\",\"@id\":\"https:\/\/esment.org\/blogs\/#\/schema\/person\/d2af4a49059695d7ca3491e0498d6b36\"},\"headline\":\"Lanzamos el proyecto ImpulsaT para reforzar las competencias sociolaborales de personas con TEA\",\"datePublished\":\"2025-05-12T11:30:49+00:00\",\"mainEntityOfPage\":{\"@id\":\"https:\/\/esment.org\/blogs\/lanzamos-el-proyecto-impulsat-para-reforzar-las-competencias-sociolaborales-de-personas-con-tea\/\"},\"wordCount\":180,\"commentCount\":0,\"publisher\":{\"@id\":\"https:\/\/esment.org\/blogs\/#organization\"},\"image\":{\"@id\":\"https:\/\/esment.org\/blogs\/lanzamos-el-proyecto-impulsat-para-reforzar-las-competencias-sociolaborales-de-personas-con-tea\/#primaryimage\"},\"thumbnailUrl\":\"https:\/\/esment.org\/blogs\/wp-content\/uploads\/2025\/05\/ImpulsaT-e1747049402734.png\",\"keywords\":[\"esment escola\",\"tea\"],\"articleSection\":[\"Esment TEA\"],\"inLanguage\":\"es\",\"potentialAction\":[{\"@type\":\"CommentAction\",\"name\":\"Comment\",\"target\":[\"https:\/\/esment.org\/blogs\/lanzamos-el-proyecto-impulsat-para-reforzar-las-competencias-sociolaborales-de-personas-con-tea\/#respond\"]}]},{\"@type\":\"WebPage\",\"@id\":\"https:\/\/esment.org\/blogs\/lanzamos-el-proyecto-impulsat-para-reforzar-las-competencias-sociolaborales-de-personas-con-tea\/\",\"url\":\"https:\/\/esment.org\/blogs\/lanzamos-el-proyecto-impulsat-para-reforzar-las-competencias-sociolaborales-de-personas-con-tea\/\",\"name\":\"Lanzamos el proyecto ImpulsaT para reforzar las competencias sociolaborales de personas con TEA - Blog Comunidad Esment\",\"isPartOf\":{\"@id\":\"https:\/\/esment.org\/blogs\/#website\"},\"primaryImageOfPage\":{\"@id\":\"https:\/\/esment.org\/blogs\/lanzamos-el-proyecto-impulsat-para-reforzar-las-competencias-sociolaborales-de-personas-con-tea\/#primaryimage\"},\"image\":{\"@id\":\"https:\/\/esment.org\/blogs\/lanzamos-el-proyecto-impulsat-para-reforzar-las-competencias-sociolaborales-de-personas-con-tea\/#primaryimage\"},\"thumbnailUrl\":\"https:\/\/esment.org\/blogs\/wp-content\/uploads\/2025\/05\/ImpulsaT-e1747049402734.png\",\"datePublished\":\"2025-05-12T11:30:49+00:00\",\"breadcrumb\":{\"@id\":\"https:\/\/esment.org\/blogs\/lanzamos-el-proyecto-impulsat-para-reforzar-las-competencias-sociolaborales-de-personas-con-tea\/#breadcrumb\"},\"inLanguage\":\"es\",\"potentialAction\":[{\"@type\":\"ReadAction\",\"target\":[\"https:\/\/esment.org\/blogs\/lanzamos-el-proyecto-impulsat-para-reforzar-las-competencias-sociolaborales-de-personas-con-tea\/\"]}]},{\"@type\":\"ImageObject\",\"inLanguage\":\"es\",\"@id\":\"https:\/\/esment.org\/blogs\/lanzamos-el-proyecto-impulsat-para-reforzar-las-competencias-sociolaborales-de-personas-con-tea\/#primaryimage\",\"url\":\"https:\/\/esment.org\/blogs\/wp-content\/uploads\/2025\/05\/ImpulsaT-e1747049402734.png\",\"contentUrl\":\"https:\/\/esment.org\/blogs\/wp-content\/uploads\/2025\/05\/ImpulsaT-e1747049402734.png\",\"width\":329,\"height\":307},{\"@type\":\"BreadcrumbList\",\"@id\":\"https:\/\/esment.org\/blogs\/lanzamos-el-proyecto-impulsat-para-reforzar-las-competencias-sociolaborales-de-personas-con-tea\/#breadcrumb\",\"itemListElement\":[{\"@type\":\"ListItem\",\"position\":1,\"name\":\"Portada\",\"item\":\"https:\/\/esment.org\/blogs\/\"},{\"@type\":\"ListItem\",\"position\":2,\"name\":\"Lanzamos el proyecto ImpulsaT para reforzar las competencias sociolaborales de personas con TEA\"}]},{\"@type\":\"WebSite\",\"@id\":\"https:\/\/esment.org\/blogs\/#website\",\"url\":\"https:\/\/esment.org\/blogs\/\",\"name\":\"Blog Comunidad Esment\",\"description\":\"Blogs de Esment\",\"publisher\":{\"@id\":\"https:\/\/esment.org\/blogs\/#organization\"},\"potentialAction\":[{\"@type\":\"SearchAction\",\"target\":{\"@type\":\"EntryPoint\",\"urlTemplate\":\"https:\/\/esment.org\/blogs\/?s={search_term_string}\"},\"query-input\":{\"@type\":\"PropertyValueSpecification\",\"valueRequired\":true,\"valueName\":\"search_term_string\"}}],\"inLanguage\":\"es\"},{\"@type\":\"Organization\",\"@id\":\"https:\/\/esment.org\/blogs\/#organization\",\"name\":\"Blog Comunidad Esment\",\"url\":\"https:\/\/esment.org\/blogs\/\",\"logo\":{\"@type\":\"ImageObject\",\"inLanguage\":\"es\",\"@id\":\"https:\/\/esment.org\/blogs\/#\/schema\/logo\/image\/\",\"url\":\"https:\/\/esment.org\/blogs\/wp-content\/uploads\/2020\/10\/logo-header.svg\",\"contentUrl\":\"https:\/\/esment.org\/blogs\/wp-content\/uploads\/2020\/10\/logo-header.svg\",\"caption\":\"Blog Comunidad Esment\"},\"image\":{\"@id\":\"https:\/\/esment.org\/blogs\/#\/schema\/logo\/image\/\"}},{\"@type\":\"Person\",\"@id\":\"https:\/\/esment.org\/blogs\/#\/schema\/person\/d2af4a49059695d7ca3491e0498d6b36\",\"name\":\"Yolanda Tarramera\",\"image\":{\"@type\":\"ImageObject\",\"inLanguage\":\"es\",\"@id\":\"https:\/\/esment.org\/blogs\/#\/schema\/person\/image\/\",\"url\":\"https:\/\/secure.gravatar.com\/avatar\/c93060ec77db68f5fefd782408bed5a5005bb0b119c5ece6cdbf5ad8631c6e5b?s=96&d=mm&r=g\",\"contentUrl\":\"https:\/\/secure.gravatar.com\/avatar\/c93060ec77db68f5fefd782408bed5a5005bb0b119c5ece6cdbf5ad8631c6e5b?s=96&d=mm&r=g\",\"caption\":\"Yolanda Tarramera\"},\"url\":\"https:\/\/esment.org\/blogs\/author\/yolanda-tarramera\/\"}]}<\/script>\n<!-- \/ Yoast SEO plugin. -->","yoast_head_json":{"title":"Lanzamos el proyecto ImpulsaT para reforzar las competencias sociolaborales de personas con TEA - Blog Comunidad Esment","robots":{"index":"index","follow":"follow","max-snippet":"max-snippet:-1","max-image-preview":"max-image-preview:large","max-video-preview":"max-video-preview:-1"},"canonical":"https:\/\/esment.org\/blogs\/lanzamos-el-proyecto-impulsat-para-reforzar-las-competencias-sociolaborales-de-personas-con-tea\/","og_locale":"es_ES","og_type":"article","og_title":"Lanzamos el proyecto ImpulsaT para reforzar las competencias sociolaborales de personas con TEA - Blog Comunidad Esment","og_description":"A partir del mes de junio, ponemos en marcha el Proyecto ImpulsaT, un programa de capacitaci\u00f3n dise\u00f1ado para reforzar las competencias personales y sociolaborales de personas con TEA que ya son atendidas en alguno de los servicios de la entidad. Esta iniciativa se enmarca como paso previo al programa de inserci\u00f3n laboral InserTEA. Las sesiones [&hellip;]","og_url":"https:\/\/esment.org\/blogs\/lanzamos-el-proyecto-impulsat-para-reforzar-las-competencias-sociolaborales-de-personas-con-tea\/","og_site_name":"Blog Comunidad Esment","article_published_time":"2025-05-12T11:30:49+00:00","og_image":[{"width":329,"height":307,"url":"https:\/\/esment.org\/blogs\/wp-content\/uploads\/2025\/05\/ImpulsaT-e1747049402734.png","type":"image\/png"}],"author":"Yolanda Tarramera","twitter_card":"summary_large_image","twitter_misc":{"Escrito por":"Yolanda Tarramera","Tiempo de lectura":"2 minutos"},"schema":{"@context":"https:\/\/schema.org","@graph":[{"@type":"Article","@id":"https:\/\/esment.org\/blogs\/lanzamos-el-proyecto-impulsat-para-reforzar-las-competencias-sociolaborales-de-personas-con-tea\/#article","isPartOf":{"@id":"https:\/\/esment.org\/blogs\/lanzamos-el-proyecto-impulsat-para-reforzar-las-competencias-sociolaborales-de-personas-con-tea\/"},"author":{"name":"Yolanda Tarramera","@id":"https:\/\/esment.org\/blogs\/#\/schema\/person\/d2af4a49059695d7ca3491e0498d6b36"},"headline":"Lanzamos el proyecto ImpulsaT para reforzar las competencias sociolaborales de personas con TEA","datePublished":"2025-05-12T11:30:49+00:00","mainEntityOfPage":{"@id":"https:\/\/esment.org\/blogs\/lanzamos-el-proyecto-impulsat-para-reforzar-las-competencias-sociolaborales-de-personas-con-tea\/"},"wordCount":180,"commentCount":0,"publisher":{"@id":"https:\/\/esment.org\/blogs\/#organization"},"image":{"@id":"https:\/\/esment.org\/blogs\/lanzamos-el-proyecto-impulsat-para-reforzar-las-competencias-sociolaborales-de-personas-con-tea\/#primaryimage"},"thumbnailUrl":"https:\/\/esment.org\/blogs\/wp-content\/uploads\/2025\/05\/ImpulsaT-e1747049402734.png","keywords":["esment escola","tea"],"articleSection":["Esment TEA"],"inLanguage":"es","potentialAction":[{"@type":"CommentAction","name":"Comment","target":["https:\/\/esment.org\/blogs\/lanzamos-el-proyecto-impulsat-para-reforzar-las-competencias-sociolaborales-de-personas-con-tea\/#respond"]}]},{"@type":"WebPage","@id":"https:\/\/esment.org\/blogs\/lanzamos-el-proyecto-impulsat-para-reforzar-las-competencias-sociolaborales-de-personas-con-tea\/","url":"https:\/\/esment.org\/blogs\/lanzamos-el-proyecto-impulsat-para-reforzar-las-competencias-sociolaborales-de-personas-con-tea\/","name":"Lanzamos el proyecto ImpulsaT para reforzar las competencias sociolaborales de personas con TEA - Blog Comunidad Esment","isPartOf":{"@id":"https:\/\/esment.org\/blogs\/#website"},"primaryImageOfPage":{"@id":"https:\/\/esment.org\/blogs\/lanzamos-el-proyecto-impulsat-para-reforzar-las-competencias-sociolaborales-de-personas-con-tea\/#primaryimage"},"image":{"@id":"https:\/\/esment.org\/blogs\/lanzamos-el-proyecto-impulsat-para-reforzar-las-competencias-sociolaborales-de-personas-con-tea\/#primaryimage"},"thumbnailUrl":"https:\/\/esment.org\/blogs\/wp-content\/uploads\/2025\/05\/ImpulsaT-e1747049402734.png","datePublished":"2025-05-12T11:30:49+00:00","breadcrumb":{"@id":"https:\/\/esment.org\/blogs\/lanzamos-el-proyecto-impulsat-para-reforzar-las-competencias-sociolaborales-de-personas-con-tea\/#breadcrumb"},"inLanguage":"es","potentialAction":[{"@type":"ReadAction","target":["https:\/\/esment.org\/blogs\/lanzamos-el-proyecto-impulsat-para-reforzar-las-competencias-sociolaborales-de-personas-con-tea\/"]}]},{"@type":"ImageObject","inLanguage":"es","@id":"https:\/\/esment.org\/blogs\/lanzamos-el-proyecto-impulsat-para-reforzar-las-competencias-sociolaborales-de-personas-con-tea\/#primaryimage","url":"https:\/\/esment.org\/blogs\/wp-content\/uploads\/2025\/05\/ImpulsaT-e1747049402734.png","contentUrl":"https:\/\/esment.org\/blogs\/wp-content\/uploads\/2025\/05\/ImpulsaT-e1747049402734.png","width":329,"height":307},{"@type":"BreadcrumbList","@id":"https:\/\/esment.org\/blogs\/lanzamos-el-proyecto-impulsat-para-reforzar-las-competencias-sociolaborales-de-personas-con-tea\/#breadcrumb","itemListElement":[{"@type":"ListItem","position":1,"name":"Portada","item":"https:\/\/esment.org\/blogs\/"},{"@type":"ListItem","position":2,"name":"Lanzamos el proyecto ImpulsaT para reforzar las competencias sociolaborales de personas con TEA"}]},{"@type":"WebSite","@id":"https:\/\/esment.org\/blogs\/#website","url":"https:\/\/esment.org\/blogs\/","name":"Blog Comunidad Esment","description":"Blogs de Esment","publisher":{"@id":"https:\/\/esment.org\/blogs\/#organization"},"potentialAction":[{"@type":"SearchAction","target":{"@type":"EntryPoint","urlTemplate":"https:\/\/esment.org\/blogs\/?s={search_term_string}"},"query-input":{"@type":"PropertyValueSpecification","valueRequired":true,"valueName":"search_term_string"}}],"inLanguage":"es"},{"@type":"Organization","@id":"https:\/\/esment.org\/blogs\/#organization","name":"Blog Comunidad Esment","url":"https:\/\/esment.org\/blogs\/","logo":{"@type":"ImageObject","inLanguage":"es","@id":"https:\/\/esment.org\/blogs\/#\/schema\/logo\/image\/","url":"https:\/\/esment.org\/blogs\/wp-content\/uploads\/2020\/10\/logo-header.svg","contentUrl":"https:\/\/esment.org\/blogs\/wp-content\/uploads\/2020\/10\/logo-header.svg","caption":"Blog Comunidad Esment"},"image":{"@id":"https:\/\/esment.org\/blogs\/#\/schema\/logo\/image\/"}},{"@type":"Person","@id":"https:\/\/esment.org\/blogs\/#\/schema\/person\/d2af4a49059695d7ca3491e0498d6b36","name":"Yolanda Tarramera","image":{"@type":"ImageObject","inLanguage":"es","@id":"https:\/\/esment.org\/blogs\/#\/schema\/person\/image\/","url":"https:\/\/secure.gravatar.com\/avatar\/c93060ec77db68f5fefd782408bed5a5005bb0b119c5ece6cdbf5ad8631c6e5b?s=96&d=mm&r=g","contentUrl":"https:\/\/secure.gravatar.com\/avatar\/c93060ec77db68f5fefd782408bed5a5005bb0b119c5ece6cdbf5ad8631c6e5b?s=96&d=mm&r=g","caption":"Yolanda Tarramera"},"url":"https:\/\/esment.org\/blogs\/author\/yolanda-tarramera\/"}]}},"_links":{"self":[{"href":"https:\/\/esment.org\/blogs\/wp-json\/wp\/v2\/posts\/26476","targetHints":{"allow":["GET"]}}],"collection":[{"href":"https:\/\/esment.org\/blogs\/wp-json\/wp\/v2\/posts"}],"about":[{"href":"https:\/\/esment.org\/blogs\/wp-json\/wp\/v2\/types\/post"}],"author":[{"embeddable":true,"href":"https:\/\/esment.org\/blogs\/wp-json\/wp\/v2\/users\/5"}],"replies":[{"embeddable":true,"href":"https:\/\/esment.org\/blogs\/wp-json\/wp\/v2\/comments?post=26476"}],"version-history":[{"count":1,"href":"https:\/\/esment.org\/blogs\/wp-json\/wp\/v2\/posts\/26476\/revisions"}],"predecessor-version":[{"id":26479,"href":"https:\/\/esment.org\/blogs\/wp-json\/wp\/v2\/posts\/26476\/revisions\/26479"}],"wp:featuredmedia":[{"embeddable":true,"href":"https:\/\/esment.org\/blogs\/wp-json\/wp\/v2\/media\/26478"}],"wp:attachment":[{"href":"https:\/\/esment.org\/blogs\/wp-json\/wp\/v2\/media?parent=26476"}],"wp:term":[{"taxonomy":"category","embeddable":true,"href":"https:\/\/esment.org\/blogs\/wp-json\/wp\/v2\/categories?post=26476"},{"taxonomy":"post_tag","embeddable":true,"href":"https:\/\/esment.org\/blogs\/wp-json\/wp\/v2\/tags?post=26476"}],"curies":[{"name":"wp","href":"https:\/\/api.w.org\/{rel}","templated":true}]}}