{"id":26434,"date":"2025-05-02T10:07:19","date_gmt":"2025-05-02T10:07:19","guid":{"rendered":"https:\/\/esment.org\/blogs\/?p=26434"},"modified":"2025-05-05T14:39:19","modified_gmt":"2025-05-05T14:39:19","slug":"impulsamos-un-grupo-mensual-de-reflexion-para-familias-de-jovenes-con-personas-con-tea","status":"publish","type":"post","link":"https:\/\/esment.org\/blogs\/impulsamos-un-grupo-mensual-de-reflexion-para-familias-de-jovenes-con-personas-con-tea\/","title":{"rendered":"Impulsamos un grupo mensual de reflexi\u00f3n para familias de j\u00f3venes con personas con TEA"},"content":{"rendered":"<p class=\"\" data-start=\"224\" data-end=\"696\">El pr\u00f3ximo <strong>5 de mayo a las 17:00 h<\/strong>, Esment Escola Professional acoger\u00e1 el primer encuentro para familias de personas con TEA impulsado por el equipo de Apoyo a Familias. Bajo el t\u00edtulo \u201cEspacio de reflexi\u00f3n para familias de j\u00f3venes con TEA\u201d, el encuentro est\u00e1 pensado como un lugar de escucha, intercambio y acompa\u00f1amiento para las familias.<\/p>\n<p class=\"\" data-start=\"698\" data-end=\"1111\">Este grupo se reunir\u00e1 de forma mensual, con el objetivo de que las familias puedan compartir experiencias, resolver dudas y construir buenas pr\u00e1cticas en un ambiente de aprendizaje rec\u00edproco. Los temas que se abordar\u00e1n en cada sesi\u00f3n nacer\u00e1n de las propias necesidades, intereses y demandas de las familias que participen.<\/p>\n<p data-start=\"698\" data-end=\"1111\">La asistencia es abierta y gratuita, solo es necesario inscribirse a trav\u00e9s de <a href=\"https:\/\/esment.org\/es\/workshop\/22\/espacio-de-reflexion-para-familias-jovenes-con-tea\/\">ESTE FORMULARIO<\/a> o bien en nuestra <a href=\"https:\/\/esment.org\/es\/apoyo-a-familias\/\">web.<\/a><\/p>\n<p class=\"\" data-start=\"1113\" data-end=\"1572\">Este espacio forma parte del nuevo programa de charlas dise\u00f1ado por el equipo de Apoyo a Familias, que tiene como objetivo ofrecer herramientas pr\u00e1cticas y crear comunidad entre familias que comparten situaciones similares. La iniciativa refuerza el compromiso de Esment con una atenci\u00f3n centrada en la persona y su entorno, entendiendo que el acompa\u00f1amiento familiar es una pieza clave en los procesos de desarrollo y bienestar.<\/p>\n<p class=\"\" data-start=\"1574\" data-end=\"1692\">Las pr\u00f3ximas fechas de este grupo de charlas ya est\u00e1n fijadas y se celebrar\u00e1n todas en Esment Escola Professional:<\/p>\n<ul data-start=\"1693\" data-end=\"1771\">\n<li class=\"\" data-start=\"1693\" data-end=\"1709\">\n<p class=\"\" data-start=\"1695\" data-end=\"1709\">2 de junio<\/p>\n<\/li>\n<li class=\"\" data-start=\"1710\" data-end=\"1731\">\n<p class=\"\" data-start=\"1712\" data-end=\"1731\">1 de septiembre<\/p>\n<\/li>\n<li class=\"\" data-start=\"1732\" data-end=\"1750\">\n<p class=\"\" data-start=\"1734\" data-end=\"1750\">6 de octubre<\/p>\n<\/li>\n<li class=\"\" data-start=\"1751\" data-end=\"1771\">\n<p class=\"\" data-start=\"1753\" data-end=\"1771\">3 de noviembre<\/p>\n<\/li>\n<\/ul>\n<p class=\"\" data-start=\"1773\" data-end=\"1977\">Adem\u00e1s de este grupo espec\u00edfico para familias j\u00f3venes con personas con TEA, est\u00e1 previsto seguir ampliando el programa con nuevos espacios tem\u00e1ticos y grupos de reflexi\u00f3n seg\u00fan las necesidades detectadas.<\/p>\n<p class=\"\" data-start=\"1979\" data-end=\"2184\">\n","protected":false},"excerpt":{"rendered":"<p>El pr\u00f3ximo 5 de mayo a las 17:00 h, Esment Escola Professional acoger\u00e1 el primer encuentro para familias de personas con TEA impulsado por el equipo de Apoyo a Familias. Bajo el t\u00edtulo \u201cEspacio de reflexi\u00f3n para familias de j\u00f3venes con TEA\u201d, el encuentro est\u00e1 pensado como un lugar de escucha, intercambio y acompa\u00f1amiento para [&hellip;]<\/p>\n","protected":false},"author":5,"featured_media":26438,"comment_status":"open","ping_status":"closed","sticky":false,"template":"","format":"standard","meta":{"_acf_changed":false,"footnotes":""},"categories":[2060,21,1],"tags":[],"class_list":["post-26434","post","type-post","status-publish","format-standard","has-post-thumbnail","hentry","category-familias","category-informacion-para-las-familias","category-sin-categoria"],"acf":[],"yoast_head":"<!-- This site is optimized with the Yoast SEO plugin v26.4 - https:\/\/yoast.com\/wordpress\/plugins\/seo\/ -->\n<title>Impulsamos un grupo mensual de reflexi\u00f3n para familias de j\u00f3venes con personas con TEA - Blog Comunidad Esment<\/title>\n<meta name=\"robots\" content=\"index, follow, max-snippet:-1, max-image-preview:large, max-video-preview:-1\" \/>\n<link rel=\"canonical\" href=\"https:\/\/esment.org\/blogs\/impulsamos-un-grupo-mensual-de-reflexion-para-familias-de-jovenes-con-personas-con-tea\/\" \/>\n<meta property=\"og:locale\" content=\"es_ES\" \/>\n<meta property=\"og:type\" content=\"article\" \/>\n<meta property=\"og:title\" content=\"Impulsamos un grupo mensual de reflexi\u00f3n para familias de j\u00f3venes con personas con TEA - Blog Comunidad Esment\" \/>\n<meta property=\"og:description\" content=\"El pr\u00f3ximo 5 de mayo a las 17:00 h, Esment Escola Professional acoger\u00e1 el primer encuentro para familias de personas con TEA impulsado por el equipo de Apoyo a Familias. Bajo el t\u00edtulo \u201cEspacio de reflexi\u00f3n para familias de j\u00f3venes con TEA\u201d, el encuentro est\u00e1 pensado como un lugar de escucha, intercambio y acompa\u00f1amiento para [&hellip;]\" \/>\n<meta property=\"og:url\" content=\"https:\/\/esment.org\/blogs\/impulsamos-un-grupo-mensual-de-reflexion-para-familias-de-jovenes-con-personas-con-tea\/\" \/>\n<meta property=\"og:site_name\" content=\"Blog Comunidad Esment\" \/>\n<meta property=\"article:published_time\" content=\"2025-05-02T10:07:19+00:00\" \/>\n<meta property=\"article:modified_time\" content=\"2025-05-05T14:39:19+00:00\" \/>\n<meta property=\"og:image\" content=\"https:\/\/esment.org\/blogs\/wp-content\/uploads\/2025\/05\/Diseno-sin-titulo-1.jpg\" \/>\n\t<meta property=\"og:image:width\" content=\"1920\" \/>\n\t<meta property=\"og:image:height\" content=\"1080\" \/>\n\t<meta property=\"og:image:type\" content=\"image\/jpeg\" \/>\n<meta name=\"author\" content=\"Yolanda Tarramera\" \/>\n<meta name=\"twitter:card\" content=\"summary_large_image\" \/>\n<meta name=\"twitter:label1\" content=\"Escrito por\" \/>\n\t<meta name=\"twitter:data1\" content=\"Yolanda Tarramera\" \/>\n\t<meta name=\"twitter:label2\" content=\"Tiempo de lectura\" \/>\n\t<meta name=\"twitter:data2\" content=\"2 minutos\" \/>\n<script type=\"application\/ld+json\" class=\"yoast-schema-graph\">{\"@context\":\"https:\/\/schema.org\",\"@graph\":[{\"@type\":\"Article\",\"@id\":\"https:\/\/esment.org\/blogs\/impulsamos-un-grupo-mensual-de-reflexion-para-familias-de-jovenes-con-personas-con-tea\/#article\",\"isPartOf\":{\"@id\":\"https:\/\/esment.org\/blogs\/impulsamos-un-grupo-mensual-de-reflexion-para-familias-de-jovenes-con-personas-con-tea\/\"},\"author\":{\"name\":\"Yolanda Tarramera\",\"@id\":\"https:\/\/esment.org\/blogs\/#\/schema\/person\/d2af4a49059695d7ca3491e0498d6b36\"},\"headline\":\"Impulsamos un grupo mensual de reflexi\u00f3n para familias de j\u00f3venes con personas con TEA\",\"datePublished\":\"2025-05-02T10:07:19+00:00\",\"dateModified\":\"2025-05-05T14:39:19+00:00\",\"mainEntityOfPage\":{\"@id\":\"https:\/\/esment.org\/blogs\/impulsamos-un-grupo-mensual-de-reflexion-para-familias-de-jovenes-con-personas-con-tea\/\"},\"wordCount\":288,\"commentCount\":0,\"publisher\":{\"@id\":\"https:\/\/esment.org\/blogs\/#organization\"},\"image\":{\"@id\":\"https:\/\/esment.org\/blogs\/impulsamos-un-grupo-mensual-de-reflexion-para-familias-de-jovenes-con-personas-con-tea\/#primaryimage\"},\"thumbnailUrl\":\"https:\/\/esment.org\/blogs\/wp-content\/uploads\/2025\/05\/Diseno-sin-titulo-1.jpg\",\"articleSection\":[\"Familias\",\"Informaci\u00f3n para las familias\"],\"inLanguage\":\"es\",\"potentialAction\":[{\"@type\":\"CommentAction\",\"name\":\"Comment\",\"target\":[\"https:\/\/esment.org\/blogs\/impulsamos-un-grupo-mensual-de-reflexion-para-familias-de-jovenes-con-personas-con-tea\/#respond\"]}]},{\"@type\":\"WebPage\",\"@id\":\"https:\/\/esment.org\/blogs\/impulsamos-un-grupo-mensual-de-reflexion-para-familias-de-jovenes-con-personas-con-tea\/\",\"url\":\"https:\/\/esment.org\/blogs\/impulsamos-un-grupo-mensual-de-reflexion-para-familias-de-jovenes-con-personas-con-tea\/\",\"name\":\"Impulsamos un grupo mensual de reflexi\u00f3n para familias de j\u00f3venes con personas con TEA - Blog Comunidad Esment\",\"isPartOf\":{\"@id\":\"https:\/\/esment.org\/blogs\/#website\"},\"primaryImageOfPage\":{\"@id\":\"https:\/\/esment.org\/blogs\/impulsamos-un-grupo-mensual-de-reflexion-para-familias-de-jovenes-con-personas-con-tea\/#primaryimage\"},\"image\":{\"@id\":\"https:\/\/esment.org\/blogs\/impulsamos-un-grupo-mensual-de-reflexion-para-familias-de-jovenes-con-personas-con-tea\/#primaryimage\"},\"thumbnailUrl\":\"https:\/\/esment.org\/blogs\/wp-content\/uploads\/2025\/05\/Diseno-sin-titulo-1.jpg\",\"datePublished\":\"2025-05-02T10:07:19+00:00\",\"dateModified\":\"2025-05-05T14:39:19+00:00\",\"breadcrumb\":{\"@id\":\"https:\/\/esment.org\/blogs\/impulsamos-un-grupo-mensual-de-reflexion-para-familias-de-jovenes-con-personas-con-tea\/#breadcrumb\"},\"inLanguage\":\"es\",\"potentialAction\":[{\"@type\":\"ReadAction\",\"target\":[\"https:\/\/esment.org\/blogs\/impulsamos-un-grupo-mensual-de-reflexion-para-familias-de-jovenes-con-personas-con-tea\/\"]}]},{\"@type\":\"ImageObject\",\"inLanguage\":\"es\",\"@id\":\"https:\/\/esment.org\/blogs\/impulsamos-un-grupo-mensual-de-reflexion-para-familias-de-jovenes-con-personas-con-tea\/#primaryimage\",\"url\":\"https:\/\/esment.org\/blogs\/wp-content\/uploads\/2025\/05\/Diseno-sin-titulo-1.jpg\",\"contentUrl\":\"https:\/\/esment.org\/blogs\/wp-content\/uploads\/2025\/05\/Diseno-sin-titulo-1.jpg\",\"width\":1920,\"height\":1080},{\"@type\":\"BreadcrumbList\",\"@id\":\"https:\/\/esment.org\/blogs\/impulsamos-un-grupo-mensual-de-reflexion-para-familias-de-jovenes-con-personas-con-tea\/#breadcrumb\",\"itemListElement\":[{\"@type\":\"ListItem\",\"position\":1,\"name\":\"Portada\",\"item\":\"https:\/\/esment.org\/blogs\/\"},{\"@type\":\"ListItem\",\"position\":2,\"name\":\"Impulsamos un grupo mensual de reflexi\u00f3n para familias de j\u00f3venes con personas con TEA\"}]},{\"@type\":\"WebSite\",\"@id\":\"https:\/\/esment.org\/blogs\/#website\",\"url\":\"https:\/\/esment.org\/blogs\/\",\"name\":\"Blog Comunidad Esment\",\"description\":\"Blogs de Esment\",\"publisher\":{\"@id\":\"https:\/\/esment.org\/blogs\/#organization\"},\"potentialAction\":[{\"@type\":\"SearchAction\",\"target\":{\"@type\":\"EntryPoint\",\"urlTemplate\":\"https:\/\/esment.org\/blogs\/?s={search_term_string}\"},\"query-input\":{\"@type\":\"PropertyValueSpecification\",\"valueRequired\":true,\"valueName\":\"search_term_string\"}}],\"inLanguage\":\"es\"},{\"@type\":\"Organization\",\"@id\":\"https:\/\/esment.org\/blogs\/#organization\",\"name\":\"Blog Comunidad Esment\",\"url\":\"https:\/\/esment.org\/blogs\/\",\"logo\":{\"@type\":\"ImageObject\",\"inLanguage\":\"es\",\"@id\":\"https:\/\/esment.org\/blogs\/#\/schema\/logo\/image\/\",\"url\":\"https:\/\/esment.org\/blogs\/wp-content\/uploads\/2020\/10\/logo-header.svg\",\"contentUrl\":\"https:\/\/esment.org\/blogs\/wp-content\/uploads\/2020\/10\/logo-header.svg\",\"caption\":\"Blog Comunidad Esment\"},\"image\":{\"@id\":\"https:\/\/esment.org\/blogs\/#\/schema\/logo\/image\/\"}},{\"@type\":\"Person\",\"@id\":\"https:\/\/esment.org\/blogs\/#\/schema\/person\/d2af4a49059695d7ca3491e0498d6b36\",\"name\":\"Yolanda Tarramera\",\"image\":{\"@type\":\"ImageObject\",\"inLanguage\":\"es\",\"@id\":\"https:\/\/esment.org\/blogs\/#\/schema\/person\/image\/\",\"url\":\"https:\/\/secure.gravatar.com\/avatar\/c93060ec77db68f5fefd782408bed5a5005bb0b119c5ece6cdbf5ad8631c6e5b?s=96&d=mm&r=g\",\"contentUrl\":\"https:\/\/secure.gravatar.com\/avatar\/c93060ec77db68f5fefd782408bed5a5005bb0b119c5ece6cdbf5ad8631c6e5b?s=96&d=mm&r=g\",\"caption\":\"Yolanda Tarramera\"},\"url\":\"https:\/\/esment.org\/blogs\/author\/yolanda-tarramera\/\"}]}<\/script>\n<!-- \/ Yoast SEO plugin. -->","yoast_head_json":{"title":"Impulsamos un grupo mensual de reflexi\u00f3n para familias de j\u00f3venes con personas con TEA - Blog Comunidad Esment","robots":{"index":"index","follow":"follow","max-snippet":"max-snippet:-1","max-image-preview":"max-image-preview:large","max-video-preview":"max-video-preview:-1"},"canonical":"https:\/\/esment.org\/blogs\/impulsamos-un-grupo-mensual-de-reflexion-para-familias-de-jovenes-con-personas-con-tea\/","og_locale":"es_ES","og_type":"article","og_title":"Impulsamos un grupo mensual de reflexi\u00f3n para familias de j\u00f3venes con personas con TEA - Blog Comunidad Esment","og_description":"El pr\u00f3ximo 5 de mayo a las 17:00 h, Esment Escola Professional acoger\u00e1 el primer encuentro para familias de personas con TEA impulsado por el equipo de Apoyo a Familias. Bajo el t\u00edtulo \u201cEspacio de reflexi\u00f3n para familias de j\u00f3venes con TEA\u201d, el encuentro est\u00e1 pensado como un lugar de escucha, intercambio y acompa\u00f1amiento para [&hellip;]","og_url":"https:\/\/esment.org\/blogs\/impulsamos-un-grupo-mensual-de-reflexion-para-familias-de-jovenes-con-personas-con-tea\/","og_site_name":"Blog Comunidad Esment","article_published_time":"2025-05-02T10:07:19+00:00","article_modified_time":"2025-05-05T14:39:19+00:00","og_image":[{"width":1920,"height":1080,"url":"https:\/\/esment.org\/blogs\/wp-content\/uploads\/2025\/05\/Diseno-sin-titulo-1.jpg","type":"image\/jpeg"}],"author":"Yolanda Tarramera","twitter_card":"summary_large_image","twitter_misc":{"Escrito por":"Yolanda Tarramera","Tiempo de lectura":"2 minutos"},"schema":{"@context":"https:\/\/schema.org","@graph":[{"@type":"Article","@id":"https:\/\/esment.org\/blogs\/impulsamos-un-grupo-mensual-de-reflexion-para-familias-de-jovenes-con-personas-con-tea\/#article","isPartOf":{"@id":"https:\/\/esment.org\/blogs\/impulsamos-un-grupo-mensual-de-reflexion-para-familias-de-jovenes-con-personas-con-tea\/"},"author":{"name":"Yolanda Tarramera","@id":"https:\/\/esment.org\/blogs\/#\/schema\/person\/d2af4a49059695d7ca3491e0498d6b36"},"headline":"Impulsamos un grupo mensual de reflexi\u00f3n para familias de j\u00f3venes con personas con TEA","datePublished":"2025-05-02T10:07:19+00:00","dateModified":"2025-05-05T14:39:19+00:00","mainEntityOfPage":{"@id":"https:\/\/esment.org\/blogs\/impulsamos-un-grupo-mensual-de-reflexion-para-familias-de-jovenes-con-personas-con-tea\/"},"wordCount":288,"commentCount":0,"publisher":{"@id":"https:\/\/esment.org\/blogs\/#organization"},"image":{"@id":"https:\/\/esment.org\/blogs\/impulsamos-un-grupo-mensual-de-reflexion-para-familias-de-jovenes-con-personas-con-tea\/#primaryimage"},"thumbnailUrl":"https:\/\/esment.org\/blogs\/wp-content\/uploads\/2025\/05\/Diseno-sin-titulo-1.jpg","articleSection":["Familias","Informaci\u00f3n para las familias"],"inLanguage":"es","potentialAction":[{"@type":"CommentAction","name":"Comment","target":["https:\/\/esment.org\/blogs\/impulsamos-un-grupo-mensual-de-reflexion-para-familias-de-jovenes-con-personas-con-tea\/#respond"]}]},{"@type":"WebPage","@id":"https:\/\/esment.org\/blogs\/impulsamos-un-grupo-mensual-de-reflexion-para-familias-de-jovenes-con-personas-con-tea\/","url":"https:\/\/esment.org\/blogs\/impulsamos-un-grupo-mensual-de-reflexion-para-familias-de-jovenes-con-personas-con-tea\/","name":"Impulsamos un grupo mensual de reflexi\u00f3n para familias de j\u00f3venes con personas con TEA - Blog Comunidad Esment","isPartOf":{"@id":"https:\/\/esment.org\/blogs\/#website"},"primaryImageOfPage":{"@id":"https:\/\/esment.org\/blogs\/impulsamos-un-grupo-mensual-de-reflexion-para-familias-de-jovenes-con-personas-con-tea\/#primaryimage"},"image":{"@id":"https:\/\/esment.org\/blogs\/impulsamos-un-grupo-mensual-de-reflexion-para-familias-de-jovenes-con-personas-con-tea\/#primaryimage"},"thumbnailUrl":"https:\/\/esment.org\/blogs\/wp-content\/uploads\/2025\/05\/Diseno-sin-titulo-1.jpg","datePublished":"2025-05-02T10:07:19+00:00","dateModified":"2025-05-05T14:39:19+00:00","breadcrumb":{"@id":"https:\/\/esment.org\/blogs\/impulsamos-un-grupo-mensual-de-reflexion-para-familias-de-jovenes-con-personas-con-tea\/#breadcrumb"},"inLanguage":"es","potentialAction":[{"@type":"ReadAction","target":["https:\/\/esment.org\/blogs\/impulsamos-un-grupo-mensual-de-reflexion-para-familias-de-jovenes-con-personas-con-tea\/"]}]},{"@type":"ImageObject","inLanguage":"es","@id":"https:\/\/esment.org\/blogs\/impulsamos-un-grupo-mensual-de-reflexion-para-familias-de-jovenes-con-personas-con-tea\/#primaryimage","url":"https:\/\/esment.org\/blogs\/wp-content\/uploads\/2025\/05\/Diseno-sin-titulo-1.jpg","contentUrl":"https:\/\/esment.org\/blogs\/wp-content\/uploads\/2025\/05\/Diseno-sin-titulo-1.jpg","width":1920,"height":1080},{"@type":"BreadcrumbList","@id":"https:\/\/esment.org\/blogs\/impulsamos-un-grupo-mensual-de-reflexion-para-familias-de-jovenes-con-personas-con-tea\/#breadcrumb","itemListElement":[{"@type":"ListItem","position":1,"name":"Portada","item":"https:\/\/esment.org\/blogs\/"},{"@type":"ListItem","position":2,"name":"Impulsamos un grupo mensual de reflexi\u00f3n para familias de j\u00f3venes con personas con TEA"}]},{"@type":"WebSite","@id":"https:\/\/esment.org\/blogs\/#website","url":"https:\/\/esment.org\/blogs\/","name":"Blog Comunidad Esment","description":"Blogs de Esment","publisher":{"@id":"https:\/\/esment.org\/blogs\/#organization"},"potentialAction":[{"@type":"SearchAction","target":{"@type":"EntryPoint","urlTemplate":"https:\/\/esment.org\/blogs\/?s={search_term_string}"},"query-input":{"@type":"PropertyValueSpecification","valueRequired":true,"valueName":"search_term_string"}}],"inLanguage":"es"},{"@type":"Organization","@id":"https:\/\/esment.org\/blogs\/#organization","name":"Blog Comunidad Esment","url":"https:\/\/esment.org\/blogs\/","logo":{"@type":"ImageObject","inLanguage":"es","@id":"https:\/\/esment.org\/blogs\/#\/schema\/logo\/image\/","url":"https:\/\/esment.org\/blogs\/wp-content\/uploads\/2020\/10\/logo-header.svg","contentUrl":"https:\/\/esment.org\/blogs\/wp-content\/uploads\/2020\/10\/logo-header.svg","caption":"Blog Comunidad Esment"},"image":{"@id":"https:\/\/esment.org\/blogs\/#\/schema\/logo\/image\/"}},{"@type":"Person","@id":"https:\/\/esment.org\/blogs\/#\/schema\/person\/d2af4a49059695d7ca3491e0498d6b36","name":"Yolanda Tarramera","image":{"@type":"ImageObject","inLanguage":"es","@id":"https:\/\/esment.org\/blogs\/#\/schema\/person\/image\/","url":"https:\/\/secure.gravatar.com\/avatar\/c93060ec77db68f5fefd782408bed5a5005bb0b119c5ece6cdbf5ad8631c6e5b?s=96&d=mm&r=g","contentUrl":"https:\/\/secure.gravatar.com\/avatar\/c93060ec77db68f5fefd782408bed5a5005bb0b119c5ece6cdbf5ad8631c6e5b?s=96&d=mm&r=g","caption":"Yolanda Tarramera"},"url":"https:\/\/esment.org\/blogs\/author\/yolanda-tarramera\/"}]}},"_links":{"self":[{"href":"https:\/\/esment.org\/blogs\/wp-json\/wp\/v2\/posts\/26434","targetHints":{"allow":["GET"]}}],"collection":[{"href":"https:\/\/esment.org\/blogs\/wp-json\/wp\/v2\/posts"}],"about":[{"href":"https:\/\/esment.org\/blogs\/wp-json\/wp\/v2\/types\/post"}],"author":[{"embeddable":true,"href":"https:\/\/esment.org\/blogs\/wp-json\/wp\/v2\/users\/5"}],"replies":[{"embeddable":true,"href":"https:\/\/esment.org\/blogs\/wp-json\/wp\/v2\/comments?post=26434"}],"version-history":[{"count":4,"href":"https:\/\/esment.org\/blogs\/wp-json\/wp\/v2\/posts\/26434\/revisions"}],"predecessor-version":[{"id":26440,"href":"https:\/\/esment.org\/blogs\/wp-json\/wp\/v2\/posts\/26434\/revisions\/26440"}],"wp:featuredmedia":[{"embeddable":true,"href":"https:\/\/esment.org\/blogs\/wp-json\/wp\/v2\/media\/26438"}],"wp:attachment":[{"href":"https:\/\/esment.org\/blogs\/wp-json\/wp\/v2\/media?parent=26434"}],"wp:term":[{"taxonomy":"category","embeddable":true,"href":"https:\/\/esment.org\/blogs\/wp-json\/wp\/v2\/categories?post=26434"},{"taxonomy":"post_tag","embeddable":true,"href":"https:\/\/esment.org\/blogs\/wp-json\/wp\/v2\/tags?post=26434"}],"curies":[{"name":"wp","href":"https:\/\/api.w.org\/{rel}","templated":true}]}}