{"id":26266,"date":"2025-04-11T12:02:38","date_gmt":"2025-04-11T12:02:38","guid":{"rendered":"https:\/\/esment.org\/blogs\/?p=26266"},"modified":"2025-06-24T11:17:03","modified_gmt":"2025-06-24T11:17:03","slug":"una-temporada-mas-colaborando-en-el-servicio-de-limpieza-del-tren-de-soller","status":"publish","type":"post","link":"https:\/\/esment.org\/blogs\/una-temporada-mas-colaborando-en-el-servicio-de-limpieza-del-tren-de-soller\/","title":{"rendered":"Una temporada m\u00e1s colaborando en el servicio de limpieza del Tren de S\u00f2ller"},"content":{"rendered":"<p>Con el inicio de la temporada alta, el Tren de S\u00f3ller se prepara para unos meses de intenso trabajo. Desde hace m\u00e1s de 25 a\u00f1os, Esment Limpieza y Jardiner\u00eda ha sido un colaborador clave en el mantenimiento y la limpieza de las instalaciones del tren, y esta temporada volver\u00e1 a serlo.<\/p>\n<p>Un equipo de personas trabaja todos los d\u00edas, de lunes a domingo, para mantener en perfectas condiciones la estaci\u00f3n de Palma, los vagones y la m\u00e1quina que permanece por la noche en la estaci\u00f3n. Adem\u00e1s, se encargan de la limpieza de la estaci\u00f3n de Son Sardina y del Museo.<\/p>\n<p>En el \u00e1mbito de la jardiner\u00eda, se limpian las v\u00edas una vez al mes con el fin de contribuir a la seguridad y mantener el entorno natural del recorrido.\u00a0El trabajo habitual de limpieza se lleva a cabo por tres T\u00e9cnicos Sociolaborales y tres personas empleadas, de 7 a 9 de la ma\u00f1ana. Aunque hay otros trabajos adicionales, estos no se realizan diariamente.<\/p>\n<p>Esta consolidada colaboraci\u00f3n entre el Tren de S\u00f3ller y Esment Limpieza y Jardiner\u00eda permite a la organizaci\u00f3n favorecer el trabajo a personas con necesidades de apoyo, promoviendo la inclusi\u00f3n y ofreciendo oportunidades laborales a quienes m\u00e1s lo necesitan.<\/p>\n<p>Nuestro compromiso es seguir ofreciendo servicios de calidad de triple impacto, que nos permitan generar un impacto positivo en la sociedad, el medioambiente y la econom\u00eda.<\/p>\n<p><img fetchpriority=\"high\" decoding=\"async\" class=\"alignnone wp-image-26274 size-full\" src=\"https:\/\/esment.org\/blogs\/wp-content\/uploads\/2025\/04\/598e0297-272b-4779-9d7c-b1c3e8492fd8-e1744372791721.jpg\" alt=\"\" width=\"1080\" height=\"1043\" srcset=\"https:\/\/esment.org\/blogs\/wp-content\/uploads\/2025\/04\/598e0297-272b-4779-9d7c-b1c3e8492fd8-e1744372791721.jpg 1080w, https:\/\/esment.org\/blogs\/wp-content\/uploads\/2025\/04\/598e0297-272b-4779-9d7c-b1c3e8492fd8-e1744372791721-300x290.jpg 300w, https:\/\/esment.org\/blogs\/wp-content\/uploads\/2025\/04\/598e0297-272b-4779-9d7c-b1c3e8492fd8-e1744372791721-1024x989.jpg 1024w, https:\/\/esment.org\/blogs\/wp-content\/uploads\/2025\/04\/598e0297-272b-4779-9d7c-b1c3e8492fd8-e1744372791721-768x742.jpg 768w\" sizes=\"(max-width: 1080px) 100vw, 1080px\" \/><\/p>\n<p><img decoding=\"async\" class=\"alignnone wp-image-26275 size-full\" src=\"https:\/\/esment.org\/blogs\/wp-content\/uploads\/2025\/04\/2674c435-3442-4cf2-80f1-0e5a247d102e.jpg\" alt=\"\" width=\"1536\" height=\"2048\" srcset=\"https:\/\/esment.org\/blogs\/wp-content\/uploads\/2025\/04\/2674c435-3442-4cf2-80f1-0e5a247d102e.jpg 1536w, https:\/\/esment.org\/blogs\/wp-content\/uploads\/2025\/04\/2674c435-3442-4cf2-80f1-0e5a247d102e-225x300.jpg 225w, https:\/\/esment.org\/blogs\/wp-content\/uploads\/2025\/04\/2674c435-3442-4cf2-80f1-0e5a247d102e-768x1024.jpg 768w, https:\/\/esment.org\/blogs\/wp-content\/uploads\/2025\/04\/2674c435-3442-4cf2-80f1-0e5a247d102e-1152x1536.jpg 1152w\" sizes=\"(max-width: 1536px) 100vw, 1536px\" \/><\/p>\n<p><img decoding=\"async\" class=\"alignnone wp-image-26276 size-full\" src=\"https:\/\/esment.org\/blogs\/wp-content\/uploads\/2025\/04\/d0ddf39b-27db-4b36-8dc4-06a02f4abb28-e1744372830636.jpg\" alt=\"\" width=\"1536\" height=\"1294\" srcset=\"https:\/\/esment.org\/blogs\/wp-content\/uploads\/2025\/04\/d0ddf39b-27db-4b36-8dc4-06a02f4abb28-e1744372830636.jpg 1536w, https:\/\/esment.org\/blogs\/wp-content\/uploads\/2025\/04\/d0ddf39b-27db-4b36-8dc4-06a02f4abb28-e1744372830636-300x253.jpg 300w, https:\/\/esment.org\/blogs\/wp-content\/uploads\/2025\/04\/d0ddf39b-27db-4b36-8dc4-06a02f4abb28-e1744372830636-1024x863.jpg 1024w, https:\/\/esment.org\/blogs\/wp-content\/uploads\/2025\/04\/d0ddf39b-27db-4b36-8dc4-06a02f4abb28-e1744372830636-768x647.jpg 768w\" sizes=\"(max-width: 1536px) 100vw, 1536px\" \/><\/p>\n<p><img loading=\"lazy\" decoding=\"async\" class=\"alignnone wp-image-26273 size-full\" src=\"https:\/\/esment.org\/blogs\/wp-content\/uploads\/2025\/04\/3c4487c7-181e-4ddc-ba28-e62254814df3.jpg\" alt=\"\" width=\"1080\" height=\"1920\" srcset=\"https:\/\/esment.org\/blogs\/wp-content\/uploads\/2025\/04\/3c4487c7-181e-4ddc-ba28-e62254814df3.jpg 1080w, https:\/\/esment.org\/blogs\/wp-content\/uploads\/2025\/04\/3c4487c7-181e-4ddc-ba28-e62254814df3-169x300.jpg 169w, https:\/\/esment.org\/blogs\/wp-content\/uploads\/2025\/04\/3c4487c7-181e-4ddc-ba28-e62254814df3-576x1024.jpg 576w, https:\/\/esment.org\/blogs\/wp-content\/uploads\/2025\/04\/3c4487c7-181e-4ddc-ba28-e62254814df3-768x1365.jpg 768w, https:\/\/esment.org\/blogs\/wp-content\/uploads\/2025\/04\/3c4487c7-181e-4ddc-ba28-e62254814df3-864x1536.jpg 864w\" sizes=\"(max-width: 1080px) 100vw, 1080px\" \/><\/p>\n<p><img loading=\"lazy\" decoding=\"async\" class=\"alignnone wp-image-26272 size-full\" src=\"https:\/\/esment.org\/blogs\/wp-content\/uploads\/2025\/04\/a6b45bc8-9b66-4cd9-abc6-c393acf278b6.jpg\" alt=\"\" width=\"1536\" height=\"2048\" srcset=\"https:\/\/esment.org\/blogs\/wp-content\/uploads\/2025\/04\/a6b45bc8-9b66-4cd9-abc6-c393acf278b6.jpg 1536w, https:\/\/esment.org\/blogs\/wp-content\/uploads\/2025\/04\/a6b45bc8-9b66-4cd9-abc6-c393acf278b6-225x300.jpg 225w, https:\/\/esment.org\/blogs\/wp-content\/uploads\/2025\/04\/a6b45bc8-9b66-4cd9-abc6-c393acf278b6-768x1024.jpg 768w, https:\/\/esment.org\/blogs\/wp-content\/uploads\/2025\/04\/a6b45bc8-9b66-4cd9-abc6-c393acf278b6-1152x1536.jpg 1152w\" sizes=\"(max-width: 1536px) 100vw, 1536px\" \/><\/p>\n<p><img loading=\"lazy\" decoding=\"async\" class=\"alignnone wp-image-26270 size-full\" src=\"https:\/\/esment.org\/blogs\/wp-content\/uploads\/2025\/04\/78ac827d-aeb5-4240-8da8-528cf2fd8a3e-e1744372879988.jpg\" alt=\"\" width=\"1536\" height=\"1232\" srcset=\"https:\/\/esment.org\/blogs\/wp-content\/uploads\/2025\/04\/78ac827d-aeb5-4240-8da8-528cf2fd8a3e-e1744372879988.jpg 1536w, https:\/\/esment.org\/blogs\/wp-content\/uploads\/2025\/04\/78ac827d-aeb5-4240-8da8-528cf2fd8a3e-e1744372879988-300x241.jpg 300w, https:\/\/esment.org\/blogs\/wp-content\/uploads\/2025\/04\/78ac827d-aeb5-4240-8da8-528cf2fd8a3e-e1744372879988-1024x821.jpg 1024w, https:\/\/esment.org\/blogs\/wp-content\/uploads\/2025\/04\/78ac827d-aeb5-4240-8da8-528cf2fd8a3e-e1744372879988-768x616.jpg 768w\" sizes=\"(max-width: 1536px) 100vw, 1536px\" \/><\/p>\n<p><img loading=\"lazy\" decoding=\"async\" class=\"alignnone wp-image-26269 size-full\" src=\"https:\/\/esment.org\/blogs\/wp-content\/uploads\/2025\/04\/15607e96-72d9-45b1-9800-f77eb8e72b78.jpg\" alt=\"\" width=\"1536\" height=\"2048\" srcset=\"https:\/\/esment.org\/blogs\/wp-content\/uploads\/2025\/04\/15607e96-72d9-45b1-9800-f77eb8e72b78.jpg 1536w, https:\/\/esment.org\/blogs\/wp-content\/uploads\/2025\/04\/15607e96-72d9-45b1-9800-f77eb8e72b78-225x300.jpg 225w, https:\/\/esment.org\/blogs\/wp-content\/uploads\/2025\/04\/15607e96-72d9-45b1-9800-f77eb8e72b78-768x1024.jpg 768w, https:\/\/esment.org\/blogs\/wp-content\/uploads\/2025\/04\/15607e96-72d9-45b1-9800-f77eb8e72b78-1152x1536.jpg 1152w\" sizes=\"(max-width: 1536px) 100vw, 1536px\" \/><\/p>\n<p><img loading=\"lazy\" decoding=\"async\" class=\"alignnone wp-image-26268 size-full\" src=\"https:\/\/esment.org\/blogs\/wp-content\/uploads\/2025\/04\/dba8f75f-5724-4400-a6f0-c916c32461e7.jpg\" alt=\"\" width=\"2048\" height=\"1536\" srcset=\"https:\/\/esment.org\/blogs\/wp-content\/uploads\/2025\/04\/dba8f75f-5724-4400-a6f0-c916c32461e7.jpg 2048w, https:\/\/esment.org\/blogs\/wp-content\/uploads\/2025\/04\/dba8f75f-5724-4400-a6f0-c916c32461e7-300x225.jpg 300w, https:\/\/esment.org\/blogs\/wp-content\/uploads\/2025\/04\/dba8f75f-5724-4400-a6f0-c916c32461e7-1024x768.jpg 1024w, https:\/\/esment.org\/blogs\/wp-content\/uploads\/2025\/04\/dba8f75f-5724-4400-a6f0-c916c32461e7-768x576.jpg 768w, https:\/\/esment.org\/blogs\/wp-content\/uploads\/2025\/04\/dba8f75f-5724-4400-a6f0-c916c32461e7-1536x1152.jpg 1536w\" sizes=\"(max-width: 2048px) 100vw, 2048px\" \/><\/p>\n","protected":false},"excerpt":{"rendered":"<p>Con el inicio de la temporada alta, el Tren de S\u00f3ller se prepara para unos meses de intenso trabajo. Desde hace m\u00e1s de 25 a\u00f1os, Esment Limpieza y Jardiner\u00eda ha sido un colaborador clave en el mantenimiento y la limpieza de las instalaciones del tren, y esta temporada volver\u00e1 a serlo. Un equipo de personas [&hellip;]<\/p>\n","protected":false},"author":5,"featured_media":0,"comment_status":"open","ping_status":"closed","sticky":false,"template":"","format":"standard","meta":{"_acf_changed":false,"footnotes":""},"categories":[1],"tags":[],"class_list":["post-26266","post","type-post","status-publish","format-standard","hentry","category-sin-categoria"],"acf":[],"yoast_head":"<!-- This site is optimized with the Yoast SEO plugin v26.4 - https:\/\/yoast.com\/wordpress\/plugins\/seo\/ -->\n<title>Una temporada m\u00e1s colaborando en el servicio de limpieza del Tren de S\u00f2ller - Blog Comunidad Esment<\/title>\n<meta name=\"robots\" content=\"index, follow, max-snippet:-1, max-image-preview:large, max-video-preview:-1\" \/>\n<link rel=\"canonical\" href=\"https:\/\/esment.org\/blogs\/una-temporada-mas-colaborando-en-el-servicio-de-limpieza-del-tren-de-soller\/\" \/>\n<meta property=\"og:locale\" content=\"es_ES\" \/>\n<meta property=\"og:type\" content=\"article\" \/>\n<meta property=\"og:title\" content=\"Una temporada m\u00e1s colaborando en el servicio de limpieza del Tren de S\u00f2ller - Blog Comunidad Esment\" \/>\n<meta property=\"og:description\" content=\"Con el inicio de la temporada alta, el Tren de S\u00f3ller se prepara para unos meses de intenso trabajo. Desde hace m\u00e1s de 25 a\u00f1os, Esment Limpieza y Jardiner\u00eda ha sido un colaborador clave en el mantenimiento y la limpieza de las instalaciones del tren, y esta temporada volver\u00e1 a serlo. Un equipo de personas [&hellip;]\" \/>\n<meta property=\"og:url\" content=\"https:\/\/esment.org\/blogs\/una-temporada-mas-colaborando-en-el-servicio-de-limpieza-del-tren-de-soller\/\" \/>\n<meta property=\"og:site_name\" content=\"Blog Comunidad Esment\" \/>\n<meta property=\"article:published_time\" content=\"2025-04-11T12:02:38+00:00\" \/>\n<meta property=\"article:modified_time\" content=\"2025-06-24T11:17:03+00:00\" \/>\n<meta property=\"og:image\" content=\"https:\/\/esment.org\/blogs\/wp-content\/uploads\/2025\/04\/598e0297-272b-4779-9d7c-b1c3e8492fd8-e1744372791721.jpg\" \/>\n\t<meta property=\"og:image:width\" content=\"1080\" \/>\n\t<meta property=\"og:image:height\" content=\"1043\" \/>\n\t<meta property=\"og:image:type\" content=\"image\/jpeg\" \/>\n<meta name=\"author\" content=\"Yolanda Tarramera\" \/>\n<meta name=\"twitter:card\" content=\"summary_large_image\" \/>\n<meta name=\"twitter:label1\" content=\"Escrito por\" \/>\n\t<meta name=\"twitter:data1\" content=\"Yolanda Tarramera\" \/>\n\t<meta name=\"twitter:label2\" content=\"Tiempo de lectura\" \/>\n\t<meta name=\"twitter:data2\" content=\"3 minutos\" \/>\n<script type=\"application\/ld+json\" class=\"yoast-schema-graph\">{\"@context\":\"https:\/\/schema.org\",\"@graph\":[{\"@type\":\"Article\",\"@id\":\"https:\/\/esment.org\/blogs\/una-temporada-mas-colaborando-en-el-servicio-de-limpieza-del-tren-de-soller\/#article\",\"isPartOf\":{\"@id\":\"https:\/\/esment.org\/blogs\/una-temporada-mas-colaborando-en-el-servicio-de-limpieza-del-tren-de-soller\/\"},\"author\":{\"name\":\"Yolanda Tarramera\",\"@id\":\"https:\/\/esment.org\/blogs\/#\/schema\/person\/d2af4a49059695d7ca3491e0498d6b36\"},\"headline\":\"Una temporada m\u00e1s colaborando en el servicio de limpieza del Tren de S\u00f2ller\",\"datePublished\":\"2025-04-11T12:02:38+00:00\",\"dateModified\":\"2025-06-24T11:17:03+00:00\",\"mainEntityOfPage\":{\"@id\":\"https:\/\/esment.org\/blogs\/una-temporada-mas-colaborando-en-el-servicio-de-limpieza-del-tren-de-soller\/\"},\"wordCount\":260,\"commentCount\":0,\"publisher\":{\"@id\":\"https:\/\/esment.org\/blogs\/#organization\"},\"image\":{\"@id\":\"https:\/\/esment.org\/blogs\/una-temporada-mas-colaborando-en-el-servicio-de-limpieza-del-tren-de-soller\/#primaryimage\"},\"thumbnailUrl\":\"https:\/\/esment.org\/blogs\/wp-content\/uploads\/2025\/04\/598e0297-272b-4779-9d7c-b1c3e8492fd8-e1744372791721.jpg\",\"inLanguage\":\"es\",\"potentialAction\":[{\"@type\":\"CommentAction\",\"name\":\"Comment\",\"target\":[\"https:\/\/esment.org\/blogs\/una-temporada-mas-colaborando-en-el-servicio-de-limpieza-del-tren-de-soller\/#respond\"]}]},{\"@type\":\"WebPage\",\"@id\":\"https:\/\/esment.org\/blogs\/una-temporada-mas-colaborando-en-el-servicio-de-limpieza-del-tren-de-soller\/\",\"url\":\"https:\/\/esment.org\/blogs\/una-temporada-mas-colaborando-en-el-servicio-de-limpieza-del-tren-de-soller\/\",\"name\":\"Una temporada m\u00e1s colaborando en el servicio de limpieza del Tren de S\u00f2ller - Blog Comunidad Esment\",\"isPartOf\":{\"@id\":\"https:\/\/esment.org\/blogs\/#website\"},\"primaryImageOfPage\":{\"@id\":\"https:\/\/esment.org\/blogs\/una-temporada-mas-colaborando-en-el-servicio-de-limpieza-del-tren-de-soller\/#primaryimage\"},\"image\":{\"@id\":\"https:\/\/esment.org\/blogs\/una-temporada-mas-colaborando-en-el-servicio-de-limpieza-del-tren-de-soller\/#primaryimage\"},\"thumbnailUrl\":\"https:\/\/esment.org\/blogs\/wp-content\/uploads\/2025\/04\/598e0297-272b-4779-9d7c-b1c3e8492fd8-e1744372791721.jpg\",\"datePublished\":\"2025-04-11T12:02:38+00:00\",\"dateModified\":\"2025-06-24T11:17:03+00:00\",\"breadcrumb\":{\"@id\":\"https:\/\/esment.org\/blogs\/una-temporada-mas-colaborando-en-el-servicio-de-limpieza-del-tren-de-soller\/#breadcrumb\"},\"inLanguage\":\"es\",\"potentialAction\":[{\"@type\":\"ReadAction\",\"target\":[\"https:\/\/esment.org\/blogs\/una-temporada-mas-colaborando-en-el-servicio-de-limpieza-del-tren-de-soller\/\"]}]},{\"@type\":\"ImageObject\",\"inLanguage\":\"es\",\"@id\":\"https:\/\/esment.org\/blogs\/una-temporada-mas-colaborando-en-el-servicio-de-limpieza-del-tren-de-soller\/#primaryimage\",\"url\":\"https:\/\/esment.org\/blogs\/wp-content\/uploads\/2025\/04\/598e0297-272b-4779-9d7c-b1c3e8492fd8-e1744372791721.jpg\",\"contentUrl\":\"https:\/\/esment.org\/blogs\/wp-content\/uploads\/2025\/04\/598e0297-272b-4779-9d7c-b1c3e8492fd8-e1744372791721.jpg\",\"width\":1080,\"height\":1043},{\"@type\":\"BreadcrumbList\",\"@id\":\"https:\/\/esment.org\/blogs\/una-temporada-mas-colaborando-en-el-servicio-de-limpieza-del-tren-de-soller\/#breadcrumb\",\"itemListElement\":[{\"@type\":\"ListItem\",\"position\":1,\"name\":\"Portada\",\"item\":\"https:\/\/esment.org\/blogs\/\"},{\"@type\":\"ListItem\",\"position\":2,\"name\":\"Una temporada m\u00e1s colaborando en el servicio de limpieza del Tren de S\u00f2ller\"}]},{\"@type\":\"WebSite\",\"@id\":\"https:\/\/esment.org\/blogs\/#website\",\"url\":\"https:\/\/esment.org\/blogs\/\",\"name\":\"Blog Comunidad Esment\",\"description\":\"Blogs de Esment\",\"publisher\":{\"@id\":\"https:\/\/esment.org\/blogs\/#organization\"},\"potentialAction\":[{\"@type\":\"SearchAction\",\"target\":{\"@type\":\"EntryPoint\",\"urlTemplate\":\"https:\/\/esment.org\/blogs\/?s={search_term_string}\"},\"query-input\":{\"@type\":\"PropertyValueSpecification\",\"valueRequired\":true,\"valueName\":\"search_term_string\"}}],\"inLanguage\":\"es\"},{\"@type\":\"Organization\",\"@id\":\"https:\/\/esment.org\/blogs\/#organization\",\"name\":\"Blog Comunidad Esment\",\"url\":\"https:\/\/esment.org\/blogs\/\",\"logo\":{\"@type\":\"ImageObject\",\"inLanguage\":\"es\",\"@id\":\"https:\/\/esment.org\/blogs\/#\/schema\/logo\/image\/\",\"url\":\"https:\/\/esment.org\/blogs\/wp-content\/uploads\/2020\/10\/logo-header.svg\",\"contentUrl\":\"https:\/\/esment.org\/blogs\/wp-content\/uploads\/2020\/10\/logo-header.svg\",\"caption\":\"Blog Comunidad Esment\"},\"image\":{\"@id\":\"https:\/\/esment.org\/blogs\/#\/schema\/logo\/image\/\"}},{\"@type\":\"Person\",\"@id\":\"https:\/\/esment.org\/blogs\/#\/schema\/person\/d2af4a49059695d7ca3491e0498d6b36\",\"name\":\"Yolanda Tarramera\",\"image\":{\"@type\":\"ImageObject\",\"inLanguage\":\"es\",\"@id\":\"https:\/\/esment.org\/blogs\/#\/schema\/person\/image\/\",\"url\":\"https:\/\/secure.gravatar.com\/avatar\/c93060ec77db68f5fefd782408bed5a5005bb0b119c5ece6cdbf5ad8631c6e5b?s=96&d=mm&r=g\",\"contentUrl\":\"https:\/\/secure.gravatar.com\/avatar\/c93060ec77db68f5fefd782408bed5a5005bb0b119c5ece6cdbf5ad8631c6e5b?s=96&d=mm&r=g\",\"caption\":\"Yolanda Tarramera\"},\"url\":\"https:\/\/esment.org\/blogs\/author\/yolanda-tarramera\/\"}]}<\/script>\n<!-- \/ Yoast SEO plugin. -->","yoast_head_json":{"title":"Una temporada m\u00e1s colaborando en el servicio de limpieza del Tren de S\u00f2ller - Blog Comunidad Esment","robots":{"index":"index","follow":"follow","max-snippet":"max-snippet:-1","max-image-preview":"max-image-preview:large","max-video-preview":"max-video-preview:-1"},"canonical":"https:\/\/esment.org\/blogs\/una-temporada-mas-colaborando-en-el-servicio-de-limpieza-del-tren-de-soller\/","og_locale":"es_ES","og_type":"article","og_title":"Una temporada m\u00e1s colaborando en el servicio de limpieza del Tren de S\u00f2ller - Blog Comunidad Esment","og_description":"Con el inicio de la temporada alta, el Tren de S\u00f3ller se prepara para unos meses de intenso trabajo. Desde hace m\u00e1s de 25 a\u00f1os, Esment Limpieza y Jardiner\u00eda ha sido un colaborador clave en el mantenimiento y la limpieza de las instalaciones del tren, y esta temporada volver\u00e1 a serlo. Un equipo de personas [&hellip;]","og_url":"https:\/\/esment.org\/blogs\/una-temporada-mas-colaborando-en-el-servicio-de-limpieza-del-tren-de-soller\/","og_site_name":"Blog Comunidad Esment","article_published_time":"2025-04-11T12:02:38+00:00","article_modified_time":"2025-06-24T11:17:03+00:00","og_image":[{"width":1080,"height":1043,"url":"https:\/\/esment.org\/blogs\/wp-content\/uploads\/2025\/04\/598e0297-272b-4779-9d7c-b1c3e8492fd8-e1744372791721.jpg","type":"image\/jpeg"}],"author":"Yolanda Tarramera","twitter_card":"summary_large_image","twitter_misc":{"Escrito por":"Yolanda Tarramera","Tiempo de lectura":"3 minutos"},"schema":{"@context":"https:\/\/schema.org","@graph":[{"@type":"Article","@id":"https:\/\/esment.org\/blogs\/una-temporada-mas-colaborando-en-el-servicio-de-limpieza-del-tren-de-soller\/#article","isPartOf":{"@id":"https:\/\/esment.org\/blogs\/una-temporada-mas-colaborando-en-el-servicio-de-limpieza-del-tren-de-soller\/"},"author":{"name":"Yolanda Tarramera","@id":"https:\/\/esment.org\/blogs\/#\/schema\/person\/d2af4a49059695d7ca3491e0498d6b36"},"headline":"Una temporada m\u00e1s colaborando en el servicio de limpieza del Tren de S\u00f2ller","datePublished":"2025-04-11T12:02:38+00:00","dateModified":"2025-06-24T11:17:03+00:00","mainEntityOfPage":{"@id":"https:\/\/esment.org\/blogs\/una-temporada-mas-colaborando-en-el-servicio-de-limpieza-del-tren-de-soller\/"},"wordCount":260,"commentCount":0,"publisher":{"@id":"https:\/\/esment.org\/blogs\/#organization"},"image":{"@id":"https:\/\/esment.org\/blogs\/una-temporada-mas-colaborando-en-el-servicio-de-limpieza-del-tren-de-soller\/#primaryimage"},"thumbnailUrl":"https:\/\/esment.org\/blogs\/wp-content\/uploads\/2025\/04\/598e0297-272b-4779-9d7c-b1c3e8492fd8-e1744372791721.jpg","inLanguage":"es","potentialAction":[{"@type":"CommentAction","name":"Comment","target":["https:\/\/esment.org\/blogs\/una-temporada-mas-colaborando-en-el-servicio-de-limpieza-del-tren-de-soller\/#respond"]}]},{"@type":"WebPage","@id":"https:\/\/esment.org\/blogs\/una-temporada-mas-colaborando-en-el-servicio-de-limpieza-del-tren-de-soller\/","url":"https:\/\/esment.org\/blogs\/una-temporada-mas-colaborando-en-el-servicio-de-limpieza-del-tren-de-soller\/","name":"Una temporada m\u00e1s colaborando en el servicio de limpieza del Tren de S\u00f2ller - Blog Comunidad Esment","isPartOf":{"@id":"https:\/\/esment.org\/blogs\/#website"},"primaryImageOfPage":{"@id":"https:\/\/esment.org\/blogs\/una-temporada-mas-colaborando-en-el-servicio-de-limpieza-del-tren-de-soller\/#primaryimage"},"image":{"@id":"https:\/\/esment.org\/blogs\/una-temporada-mas-colaborando-en-el-servicio-de-limpieza-del-tren-de-soller\/#primaryimage"},"thumbnailUrl":"https:\/\/esment.org\/blogs\/wp-content\/uploads\/2025\/04\/598e0297-272b-4779-9d7c-b1c3e8492fd8-e1744372791721.jpg","datePublished":"2025-04-11T12:02:38+00:00","dateModified":"2025-06-24T11:17:03+00:00","breadcrumb":{"@id":"https:\/\/esment.org\/blogs\/una-temporada-mas-colaborando-en-el-servicio-de-limpieza-del-tren-de-soller\/#breadcrumb"},"inLanguage":"es","potentialAction":[{"@type":"ReadAction","target":["https:\/\/esment.org\/blogs\/una-temporada-mas-colaborando-en-el-servicio-de-limpieza-del-tren-de-soller\/"]}]},{"@type":"ImageObject","inLanguage":"es","@id":"https:\/\/esment.org\/blogs\/una-temporada-mas-colaborando-en-el-servicio-de-limpieza-del-tren-de-soller\/#primaryimage","url":"https:\/\/esment.org\/blogs\/wp-content\/uploads\/2025\/04\/598e0297-272b-4779-9d7c-b1c3e8492fd8-e1744372791721.jpg","contentUrl":"https:\/\/esment.org\/blogs\/wp-content\/uploads\/2025\/04\/598e0297-272b-4779-9d7c-b1c3e8492fd8-e1744372791721.jpg","width":1080,"height":1043},{"@type":"BreadcrumbList","@id":"https:\/\/esment.org\/blogs\/una-temporada-mas-colaborando-en-el-servicio-de-limpieza-del-tren-de-soller\/#breadcrumb","itemListElement":[{"@type":"ListItem","position":1,"name":"Portada","item":"https:\/\/esment.org\/blogs\/"},{"@type":"ListItem","position":2,"name":"Una temporada m\u00e1s colaborando en el servicio de limpieza del Tren de S\u00f2ller"}]},{"@type":"WebSite","@id":"https:\/\/esment.org\/blogs\/#website","url":"https:\/\/esment.org\/blogs\/","name":"Blog Comunidad Esment","description":"Blogs de Esment","publisher":{"@id":"https:\/\/esment.org\/blogs\/#organization"},"potentialAction":[{"@type":"SearchAction","target":{"@type":"EntryPoint","urlTemplate":"https:\/\/esment.org\/blogs\/?s={search_term_string}"},"query-input":{"@type":"PropertyValueSpecification","valueRequired":true,"valueName":"search_term_string"}}],"inLanguage":"es"},{"@type":"Organization","@id":"https:\/\/esment.org\/blogs\/#organization","name":"Blog Comunidad Esment","url":"https:\/\/esment.org\/blogs\/","logo":{"@type":"ImageObject","inLanguage":"es","@id":"https:\/\/esment.org\/blogs\/#\/schema\/logo\/image\/","url":"https:\/\/esment.org\/blogs\/wp-content\/uploads\/2020\/10\/logo-header.svg","contentUrl":"https:\/\/esment.org\/blogs\/wp-content\/uploads\/2020\/10\/logo-header.svg","caption":"Blog Comunidad Esment"},"image":{"@id":"https:\/\/esment.org\/blogs\/#\/schema\/logo\/image\/"}},{"@type":"Person","@id":"https:\/\/esment.org\/blogs\/#\/schema\/person\/d2af4a49059695d7ca3491e0498d6b36","name":"Yolanda Tarramera","image":{"@type":"ImageObject","inLanguage":"es","@id":"https:\/\/esment.org\/blogs\/#\/schema\/person\/image\/","url":"https:\/\/secure.gravatar.com\/avatar\/c93060ec77db68f5fefd782408bed5a5005bb0b119c5ece6cdbf5ad8631c6e5b?s=96&d=mm&r=g","contentUrl":"https:\/\/secure.gravatar.com\/avatar\/c93060ec77db68f5fefd782408bed5a5005bb0b119c5ece6cdbf5ad8631c6e5b?s=96&d=mm&r=g","caption":"Yolanda Tarramera"},"url":"https:\/\/esment.org\/blogs\/author\/yolanda-tarramera\/"}]}},"_links":{"self":[{"href":"https:\/\/esment.org\/blogs\/wp-json\/wp\/v2\/posts\/26266","targetHints":{"allow":["GET"]}}],"collection":[{"href":"https:\/\/esment.org\/blogs\/wp-json\/wp\/v2\/posts"}],"about":[{"href":"https:\/\/esment.org\/blogs\/wp-json\/wp\/v2\/types\/post"}],"author":[{"embeddable":true,"href":"https:\/\/esment.org\/blogs\/wp-json\/wp\/v2\/users\/5"}],"replies":[{"embeddable":true,"href":"https:\/\/esment.org\/blogs\/wp-json\/wp\/v2\/comments?post=26266"}],"version-history":[{"count":5,"href":"https:\/\/esment.org\/blogs\/wp-json\/wp\/v2\/posts\/26266\/revisions"}],"predecessor-version":[{"id":26309,"href":"https:\/\/esment.org\/blogs\/wp-json\/wp\/v2\/posts\/26266\/revisions\/26309"}],"wp:attachment":[{"href":"https:\/\/esment.org\/blogs\/wp-json\/wp\/v2\/media?parent=26266"}],"wp:term":[{"taxonomy":"category","embeddable":true,"href":"https:\/\/esment.org\/blogs\/wp-json\/wp\/v2\/categories?post=26266"},{"taxonomy":"post_tag","embeddable":true,"href":"https:\/\/esment.org\/blogs\/wp-json\/wp\/v2\/tags?post=26266"}],"curies":[{"name":"wp","href":"https:\/\/api.w.org\/{rel}","templated":true}]}}