{"id":26234,"date":"2025-04-13T15:48:37","date_gmt":"2025-04-13T15:48:37","guid":{"rendered":"https:\/\/esment.org\/blogs\/?p=26234"},"modified":"2025-04-14T12:13:30","modified_gmt":"2025-04-14T12:13:30","slug":"cuidamos-y-renovamos-nuestros-muebles","status":"publish","type":"post","link":"https:\/\/esment.org\/blogs\/cuidamos-y-renovamos-nuestros-muebles\/","title":{"rendered":"Restauraci\u00f3n de mobiliario: una nueva actividad laboral sostenible de triple impacto"},"content":{"rendered":"<p>Desde Esment Terra y Servicios, impulsamos una nueva actividad laboral sostenible con un triple impacto. Aunque a\u00fan no se ha definido un nombre espec\u00edfico para esta iniciativa, se trata de un taller de mantenimiento y reparaci\u00f3n de mobiliario. Su objetivo es generar oportunidades de empleo, promover la protecci\u00f3n del medio ambiente y mejorar la rentabilidad econ\u00f3mica mediante la reutilizaci\u00f3n del mobiliario.<\/p>\n<p>En el taller, el equipo de personas que est\u00e1n vinculadas a esta nueva actividad realizan las tareas de limpieza y restauraci\u00f3n que incluyen eliminaci\u00f3n de barniz, aplicaci\u00f3n de aceites y otros barnices y de pintura en las estructuras met\u00e1licas.<\/p>\n<p>Desde que empezaron esta actividad ya han renovado parte del mobiliario del centro Weyler y tambi\u00e9n estanter\u00edas, mesas, sillones y armarios de varias viviendas, as\u00ed como sillas plegables de Casa Esment.<\/p>\n<p>Alargar\u00a0la vida \u00fatil de estos muebles es parte de nuestra cultura de cuidado y respeto por los objetos y los espacios. Adem\u00e1s, contribuye a la sostenibilidad ambiental al reducir la generaci\u00f3n de residuos.\u00bb<\/p>\n<p><img fetchpriority=\"high\" decoding=\"async\" class=\"alignnone wp-image-26263 size-large\" src=\"https:\/\/esment.org\/blogs\/wp-content\/uploads\/2025\/04\/WhatsApp-Image-2025-04-09-at-17.09.54-1-1024x768.jpeg\" alt=\"\" width=\"800\" height=\"600\" srcset=\"https:\/\/esment.org\/blogs\/wp-content\/uploads\/2025\/04\/WhatsApp-Image-2025-04-09-at-17.09.54-1-1024x768.jpeg 1024w, https:\/\/esment.org\/blogs\/wp-content\/uploads\/2025\/04\/WhatsApp-Image-2025-04-09-at-17.09.54-1-300x225.jpeg 300w, https:\/\/esment.org\/blogs\/wp-content\/uploads\/2025\/04\/WhatsApp-Image-2025-04-09-at-17.09.54-1-768x576.jpeg 768w, https:\/\/esment.org\/blogs\/wp-content\/uploads\/2025\/04\/WhatsApp-Image-2025-04-09-at-17.09.54-1-1536x1152.jpeg 1536w, https:\/\/esment.org\/blogs\/wp-content\/uploads\/2025\/04\/WhatsApp-Image-2025-04-09-at-17.09.54-1.jpeg 1600w\" sizes=\"(max-width: 800px) 100vw, 800px\" \/><\/p>\n<p><img decoding=\"async\" class=\"alignnone wp-image-26249 size-large\" src=\"https:\/\/esment.org\/blogs\/wp-content\/uploads\/2025\/04\/WhatsApp-Image-2025-04-07-at-17.31.52-1-1024x768.jpeg\" alt=\"\" width=\"800\" height=\"600\" srcset=\"https:\/\/esment.org\/blogs\/wp-content\/uploads\/2025\/04\/WhatsApp-Image-2025-04-07-at-17.31.52-1-1024x768.jpeg 1024w, https:\/\/esment.org\/blogs\/wp-content\/uploads\/2025\/04\/WhatsApp-Image-2025-04-07-at-17.31.52-1-300x225.jpeg 300w, https:\/\/esment.org\/blogs\/wp-content\/uploads\/2025\/04\/WhatsApp-Image-2025-04-07-at-17.31.52-1-768x576.jpeg 768w, https:\/\/esment.org\/blogs\/wp-content\/uploads\/2025\/04\/WhatsApp-Image-2025-04-07-at-17.31.52-1-1536x1152.jpeg 1536w, https:\/\/esment.org\/blogs\/wp-content\/uploads\/2025\/04\/WhatsApp-Image-2025-04-07-at-17.31.52-1.jpeg 1600w\" sizes=\"(max-width: 800px) 100vw, 800px\" \/><\/p>\n<p><img decoding=\"async\" class=\"alignnone wp-image-26236 size-large\" src=\"https:\/\/esment.org\/blogs\/wp-content\/uploads\/2025\/04\/20250224_092301-1024x768.jpg\" alt=\"\" width=\"800\" height=\"600\" srcset=\"https:\/\/esment.org\/blogs\/wp-content\/uploads\/2025\/04\/20250224_092301-1024x768.jpg 1024w, https:\/\/esment.org\/blogs\/wp-content\/uploads\/2025\/04\/20250224_092301-300x225.jpg 300w, https:\/\/esment.org\/blogs\/wp-content\/uploads\/2025\/04\/20250224_092301-768x576.jpg 768w, https:\/\/esment.org\/blogs\/wp-content\/uploads\/2025\/04\/20250224_092301-1536x1152.jpg 1536w, https:\/\/esment.org\/blogs\/wp-content\/uploads\/2025\/04\/20250224_092301-2048x1536.jpg 2048w\" sizes=\"(max-width: 800px) 100vw, 800px\" \/><\/p>\n<p><img loading=\"lazy\" decoding=\"async\" class=\"alignnone wp-image-26242 size-large\" src=\"https:\/\/esment.org\/blogs\/wp-content\/uploads\/2025\/04\/WhatsApp-Image-2025-04-07-at-17.56.01-768x1024.jpeg\" alt=\"\" width=\"768\" height=\"1024\" srcset=\"https:\/\/esment.org\/blogs\/wp-content\/uploads\/2025\/04\/WhatsApp-Image-2025-04-07-at-17.56.01-768x1024.jpeg 768w, https:\/\/esment.org\/blogs\/wp-content\/uploads\/2025\/04\/WhatsApp-Image-2025-04-07-at-17.56.01-225x300.jpeg 225w, https:\/\/esment.org\/blogs\/wp-content\/uploads\/2025\/04\/WhatsApp-Image-2025-04-07-at-17.56.01-1152x1536.jpeg 1152w, https:\/\/esment.org\/blogs\/wp-content\/uploads\/2025\/04\/WhatsApp-Image-2025-04-07-at-17.56.01.jpeg 1200w\" sizes=\"(max-width: 768px) 100vw, 768px\" \/><\/p>\n<p><img loading=\"lazy\" decoding=\"async\" class=\"alignnone wp-image-26238 size-large\" src=\"https:\/\/esment.org\/blogs\/wp-content\/uploads\/2025\/04\/20250304_111643-1024x799.jpg\" alt=\"\" width=\"800\" height=\"624\" srcset=\"https:\/\/esment.org\/blogs\/wp-content\/uploads\/2025\/04\/20250304_111643-1024x799.jpg 1024w, https:\/\/esment.org\/blogs\/wp-content\/uploads\/2025\/04\/20250304_111643-300x234.jpg 300w, https:\/\/esment.org\/blogs\/wp-content\/uploads\/2025\/04\/20250304_111643-768x599.jpg 768w, https:\/\/esment.org\/blogs\/wp-content\/uploads\/2025\/04\/20250304_111643-1536x1198.jpg 1536w, https:\/\/esment.org\/blogs\/wp-content\/uploads\/2025\/04\/20250304_111643-2048x1598.jpg 2048w\" sizes=\"(max-width: 800px) 100vw, 800px\" \/><\/p>\n<p>&nbsp;<\/p>\n<p><img loading=\"lazy\" decoding=\"async\" class=\"alignnone wp-image-26237 size-large\" src=\"https:\/\/esment.org\/blogs\/wp-content\/uploads\/2025\/04\/20250224_140026-1024x644.jpg\" alt=\"\" width=\"800\" height=\"503\" srcset=\"https:\/\/esment.org\/blogs\/wp-content\/uploads\/2025\/04\/20250224_140026-1024x644.jpg 1024w, https:\/\/esment.org\/blogs\/wp-content\/uploads\/2025\/04\/20250224_140026-300x189.jpg 300w, https:\/\/esment.org\/blogs\/wp-content\/uploads\/2025\/04\/20250224_140026-768x483.jpg 768w, https:\/\/esment.org\/blogs\/wp-content\/uploads\/2025\/04\/20250224_140026-1536x966.jpg 1536w, https:\/\/esment.org\/blogs\/wp-content\/uploads\/2025\/04\/20250224_140026-2048x1288.jpg 2048w\" sizes=\"(max-width: 800px) 100vw, 800px\" \/><\/p>\n<p><img loading=\"lazy\" decoding=\"async\" class=\"alignnone wp-image-26239 size-large\" src=\"https:\/\/esment.org\/blogs\/wp-content\/uploads\/2025\/04\/20250305_102806-1024x768.jpg\" alt=\"\" width=\"800\" height=\"600\" srcset=\"https:\/\/esment.org\/blogs\/wp-content\/uploads\/2025\/04\/20250305_102806-1024x768.jpg 1024w, https:\/\/esment.org\/blogs\/wp-content\/uploads\/2025\/04\/20250305_102806-300x225.jpg 300w, https:\/\/esment.org\/blogs\/wp-content\/uploads\/2025\/04\/20250305_102806-768x576.jpg 768w, https:\/\/esment.org\/blogs\/wp-content\/uploads\/2025\/04\/20250305_102806-1536x1152.jpg 1536w, https:\/\/esment.org\/blogs\/wp-content\/uploads\/2025\/04\/20250305_102806-2048x1536.jpg 2048w\" sizes=\"(max-width: 800px) 100vw, 800px\" \/><\/p>\n<p><img loading=\"lazy\" decoding=\"async\" class=\"alignnone wp-image-26240 size-large\" src=\"https:\/\/esment.org\/blogs\/wp-content\/uploads\/2025\/04\/20250307_095415-768x1024.jpg\" alt=\"\" width=\"768\" height=\"1024\" srcset=\"https:\/\/esment.org\/blogs\/wp-content\/uploads\/2025\/04\/20250307_095415-768x1024.jpg 768w, https:\/\/esment.org\/blogs\/wp-content\/uploads\/2025\/04\/20250307_095415-225x300.jpg 225w, https:\/\/esment.org\/blogs\/wp-content\/uploads\/2025\/04\/20250307_095415-1152x1536.jpg 1152w, https:\/\/esment.org\/blogs\/wp-content\/uploads\/2025\/04\/20250307_095415-1536x2048.jpg 1536w, https:\/\/esment.org\/blogs\/wp-content\/uploads\/2025\/04\/20250307_095415-scaled.jpg 1920w\" sizes=\"(max-width: 768px) 100vw, 768px\" \/><\/p>\n<p><img loading=\"lazy\" decoding=\"async\" class=\"alignnone wp-image-26264 size-large\" src=\"https:\/\/esment.org\/blogs\/wp-content\/uploads\/2025\/04\/WhatsApp-Image-2025-04-09-at-17.11.58-1024x768.jpeg\" alt=\"\" width=\"800\" height=\"600\" srcset=\"https:\/\/esment.org\/blogs\/wp-content\/uploads\/2025\/04\/WhatsApp-Image-2025-04-09-at-17.11.58-1024x768.jpeg 1024w, https:\/\/esment.org\/blogs\/wp-content\/uploads\/2025\/04\/WhatsApp-Image-2025-04-09-at-17.11.58-300x225.jpeg 300w, https:\/\/esment.org\/blogs\/wp-content\/uploads\/2025\/04\/WhatsApp-Image-2025-04-09-at-17.11.58-768x576.jpeg 768w, https:\/\/esment.org\/blogs\/wp-content\/uploads\/2025\/04\/WhatsApp-Image-2025-04-09-at-17.11.58-1536x1152.jpeg 1536w, https:\/\/esment.org\/blogs\/wp-content\/uploads\/2025\/04\/WhatsApp-Image-2025-04-09-at-17.11.58.jpeg 2048w\" sizes=\"(max-width: 800px) 100vw, 800px\" \/><\/p>\n<p><img loading=\"lazy\" decoding=\"async\" class=\"alignnone wp-image-26314 size-large\" src=\"https:\/\/esment.org\/blogs\/wp-content\/uploads\/2025\/04\/WhatsApp-Image-2025-04-14-at-14.12.41-1024x928.jpeg\" alt=\"\" width=\"800\" height=\"725\" srcset=\"https:\/\/esment.org\/blogs\/wp-content\/uploads\/2025\/04\/WhatsApp-Image-2025-04-14-at-14.12.41-1024x928.jpeg 1024w, https:\/\/esment.org\/blogs\/wp-content\/uploads\/2025\/04\/WhatsApp-Image-2025-04-14-at-14.12.41-300x272.jpeg 300w, https:\/\/esment.org\/blogs\/wp-content\/uploads\/2025\/04\/WhatsApp-Image-2025-04-14-at-14.12.41-768x696.jpeg 768w, https:\/\/esment.org\/blogs\/wp-content\/uploads\/2025\/04\/WhatsApp-Image-2025-04-14-at-14.12.41.jpeg 1070w\" sizes=\"(max-width: 800px) 100vw, 800px\" \/><\/p>\n","protected":false},"excerpt":{"rendered":"<p>Desde Esment Terra y Servicios, impulsamos una nueva actividad laboral sostenible con un triple impacto. Aunque a\u00fan no se ha definido un nombre espec\u00edfico para esta iniciativa, se trata de un taller de mantenimiento y reparaci\u00f3n de mobiliario. Su objetivo es generar oportunidades de empleo, promover la protecci\u00f3n del medio ambiente y mejorar la rentabilidad [&hellip;]<\/p>\n","protected":false},"author":6,"featured_media":26281,"comment_status":"open","ping_status":"closed","sticky":false,"template":"","format":"standard","meta":{"_acf_changed":false,"footnotes":""},"categories":[1747,1],"tags":[2243,2242,2226],"class_list":["post-26234","post","type-post","status-publish","format-standard","has-post-thumbnail","hentry","category-sostenibilidad","category-sin-categoria","tag-cuidado","tag-reduccion-de-residuos","tag-vida-util"],"acf":[],"yoast_head":"<!-- This site is optimized with the Yoast SEO plugin v26.4 - https:\/\/yoast.com\/wordpress\/plugins\/seo\/ -->\n<title>Restauraci\u00f3n de mobiliario: una nueva actividad laboral sostenible de triple impacto - Blog Comunidad Esment<\/title>\n<meta name=\"robots\" content=\"index, follow, max-snippet:-1, max-image-preview:large, max-video-preview:-1\" \/>\n<link rel=\"canonical\" href=\"https:\/\/esment.org\/blogs\/cuidamos-y-renovamos-nuestros-muebles\/\" \/>\n<meta property=\"og:locale\" content=\"es_ES\" \/>\n<meta property=\"og:type\" content=\"article\" \/>\n<meta property=\"og:title\" content=\"Restauraci\u00f3n de mobiliario: una nueva actividad laboral sostenible de triple impacto - Blog Comunidad Esment\" \/>\n<meta property=\"og:description\" content=\"Desde Esment Terra y Servicios, impulsamos una nueva actividad laboral sostenible con un triple impacto. Aunque a\u00fan no se ha definido un nombre espec\u00edfico para esta iniciativa, se trata de un taller de mantenimiento y reparaci\u00f3n de mobiliario. Su objetivo es generar oportunidades de empleo, promover la protecci\u00f3n del medio ambiente y mejorar la rentabilidad [&hellip;]\" \/>\n<meta property=\"og:url\" content=\"https:\/\/esment.org\/blogs\/cuidamos-y-renovamos-nuestros-muebles\/\" \/>\n<meta property=\"og:site_name\" content=\"Blog Comunidad Esment\" \/>\n<meta property=\"article:published_time\" content=\"2025-04-13T15:48:37+00:00\" \/>\n<meta property=\"article:modified_time\" content=\"2025-04-14T12:13:30+00:00\" \/>\n<meta property=\"og:image\" content=\"https:\/\/esment.org\/blogs\/wp-content\/uploads\/2025\/04\/20250305_102806-1024x768-1-e1744559574645.jpg\" \/>\n\t<meta property=\"og:image:width\" content=\"830\" \/>\n\t<meta property=\"og:image:height\" content=\"430\" \/>\n\t<meta property=\"og:image:type\" content=\"image\/jpeg\" \/>\n<meta name=\"author\" content=\"Maria Razumova\" \/>\n<meta name=\"twitter:card\" content=\"summary_large_image\" \/>\n<meta name=\"twitter:label1\" content=\"Escrito por\" \/>\n\t<meta name=\"twitter:data1\" content=\"Maria Razumova\" \/>\n\t<meta name=\"twitter:label2\" content=\"Tiempo de lectura\" \/>\n\t<meta name=\"twitter:data2\" content=\"3 minutos\" \/>\n<script type=\"application\/ld+json\" class=\"yoast-schema-graph\">{\"@context\":\"https:\/\/schema.org\",\"@graph\":[{\"@type\":\"Article\",\"@id\":\"https:\/\/esment.org\/blogs\/cuidamos-y-renovamos-nuestros-muebles\/#article\",\"isPartOf\":{\"@id\":\"https:\/\/esment.org\/blogs\/cuidamos-y-renovamos-nuestros-muebles\/\"},\"author\":{\"name\":\"Maria Razumova\",\"@id\":\"https:\/\/esment.org\/blogs\/#\/schema\/person\/082d0d3b4eb09ab8e703f261cae15c0f\"},\"headline\":\"Restauraci\u00f3n de mobiliario: una nueva actividad laboral sostenible de triple impacto\",\"datePublished\":\"2025-04-13T15:48:37+00:00\",\"dateModified\":\"2025-04-14T12:13:30+00:00\",\"mainEntityOfPage\":{\"@id\":\"https:\/\/esment.org\/blogs\/cuidamos-y-renovamos-nuestros-muebles\/\"},\"wordCount\":193,\"commentCount\":0,\"publisher\":{\"@id\":\"https:\/\/esment.org\/blogs\/#organization\"},\"image\":{\"@id\":\"https:\/\/esment.org\/blogs\/cuidamos-y-renovamos-nuestros-muebles\/#primaryimage\"},\"thumbnailUrl\":\"https:\/\/esment.org\/blogs\/wp-content\/uploads\/2025\/04\/20250305_102806-1024x768-1-e1744559574645.jpg\",\"keywords\":[\"cuidado\",\"reducci\u00f3n de residuos\",\"vida \u00fatil\"],\"articleSection\":[\"Blogs Esment Categoria Sostenibilidad\"],\"inLanguage\":\"es\",\"potentialAction\":[{\"@type\":\"CommentAction\",\"name\":\"Comment\",\"target\":[\"https:\/\/esment.org\/blogs\/cuidamos-y-renovamos-nuestros-muebles\/#respond\"]}]},{\"@type\":\"WebPage\",\"@id\":\"https:\/\/esment.org\/blogs\/cuidamos-y-renovamos-nuestros-muebles\/\",\"url\":\"https:\/\/esment.org\/blogs\/cuidamos-y-renovamos-nuestros-muebles\/\",\"name\":\"Restauraci\u00f3n de mobiliario: una nueva actividad laboral sostenible de triple impacto - Blog Comunidad Esment\",\"isPartOf\":{\"@id\":\"https:\/\/esment.org\/blogs\/#website\"},\"primaryImageOfPage\":{\"@id\":\"https:\/\/esment.org\/blogs\/cuidamos-y-renovamos-nuestros-muebles\/#primaryimage\"},\"image\":{\"@id\":\"https:\/\/esment.org\/blogs\/cuidamos-y-renovamos-nuestros-muebles\/#primaryimage\"},\"thumbnailUrl\":\"https:\/\/esment.org\/blogs\/wp-content\/uploads\/2025\/04\/20250305_102806-1024x768-1-e1744559574645.jpg\",\"datePublished\":\"2025-04-13T15:48:37+00:00\",\"dateModified\":\"2025-04-14T12:13:30+00:00\",\"breadcrumb\":{\"@id\":\"https:\/\/esment.org\/blogs\/cuidamos-y-renovamos-nuestros-muebles\/#breadcrumb\"},\"inLanguage\":\"es\",\"potentialAction\":[{\"@type\":\"ReadAction\",\"target\":[\"https:\/\/esment.org\/blogs\/cuidamos-y-renovamos-nuestros-muebles\/\"]}]},{\"@type\":\"ImageObject\",\"inLanguage\":\"es\",\"@id\":\"https:\/\/esment.org\/blogs\/cuidamos-y-renovamos-nuestros-muebles\/#primaryimage\",\"url\":\"https:\/\/esment.org\/blogs\/wp-content\/uploads\/2025\/04\/20250305_102806-1024x768-1-e1744559574645.jpg\",\"contentUrl\":\"https:\/\/esment.org\/blogs\/wp-content\/uploads\/2025\/04\/20250305_102806-1024x768-1-e1744559574645.jpg\",\"width\":830,\"height\":430},{\"@type\":\"BreadcrumbList\",\"@id\":\"https:\/\/esment.org\/blogs\/cuidamos-y-renovamos-nuestros-muebles\/#breadcrumb\",\"itemListElement\":[{\"@type\":\"ListItem\",\"position\":1,\"name\":\"Portada\",\"item\":\"https:\/\/esment.org\/blogs\/\"},{\"@type\":\"ListItem\",\"position\":2,\"name\":\"Restauraci\u00f3n de mobiliario: una nueva actividad laboral sostenible de triple impacto\"}]},{\"@type\":\"WebSite\",\"@id\":\"https:\/\/esment.org\/blogs\/#website\",\"url\":\"https:\/\/esment.org\/blogs\/\",\"name\":\"Blog Comunidad Esment\",\"description\":\"Blogs de Esment\",\"publisher\":{\"@id\":\"https:\/\/esment.org\/blogs\/#organization\"},\"potentialAction\":[{\"@type\":\"SearchAction\",\"target\":{\"@type\":\"EntryPoint\",\"urlTemplate\":\"https:\/\/esment.org\/blogs\/?s={search_term_string}\"},\"query-input\":{\"@type\":\"PropertyValueSpecification\",\"valueRequired\":true,\"valueName\":\"search_term_string\"}}],\"inLanguage\":\"es\"},{\"@type\":\"Organization\",\"@id\":\"https:\/\/esment.org\/blogs\/#organization\",\"name\":\"Blog Comunidad Esment\",\"url\":\"https:\/\/esment.org\/blogs\/\",\"logo\":{\"@type\":\"ImageObject\",\"inLanguage\":\"es\",\"@id\":\"https:\/\/esment.org\/blogs\/#\/schema\/logo\/image\/\",\"url\":\"https:\/\/esment.org\/blogs\/wp-content\/uploads\/2020\/10\/logo-header.svg\",\"contentUrl\":\"https:\/\/esment.org\/blogs\/wp-content\/uploads\/2020\/10\/logo-header.svg\",\"caption\":\"Blog Comunidad Esment\"},\"image\":{\"@id\":\"https:\/\/esment.org\/blogs\/#\/schema\/logo\/image\/\"}},{\"@type\":\"Person\",\"@id\":\"https:\/\/esment.org\/blogs\/#\/schema\/person\/082d0d3b4eb09ab8e703f261cae15c0f\",\"name\":\"Maria Razumova\",\"image\":{\"@type\":\"ImageObject\",\"inLanguage\":\"es\",\"@id\":\"https:\/\/esment.org\/blogs\/#\/schema\/person\/image\/\",\"url\":\"https:\/\/secure.gravatar.com\/avatar\/3ab2d6e985b4fbe4298f978a8cf3bd8ea463bd515851074c4c1258089c7ebc84?s=96&d=mm&r=g\",\"contentUrl\":\"https:\/\/secure.gravatar.com\/avatar\/3ab2d6e985b4fbe4298f978a8cf3bd8ea463bd515851074c4c1258089c7ebc84?s=96&d=mm&r=g\",\"caption\":\"Maria Razumova\"},\"url\":\"https:\/\/esment.org\/blogs\/author\/mrazumova\/\"}]}<\/script>\n<!-- \/ Yoast SEO plugin. -->","yoast_head_json":{"title":"Restauraci\u00f3n de mobiliario: una nueva actividad laboral sostenible de triple impacto - Blog Comunidad Esment","robots":{"index":"index","follow":"follow","max-snippet":"max-snippet:-1","max-image-preview":"max-image-preview:large","max-video-preview":"max-video-preview:-1"},"canonical":"https:\/\/esment.org\/blogs\/cuidamos-y-renovamos-nuestros-muebles\/","og_locale":"es_ES","og_type":"article","og_title":"Restauraci\u00f3n de mobiliario: una nueva actividad laboral sostenible de triple impacto - Blog Comunidad Esment","og_description":"Desde Esment Terra y Servicios, impulsamos una nueva actividad laboral sostenible con un triple impacto. Aunque a\u00fan no se ha definido un nombre espec\u00edfico para esta iniciativa, se trata de un taller de mantenimiento y reparaci\u00f3n de mobiliario. Su objetivo es generar oportunidades de empleo, promover la protecci\u00f3n del medio ambiente y mejorar la rentabilidad [&hellip;]","og_url":"https:\/\/esment.org\/blogs\/cuidamos-y-renovamos-nuestros-muebles\/","og_site_name":"Blog Comunidad Esment","article_published_time":"2025-04-13T15:48:37+00:00","article_modified_time":"2025-04-14T12:13:30+00:00","og_image":[{"width":830,"height":430,"url":"https:\/\/esment.org\/blogs\/wp-content\/uploads\/2025\/04\/20250305_102806-1024x768-1-e1744559574645.jpg","type":"image\/jpeg"}],"author":"Maria Razumova","twitter_card":"summary_large_image","twitter_misc":{"Escrito por":"Maria Razumova","Tiempo de lectura":"3 minutos"},"schema":{"@context":"https:\/\/schema.org","@graph":[{"@type":"Article","@id":"https:\/\/esment.org\/blogs\/cuidamos-y-renovamos-nuestros-muebles\/#article","isPartOf":{"@id":"https:\/\/esment.org\/blogs\/cuidamos-y-renovamos-nuestros-muebles\/"},"author":{"name":"Maria Razumova","@id":"https:\/\/esment.org\/blogs\/#\/schema\/person\/082d0d3b4eb09ab8e703f261cae15c0f"},"headline":"Restauraci\u00f3n de mobiliario: una nueva actividad laboral sostenible de triple impacto","datePublished":"2025-04-13T15:48:37+00:00","dateModified":"2025-04-14T12:13:30+00:00","mainEntityOfPage":{"@id":"https:\/\/esment.org\/blogs\/cuidamos-y-renovamos-nuestros-muebles\/"},"wordCount":193,"commentCount":0,"publisher":{"@id":"https:\/\/esment.org\/blogs\/#organization"},"image":{"@id":"https:\/\/esment.org\/blogs\/cuidamos-y-renovamos-nuestros-muebles\/#primaryimage"},"thumbnailUrl":"https:\/\/esment.org\/blogs\/wp-content\/uploads\/2025\/04\/20250305_102806-1024x768-1-e1744559574645.jpg","keywords":["cuidado","reducci\u00f3n de residuos","vida \u00fatil"],"articleSection":["Blogs Esment Categoria Sostenibilidad"],"inLanguage":"es","potentialAction":[{"@type":"CommentAction","name":"Comment","target":["https:\/\/esment.org\/blogs\/cuidamos-y-renovamos-nuestros-muebles\/#respond"]}]},{"@type":"WebPage","@id":"https:\/\/esment.org\/blogs\/cuidamos-y-renovamos-nuestros-muebles\/","url":"https:\/\/esment.org\/blogs\/cuidamos-y-renovamos-nuestros-muebles\/","name":"Restauraci\u00f3n de mobiliario: una nueva actividad laboral sostenible de triple impacto - Blog Comunidad Esment","isPartOf":{"@id":"https:\/\/esment.org\/blogs\/#website"},"primaryImageOfPage":{"@id":"https:\/\/esment.org\/blogs\/cuidamos-y-renovamos-nuestros-muebles\/#primaryimage"},"image":{"@id":"https:\/\/esment.org\/blogs\/cuidamos-y-renovamos-nuestros-muebles\/#primaryimage"},"thumbnailUrl":"https:\/\/esment.org\/blogs\/wp-content\/uploads\/2025\/04\/20250305_102806-1024x768-1-e1744559574645.jpg","datePublished":"2025-04-13T15:48:37+00:00","dateModified":"2025-04-14T12:13:30+00:00","breadcrumb":{"@id":"https:\/\/esment.org\/blogs\/cuidamos-y-renovamos-nuestros-muebles\/#breadcrumb"},"inLanguage":"es","potentialAction":[{"@type":"ReadAction","target":["https:\/\/esment.org\/blogs\/cuidamos-y-renovamos-nuestros-muebles\/"]}]},{"@type":"ImageObject","inLanguage":"es","@id":"https:\/\/esment.org\/blogs\/cuidamos-y-renovamos-nuestros-muebles\/#primaryimage","url":"https:\/\/esment.org\/blogs\/wp-content\/uploads\/2025\/04\/20250305_102806-1024x768-1-e1744559574645.jpg","contentUrl":"https:\/\/esment.org\/blogs\/wp-content\/uploads\/2025\/04\/20250305_102806-1024x768-1-e1744559574645.jpg","width":830,"height":430},{"@type":"BreadcrumbList","@id":"https:\/\/esment.org\/blogs\/cuidamos-y-renovamos-nuestros-muebles\/#breadcrumb","itemListElement":[{"@type":"ListItem","position":1,"name":"Portada","item":"https:\/\/esment.org\/blogs\/"},{"@type":"ListItem","position":2,"name":"Restauraci\u00f3n de mobiliario: una nueva actividad laboral sostenible de triple impacto"}]},{"@type":"WebSite","@id":"https:\/\/esment.org\/blogs\/#website","url":"https:\/\/esment.org\/blogs\/","name":"Blog Comunidad Esment","description":"Blogs de Esment","publisher":{"@id":"https:\/\/esment.org\/blogs\/#organization"},"potentialAction":[{"@type":"SearchAction","target":{"@type":"EntryPoint","urlTemplate":"https:\/\/esment.org\/blogs\/?s={search_term_string}"},"query-input":{"@type":"PropertyValueSpecification","valueRequired":true,"valueName":"search_term_string"}}],"inLanguage":"es"},{"@type":"Organization","@id":"https:\/\/esment.org\/blogs\/#organization","name":"Blog Comunidad Esment","url":"https:\/\/esment.org\/blogs\/","logo":{"@type":"ImageObject","inLanguage":"es","@id":"https:\/\/esment.org\/blogs\/#\/schema\/logo\/image\/","url":"https:\/\/esment.org\/blogs\/wp-content\/uploads\/2020\/10\/logo-header.svg","contentUrl":"https:\/\/esment.org\/blogs\/wp-content\/uploads\/2020\/10\/logo-header.svg","caption":"Blog Comunidad Esment"},"image":{"@id":"https:\/\/esment.org\/blogs\/#\/schema\/logo\/image\/"}},{"@type":"Person","@id":"https:\/\/esment.org\/blogs\/#\/schema\/person\/082d0d3b4eb09ab8e703f261cae15c0f","name":"Maria Razumova","image":{"@type":"ImageObject","inLanguage":"es","@id":"https:\/\/esment.org\/blogs\/#\/schema\/person\/image\/","url":"https:\/\/secure.gravatar.com\/avatar\/3ab2d6e985b4fbe4298f978a8cf3bd8ea463bd515851074c4c1258089c7ebc84?s=96&d=mm&r=g","contentUrl":"https:\/\/secure.gravatar.com\/avatar\/3ab2d6e985b4fbe4298f978a8cf3bd8ea463bd515851074c4c1258089c7ebc84?s=96&d=mm&r=g","caption":"Maria Razumova"},"url":"https:\/\/esment.org\/blogs\/author\/mrazumova\/"}]}},"_links":{"self":[{"href":"https:\/\/esment.org\/blogs\/wp-json\/wp\/v2\/posts\/26234","targetHints":{"allow":["GET"]}}],"collection":[{"href":"https:\/\/esment.org\/blogs\/wp-json\/wp\/v2\/posts"}],"about":[{"href":"https:\/\/esment.org\/blogs\/wp-json\/wp\/v2\/types\/post"}],"author":[{"embeddable":true,"href":"https:\/\/esment.org\/blogs\/wp-json\/wp\/v2\/users\/6"}],"replies":[{"embeddable":true,"href":"https:\/\/esment.org\/blogs\/wp-json\/wp\/v2\/comments?post=26234"}],"version-history":[{"count":14,"href":"https:\/\/esment.org\/blogs\/wp-json\/wp\/v2\/posts\/26234\/revisions"}],"predecessor-version":[{"id":26315,"href":"https:\/\/esment.org\/blogs\/wp-json\/wp\/v2\/posts\/26234\/revisions\/26315"}],"wp:featuredmedia":[{"embeddable":true,"href":"https:\/\/esment.org\/blogs\/wp-json\/wp\/v2\/media\/26281"}],"wp:attachment":[{"href":"https:\/\/esment.org\/blogs\/wp-json\/wp\/v2\/media?parent=26234"}],"wp:term":[{"taxonomy":"category","embeddable":true,"href":"https:\/\/esment.org\/blogs\/wp-json\/wp\/v2\/categories?post=26234"},{"taxonomy":"post_tag","embeddable":true,"href":"https:\/\/esment.org\/blogs\/wp-json\/wp\/v2\/tags?post=26234"}],"curies":[{"name":"wp","href":"https:\/\/api.w.org\/{rel}","templated":true}]}}