{"id":26233,"date":"2025-04-07T16:29:37","date_gmt":"2025-04-07T16:29:37","guid":{"rendered":"https:\/\/esment.org\/blogs\/?p=26233"},"modified":"2025-04-15T17:16:04","modified_gmt":"2025-04-15T17:16:04","slug":"arranca-el-nuevo-programa-de-charlas-para-familias","status":"publish","type":"post","link":"https:\/\/esment.org\/blogs\/arranca-el-nuevo-programa-de-charlas-para-familias\/","title":{"rendered":"Arranca el nuevo programa de charlas para familias"},"content":{"rendered":"<p>Esta semana arranca el nuevo programa anual de charlas y actividades dirigidas a las familias. Lo ha dise\u00f1ado y organizado el equipo de Apoyo a Familias con el objetivo de convertirse en espacios de escucha donde compartir y dar respuesta a las inquietudes y necesidades de los familiares de las personas que atendemos. Cada charla o actividad estar\u00e1 dedicada en un tema diferente. Desde recursos de ocio a modelos de vivienda, pasado por temas jur\u00eddicos, capacitaci\u00f3n digital o envejecimiento laboral.<\/p>\n<p><span style=\"font-size: 16px;\">Estas son, de momento, las charlas programadas:<\/span><\/p>\n<ul>\n<li><span style=\"font-family: arial, helvetica, sans-serif; font-size: 16px;\"><strong>Autocuidado de las personas cuidadoras<\/strong>:<\/span><\/li>\n<li style=\"list-style-type: none;\">\n<ul>\n<li><span style=\"font-family: arial, helvetica, sans-serif; font-size: 16px;\"><strong>Fechas<\/strong>: martes 8 de abril a las 17:00h en ESCOLA.<\/span><\/li>\n<li><span style=\"font-family: arial, helvetica, sans-serif; font-size: 16px;\"><strong>Organiza<\/strong>: Cruz Roja.<\/span><\/li>\n<li><span style=\"font-family: arial, helvetica, sans-serif; font-size: 16px;\"><strong>Descripci\u00f3n<\/strong>: Esta charla est\u00e1 dirigida a las personas cuidadoras, un colectivo cada vez m\u00e1s mayoritario y que merece una atenci\u00f3n especial ya que deben hacer frente a grandes desaf\u00edos emocionales y f\u00edsicos. Se tratar\u00e1n temas como la identificaci\u00f3n de se\u00f1ales de alarma del s\u00edndrome del cuidador, el manejo de emociones dif\u00edciles y la importancia del autocuidado para mejorar el bienestar general.<\/span><\/li>\n<\/ul>\n<\/li>\n<\/ul>\n<p>&nbsp;<\/p>\n<ul>\n<li><span style=\"font-family: arial, helvetica, sans-serif; font-size: 16px;\"><strong>Espacio de reflexi\u00f3n para familias de j\u00f3venes con TEA<\/strong>:<\/span><\/li>\n<li style=\"list-style-type: none;\">\n<ul>\n<li><span style=\"font-family: arial, helvetica, sans-serif; font-size: 16px;\"><strong>Fecha de inicio<\/strong>: Pendiente de programar.<\/span><\/li>\n<li><span style=\"font-family: arial, helvetica, sans-serif; font-size: 16px;\"><strong>Sesiones mensuales<\/strong>: Pendiente de programar.<\/span><\/li>\n<li><span style=\"font-family: arial, helvetica, sans-serif; font-size: 16px;\"><strong>Descripci\u00f3n<\/strong>: Este grupo se reunir\u00e1 mensualmente para que las familias puedan compartir experiencias y buenas pr\u00e1cticas en un ambiente seguro y de aprendizaje rec\u00edproco. Los temas a tratar se derivar\u00e1n de las necesidades y demandas del grupo.<\/span><\/li>\n<\/ul>\n<\/li>\n<\/ul>\n<p>&nbsp;<\/p>\n<p><span style=\"font-family: arial, helvetica, sans-serif; font-size: 16px;\"><strong>Otras actividades programadas<\/strong>:<\/span><\/p>\n<ul>\n<li><span style=\"font-family: arial, helvetica, sans-serif; font-size: 16px;\"><strong>Recurso de ocio y Fent Amics (Infancia)<\/strong>:<\/span>\n<ul>\n<li><span style=\"font-family: arial, helvetica, sans-serif; font-size: 16px;\"><strong>Fecha<\/strong>: Pendiente de programar.<\/span><\/li>\n<li><span style=\"font-family: arial, helvetica, sans-serif; font-size: 16px;\"><strong>Descripci\u00f3n<\/strong>: Se explicar\u00e1n las actividades de ocio, quedadas con amistades y el recurso de Fent Amics para familias de infancia.<\/span><\/li>\n<\/ul>\n<\/li>\n<li><span style=\"font-family: arial, helvetica, sans-serif; font-size: 16px;\"><strong>Capacitaci\u00f3n digital \u2013 Familias digitales<\/strong>:<\/span>\n<ul>\n<li><span style=\"font-family: arial, helvetica, sans-serif; font-size: 16px;\"><strong>Fecha<\/strong>: Martes 10 de junio a las 17:00h en ESCOLA.<\/span><\/li>\n<li><span style=\"font-family: arial, helvetica, sans-serif; font-size: 16px;\"><strong>Descripci\u00f3n<\/strong>: Clase pr\u00e1ctica sobre el uso del sistema cl@ve, certificado digital y aplicaciones \u00fatiles.<\/span><\/li>\n<\/ul>\n<\/li>\n<li><span style=\"font-family: arial, helvetica, sans-serif; font-size: 16px;\"><strong>Apoyo social<\/strong>:<\/span>\n<ul>\n<li><span style=\"font-family: arial, helvetica, sans-serif; font-size: 16px;\"><strong>Fechas<\/strong>: Lunes 16 de junio a las 17:00h en ESCOLA (para familias de infancia) y lunes 30 de junio a las 17:00h en ESCOLA (para todas las familias).<\/span><\/li>\n<li><span style=\"font-family: arial, helvetica, sans-serif; font-size: 16px;\"><strong>Descripci\u00f3n<\/strong>: Explicaci\u00f3n de prestaciones econ\u00f3micas y c\u00f3mo tramitar certificados de discapacidad y dependencia.<\/span><\/li>\n<\/ul>\n<\/li>\n<li><span style=\"font-family: arial, helvetica, sans-serif; font-size: 16px;\"><strong>Modelos de vivienda de Esment<\/strong>:<\/span>\n<ul>\n<li><span style=\"font-family: arial, helvetica, sans-serif; font-size: 16px;\"><strong>Fecha<\/strong>: Jueves 22 de mayo a las 10:30h en CASA ESMENT y a las 17:00h en ESCOLA.<\/span><\/li>\n<li><span style=\"font-family: arial, helvetica, sans-serif; font-size: 16px;\"><strong>Descripci\u00f3n<\/strong>: Informaci\u00f3n sobre los modelos de vivienda, acceso y aclaraci\u00f3n de dudas.<\/span><\/li>\n<\/ul>\n<\/li>\n<li><span style=\"font-family: arial, helvetica, sans-serif; font-size: 16px;\"><strong>Charlas jur\u00eddicas<\/strong>:<\/span>\n<ul>\n<li><span style=\"font-family: arial, helvetica, sans-serif; font-size: 16px;\"><strong>Fecha<\/strong>: Lunes 15 de septiembre a las 17:00h en ESCOLA.<\/span><\/li>\n<li><span style=\"font-family: arial, helvetica, sans-serif; font-size: 16px;\"><strong>Descripci\u00f3n<\/strong>: Asesoramiento sobre provisi\u00f3n de apoyos y testamentos tras cambios legislativos.<\/span><\/li>\n<\/ul>\n<\/li>\n<li><span style=\"font-family: arial, helvetica, sans-serif; font-size: 16px;\"><strong>Envejecimiento laboral<\/strong>:<\/span>\n<ul>\n<li><span style=\"font-family: arial, helvetica, sans-serif; font-size: 16px;\"><strong>Fecha<\/strong>: Lunes 17 de noviembre a las 17:00h en ESCOLA.<\/span><\/li>\n<li><span style=\"font-family: arial, helvetica, sans-serif; font-size: 16px;\"><strong>Descripci\u00f3n<\/strong>: Proyecto liderado por Neus Fuster y Nuria Jim\u00e9nez para abordar factores de envejecimiento laboral y jubilaci\u00f3n.<\/span><\/li>\n<\/ul>\n<\/li>\n<\/ul>\n<p>&nbsp;<\/p>\n<p><span style=\"font-size: 16px;\">Para asistir a cualquiera de estas charlas o actividades es imprescindible formalizar la inscripci\u00f3n a trav\u00e9s del mail familias@esment .org<\/span><\/p>\n<p><span style=\"font-size: 16px;\">Es un servicio dirigido, preferentemente, a las familias de Esment. En caso de quedar plazas disponibles se avisar\u00e1 a aquellas personas que hayan solicitado asistir, respetando el orden de inscripci\u00f3n.<\/span><\/p>\n","protected":false},"excerpt":{"rendered":"<p>Esta semana arranca el nuevo programa anual de charlas y actividades dirigidas a las familias. Lo ha dise\u00f1ado y organizado el equipo de Apoyo a Familias con el objetivo de convertirse en espacios de escucha donde compartir y dar respuesta a las inquietudes y necesidades de los familiares de las personas que atendemos. Cada charla [&hellip;]<\/p>\n","protected":false},"author":5,"featured_media":26255,"comment_status":"open","ping_status":"closed","sticky":false,"template":"","format":"standard","meta":{"_acf_changed":false,"footnotes":""},"categories":[1],"tags":[],"class_list":["post-26233","post","type-post","status-publish","format-standard","has-post-thumbnail","hentry","category-sin-categoria"],"acf":[],"yoast_head":"<!-- This site is optimized with the Yoast SEO plugin v26.4 - https:\/\/yoast.com\/wordpress\/plugins\/seo\/ -->\n<title>Arranca el nuevo programa de charlas para familias - Blog Comunidad Esment<\/title>\n<meta name=\"robots\" content=\"index, follow, max-snippet:-1, max-image-preview:large, max-video-preview:-1\" \/>\n<link rel=\"canonical\" href=\"https:\/\/esment.org\/blogs\/arranca-el-nuevo-programa-de-charlas-para-familias\/\" \/>\n<meta property=\"og:locale\" content=\"es_ES\" \/>\n<meta property=\"og:type\" content=\"article\" \/>\n<meta property=\"og:title\" content=\"Arranca el nuevo programa de charlas para familias - Blog Comunidad Esment\" \/>\n<meta property=\"og:description\" content=\"Esta semana arranca el nuevo programa anual de charlas y actividades dirigidas a las familias. Lo ha dise\u00f1ado y organizado el equipo de Apoyo a Familias con el objetivo de convertirse en espacios de escucha donde compartir y dar respuesta a las inquietudes y necesidades de los familiares de las personas que atendemos. Cada charla [&hellip;]\" \/>\n<meta property=\"og:url\" content=\"https:\/\/esment.org\/blogs\/arranca-el-nuevo-programa-de-charlas-para-familias\/\" \/>\n<meta property=\"og:site_name\" content=\"Blog Comunidad Esment\" \/>\n<meta property=\"article:published_time\" content=\"2025-04-07T16:29:37+00:00\" \/>\n<meta property=\"article:modified_time\" content=\"2025-04-15T17:16:04+00:00\" \/>\n<meta property=\"og:image\" content=\"https:\/\/esment.org\/blogs\/wp-content\/uploads\/2025\/04\/29052015-IMG_2987-1-scaled-e1744043360921.jpg\" \/>\n\t<meta property=\"og:image:width\" content=\"2560\" \/>\n\t<meta property=\"og:image:height\" content=\"1412\" \/>\n\t<meta property=\"og:image:type\" content=\"image\/jpeg\" \/>\n<meta name=\"author\" content=\"Yolanda Tarramera\" \/>\n<meta name=\"twitter:card\" content=\"summary_large_image\" \/>\n<meta name=\"twitter:label1\" content=\"Escrito por\" \/>\n\t<meta name=\"twitter:data1\" content=\"Yolanda Tarramera\" \/>\n\t<meta name=\"twitter:label2\" content=\"Tiempo de lectura\" \/>\n\t<meta name=\"twitter:data2\" content=\"3 minutos\" \/>\n<script type=\"application\/ld+json\" class=\"yoast-schema-graph\">{\"@context\":\"https:\/\/schema.org\",\"@graph\":[{\"@type\":\"Article\",\"@id\":\"https:\/\/esment.org\/blogs\/arranca-el-nuevo-programa-de-charlas-para-familias\/#article\",\"isPartOf\":{\"@id\":\"https:\/\/esment.org\/blogs\/arranca-el-nuevo-programa-de-charlas-para-familias\/\"},\"author\":{\"name\":\"Yolanda Tarramera\",\"@id\":\"https:\/\/esment.org\/blogs\/#\/schema\/person\/d2af4a49059695d7ca3491e0498d6b36\"},\"headline\":\"Arranca el nuevo programa de charlas para familias\",\"datePublished\":\"2025-04-07T16:29:37+00:00\",\"dateModified\":\"2025-04-15T17:16:04+00:00\",\"mainEntityOfPage\":{\"@id\":\"https:\/\/esment.org\/blogs\/arranca-el-nuevo-programa-de-charlas-para-familias\/\"},\"wordCount\":510,\"commentCount\":0,\"publisher\":{\"@id\":\"https:\/\/esment.org\/blogs\/#organization\"},\"image\":{\"@id\":\"https:\/\/esment.org\/blogs\/arranca-el-nuevo-programa-de-charlas-para-familias\/#primaryimage\"},\"thumbnailUrl\":\"https:\/\/esment.org\/blogs\/wp-content\/uploads\/2025\/04\/29052015-IMG_2987-1-scaled-e1744043360921.jpg\",\"inLanguage\":\"es\",\"potentialAction\":[{\"@type\":\"CommentAction\",\"name\":\"Comment\",\"target\":[\"https:\/\/esment.org\/blogs\/arranca-el-nuevo-programa-de-charlas-para-familias\/#respond\"]}]},{\"@type\":\"WebPage\",\"@id\":\"https:\/\/esment.org\/blogs\/arranca-el-nuevo-programa-de-charlas-para-familias\/\",\"url\":\"https:\/\/esment.org\/blogs\/arranca-el-nuevo-programa-de-charlas-para-familias\/\",\"name\":\"Arranca el nuevo programa de charlas para familias - Blog Comunidad Esment\",\"isPartOf\":{\"@id\":\"https:\/\/esment.org\/blogs\/#website\"},\"primaryImageOfPage\":{\"@id\":\"https:\/\/esment.org\/blogs\/arranca-el-nuevo-programa-de-charlas-para-familias\/#primaryimage\"},\"image\":{\"@id\":\"https:\/\/esment.org\/blogs\/arranca-el-nuevo-programa-de-charlas-para-familias\/#primaryimage\"},\"thumbnailUrl\":\"https:\/\/esment.org\/blogs\/wp-content\/uploads\/2025\/04\/29052015-IMG_2987-1-scaled-e1744043360921.jpg\",\"datePublished\":\"2025-04-07T16:29:37+00:00\",\"dateModified\":\"2025-04-15T17:16:04+00:00\",\"breadcrumb\":{\"@id\":\"https:\/\/esment.org\/blogs\/arranca-el-nuevo-programa-de-charlas-para-familias\/#breadcrumb\"},\"inLanguage\":\"es\",\"potentialAction\":[{\"@type\":\"ReadAction\",\"target\":[\"https:\/\/esment.org\/blogs\/arranca-el-nuevo-programa-de-charlas-para-familias\/\"]}]},{\"@type\":\"ImageObject\",\"inLanguage\":\"es\",\"@id\":\"https:\/\/esment.org\/blogs\/arranca-el-nuevo-programa-de-charlas-para-familias\/#primaryimage\",\"url\":\"https:\/\/esment.org\/blogs\/wp-content\/uploads\/2025\/04\/29052015-IMG_2987-1-scaled-e1744043360921.jpg\",\"contentUrl\":\"https:\/\/esment.org\/blogs\/wp-content\/uploads\/2025\/04\/29052015-IMG_2987-1-scaled-e1744043360921.jpg\",\"width\":2560,\"height\":1412},{\"@type\":\"BreadcrumbList\",\"@id\":\"https:\/\/esment.org\/blogs\/arranca-el-nuevo-programa-de-charlas-para-familias\/#breadcrumb\",\"itemListElement\":[{\"@type\":\"ListItem\",\"position\":1,\"name\":\"Portada\",\"item\":\"https:\/\/esment.org\/blogs\/\"},{\"@type\":\"ListItem\",\"position\":2,\"name\":\"Arranca el nuevo programa de charlas para familias\"}]},{\"@type\":\"WebSite\",\"@id\":\"https:\/\/esment.org\/blogs\/#website\",\"url\":\"https:\/\/esment.org\/blogs\/\",\"name\":\"Blog Comunidad Esment\",\"description\":\"Blogs de Esment\",\"publisher\":{\"@id\":\"https:\/\/esment.org\/blogs\/#organization\"},\"potentialAction\":[{\"@type\":\"SearchAction\",\"target\":{\"@type\":\"EntryPoint\",\"urlTemplate\":\"https:\/\/esment.org\/blogs\/?s={search_term_string}\"},\"query-input\":{\"@type\":\"PropertyValueSpecification\",\"valueRequired\":true,\"valueName\":\"search_term_string\"}}],\"inLanguage\":\"es\"},{\"@type\":\"Organization\",\"@id\":\"https:\/\/esment.org\/blogs\/#organization\",\"name\":\"Blog Comunidad Esment\",\"url\":\"https:\/\/esment.org\/blogs\/\",\"logo\":{\"@type\":\"ImageObject\",\"inLanguage\":\"es\",\"@id\":\"https:\/\/esment.org\/blogs\/#\/schema\/logo\/image\/\",\"url\":\"https:\/\/esment.org\/blogs\/wp-content\/uploads\/2020\/10\/logo-header.svg\",\"contentUrl\":\"https:\/\/esment.org\/blogs\/wp-content\/uploads\/2020\/10\/logo-header.svg\",\"caption\":\"Blog Comunidad Esment\"},\"image\":{\"@id\":\"https:\/\/esment.org\/blogs\/#\/schema\/logo\/image\/\"}},{\"@type\":\"Person\",\"@id\":\"https:\/\/esment.org\/blogs\/#\/schema\/person\/d2af4a49059695d7ca3491e0498d6b36\",\"name\":\"Yolanda Tarramera\",\"image\":{\"@type\":\"ImageObject\",\"inLanguage\":\"es\",\"@id\":\"https:\/\/esment.org\/blogs\/#\/schema\/person\/image\/\",\"url\":\"https:\/\/secure.gravatar.com\/avatar\/c93060ec77db68f5fefd782408bed5a5005bb0b119c5ece6cdbf5ad8631c6e5b?s=96&d=mm&r=g\",\"contentUrl\":\"https:\/\/secure.gravatar.com\/avatar\/c93060ec77db68f5fefd782408bed5a5005bb0b119c5ece6cdbf5ad8631c6e5b?s=96&d=mm&r=g\",\"caption\":\"Yolanda Tarramera\"},\"url\":\"https:\/\/esment.org\/blogs\/author\/yolanda-tarramera\/\"}]}<\/script>\n<!-- \/ Yoast SEO plugin. -->","yoast_head_json":{"title":"Arranca el nuevo programa de charlas para familias - Blog Comunidad Esment","robots":{"index":"index","follow":"follow","max-snippet":"max-snippet:-1","max-image-preview":"max-image-preview:large","max-video-preview":"max-video-preview:-1"},"canonical":"https:\/\/esment.org\/blogs\/arranca-el-nuevo-programa-de-charlas-para-familias\/","og_locale":"es_ES","og_type":"article","og_title":"Arranca el nuevo programa de charlas para familias - Blog Comunidad Esment","og_description":"Esta semana arranca el nuevo programa anual de charlas y actividades dirigidas a las familias. Lo ha dise\u00f1ado y organizado el equipo de Apoyo a Familias con el objetivo de convertirse en espacios de escucha donde compartir y dar respuesta a las inquietudes y necesidades de los familiares de las personas que atendemos. Cada charla [&hellip;]","og_url":"https:\/\/esment.org\/blogs\/arranca-el-nuevo-programa-de-charlas-para-familias\/","og_site_name":"Blog Comunidad Esment","article_published_time":"2025-04-07T16:29:37+00:00","article_modified_time":"2025-04-15T17:16:04+00:00","og_image":[{"width":2560,"height":1412,"url":"https:\/\/esment.org\/blogs\/wp-content\/uploads\/2025\/04\/29052015-IMG_2987-1-scaled-e1744043360921.jpg","type":"image\/jpeg"}],"author":"Yolanda Tarramera","twitter_card":"summary_large_image","twitter_misc":{"Escrito por":"Yolanda Tarramera","Tiempo de lectura":"3 minutos"},"schema":{"@context":"https:\/\/schema.org","@graph":[{"@type":"Article","@id":"https:\/\/esment.org\/blogs\/arranca-el-nuevo-programa-de-charlas-para-familias\/#article","isPartOf":{"@id":"https:\/\/esment.org\/blogs\/arranca-el-nuevo-programa-de-charlas-para-familias\/"},"author":{"name":"Yolanda Tarramera","@id":"https:\/\/esment.org\/blogs\/#\/schema\/person\/d2af4a49059695d7ca3491e0498d6b36"},"headline":"Arranca el nuevo programa de charlas para familias","datePublished":"2025-04-07T16:29:37+00:00","dateModified":"2025-04-15T17:16:04+00:00","mainEntityOfPage":{"@id":"https:\/\/esment.org\/blogs\/arranca-el-nuevo-programa-de-charlas-para-familias\/"},"wordCount":510,"commentCount":0,"publisher":{"@id":"https:\/\/esment.org\/blogs\/#organization"},"image":{"@id":"https:\/\/esment.org\/blogs\/arranca-el-nuevo-programa-de-charlas-para-familias\/#primaryimage"},"thumbnailUrl":"https:\/\/esment.org\/blogs\/wp-content\/uploads\/2025\/04\/29052015-IMG_2987-1-scaled-e1744043360921.jpg","inLanguage":"es","potentialAction":[{"@type":"CommentAction","name":"Comment","target":["https:\/\/esment.org\/blogs\/arranca-el-nuevo-programa-de-charlas-para-familias\/#respond"]}]},{"@type":"WebPage","@id":"https:\/\/esment.org\/blogs\/arranca-el-nuevo-programa-de-charlas-para-familias\/","url":"https:\/\/esment.org\/blogs\/arranca-el-nuevo-programa-de-charlas-para-familias\/","name":"Arranca el nuevo programa de charlas para familias - Blog Comunidad Esment","isPartOf":{"@id":"https:\/\/esment.org\/blogs\/#website"},"primaryImageOfPage":{"@id":"https:\/\/esment.org\/blogs\/arranca-el-nuevo-programa-de-charlas-para-familias\/#primaryimage"},"image":{"@id":"https:\/\/esment.org\/blogs\/arranca-el-nuevo-programa-de-charlas-para-familias\/#primaryimage"},"thumbnailUrl":"https:\/\/esment.org\/blogs\/wp-content\/uploads\/2025\/04\/29052015-IMG_2987-1-scaled-e1744043360921.jpg","datePublished":"2025-04-07T16:29:37+00:00","dateModified":"2025-04-15T17:16:04+00:00","breadcrumb":{"@id":"https:\/\/esment.org\/blogs\/arranca-el-nuevo-programa-de-charlas-para-familias\/#breadcrumb"},"inLanguage":"es","potentialAction":[{"@type":"ReadAction","target":["https:\/\/esment.org\/blogs\/arranca-el-nuevo-programa-de-charlas-para-familias\/"]}]},{"@type":"ImageObject","inLanguage":"es","@id":"https:\/\/esment.org\/blogs\/arranca-el-nuevo-programa-de-charlas-para-familias\/#primaryimage","url":"https:\/\/esment.org\/blogs\/wp-content\/uploads\/2025\/04\/29052015-IMG_2987-1-scaled-e1744043360921.jpg","contentUrl":"https:\/\/esment.org\/blogs\/wp-content\/uploads\/2025\/04\/29052015-IMG_2987-1-scaled-e1744043360921.jpg","width":2560,"height":1412},{"@type":"BreadcrumbList","@id":"https:\/\/esment.org\/blogs\/arranca-el-nuevo-programa-de-charlas-para-familias\/#breadcrumb","itemListElement":[{"@type":"ListItem","position":1,"name":"Portada","item":"https:\/\/esment.org\/blogs\/"},{"@type":"ListItem","position":2,"name":"Arranca el nuevo programa de charlas para familias"}]},{"@type":"WebSite","@id":"https:\/\/esment.org\/blogs\/#website","url":"https:\/\/esment.org\/blogs\/","name":"Blog Comunidad Esment","description":"Blogs de Esment","publisher":{"@id":"https:\/\/esment.org\/blogs\/#organization"},"potentialAction":[{"@type":"SearchAction","target":{"@type":"EntryPoint","urlTemplate":"https:\/\/esment.org\/blogs\/?s={search_term_string}"},"query-input":{"@type":"PropertyValueSpecification","valueRequired":true,"valueName":"search_term_string"}}],"inLanguage":"es"},{"@type":"Organization","@id":"https:\/\/esment.org\/blogs\/#organization","name":"Blog Comunidad Esment","url":"https:\/\/esment.org\/blogs\/","logo":{"@type":"ImageObject","inLanguage":"es","@id":"https:\/\/esment.org\/blogs\/#\/schema\/logo\/image\/","url":"https:\/\/esment.org\/blogs\/wp-content\/uploads\/2020\/10\/logo-header.svg","contentUrl":"https:\/\/esment.org\/blogs\/wp-content\/uploads\/2020\/10\/logo-header.svg","caption":"Blog Comunidad Esment"},"image":{"@id":"https:\/\/esment.org\/blogs\/#\/schema\/logo\/image\/"}},{"@type":"Person","@id":"https:\/\/esment.org\/blogs\/#\/schema\/person\/d2af4a49059695d7ca3491e0498d6b36","name":"Yolanda Tarramera","image":{"@type":"ImageObject","inLanguage":"es","@id":"https:\/\/esment.org\/blogs\/#\/schema\/person\/image\/","url":"https:\/\/secure.gravatar.com\/avatar\/c93060ec77db68f5fefd782408bed5a5005bb0b119c5ece6cdbf5ad8631c6e5b?s=96&d=mm&r=g","contentUrl":"https:\/\/secure.gravatar.com\/avatar\/c93060ec77db68f5fefd782408bed5a5005bb0b119c5ece6cdbf5ad8631c6e5b?s=96&d=mm&r=g","caption":"Yolanda Tarramera"},"url":"https:\/\/esment.org\/blogs\/author\/yolanda-tarramera\/"}]}},"_links":{"self":[{"href":"https:\/\/esment.org\/blogs\/wp-json\/wp\/v2\/posts\/26233","targetHints":{"allow":["GET"]}}],"collection":[{"href":"https:\/\/esment.org\/blogs\/wp-json\/wp\/v2\/posts"}],"about":[{"href":"https:\/\/esment.org\/blogs\/wp-json\/wp\/v2\/types\/post"}],"author":[{"embeddable":true,"href":"https:\/\/esment.org\/blogs\/wp-json\/wp\/v2\/users\/5"}],"replies":[{"embeddable":true,"href":"https:\/\/esment.org\/blogs\/wp-json\/wp\/v2\/comments?post=26233"}],"version-history":[{"count":12,"href":"https:\/\/esment.org\/blogs\/wp-json\/wp\/v2\/posts\/26233\/revisions"}],"predecessor-version":[{"id":26319,"href":"https:\/\/esment.org\/blogs\/wp-json\/wp\/v2\/posts\/26233\/revisions\/26319"}],"wp:featuredmedia":[{"embeddable":true,"href":"https:\/\/esment.org\/blogs\/wp-json\/wp\/v2\/media\/26255"}],"wp:attachment":[{"href":"https:\/\/esment.org\/blogs\/wp-json\/wp\/v2\/media?parent=26233"}],"wp:term":[{"taxonomy":"category","embeddable":true,"href":"https:\/\/esment.org\/blogs\/wp-json\/wp\/v2\/categories?post=26233"},{"taxonomy":"post_tag","embeddable":true,"href":"https:\/\/esment.org\/blogs\/wp-json\/wp\/v2\/tags?post=26233"}],"curies":[{"name":"wp","href":"https:\/\/api.w.org\/{rel}","templated":true}]}}