{"id":26153,"date":"2025-03-31T09:17:52","date_gmt":"2025-03-31T09:17:52","guid":{"rendered":"https:\/\/esment.org\/blogs\/?p=26153"},"modified":"2025-04-07T10:56:48","modified_gmt":"2025-04-07T10:56:48","slug":"renovamos-un-ano-mas-el-servicio-de-limpieza-de-playas","status":"publish","type":"post","link":"https:\/\/esment.org\/blogs\/renovamos-un-ano-mas-el-servicio-de-limpieza-de-playas\/","title":{"rendered":"Renovamos un a\u00f1o m\u00e1s el servicio de limpieza de playas"},"content":{"rendered":"<p>Tras realizar durante un a\u00f1o el servicio de limpieza de playas de 13 municipios de la isla, el equipo de Jardiner\u00eda renueva, un a\u00f1o m\u00e1s, el contrato que adjudica la Conselleria de Agricultura, Pesca y Medio Natural del Govern.<\/p>\n<p>Esta adjudicaci\u00f3n se concreta en trabajos de recogida de residuos y tareas de mantenimiento en playas, calas y espacios de relevancia ambiental de diversos municipios de la isla., y contribuye a seguir generando oportunidades de empleo para las personas.<\/p>\n","protected":false},"excerpt":{"rendered":"<p>Tras realizar durante un a\u00f1o el servicio de limpieza de playas de 13 municipios de la isla, el equipo de Jardiner\u00eda renueva, un a\u00f1o m\u00e1s, el contrato que adjudica la Conselleria de Agricultura, Pesca y Medio Natural del Govern. Esta adjudicaci\u00f3n se concreta en trabajos de recogida de residuos y tareas de mantenimiento en playas, [&hellip;]<\/p>\n","protected":false},"author":5,"featured_media":24720,"comment_status":"open","ping_status":"closed","sticky":false,"template":"","format":"standard","meta":{"_acf_changed":false,"footnotes":""},"categories":[1747,1],"tags":[2241,2237,973,175,905,948],"class_list":["post-26153","post","type-post","status-publish","format-standard","has-post-thumbnail","hentry","category-sostenibilidad","category-sin-categoria","tag-costas","tag-esment-terra","tag-govern","tag-jardineria","tag-limpieza","tag-playas"],"acf":[],"yoast_head":"<!-- This site is optimized with the Yoast SEO plugin v26.4 - https:\/\/yoast.com\/wordpress\/plugins\/seo\/ -->\n<title>Renovamos un a\u00f1o m\u00e1s el servicio de limpieza de playas - Blog Comunidad Esment<\/title>\n<meta name=\"robots\" content=\"index, follow, max-snippet:-1, max-image-preview:large, max-video-preview:-1\" \/>\n<link rel=\"canonical\" href=\"https:\/\/esment.org\/blogs\/renovamos-un-ano-mas-el-servicio-de-limpieza-de-playas\/\" \/>\n<meta property=\"og:locale\" content=\"es_ES\" \/>\n<meta property=\"og:type\" content=\"article\" \/>\n<meta property=\"og:title\" content=\"Renovamos un a\u00f1o m\u00e1s el servicio de limpieza de playas - Blog Comunidad Esment\" \/>\n<meta property=\"og:description\" content=\"Tras realizar durante un a\u00f1o el servicio de limpieza de playas de 13 municipios de la isla, el equipo de Jardiner\u00eda renueva, un a\u00f1o m\u00e1s, el contrato que adjudica la Conselleria de Agricultura, Pesca y Medio Natural del Govern. Esta adjudicaci\u00f3n se concreta en trabajos de recogida de residuos y tareas de mantenimiento en playas, [&hellip;]\" \/>\n<meta property=\"og:url\" content=\"https:\/\/esment.org\/blogs\/renovamos-un-ano-mas-el-servicio-de-limpieza-de-playas\/\" \/>\n<meta property=\"og:site_name\" content=\"Blog Comunidad Esment\" \/>\n<meta property=\"article:published_time\" content=\"2025-03-31T09:17:52+00:00\" \/>\n<meta property=\"article:modified_time\" content=\"2025-04-07T10:56:48+00:00\" \/>\n<meta property=\"og:image\" content=\"https:\/\/esment.org\/blogs\/wp-content\/uploads\/2024\/10\/IMG-20241004-WA0027-1.jpg\" \/>\n\t<meta property=\"og:image:width\" content=\"2040\" \/>\n\t<meta property=\"og:image:height\" content=\"1530\" \/>\n\t<meta property=\"og:image:type\" content=\"image\/jpeg\" \/>\n<meta name=\"author\" content=\"Yolanda Tarramera\" \/>\n<meta name=\"twitter:card\" content=\"summary_large_image\" \/>\n<meta name=\"twitter:label1\" content=\"Escrito por\" \/>\n\t<meta name=\"twitter:data1\" content=\"Yolanda Tarramera\" \/>\n\t<meta name=\"twitter:label2\" content=\"Tiempo de lectura\" \/>\n\t<meta name=\"twitter:data2\" content=\"1 minuto\" \/>\n<script type=\"application\/ld+json\" class=\"yoast-schema-graph\">{\"@context\":\"https:\/\/schema.org\",\"@graph\":[{\"@type\":\"Article\",\"@id\":\"https:\/\/esment.org\/blogs\/renovamos-un-ano-mas-el-servicio-de-limpieza-de-playas\/#article\",\"isPartOf\":{\"@id\":\"https:\/\/esment.org\/blogs\/renovamos-un-ano-mas-el-servicio-de-limpieza-de-playas\/\"},\"author\":{\"name\":\"Yolanda Tarramera\",\"@id\":\"https:\/\/esment.org\/blogs\/#\/schema\/person\/d2af4a49059695d7ca3491e0498d6b36\"},\"headline\":\"Renovamos un a\u00f1o m\u00e1s el servicio de limpieza de playas\",\"datePublished\":\"2025-03-31T09:17:52+00:00\",\"dateModified\":\"2025-04-07T10:56:48+00:00\",\"mainEntityOfPage\":{\"@id\":\"https:\/\/esment.org\/blogs\/renovamos-un-ano-mas-el-servicio-de-limpieza-de-playas\/\"},\"wordCount\":94,\"commentCount\":0,\"publisher\":{\"@id\":\"https:\/\/esment.org\/blogs\/#organization\"},\"image\":{\"@id\":\"https:\/\/esment.org\/blogs\/renovamos-un-ano-mas-el-servicio-de-limpieza-de-playas\/#primaryimage\"},\"thumbnailUrl\":\"https:\/\/esment.org\/blogs\/wp-content\/uploads\/2024\/10\/IMG-20241004-WA0027-1.jpg\",\"keywords\":[\"costas\",\"Esment Terra\",\"govern\",\"jardiner\u00eda\",\"limpieza\",\"playas\"],\"articleSection\":[\"Blogs Esment Categoria Sostenibilidad\"],\"inLanguage\":\"es\",\"potentialAction\":[{\"@type\":\"CommentAction\",\"name\":\"Comment\",\"target\":[\"https:\/\/esment.org\/blogs\/renovamos-un-ano-mas-el-servicio-de-limpieza-de-playas\/#respond\"]}]},{\"@type\":\"WebPage\",\"@id\":\"https:\/\/esment.org\/blogs\/renovamos-un-ano-mas-el-servicio-de-limpieza-de-playas\/\",\"url\":\"https:\/\/esment.org\/blogs\/renovamos-un-ano-mas-el-servicio-de-limpieza-de-playas\/\",\"name\":\"Renovamos un a\u00f1o m\u00e1s el servicio de limpieza de playas - Blog Comunidad Esment\",\"isPartOf\":{\"@id\":\"https:\/\/esment.org\/blogs\/#website\"},\"primaryImageOfPage\":{\"@id\":\"https:\/\/esment.org\/blogs\/renovamos-un-ano-mas-el-servicio-de-limpieza-de-playas\/#primaryimage\"},\"image\":{\"@id\":\"https:\/\/esment.org\/blogs\/renovamos-un-ano-mas-el-servicio-de-limpieza-de-playas\/#primaryimage\"},\"thumbnailUrl\":\"https:\/\/esment.org\/blogs\/wp-content\/uploads\/2024\/10\/IMG-20241004-WA0027-1.jpg\",\"datePublished\":\"2025-03-31T09:17:52+00:00\",\"dateModified\":\"2025-04-07T10:56:48+00:00\",\"breadcrumb\":{\"@id\":\"https:\/\/esment.org\/blogs\/renovamos-un-ano-mas-el-servicio-de-limpieza-de-playas\/#breadcrumb\"},\"inLanguage\":\"es\",\"potentialAction\":[{\"@type\":\"ReadAction\",\"target\":[\"https:\/\/esment.org\/blogs\/renovamos-un-ano-mas-el-servicio-de-limpieza-de-playas\/\"]}]},{\"@type\":\"ImageObject\",\"inLanguage\":\"es\",\"@id\":\"https:\/\/esment.org\/blogs\/renovamos-un-ano-mas-el-servicio-de-limpieza-de-playas\/#primaryimage\",\"url\":\"https:\/\/esment.org\/blogs\/wp-content\/uploads\/2024\/10\/IMG-20241004-WA0027-1.jpg\",\"contentUrl\":\"https:\/\/esment.org\/blogs\/wp-content\/uploads\/2024\/10\/IMG-20241004-WA0027-1.jpg\",\"width\":2040,\"height\":1530},{\"@type\":\"BreadcrumbList\",\"@id\":\"https:\/\/esment.org\/blogs\/renovamos-un-ano-mas-el-servicio-de-limpieza-de-playas\/#breadcrumb\",\"itemListElement\":[{\"@type\":\"ListItem\",\"position\":1,\"name\":\"Portada\",\"item\":\"https:\/\/esment.org\/blogs\/\"},{\"@type\":\"ListItem\",\"position\":2,\"name\":\"Renovamos un a\u00f1o m\u00e1s el servicio de limpieza de playas\"}]},{\"@type\":\"WebSite\",\"@id\":\"https:\/\/esment.org\/blogs\/#website\",\"url\":\"https:\/\/esment.org\/blogs\/\",\"name\":\"Blog Comunidad Esment\",\"description\":\"Blogs de Esment\",\"publisher\":{\"@id\":\"https:\/\/esment.org\/blogs\/#organization\"},\"potentialAction\":[{\"@type\":\"SearchAction\",\"target\":{\"@type\":\"EntryPoint\",\"urlTemplate\":\"https:\/\/esment.org\/blogs\/?s={search_term_string}\"},\"query-input\":{\"@type\":\"PropertyValueSpecification\",\"valueRequired\":true,\"valueName\":\"search_term_string\"}}],\"inLanguage\":\"es\"},{\"@type\":\"Organization\",\"@id\":\"https:\/\/esment.org\/blogs\/#organization\",\"name\":\"Blog Comunidad Esment\",\"url\":\"https:\/\/esment.org\/blogs\/\",\"logo\":{\"@type\":\"ImageObject\",\"inLanguage\":\"es\",\"@id\":\"https:\/\/esment.org\/blogs\/#\/schema\/logo\/image\/\",\"url\":\"https:\/\/esment.org\/blogs\/wp-content\/uploads\/2020\/10\/logo-header.svg\",\"contentUrl\":\"https:\/\/esment.org\/blogs\/wp-content\/uploads\/2020\/10\/logo-header.svg\",\"caption\":\"Blog Comunidad Esment\"},\"image\":{\"@id\":\"https:\/\/esment.org\/blogs\/#\/schema\/logo\/image\/\"}},{\"@type\":\"Person\",\"@id\":\"https:\/\/esment.org\/blogs\/#\/schema\/person\/d2af4a49059695d7ca3491e0498d6b36\",\"name\":\"Yolanda Tarramera\",\"image\":{\"@type\":\"ImageObject\",\"inLanguage\":\"es\",\"@id\":\"https:\/\/esment.org\/blogs\/#\/schema\/person\/image\/\",\"url\":\"https:\/\/secure.gravatar.com\/avatar\/c93060ec77db68f5fefd782408bed5a5005bb0b119c5ece6cdbf5ad8631c6e5b?s=96&d=mm&r=g\",\"contentUrl\":\"https:\/\/secure.gravatar.com\/avatar\/c93060ec77db68f5fefd782408bed5a5005bb0b119c5ece6cdbf5ad8631c6e5b?s=96&d=mm&r=g\",\"caption\":\"Yolanda Tarramera\"},\"url\":\"https:\/\/esment.org\/blogs\/author\/yolanda-tarramera\/\"}]}<\/script>\n<!-- \/ Yoast SEO plugin. -->","yoast_head_json":{"title":"Renovamos un a\u00f1o m\u00e1s el servicio de limpieza de playas - Blog Comunidad Esment","robots":{"index":"index","follow":"follow","max-snippet":"max-snippet:-1","max-image-preview":"max-image-preview:large","max-video-preview":"max-video-preview:-1"},"canonical":"https:\/\/esment.org\/blogs\/renovamos-un-ano-mas-el-servicio-de-limpieza-de-playas\/","og_locale":"es_ES","og_type":"article","og_title":"Renovamos un a\u00f1o m\u00e1s el servicio de limpieza de playas - Blog Comunidad Esment","og_description":"Tras realizar durante un a\u00f1o el servicio de limpieza de playas de 13 municipios de la isla, el equipo de Jardiner\u00eda renueva, un a\u00f1o m\u00e1s, el contrato que adjudica la Conselleria de Agricultura, Pesca y Medio Natural del Govern. Esta adjudicaci\u00f3n se concreta en trabajos de recogida de residuos y tareas de mantenimiento en playas, [&hellip;]","og_url":"https:\/\/esment.org\/blogs\/renovamos-un-ano-mas-el-servicio-de-limpieza-de-playas\/","og_site_name":"Blog Comunidad Esment","article_published_time":"2025-03-31T09:17:52+00:00","article_modified_time":"2025-04-07T10:56:48+00:00","og_image":[{"width":2040,"height":1530,"url":"https:\/\/esment.org\/blogs\/wp-content\/uploads\/2024\/10\/IMG-20241004-WA0027-1.jpg","type":"image\/jpeg"}],"author":"Yolanda Tarramera","twitter_card":"summary_large_image","twitter_misc":{"Escrito por":"Yolanda Tarramera","Tiempo de lectura":"1 minuto"},"schema":{"@context":"https:\/\/schema.org","@graph":[{"@type":"Article","@id":"https:\/\/esment.org\/blogs\/renovamos-un-ano-mas-el-servicio-de-limpieza-de-playas\/#article","isPartOf":{"@id":"https:\/\/esment.org\/blogs\/renovamos-un-ano-mas-el-servicio-de-limpieza-de-playas\/"},"author":{"name":"Yolanda Tarramera","@id":"https:\/\/esment.org\/blogs\/#\/schema\/person\/d2af4a49059695d7ca3491e0498d6b36"},"headline":"Renovamos un a\u00f1o m\u00e1s el servicio de limpieza de playas","datePublished":"2025-03-31T09:17:52+00:00","dateModified":"2025-04-07T10:56:48+00:00","mainEntityOfPage":{"@id":"https:\/\/esment.org\/blogs\/renovamos-un-ano-mas-el-servicio-de-limpieza-de-playas\/"},"wordCount":94,"commentCount":0,"publisher":{"@id":"https:\/\/esment.org\/blogs\/#organization"},"image":{"@id":"https:\/\/esment.org\/blogs\/renovamos-un-ano-mas-el-servicio-de-limpieza-de-playas\/#primaryimage"},"thumbnailUrl":"https:\/\/esment.org\/blogs\/wp-content\/uploads\/2024\/10\/IMG-20241004-WA0027-1.jpg","keywords":["costas","Esment Terra","govern","jardiner\u00eda","limpieza","playas"],"articleSection":["Blogs Esment Categoria Sostenibilidad"],"inLanguage":"es","potentialAction":[{"@type":"CommentAction","name":"Comment","target":["https:\/\/esment.org\/blogs\/renovamos-un-ano-mas-el-servicio-de-limpieza-de-playas\/#respond"]}]},{"@type":"WebPage","@id":"https:\/\/esment.org\/blogs\/renovamos-un-ano-mas-el-servicio-de-limpieza-de-playas\/","url":"https:\/\/esment.org\/blogs\/renovamos-un-ano-mas-el-servicio-de-limpieza-de-playas\/","name":"Renovamos un a\u00f1o m\u00e1s el servicio de limpieza de playas - Blog Comunidad Esment","isPartOf":{"@id":"https:\/\/esment.org\/blogs\/#website"},"primaryImageOfPage":{"@id":"https:\/\/esment.org\/blogs\/renovamos-un-ano-mas-el-servicio-de-limpieza-de-playas\/#primaryimage"},"image":{"@id":"https:\/\/esment.org\/blogs\/renovamos-un-ano-mas-el-servicio-de-limpieza-de-playas\/#primaryimage"},"thumbnailUrl":"https:\/\/esment.org\/blogs\/wp-content\/uploads\/2024\/10\/IMG-20241004-WA0027-1.jpg","datePublished":"2025-03-31T09:17:52+00:00","dateModified":"2025-04-07T10:56:48+00:00","breadcrumb":{"@id":"https:\/\/esment.org\/blogs\/renovamos-un-ano-mas-el-servicio-de-limpieza-de-playas\/#breadcrumb"},"inLanguage":"es","potentialAction":[{"@type":"ReadAction","target":["https:\/\/esment.org\/blogs\/renovamos-un-ano-mas-el-servicio-de-limpieza-de-playas\/"]}]},{"@type":"ImageObject","inLanguage":"es","@id":"https:\/\/esment.org\/blogs\/renovamos-un-ano-mas-el-servicio-de-limpieza-de-playas\/#primaryimage","url":"https:\/\/esment.org\/blogs\/wp-content\/uploads\/2024\/10\/IMG-20241004-WA0027-1.jpg","contentUrl":"https:\/\/esment.org\/blogs\/wp-content\/uploads\/2024\/10\/IMG-20241004-WA0027-1.jpg","width":2040,"height":1530},{"@type":"BreadcrumbList","@id":"https:\/\/esment.org\/blogs\/renovamos-un-ano-mas-el-servicio-de-limpieza-de-playas\/#breadcrumb","itemListElement":[{"@type":"ListItem","position":1,"name":"Portada","item":"https:\/\/esment.org\/blogs\/"},{"@type":"ListItem","position":2,"name":"Renovamos un a\u00f1o m\u00e1s el servicio de limpieza de playas"}]},{"@type":"WebSite","@id":"https:\/\/esment.org\/blogs\/#website","url":"https:\/\/esment.org\/blogs\/","name":"Blog Comunidad Esment","description":"Blogs de Esment","publisher":{"@id":"https:\/\/esment.org\/blogs\/#organization"},"potentialAction":[{"@type":"SearchAction","target":{"@type":"EntryPoint","urlTemplate":"https:\/\/esment.org\/blogs\/?s={search_term_string}"},"query-input":{"@type":"PropertyValueSpecification","valueRequired":true,"valueName":"search_term_string"}}],"inLanguage":"es"},{"@type":"Organization","@id":"https:\/\/esment.org\/blogs\/#organization","name":"Blog Comunidad Esment","url":"https:\/\/esment.org\/blogs\/","logo":{"@type":"ImageObject","inLanguage":"es","@id":"https:\/\/esment.org\/blogs\/#\/schema\/logo\/image\/","url":"https:\/\/esment.org\/blogs\/wp-content\/uploads\/2020\/10\/logo-header.svg","contentUrl":"https:\/\/esment.org\/blogs\/wp-content\/uploads\/2020\/10\/logo-header.svg","caption":"Blog Comunidad Esment"},"image":{"@id":"https:\/\/esment.org\/blogs\/#\/schema\/logo\/image\/"}},{"@type":"Person","@id":"https:\/\/esment.org\/blogs\/#\/schema\/person\/d2af4a49059695d7ca3491e0498d6b36","name":"Yolanda Tarramera","image":{"@type":"ImageObject","inLanguage":"es","@id":"https:\/\/esment.org\/blogs\/#\/schema\/person\/image\/","url":"https:\/\/secure.gravatar.com\/avatar\/c93060ec77db68f5fefd782408bed5a5005bb0b119c5ece6cdbf5ad8631c6e5b?s=96&d=mm&r=g","contentUrl":"https:\/\/secure.gravatar.com\/avatar\/c93060ec77db68f5fefd782408bed5a5005bb0b119c5ece6cdbf5ad8631c6e5b?s=96&d=mm&r=g","caption":"Yolanda Tarramera"},"url":"https:\/\/esment.org\/blogs\/author\/yolanda-tarramera\/"}]}},"_links":{"self":[{"href":"https:\/\/esment.org\/blogs\/wp-json\/wp\/v2\/posts\/26153","targetHints":{"allow":["GET"]}}],"collection":[{"href":"https:\/\/esment.org\/blogs\/wp-json\/wp\/v2\/posts"}],"about":[{"href":"https:\/\/esment.org\/blogs\/wp-json\/wp\/v2\/types\/post"}],"author":[{"embeddable":true,"href":"https:\/\/esment.org\/blogs\/wp-json\/wp\/v2\/users\/5"}],"replies":[{"embeddable":true,"href":"https:\/\/esment.org\/blogs\/wp-json\/wp\/v2\/comments?post=26153"}],"version-history":[{"count":1,"href":"https:\/\/esment.org\/blogs\/wp-json\/wp\/v2\/posts\/26153\/revisions"}],"predecessor-version":[{"id":26154,"href":"https:\/\/esment.org\/blogs\/wp-json\/wp\/v2\/posts\/26153\/revisions\/26154"}],"wp:featuredmedia":[{"embeddable":true,"href":"https:\/\/esment.org\/blogs\/wp-json\/wp\/v2\/media\/24720"}],"wp:attachment":[{"href":"https:\/\/esment.org\/blogs\/wp-json\/wp\/v2\/media?parent=26153"}],"wp:term":[{"taxonomy":"category","embeddable":true,"href":"https:\/\/esment.org\/blogs\/wp-json\/wp\/v2\/categories?post=26153"},{"taxonomy":"post_tag","embeddable":true,"href":"https:\/\/esment.org\/blogs\/wp-json\/wp\/v2\/tags?post=26153"}],"curies":[{"name":"wp","href":"https:\/\/api.w.org\/{rel}","templated":true}]}}