{"id":26129,"date":"2025-03-28T12:37:31","date_gmt":"2025-03-28T12:37:31","guid":{"rendered":"https:\/\/esment.org\/blogs\/?p=26129"},"modified":"2025-04-01T11:15:25","modified_gmt":"2025-04-01T11:15:25","slug":"finaliza-el-curso-de-docencia-en-esment-escola-professional","status":"publish","type":"post","link":"https:\/\/esment.org\/blogs\/finaliza-el-curso-de-docencia-en-esment-escola-professional\/","title":{"rendered":"Finaliza el curso de Docencia para profesionales en Esment Escola Professional"},"content":{"rendered":"<p>Cuarenta y ocho profesionales se han convertido esta semana en maestros de su profesi\u00f3n tras finalizar el curso de Docencia para el Empleo en Esment Escola Professional. Las personas graduadas de este nueva promoci\u00f3n, la tercera que se realiza en la modalidad online, han demostrado una gran dedicaci\u00f3n y esfuerzo a los largo de los seis meses que ha durado el curso. Coordinado por los docentes Toni Vallespir y Clara Balaguer, la formaci\u00f3n ha incluido contenidos multimedia, como <a href=\"https:\/\/www.youtube.com\/watch?v=C_OgBfcsY8M&amp;t=79s\">p\u00f3dcasts<\/a> sobre accesibilidad cognitiva, aprender haciendo, la importancia de ense\u00f1ar a pensar o cooperar en inteligencia artificial. Todos, bajo el paraguas de la metodolog\u00eda de Aprender para Ense\u00f1ar. Tambi\u00e9n se han realizado masterclass presenciales dirigidas por profesionales de diferentes \u00e1mbitos. Es el caso de Mar F\u00e9lix, especialista en oratoria y comunicaci\u00f3n, que imparti\u00f3 una din\u00e1mica para integrar el aprendizaje, realizar presentaciones con confianza o conectar con los alumnos.<\/p>\n<p>Esta formaci\u00f3n se ha convertido en lo \u00faltimos a\u00f1os en una especialidad clave para profesionales que quieren dedicarse a la docencia. Les proporciona herramientas para llevar a cabo clases te\u00f3rico-pr\u00e1cticas, y t\u00e9cnicas para planificar y poder transmitir sus conocimientos de manera efectiva, como por ejemplo el manejo de grupos, la organizaci\u00f3n y planificaci\u00f3n de contenidos, el uso de nuevas tecnolog\u00edas y diversos m\u00e9todos de evaluaci\u00f3n.<\/p>\n<p>Se trata de una de las formaciones clave que ofrece Esment Escola Professional desde hace siete a\u00f1os y que, en las \u00faltimas promociones se ha impartido de forma online para facilitar la compatibilidad laboral.<\/p>\n<p>Nuestra enhorabuena a todos los profesionales que se han acreditado para ser maestros de su especialidad.<\/p>\n<p><img fetchpriority=\"high\" decoding=\"async\" class=\"alignnone wp-image-26131 size-full\" src=\"https:\/\/esment.org\/blogs\/wp-content\/uploads\/2025\/03\/da40ac1e-f2b5-4553-a359-f9adddc7093e.jpg\" alt=\"\" width=\"1600\" height=\"1200\" srcset=\"https:\/\/esment.org\/blogs\/wp-content\/uploads\/2025\/03\/da40ac1e-f2b5-4553-a359-f9adddc7093e.jpg 1600w, https:\/\/esment.org\/blogs\/wp-content\/uploads\/2025\/03\/da40ac1e-f2b5-4553-a359-f9adddc7093e-300x225.jpg 300w, https:\/\/esment.org\/blogs\/wp-content\/uploads\/2025\/03\/da40ac1e-f2b5-4553-a359-f9adddc7093e-1024x768.jpg 1024w, https:\/\/esment.org\/blogs\/wp-content\/uploads\/2025\/03\/da40ac1e-f2b5-4553-a359-f9adddc7093e-768x576.jpg 768w, https:\/\/esment.org\/blogs\/wp-content\/uploads\/2025\/03\/da40ac1e-f2b5-4553-a359-f9adddc7093e-1536x1152.jpg 1536w\" sizes=\"(max-width: 1600px) 100vw, 1600px\" \/><\/p>\n<p><img decoding=\"async\" class=\"alignnone wp-image-26133 size-full\" src=\"https:\/\/esment.org\/blogs\/wp-content\/uploads\/2025\/03\/ddfb6d83-c7fb-44e0-8e3c-55526e535d32.jpg\" alt=\"\" width=\"1600\" height=\"1200\" srcset=\"https:\/\/esment.org\/blogs\/wp-content\/uploads\/2025\/03\/ddfb6d83-c7fb-44e0-8e3c-55526e535d32.jpg 1600w, https:\/\/esment.org\/blogs\/wp-content\/uploads\/2025\/03\/ddfb6d83-c7fb-44e0-8e3c-55526e535d32-300x225.jpg 300w, https:\/\/esment.org\/blogs\/wp-content\/uploads\/2025\/03\/ddfb6d83-c7fb-44e0-8e3c-55526e535d32-1024x768.jpg 1024w, https:\/\/esment.org\/blogs\/wp-content\/uploads\/2025\/03\/ddfb6d83-c7fb-44e0-8e3c-55526e535d32-768x576.jpg 768w, https:\/\/esment.org\/blogs\/wp-content\/uploads\/2025\/03\/ddfb6d83-c7fb-44e0-8e3c-55526e535d32-1536x1152.jpg 1536w\" sizes=\"(max-width: 1600px) 100vw, 1600px\" \/><\/p>\n<p><img decoding=\"async\" class=\"alignnone wp-image-26134 size-full\" src=\"https:\/\/esment.org\/blogs\/wp-content\/uploads\/2025\/03\/ca2bb2e1-222c-4f94-966d-2459d32027c9.jpg\" alt=\"\" width=\"1600\" height=\"1200\" srcset=\"https:\/\/esment.org\/blogs\/wp-content\/uploads\/2025\/03\/ca2bb2e1-222c-4f94-966d-2459d32027c9.jpg 1600w, https:\/\/esment.org\/blogs\/wp-content\/uploads\/2025\/03\/ca2bb2e1-222c-4f94-966d-2459d32027c9-300x225.jpg 300w, https:\/\/esment.org\/blogs\/wp-content\/uploads\/2025\/03\/ca2bb2e1-222c-4f94-966d-2459d32027c9-1024x768.jpg 1024w, https:\/\/esment.org\/blogs\/wp-content\/uploads\/2025\/03\/ca2bb2e1-222c-4f94-966d-2459d32027c9-768x576.jpg 768w, https:\/\/esment.org\/blogs\/wp-content\/uploads\/2025\/03\/ca2bb2e1-222c-4f94-966d-2459d32027c9-1536x1152.jpg 1536w\" sizes=\"(max-width: 1600px) 100vw, 1600px\" \/><\/p>\n<p><img loading=\"lazy\" decoding=\"async\" class=\"alignnone wp-image-26139 size-full\" src=\"https:\/\/esment.org\/blogs\/wp-content\/uploads\/2025\/03\/48f40a5e-6b39-404a-b524-ffdc5a53a220-1-e1743165411936.jpg\" alt=\"\" width=\"1365\" height=\"813\" srcset=\"https:\/\/esment.org\/blogs\/wp-content\/uploads\/2025\/03\/48f40a5e-6b39-404a-b524-ffdc5a53a220-1-e1743165411936.jpg 1365w, https:\/\/esment.org\/blogs\/wp-content\/uploads\/2025\/03\/48f40a5e-6b39-404a-b524-ffdc5a53a220-1-e1743165411936-300x179.jpg 300w, https:\/\/esment.org\/blogs\/wp-content\/uploads\/2025\/03\/48f40a5e-6b39-404a-b524-ffdc5a53a220-1-e1743165411936-1024x610.jpg 1024w, https:\/\/esment.org\/blogs\/wp-content\/uploads\/2025\/03\/48f40a5e-6b39-404a-b524-ffdc5a53a220-1-e1743165411936-768x457.jpg 768w\" sizes=\"(max-width: 1365px) 100vw, 1365px\" \/><\/p>\n<p>&nbsp;<\/p>\n<p>&nbsp;<\/p>\n","protected":false},"excerpt":{"rendered":"<p>Cuarenta y ocho profesionales se han convertido esta semana en maestros de su profesi\u00f3n tras finalizar el curso de Docencia para el Empleo en Esment Escola Professional. Las personas graduadas de este nueva promoci\u00f3n, la tercera que se realiza en la modalidad online, han demostrado una gran dedicaci\u00f3n y esfuerzo a los largo de los [&hellip;]<\/p>\n","protected":false},"author":5,"featured_media":26139,"comment_status":"open","ping_status":"closed","sticky":false,"template":"","format":"standard","meta":{"_acf_changed":false,"footnotes":""},"categories":[1],"tags":[],"class_list":["post-26129","post","type-post","status-publish","format-standard","has-post-thumbnail","hentry","category-sin-categoria"],"acf":[],"yoast_head":"<!-- This site is optimized with the Yoast SEO plugin v26.4 - https:\/\/yoast.com\/wordpress\/plugins\/seo\/ -->\n<title>Finaliza el curso de Docencia para profesionales en Esment Escola Professional - Blog Comunidad Esment<\/title>\n<meta name=\"robots\" content=\"index, follow, max-snippet:-1, max-image-preview:large, max-video-preview:-1\" \/>\n<link rel=\"canonical\" href=\"https:\/\/esment.org\/blogs\/finaliza-el-curso-de-docencia-en-esment-escola-professional\/\" \/>\n<meta property=\"og:locale\" content=\"es_ES\" \/>\n<meta property=\"og:type\" content=\"article\" \/>\n<meta property=\"og:title\" content=\"Finaliza el curso de Docencia para profesionales en Esment Escola Professional - Blog Comunidad Esment\" \/>\n<meta property=\"og:description\" content=\"Cuarenta y ocho profesionales se han convertido esta semana en maestros de su profesi\u00f3n tras finalizar el curso de Docencia para el Empleo en Esment Escola Professional. Las personas graduadas de este nueva promoci\u00f3n, la tercera que se realiza en la modalidad online, han demostrado una gran dedicaci\u00f3n y esfuerzo a los largo de los [&hellip;]\" \/>\n<meta property=\"og:url\" content=\"https:\/\/esment.org\/blogs\/finaliza-el-curso-de-docencia-en-esment-escola-professional\/\" \/>\n<meta property=\"og:site_name\" content=\"Blog Comunidad Esment\" \/>\n<meta property=\"article:published_time\" content=\"2025-03-28T12:37:31+00:00\" \/>\n<meta property=\"article:modified_time\" content=\"2025-04-01T11:15:25+00:00\" \/>\n<meta property=\"og:image\" content=\"https:\/\/esment.org\/blogs\/wp-content\/uploads\/2025\/03\/48f40a5e-6b39-404a-b524-ffdc5a53a220-1-e1743165411936.jpg\" \/>\n\t<meta property=\"og:image:width\" content=\"1365\" \/>\n\t<meta property=\"og:image:height\" content=\"813\" \/>\n\t<meta property=\"og:image:type\" content=\"image\/jpeg\" \/>\n<meta name=\"author\" content=\"Yolanda Tarramera\" \/>\n<meta name=\"twitter:card\" content=\"summary_large_image\" \/>\n<meta name=\"twitter:label1\" content=\"Escrito por\" \/>\n\t<meta name=\"twitter:data1\" content=\"Yolanda Tarramera\" \/>\n\t<meta name=\"twitter:label2\" content=\"Tiempo de lectura\" \/>\n\t<meta name=\"twitter:data2\" content=\"3 minutos\" \/>\n<script type=\"application\/ld+json\" class=\"yoast-schema-graph\">{\"@context\":\"https:\/\/schema.org\",\"@graph\":[{\"@type\":\"Article\",\"@id\":\"https:\/\/esment.org\/blogs\/finaliza-el-curso-de-docencia-en-esment-escola-professional\/#article\",\"isPartOf\":{\"@id\":\"https:\/\/esment.org\/blogs\/finaliza-el-curso-de-docencia-en-esment-escola-professional\/\"},\"author\":{\"name\":\"Yolanda Tarramera\",\"@id\":\"https:\/\/esment.org\/blogs\/#\/schema\/person\/d2af4a49059695d7ca3491e0498d6b36\"},\"headline\":\"Finaliza el curso de Docencia para profesionales en Esment Escola Professional\",\"datePublished\":\"2025-03-28T12:37:31+00:00\",\"dateModified\":\"2025-04-01T11:15:25+00:00\",\"mainEntityOfPage\":{\"@id\":\"https:\/\/esment.org\/blogs\/finaliza-el-curso-de-docencia-en-esment-escola-professional\/\"},\"wordCount\":297,\"commentCount\":0,\"publisher\":{\"@id\":\"https:\/\/esment.org\/blogs\/#organization\"},\"image\":{\"@id\":\"https:\/\/esment.org\/blogs\/finaliza-el-curso-de-docencia-en-esment-escola-professional\/#primaryimage\"},\"thumbnailUrl\":\"https:\/\/esment.org\/blogs\/wp-content\/uploads\/2025\/03\/48f40a5e-6b39-404a-b524-ffdc5a53a220-1-e1743165411936.jpg\",\"inLanguage\":\"es\",\"potentialAction\":[{\"@type\":\"CommentAction\",\"name\":\"Comment\",\"target\":[\"https:\/\/esment.org\/blogs\/finaliza-el-curso-de-docencia-en-esment-escola-professional\/#respond\"]}]},{\"@type\":\"WebPage\",\"@id\":\"https:\/\/esment.org\/blogs\/finaliza-el-curso-de-docencia-en-esment-escola-professional\/\",\"url\":\"https:\/\/esment.org\/blogs\/finaliza-el-curso-de-docencia-en-esment-escola-professional\/\",\"name\":\"Finaliza el curso de Docencia para profesionales en Esment Escola Professional - Blog Comunidad Esment\",\"isPartOf\":{\"@id\":\"https:\/\/esment.org\/blogs\/#website\"},\"primaryImageOfPage\":{\"@id\":\"https:\/\/esment.org\/blogs\/finaliza-el-curso-de-docencia-en-esment-escola-professional\/#primaryimage\"},\"image\":{\"@id\":\"https:\/\/esment.org\/blogs\/finaliza-el-curso-de-docencia-en-esment-escola-professional\/#primaryimage\"},\"thumbnailUrl\":\"https:\/\/esment.org\/blogs\/wp-content\/uploads\/2025\/03\/48f40a5e-6b39-404a-b524-ffdc5a53a220-1-e1743165411936.jpg\",\"datePublished\":\"2025-03-28T12:37:31+00:00\",\"dateModified\":\"2025-04-01T11:15:25+00:00\",\"breadcrumb\":{\"@id\":\"https:\/\/esment.org\/blogs\/finaliza-el-curso-de-docencia-en-esment-escola-professional\/#breadcrumb\"},\"inLanguage\":\"es\",\"potentialAction\":[{\"@type\":\"ReadAction\",\"target\":[\"https:\/\/esment.org\/blogs\/finaliza-el-curso-de-docencia-en-esment-escola-professional\/\"]}]},{\"@type\":\"ImageObject\",\"inLanguage\":\"es\",\"@id\":\"https:\/\/esment.org\/blogs\/finaliza-el-curso-de-docencia-en-esment-escola-professional\/#primaryimage\",\"url\":\"https:\/\/esment.org\/blogs\/wp-content\/uploads\/2025\/03\/48f40a5e-6b39-404a-b524-ffdc5a53a220-1-e1743165411936.jpg\",\"contentUrl\":\"https:\/\/esment.org\/blogs\/wp-content\/uploads\/2025\/03\/48f40a5e-6b39-404a-b524-ffdc5a53a220-1-e1743165411936.jpg\",\"width\":1365,\"height\":813},{\"@type\":\"BreadcrumbList\",\"@id\":\"https:\/\/esment.org\/blogs\/finaliza-el-curso-de-docencia-en-esment-escola-professional\/#breadcrumb\",\"itemListElement\":[{\"@type\":\"ListItem\",\"position\":1,\"name\":\"Portada\",\"item\":\"https:\/\/esment.org\/blogs\/\"},{\"@type\":\"ListItem\",\"position\":2,\"name\":\"Finaliza el curso de Docencia para profesionales en Esment Escola Professional\"}]},{\"@type\":\"WebSite\",\"@id\":\"https:\/\/esment.org\/blogs\/#website\",\"url\":\"https:\/\/esment.org\/blogs\/\",\"name\":\"Blog Comunidad Esment\",\"description\":\"Blogs de Esment\",\"publisher\":{\"@id\":\"https:\/\/esment.org\/blogs\/#organization\"},\"potentialAction\":[{\"@type\":\"SearchAction\",\"target\":{\"@type\":\"EntryPoint\",\"urlTemplate\":\"https:\/\/esment.org\/blogs\/?s={search_term_string}\"},\"query-input\":{\"@type\":\"PropertyValueSpecification\",\"valueRequired\":true,\"valueName\":\"search_term_string\"}}],\"inLanguage\":\"es\"},{\"@type\":\"Organization\",\"@id\":\"https:\/\/esment.org\/blogs\/#organization\",\"name\":\"Blog Comunidad Esment\",\"url\":\"https:\/\/esment.org\/blogs\/\",\"logo\":{\"@type\":\"ImageObject\",\"inLanguage\":\"es\",\"@id\":\"https:\/\/esment.org\/blogs\/#\/schema\/logo\/image\/\",\"url\":\"https:\/\/esment.org\/blogs\/wp-content\/uploads\/2020\/10\/logo-header.svg\",\"contentUrl\":\"https:\/\/esment.org\/blogs\/wp-content\/uploads\/2020\/10\/logo-header.svg\",\"caption\":\"Blog Comunidad Esment\"},\"image\":{\"@id\":\"https:\/\/esment.org\/blogs\/#\/schema\/logo\/image\/\"}},{\"@type\":\"Person\",\"@id\":\"https:\/\/esment.org\/blogs\/#\/schema\/person\/d2af4a49059695d7ca3491e0498d6b36\",\"name\":\"Yolanda Tarramera\",\"image\":{\"@type\":\"ImageObject\",\"inLanguage\":\"es\",\"@id\":\"https:\/\/esment.org\/blogs\/#\/schema\/person\/image\/\",\"url\":\"https:\/\/secure.gravatar.com\/avatar\/c93060ec77db68f5fefd782408bed5a5005bb0b119c5ece6cdbf5ad8631c6e5b?s=96&d=mm&r=g\",\"contentUrl\":\"https:\/\/secure.gravatar.com\/avatar\/c93060ec77db68f5fefd782408bed5a5005bb0b119c5ece6cdbf5ad8631c6e5b?s=96&d=mm&r=g\",\"caption\":\"Yolanda Tarramera\"},\"url\":\"https:\/\/esment.org\/blogs\/author\/yolanda-tarramera\/\"}]}<\/script>\n<!-- \/ Yoast SEO plugin. -->","yoast_head_json":{"title":"Finaliza el curso de Docencia para profesionales en Esment Escola Professional - Blog Comunidad Esment","robots":{"index":"index","follow":"follow","max-snippet":"max-snippet:-1","max-image-preview":"max-image-preview:large","max-video-preview":"max-video-preview:-1"},"canonical":"https:\/\/esment.org\/blogs\/finaliza-el-curso-de-docencia-en-esment-escola-professional\/","og_locale":"es_ES","og_type":"article","og_title":"Finaliza el curso de Docencia para profesionales en Esment Escola Professional - Blog Comunidad Esment","og_description":"Cuarenta y ocho profesionales se han convertido esta semana en maestros de su profesi\u00f3n tras finalizar el curso de Docencia para el Empleo en Esment Escola Professional. Las personas graduadas de este nueva promoci\u00f3n, la tercera que se realiza en la modalidad online, han demostrado una gran dedicaci\u00f3n y esfuerzo a los largo de los [&hellip;]","og_url":"https:\/\/esment.org\/blogs\/finaliza-el-curso-de-docencia-en-esment-escola-professional\/","og_site_name":"Blog Comunidad Esment","article_published_time":"2025-03-28T12:37:31+00:00","article_modified_time":"2025-04-01T11:15:25+00:00","og_image":[{"width":1365,"height":813,"url":"https:\/\/esment.org\/blogs\/wp-content\/uploads\/2025\/03\/48f40a5e-6b39-404a-b524-ffdc5a53a220-1-e1743165411936.jpg","type":"image\/jpeg"}],"author":"Yolanda Tarramera","twitter_card":"summary_large_image","twitter_misc":{"Escrito por":"Yolanda Tarramera","Tiempo de lectura":"3 minutos"},"schema":{"@context":"https:\/\/schema.org","@graph":[{"@type":"Article","@id":"https:\/\/esment.org\/blogs\/finaliza-el-curso-de-docencia-en-esment-escola-professional\/#article","isPartOf":{"@id":"https:\/\/esment.org\/blogs\/finaliza-el-curso-de-docencia-en-esment-escola-professional\/"},"author":{"name":"Yolanda Tarramera","@id":"https:\/\/esment.org\/blogs\/#\/schema\/person\/d2af4a49059695d7ca3491e0498d6b36"},"headline":"Finaliza el curso de Docencia para profesionales en Esment Escola Professional","datePublished":"2025-03-28T12:37:31+00:00","dateModified":"2025-04-01T11:15:25+00:00","mainEntityOfPage":{"@id":"https:\/\/esment.org\/blogs\/finaliza-el-curso-de-docencia-en-esment-escola-professional\/"},"wordCount":297,"commentCount":0,"publisher":{"@id":"https:\/\/esment.org\/blogs\/#organization"},"image":{"@id":"https:\/\/esment.org\/blogs\/finaliza-el-curso-de-docencia-en-esment-escola-professional\/#primaryimage"},"thumbnailUrl":"https:\/\/esment.org\/blogs\/wp-content\/uploads\/2025\/03\/48f40a5e-6b39-404a-b524-ffdc5a53a220-1-e1743165411936.jpg","inLanguage":"es","potentialAction":[{"@type":"CommentAction","name":"Comment","target":["https:\/\/esment.org\/blogs\/finaliza-el-curso-de-docencia-en-esment-escola-professional\/#respond"]}]},{"@type":"WebPage","@id":"https:\/\/esment.org\/blogs\/finaliza-el-curso-de-docencia-en-esment-escola-professional\/","url":"https:\/\/esment.org\/blogs\/finaliza-el-curso-de-docencia-en-esment-escola-professional\/","name":"Finaliza el curso de Docencia para profesionales en Esment Escola Professional - Blog Comunidad Esment","isPartOf":{"@id":"https:\/\/esment.org\/blogs\/#website"},"primaryImageOfPage":{"@id":"https:\/\/esment.org\/blogs\/finaliza-el-curso-de-docencia-en-esment-escola-professional\/#primaryimage"},"image":{"@id":"https:\/\/esment.org\/blogs\/finaliza-el-curso-de-docencia-en-esment-escola-professional\/#primaryimage"},"thumbnailUrl":"https:\/\/esment.org\/blogs\/wp-content\/uploads\/2025\/03\/48f40a5e-6b39-404a-b524-ffdc5a53a220-1-e1743165411936.jpg","datePublished":"2025-03-28T12:37:31+00:00","dateModified":"2025-04-01T11:15:25+00:00","breadcrumb":{"@id":"https:\/\/esment.org\/blogs\/finaliza-el-curso-de-docencia-en-esment-escola-professional\/#breadcrumb"},"inLanguage":"es","potentialAction":[{"@type":"ReadAction","target":["https:\/\/esment.org\/blogs\/finaliza-el-curso-de-docencia-en-esment-escola-professional\/"]}]},{"@type":"ImageObject","inLanguage":"es","@id":"https:\/\/esment.org\/blogs\/finaliza-el-curso-de-docencia-en-esment-escola-professional\/#primaryimage","url":"https:\/\/esment.org\/blogs\/wp-content\/uploads\/2025\/03\/48f40a5e-6b39-404a-b524-ffdc5a53a220-1-e1743165411936.jpg","contentUrl":"https:\/\/esment.org\/blogs\/wp-content\/uploads\/2025\/03\/48f40a5e-6b39-404a-b524-ffdc5a53a220-1-e1743165411936.jpg","width":1365,"height":813},{"@type":"BreadcrumbList","@id":"https:\/\/esment.org\/blogs\/finaliza-el-curso-de-docencia-en-esment-escola-professional\/#breadcrumb","itemListElement":[{"@type":"ListItem","position":1,"name":"Portada","item":"https:\/\/esment.org\/blogs\/"},{"@type":"ListItem","position":2,"name":"Finaliza el curso de Docencia para profesionales en Esment Escola Professional"}]},{"@type":"WebSite","@id":"https:\/\/esment.org\/blogs\/#website","url":"https:\/\/esment.org\/blogs\/","name":"Blog Comunidad Esment","description":"Blogs de Esment","publisher":{"@id":"https:\/\/esment.org\/blogs\/#organization"},"potentialAction":[{"@type":"SearchAction","target":{"@type":"EntryPoint","urlTemplate":"https:\/\/esment.org\/blogs\/?s={search_term_string}"},"query-input":{"@type":"PropertyValueSpecification","valueRequired":true,"valueName":"search_term_string"}}],"inLanguage":"es"},{"@type":"Organization","@id":"https:\/\/esment.org\/blogs\/#organization","name":"Blog Comunidad Esment","url":"https:\/\/esment.org\/blogs\/","logo":{"@type":"ImageObject","inLanguage":"es","@id":"https:\/\/esment.org\/blogs\/#\/schema\/logo\/image\/","url":"https:\/\/esment.org\/blogs\/wp-content\/uploads\/2020\/10\/logo-header.svg","contentUrl":"https:\/\/esment.org\/blogs\/wp-content\/uploads\/2020\/10\/logo-header.svg","caption":"Blog Comunidad Esment"},"image":{"@id":"https:\/\/esment.org\/blogs\/#\/schema\/logo\/image\/"}},{"@type":"Person","@id":"https:\/\/esment.org\/blogs\/#\/schema\/person\/d2af4a49059695d7ca3491e0498d6b36","name":"Yolanda Tarramera","image":{"@type":"ImageObject","inLanguage":"es","@id":"https:\/\/esment.org\/blogs\/#\/schema\/person\/image\/","url":"https:\/\/secure.gravatar.com\/avatar\/c93060ec77db68f5fefd782408bed5a5005bb0b119c5ece6cdbf5ad8631c6e5b?s=96&d=mm&r=g","contentUrl":"https:\/\/secure.gravatar.com\/avatar\/c93060ec77db68f5fefd782408bed5a5005bb0b119c5ece6cdbf5ad8631c6e5b?s=96&d=mm&r=g","caption":"Yolanda Tarramera"},"url":"https:\/\/esment.org\/blogs\/author\/yolanda-tarramera\/"}]}},"_links":{"self":[{"href":"https:\/\/esment.org\/blogs\/wp-json\/wp\/v2\/posts\/26129","targetHints":{"allow":["GET"]}}],"collection":[{"href":"https:\/\/esment.org\/blogs\/wp-json\/wp\/v2\/posts"}],"about":[{"href":"https:\/\/esment.org\/blogs\/wp-json\/wp\/v2\/types\/post"}],"author":[{"embeddable":true,"href":"https:\/\/esment.org\/blogs\/wp-json\/wp\/v2\/users\/5"}],"replies":[{"embeddable":true,"href":"https:\/\/esment.org\/blogs\/wp-json\/wp\/v2\/comments?post=26129"}],"version-history":[{"count":9,"href":"https:\/\/esment.org\/blogs\/wp-json\/wp\/v2\/posts\/26129\/revisions"}],"predecessor-version":[{"id":26192,"href":"https:\/\/esment.org\/blogs\/wp-json\/wp\/v2\/posts\/26129\/revisions\/26192"}],"wp:featuredmedia":[{"embeddable":true,"href":"https:\/\/esment.org\/blogs\/wp-json\/wp\/v2\/media\/26139"}],"wp:attachment":[{"href":"https:\/\/esment.org\/blogs\/wp-json\/wp\/v2\/media?parent=26129"}],"wp:term":[{"taxonomy":"category","embeddable":true,"href":"https:\/\/esment.org\/blogs\/wp-json\/wp\/v2\/categories?post=26129"},{"taxonomy":"post_tag","embeddable":true,"href":"https:\/\/esment.org\/blogs\/wp-json\/wp\/v2\/tags?post=26129"}],"curies":[{"name":"wp","href":"https:\/\/api.w.org\/{rel}","templated":true}]}}