{"id":26120,"date":"2025-03-28T08:28:25","date_gmt":"2025-03-28T08:28:25","guid":{"rendered":"https:\/\/esment.org\/blogs\/?p=26120"},"modified":"2025-03-28T08:28:25","modified_gmt":"2025-03-28T08:28:25","slug":"jornada-gastronomica-a-la-finca-publica-galatzo-una-oportunitat-per-coneixer-la-gestio-desment","status":"publish","type":"post","link":"https:\/\/esment.org\/blogs\/jornada-gastronomica-a-la-finca-publica-galatzo-una-oportunitat-per-coneixer-la-gestio-desment\/","title":{"rendered":"Jornada gastron\u00f2mica a la Finca p\u00fablica Galatz\u00f3, una oportunitat per con\u00e8ixer la gesti\u00f3 d&#8217;Esment"},"content":{"rendered":"<p>La finca p\u00fablica Galatz\u00f3, gestionada des de l&#8217;\u00e0mbit agropecuari per Esment, ser\u00e0 escenari de la jornada gastron\u00f2mica \u00abDe la terra a la cuina\u00bb que se celebr\u00e0 <span style=\"font-size: 16px;\">aquest dissabte, 29 de mar\u00e7, a partir de les 11.00 h al cor de la Serra de Tramuntana.<\/span><\/p>\n<p><span style=\"font-size: 16px;\">L&#8217;objectiu d&#8217;aquesta activitat, organitzada pel Consorci Serra de Tramuntana, \u00e9s posar en valor i donar a con\u00e8ixer la cultura gastron\u00f2mica i els productes locals propis de la Serra. Un esdeveniment que compta amb la col\u00b7laboraci\u00f3 de l&#8217;associaci\u00f3\u00a0Tramuntana XXI il&#8217;Ajuntament de Calvi\u00e0.\u00a0<\/span><\/p>\n<p><span style=\"font-size: 16px;\">Durant el mat\u00ed la Finca s&#8217;omplir\u00e0 d&#8217;activitats relacionades amb el producte local, la gastronomia i el territori. Alhora, es podr\u00e0\u00a0gaudir d&#8217;una\u00a0visita guiada a les cases de Galatz\u00f3\u00a0per veure el patrimoni natural i etnol\u00f2gic vinculat a l\u2019agricultura, aix\u00ed com a l\u2019hort que actualment gestiona l&#8217;equip de Terra d&#8217;Esment, i con\u00e8ixer m\u00e9s sobre la producci\u00f3 agr\u00edcola a la Serra de Tramuntana a trav\u00e9s de la projecci\u00f3 d\u2019audiovisuals. Tamb\u00e9 tindr\u00e0 lloc un\u00a0concurs de receptes tradicionals\u00a0en el qual els assistents podran participar escrivint les seves propostes i optar a un lot de productes de la Serra.<\/span><\/p>\n<p><span style=\"font-size: 16px;\">En el marc de la jornada es nomenar\u00e0 \u201cAmbaixadors\/es del producte Serra de Tramuntana\u201d a alguns dels xefs mallorquins m\u00e9s reconeguts, pel seu comprom\u00eds amb la cultura i la gastronomia local, i amb la voluntat que contribueixin a visibilitzar els productes de la Serra i la import\u00e0ncia de consumir-los.<\/span><br \/>\n<span style=\"font-size: 16px;\">La jornada finalitzar\u00e0 amb un\u00a0dinar popular organitzat per Tramuntana XXI,\u00a0amb el tradicional \u201carr\u00f2s de carboner\u201d elaborat per la xef Cati Pons, guanyadora del millor arr\u00f2s d\u2019Espanya amb aquesta recepta de la Serra de Tramuntana l\u2019any 2018.\u00a0El preu del dinar \u00e9s de 10 \u20ac\u00a0(+ despeses de gesti\u00f3).<\/span><\/p>\n<p><span style=\"font-size: 16px;\">La visita guiada i el dinar requereixen d&#8217;inscripci\u00f3 pr\u00e8via.<\/span><\/p>\n<p><img fetchpriority=\"high\" decoding=\"async\" class=\"alignnone wp-image-26121 size-full\" src=\"https:\/\/esment.org\/blogs\/wp-content\/uploads\/2025\/03\/galatzo2.jpg\" alt=\"\" width=\"490\" height=\"701\" srcset=\"https:\/\/esment.org\/blogs\/wp-content\/uploads\/2025\/03\/galatzo2.jpg 490w, https:\/\/esment.org\/blogs\/wp-content\/uploads\/2025\/03\/galatzo2-210x300.jpg 210w\" sizes=\"(max-width: 490px) 100vw, 490px\" \/><\/p>\n","protected":false},"excerpt":{"rendered":"<p>La finca p\u00fablica Galatz\u00f3, gestionada des de l&#8217;\u00e0mbit agropecuari per Esment, ser\u00e0 escenari de la jornada gastron\u00f2mica \u00abDe la terra a la cuina\u00bb que se celebr\u00e0 aquest dissabte, 29 de mar\u00e7, a partir de les 11.00 h al cor de la Serra de Tramuntana. L&#8217;objectiu d&#8217;aquesta activitat, organitzada pel Consorci Serra de Tramuntana, \u00e9s posar [&hellip;]<\/p>\n","protected":false},"author":5,"featured_media":26122,"comment_status":"open","ping_status":"closed","sticky":false,"template":"","format":"standard","meta":{"_acf_changed":false,"footnotes":""},"categories":[1],"tags":[],"class_list":["post-26120","post","type-post","status-publish","format-standard","has-post-thumbnail","hentry","category-sin-categoria"],"acf":[],"yoast_head":"<!-- This site is optimized with the Yoast SEO plugin v26.4 - https:\/\/yoast.com\/wordpress\/plugins\/seo\/ -->\n<title>Jornada gastron\u00f2mica a la Finca p\u00fablica Galatz\u00f3, una oportunitat per con\u00e8ixer la gesti\u00f3 d&#039;Esment - Blog Comunidad Esment<\/title>\n<meta name=\"robots\" content=\"index, follow, max-snippet:-1, max-image-preview:large, max-video-preview:-1\" \/>\n<link rel=\"canonical\" href=\"https:\/\/esment.org\/blogs\/jornada-gastronomica-a-la-finca-publica-galatzo-una-oportunitat-per-coneixer-la-gestio-desment\/\" \/>\n<meta property=\"og:locale\" content=\"es_ES\" \/>\n<meta property=\"og:type\" content=\"article\" \/>\n<meta property=\"og:title\" content=\"Jornada gastron\u00f2mica a la Finca p\u00fablica Galatz\u00f3, una oportunitat per con\u00e8ixer la gesti\u00f3 d&#039;Esment - Blog Comunidad Esment\" \/>\n<meta property=\"og:description\" content=\"La finca p\u00fablica Galatz\u00f3, gestionada des de l&#8217;\u00e0mbit agropecuari per Esment, ser\u00e0 escenari de la jornada gastron\u00f2mica \u00abDe la terra a la cuina\u00bb que se celebr\u00e0 aquest dissabte, 29 de mar\u00e7, a partir de les 11.00 h al cor de la Serra de Tramuntana. L&#8217;objectiu d&#8217;aquesta activitat, organitzada pel Consorci Serra de Tramuntana, \u00e9s posar [&hellip;]\" \/>\n<meta property=\"og:url\" content=\"https:\/\/esment.org\/blogs\/jornada-gastronomica-a-la-finca-publica-galatzo-una-oportunitat-per-coneixer-la-gestio-desment\/\" \/>\n<meta property=\"og:site_name\" content=\"Blog Comunidad Esment\" \/>\n<meta property=\"article:published_time\" content=\"2025-03-28T08:28:25+00:00\" \/>\n<meta property=\"og:image\" content=\"https:\/\/esment.org\/blogs\/wp-content\/uploads\/2025\/03\/galatzo.png\" \/>\n\t<meta property=\"og:image:width\" content=\"573\" \/>\n\t<meta property=\"og:image:height\" content=\"555\" \/>\n\t<meta property=\"og:image:type\" content=\"image\/png\" \/>\n<meta name=\"author\" content=\"Yolanda Tarramera\" \/>\n<meta name=\"twitter:card\" content=\"summary_large_image\" \/>\n<meta name=\"twitter:label1\" content=\"Escrito por\" \/>\n\t<meta name=\"twitter:data1\" content=\"Yolanda Tarramera\" \/>\n\t<meta name=\"twitter:label2\" content=\"Tiempo de lectura\" \/>\n\t<meta name=\"twitter:data2\" content=\"2 minutos\" \/>\n<script type=\"application\/ld+json\" class=\"yoast-schema-graph\">{\"@context\":\"https:\/\/schema.org\",\"@graph\":[{\"@type\":\"Article\",\"@id\":\"https:\/\/esment.org\/blogs\/jornada-gastronomica-a-la-finca-publica-galatzo-una-oportunitat-per-coneixer-la-gestio-desment\/#article\",\"isPartOf\":{\"@id\":\"https:\/\/esment.org\/blogs\/jornada-gastronomica-a-la-finca-publica-galatzo-una-oportunitat-per-coneixer-la-gestio-desment\/\"},\"author\":{\"name\":\"Yolanda Tarramera\",\"@id\":\"https:\/\/esment.org\/blogs\/#\/schema\/person\/d2af4a49059695d7ca3491e0498d6b36\"},\"headline\":\"Jornada gastron\u00f2mica a la Finca p\u00fablica Galatz\u00f3, una oportunitat per con\u00e8ixer la gesti\u00f3 d&#8217;Esment\",\"datePublished\":\"2025-03-28T08:28:25+00:00\",\"mainEntityOfPage\":{\"@id\":\"https:\/\/esment.org\/blogs\/jornada-gastronomica-a-la-finca-publica-galatzo-una-oportunitat-per-coneixer-la-gestio-desment\/\"},\"wordCount\":325,\"commentCount\":0,\"publisher\":{\"@id\":\"https:\/\/esment.org\/blogs\/#organization\"},\"image\":{\"@id\":\"https:\/\/esment.org\/blogs\/jornada-gastronomica-a-la-finca-publica-galatzo-una-oportunitat-per-coneixer-la-gestio-desment\/#primaryimage\"},\"thumbnailUrl\":\"https:\/\/esment.org\/blogs\/wp-content\/uploads\/2025\/03\/galatzo.png\",\"inLanguage\":\"es\",\"potentialAction\":[{\"@type\":\"CommentAction\",\"name\":\"Comment\",\"target\":[\"https:\/\/esment.org\/blogs\/jornada-gastronomica-a-la-finca-publica-galatzo-una-oportunitat-per-coneixer-la-gestio-desment\/#respond\"]}]},{\"@type\":\"WebPage\",\"@id\":\"https:\/\/esment.org\/blogs\/jornada-gastronomica-a-la-finca-publica-galatzo-una-oportunitat-per-coneixer-la-gestio-desment\/\",\"url\":\"https:\/\/esment.org\/blogs\/jornada-gastronomica-a-la-finca-publica-galatzo-una-oportunitat-per-coneixer-la-gestio-desment\/\",\"name\":\"Jornada gastron\u00f2mica a la Finca p\u00fablica Galatz\u00f3, una oportunitat per con\u00e8ixer la gesti\u00f3 d'Esment - Blog Comunidad Esment\",\"isPartOf\":{\"@id\":\"https:\/\/esment.org\/blogs\/#website\"},\"primaryImageOfPage\":{\"@id\":\"https:\/\/esment.org\/blogs\/jornada-gastronomica-a-la-finca-publica-galatzo-una-oportunitat-per-coneixer-la-gestio-desment\/#primaryimage\"},\"image\":{\"@id\":\"https:\/\/esment.org\/blogs\/jornada-gastronomica-a-la-finca-publica-galatzo-una-oportunitat-per-coneixer-la-gestio-desment\/#primaryimage\"},\"thumbnailUrl\":\"https:\/\/esment.org\/blogs\/wp-content\/uploads\/2025\/03\/galatzo.png\",\"datePublished\":\"2025-03-28T08:28:25+00:00\",\"breadcrumb\":{\"@id\":\"https:\/\/esment.org\/blogs\/jornada-gastronomica-a-la-finca-publica-galatzo-una-oportunitat-per-coneixer-la-gestio-desment\/#breadcrumb\"},\"inLanguage\":\"es\",\"potentialAction\":[{\"@type\":\"ReadAction\",\"target\":[\"https:\/\/esment.org\/blogs\/jornada-gastronomica-a-la-finca-publica-galatzo-una-oportunitat-per-coneixer-la-gestio-desment\/\"]}]},{\"@type\":\"ImageObject\",\"inLanguage\":\"es\",\"@id\":\"https:\/\/esment.org\/blogs\/jornada-gastronomica-a-la-finca-publica-galatzo-una-oportunitat-per-coneixer-la-gestio-desment\/#primaryimage\",\"url\":\"https:\/\/esment.org\/blogs\/wp-content\/uploads\/2025\/03\/galatzo.png\",\"contentUrl\":\"https:\/\/esment.org\/blogs\/wp-content\/uploads\/2025\/03\/galatzo.png\",\"width\":573,\"height\":555},{\"@type\":\"BreadcrumbList\",\"@id\":\"https:\/\/esment.org\/blogs\/jornada-gastronomica-a-la-finca-publica-galatzo-una-oportunitat-per-coneixer-la-gestio-desment\/#breadcrumb\",\"itemListElement\":[{\"@type\":\"ListItem\",\"position\":1,\"name\":\"Portada\",\"item\":\"https:\/\/esment.org\/blogs\/\"},{\"@type\":\"ListItem\",\"position\":2,\"name\":\"Jornada gastron\u00f2mica a la Finca p\u00fablica Galatz\u00f3, una oportunitat per con\u00e8ixer la gesti\u00f3 d'Esment\"}]},{\"@type\":\"WebSite\",\"@id\":\"https:\/\/esment.org\/blogs\/#website\",\"url\":\"https:\/\/esment.org\/blogs\/\",\"name\":\"Blog Comunidad Esment\",\"description\":\"Blogs de Esment\",\"publisher\":{\"@id\":\"https:\/\/esment.org\/blogs\/#organization\"},\"potentialAction\":[{\"@type\":\"SearchAction\",\"target\":{\"@type\":\"EntryPoint\",\"urlTemplate\":\"https:\/\/esment.org\/blogs\/?s={search_term_string}\"},\"query-input\":{\"@type\":\"PropertyValueSpecification\",\"valueRequired\":true,\"valueName\":\"search_term_string\"}}],\"inLanguage\":\"es\"},{\"@type\":\"Organization\",\"@id\":\"https:\/\/esment.org\/blogs\/#organization\",\"name\":\"Blog Comunidad Esment\",\"url\":\"https:\/\/esment.org\/blogs\/\",\"logo\":{\"@type\":\"ImageObject\",\"inLanguage\":\"es\",\"@id\":\"https:\/\/esment.org\/blogs\/#\/schema\/logo\/image\/\",\"url\":\"https:\/\/esment.org\/blogs\/wp-content\/uploads\/2020\/10\/logo-header.svg\",\"contentUrl\":\"https:\/\/esment.org\/blogs\/wp-content\/uploads\/2020\/10\/logo-header.svg\",\"caption\":\"Blog Comunidad Esment\"},\"image\":{\"@id\":\"https:\/\/esment.org\/blogs\/#\/schema\/logo\/image\/\"}},{\"@type\":\"Person\",\"@id\":\"https:\/\/esment.org\/blogs\/#\/schema\/person\/d2af4a49059695d7ca3491e0498d6b36\",\"name\":\"Yolanda Tarramera\",\"image\":{\"@type\":\"ImageObject\",\"inLanguage\":\"es\",\"@id\":\"https:\/\/esment.org\/blogs\/#\/schema\/person\/image\/\",\"url\":\"https:\/\/secure.gravatar.com\/avatar\/c93060ec77db68f5fefd782408bed5a5005bb0b119c5ece6cdbf5ad8631c6e5b?s=96&d=mm&r=g\",\"contentUrl\":\"https:\/\/secure.gravatar.com\/avatar\/c93060ec77db68f5fefd782408bed5a5005bb0b119c5ece6cdbf5ad8631c6e5b?s=96&d=mm&r=g\",\"caption\":\"Yolanda Tarramera\"},\"url\":\"https:\/\/esment.org\/blogs\/author\/yolanda-tarramera\/\"}]}<\/script>\n<!-- \/ Yoast SEO plugin. -->","yoast_head_json":{"title":"Jornada gastron\u00f2mica a la Finca p\u00fablica Galatz\u00f3, una oportunitat per con\u00e8ixer la gesti\u00f3 d'Esment - Blog Comunidad Esment","robots":{"index":"index","follow":"follow","max-snippet":"max-snippet:-1","max-image-preview":"max-image-preview:large","max-video-preview":"max-video-preview:-1"},"canonical":"https:\/\/esment.org\/blogs\/jornada-gastronomica-a-la-finca-publica-galatzo-una-oportunitat-per-coneixer-la-gestio-desment\/","og_locale":"es_ES","og_type":"article","og_title":"Jornada gastron\u00f2mica a la Finca p\u00fablica Galatz\u00f3, una oportunitat per con\u00e8ixer la gesti\u00f3 d'Esment - Blog Comunidad Esment","og_description":"La finca p\u00fablica Galatz\u00f3, gestionada des de l&#8217;\u00e0mbit agropecuari per Esment, ser\u00e0 escenari de la jornada gastron\u00f2mica \u00abDe la terra a la cuina\u00bb que se celebr\u00e0 aquest dissabte, 29 de mar\u00e7, a partir de les 11.00 h al cor de la Serra de Tramuntana. L&#8217;objectiu d&#8217;aquesta activitat, organitzada pel Consorci Serra de Tramuntana, \u00e9s posar [&hellip;]","og_url":"https:\/\/esment.org\/blogs\/jornada-gastronomica-a-la-finca-publica-galatzo-una-oportunitat-per-coneixer-la-gestio-desment\/","og_site_name":"Blog Comunidad Esment","article_published_time":"2025-03-28T08:28:25+00:00","og_image":[{"width":573,"height":555,"url":"https:\/\/esment.org\/blogs\/wp-content\/uploads\/2025\/03\/galatzo.png","type":"image\/png"}],"author":"Yolanda Tarramera","twitter_card":"summary_large_image","twitter_misc":{"Escrito por":"Yolanda Tarramera","Tiempo de lectura":"2 minutos"},"schema":{"@context":"https:\/\/schema.org","@graph":[{"@type":"Article","@id":"https:\/\/esment.org\/blogs\/jornada-gastronomica-a-la-finca-publica-galatzo-una-oportunitat-per-coneixer-la-gestio-desment\/#article","isPartOf":{"@id":"https:\/\/esment.org\/blogs\/jornada-gastronomica-a-la-finca-publica-galatzo-una-oportunitat-per-coneixer-la-gestio-desment\/"},"author":{"name":"Yolanda Tarramera","@id":"https:\/\/esment.org\/blogs\/#\/schema\/person\/d2af4a49059695d7ca3491e0498d6b36"},"headline":"Jornada gastron\u00f2mica a la Finca p\u00fablica Galatz\u00f3, una oportunitat per con\u00e8ixer la gesti\u00f3 d&#8217;Esment","datePublished":"2025-03-28T08:28:25+00:00","mainEntityOfPage":{"@id":"https:\/\/esment.org\/blogs\/jornada-gastronomica-a-la-finca-publica-galatzo-una-oportunitat-per-coneixer-la-gestio-desment\/"},"wordCount":325,"commentCount":0,"publisher":{"@id":"https:\/\/esment.org\/blogs\/#organization"},"image":{"@id":"https:\/\/esment.org\/blogs\/jornada-gastronomica-a-la-finca-publica-galatzo-una-oportunitat-per-coneixer-la-gestio-desment\/#primaryimage"},"thumbnailUrl":"https:\/\/esment.org\/blogs\/wp-content\/uploads\/2025\/03\/galatzo.png","inLanguage":"es","potentialAction":[{"@type":"CommentAction","name":"Comment","target":["https:\/\/esment.org\/blogs\/jornada-gastronomica-a-la-finca-publica-galatzo-una-oportunitat-per-coneixer-la-gestio-desment\/#respond"]}]},{"@type":"WebPage","@id":"https:\/\/esment.org\/blogs\/jornada-gastronomica-a-la-finca-publica-galatzo-una-oportunitat-per-coneixer-la-gestio-desment\/","url":"https:\/\/esment.org\/blogs\/jornada-gastronomica-a-la-finca-publica-galatzo-una-oportunitat-per-coneixer-la-gestio-desment\/","name":"Jornada gastron\u00f2mica a la Finca p\u00fablica Galatz\u00f3, una oportunitat per con\u00e8ixer la gesti\u00f3 d'Esment - Blog Comunidad Esment","isPartOf":{"@id":"https:\/\/esment.org\/blogs\/#website"},"primaryImageOfPage":{"@id":"https:\/\/esment.org\/blogs\/jornada-gastronomica-a-la-finca-publica-galatzo-una-oportunitat-per-coneixer-la-gestio-desment\/#primaryimage"},"image":{"@id":"https:\/\/esment.org\/blogs\/jornada-gastronomica-a-la-finca-publica-galatzo-una-oportunitat-per-coneixer-la-gestio-desment\/#primaryimage"},"thumbnailUrl":"https:\/\/esment.org\/blogs\/wp-content\/uploads\/2025\/03\/galatzo.png","datePublished":"2025-03-28T08:28:25+00:00","breadcrumb":{"@id":"https:\/\/esment.org\/blogs\/jornada-gastronomica-a-la-finca-publica-galatzo-una-oportunitat-per-coneixer-la-gestio-desment\/#breadcrumb"},"inLanguage":"es","potentialAction":[{"@type":"ReadAction","target":["https:\/\/esment.org\/blogs\/jornada-gastronomica-a-la-finca-publica-galatzo-una-oportunitat-per-coneixer-la-gestio-desment\/"]}]},{"@type":"ImageObject","inLanguage":"es","@id":"https:\/\/esment.org\/blogs\/jornada-gastronomica-a-la-finca-publica-galatzo-una-oportunitat-per-coneixer-la-gestio-desment\/#primaryimage","url":"https:\/\/esment.org\/blogs\/wp-content\/uploads\/2025\/03\/galatzo.png","contentUrl":"https:\/\/esment.org\/blogs\/wp-content\/uploads\/2025\/03\/galatzo.png","width":573,"height":555},{"@type":"BreadcrumbList","@id":"https:\/\/esment.org\/blogs\/jornada-gastronomica-a-la-finca-publica-galatzo-una-oportunitat-per-coneixer-la-gestio-desment\/#breadcrumb","itemListElement":[{"@type":"ListItem","position":1,"name":"Portada","item":"https:\/\/esment.org\/blogs\/"},{"@type":"ListItem","position":2,"name":"Jornada gastron\u00f2mica a la Finca p\u00fablica Galatz\u00f3, una oportunitat per con\u00e8ixer la gesti\u00f3 d'Esment"}]},{"@type":"WebSite","@id":"https:\/\/esment.org\/blogs\/#website","url":"https:\/\/esment.org\/blogs\/","name":"Blog Comunidad Esment","description":"Blogs de Esment","publisher":{"@id":"https:\/\/esment.org\/blogs\/#organization"},"potentialAction":[{"@type":"SearchAction","target":{"@type":"EntryPoint","urlTemplate":"https:\/\/esment.org\/blogs\/?s={search_term_string}"},"query-input":{"@type":"PropertyValueSpecification","valueRequired":true,"valueName":"search_term_string"}}],"inLanguage":"es"},{"@type":"Organization","@id":"https:\/\/esment.org\/blogs\/#organization","name":"Blog Comunidad Esment","url":"https:\/\/esment.org\/blogs\/","logo":{"@type":"ImageObject","inLanguage":"es","@id":"https:\/\/esment.org\/blogs\/#\/schema\/logo\/image\/","url":"https:\/\/esment.org\/blogs\/wp-content\/uploads\/2020\/10\/logo-header.svg","contentUrl":"https:\/\/esment.org\/blogs\/wp-content\/uploads\/2020\/10\/logo-header.svg","caption":"Blog Comunidad Esment"},"image":{"@id":"https:\/\/esment.org\/blogs\/#\/schema\/logo\/image\/"}},{"@type":"Person","@id":"https:\/\/esment.org\/blogs\/#\/schema\/person\/d2af4a49059695d7ca3491e0498d6b36","name":"Yolanda Tarramera","image":{"@type":"ImageObject","inLanguage":"es","@id":"https:\/\/esment.org\/blogs\/#\/schema\/person\/image\/","url":"https:\/\/secure.gravatar.com\/avatar\/c93060ec77db68f5fefd782408bed5a5005bb0b119c5ece6cdbf5ad8631c6e5b?s=96&d=mm&r=g","contentUrl":"https:\/\/secure.gravatar.com\/avatar\/c93060ec77db68f5fefd782408bed5a5005bb0b119c5ece6cdbf5ad8631c6e5b?s=96&d=mm&r=g","caption":"Yolanda Tarramera"},"url":"https:\/\/esment.org\/blogs\/author\/yolanda-tarramera\/"}]}},"_links":{"self":[{"href":"https:\/\/esment.org\/blogs\/wp-json\/wp\/v2\/posts\/26120","targetHints":{"allow":["GET"]}}],"collection":[{"href":"https:\/\/esment.org\/blogs\/wp-json\/wp\/v2\/posts"}],"about":[{"href":"https:\/\/esment.org\/blogs\/wp-json\/wp\/v2\/types\/post"}],"author":[{"embeddable":true,"href":"https:\/\/esment.org\/blogs\/wp-json\/wp\/v2\/users\/5"}],"replies":[{"embeddable":true,"href":"https:\/\/esment.org\/blogs\/wp-json\/wp\/v2\/comments?post=26120"}],"version-history":[{"count":5,"href":"https:\/\/esment.org\/blogs\/wp-json\/wp\/v2\/posts\/26120\/revisions"}],"predecessor-version":[{"id":26128,"href":"https:\/\/esment.org\/blogs\/wp-json\/wp\/v2\/posts\/26120\/revisions\/26128"}],"wp:featuredmedia":[{"embeddable":true,"href":"https:\/\/esment.org\/blogs\/wp-json\/wp\/v2\/media\/26122"}],"wp:attachment":[{"href":"https:\/\/esment.org\/blogs\/wp-json\/wp\/v2\/media?parent=26120"}],"wp:term":[{"taxonomy":"category","embeddable":true,"href":"https:\/\/esment.org\/blogs\/wp-json\/wp\/v2\/categories?post=26120"},{"taxonomy":"post_tag","embeddable":true,"href":"https:\/\/esment.org\/blogs\/wp-json\/wp\/v2\/tags?post=26120"}],"curies":[{"name":"wp","href":"https:\/\/api.w.org\/{rel}","templated":true}]}}