{"id":26112,"date":"2025-03-26T17:51:03","date_gmt":"2025-03-26T17:51:03","guid":{"rendered":"https:\/\/esment.org\/blogs\/?p=26112"},"modified":"2025-03-26T17:51:03","modified_gmt":"2025-03-26T17:51:03","slug":"vine-a-coneixer-el-nostre-servei-dorientacio-i-oferta-formativa-a-la-ii-fira-de-la-formacio-dinca","status":"publish","type":"post","link":"https:\/\/esment.org\/blogs\/vine-a-coneixer-el-nostre-servei-dorientacio-i-oferta-formativa-a-la-ii-fira-de-la-formacio-dinca\/","title":{"rendered":"Vine a con\u00e8ixer el nostre servei d&#8217;orientaci\u00f3 i oferta formativa a la II Fira de la Formaci\u00f3 d&#8217;Inca"},"content":{"rendered":"<p>El proper dijous, 3 d&#8217;abril, Esment Escola Professional tornar\u00e0 a estar present a la Fira de la Formaci\u00f3 d&#8217;Inca, que enguany celebra la seva segona edici\u00f3 al Quarter General Luque.<\/p>\n<p>Aquesta \u00e9s una bona oportunitat per con\u00e8ixer tota l&#8217;oferta formativa del nostre centre i, en especial, les noves formacions duals i certificats de professionalitat que es duran a terme al centre d&#8217;Esment Inca al llarg de l&#8217;any.<\/p>\n<p>A m\u00e9s, al nostre estand trobareu l&#8217;equip d&#8217;orientadors, docents i alumnes de formaci\u00f3 dual de diverses especialitats, que us explicaran la seva experi\u00e8ncia com a aprenents d&#8217;una metodologia que els permet formar-se mentre treballen en un entorn real i amb un contracte laboral.<\/p>\n<p>Oferim un servei d&#8217;orientaci\u00f3 i acompanyament a la formaci\u00f3 i la inserci\u00f3 laboral, una oferta formativa diversa i acreditable, formaci\u00f3 cont\u00ednua adaptada, i aules i espais innovadors que fomenten l&#8217;aprenentatge. Amb aquesta proposta i un showcooking a c\u00e0rrec dels alumnes de formaci\u00f3 dual de cuina i sala, us esperem a partir de les 9.00 h al nostre estand per con\u00e8ixer per qu\u00e8 som un centre de refer\u00e8ncia en innovaci\u00f3 educativa.<\/p>\n<p><img fetchpriority=\"high\" decoding=\"async\" class=\"alignnone wp-image-26117 size-full\" src=\"https:\/\/esment.org\/blogs\/wp-content\/uploads\/2025\/03\/Captura-de-pantalla-2025-03-26-184316_2.jpg\" alt=\"\" width=\"885\" height=\"817\" srcset=\"https:\/\/esment.org\/blogs\/wp-content\/uploads\/2025\/03\/Captura-de-pantalla-2025-03-26-184316_2.jpg 885w, https:\/\/esment.org\/blogs\/wp-content\/uploads\/2025\/03\/Captura-de-pantalla-2025-03-26-184316_2-300x277.jpg 300w, https:\/\/esment.org\/blogs\/wp-content\/uploads\/2025\/03\/Captura-de-pantalla-2025-03-26-184316_2-768x709.jpg 768w\" sizes=\"(max-width: 885px) 100vw, 885px\" \/><\/p>\n","protected":false},"excerpt":{"rendered":"<p>El proper dijous, 3 d&#8217;abril, Esment Escola Professional tornar\u00e0 a estar present a la Fira de la Formaci\u00f3 d&#8217;Inca, que enguany celebra la seva segona edici\u00f3 al Quarter General Luque. Aquesta \u00e9s una bona oportunitat per con\u00e8ixer tota l&#8217;oferta formativa del nostre centre i, en especial, les noves formacions duals i certificats de professionalitat que [&hellip;]<\/p>\n","protected":false},"author":5,"featured_media":26118,"comment_status":"open","ping_status":"closed","sticky":false,"template":"","format":"standard","meta":{"_acf_changed":false,"footnotes":""},"categories":[1],"tags":[774,805,2235,254,1115],"class_list":["post-26112","post","type-post","status-publish","format-standard","has-post-thumbnail","hentry","category-sin-categoria","tag-esment-escola-professional","tag-fira","tag-formaci","tag-formacio","tag-inca"],"acf":[],"yoast_head":"<!-- This site is optimized with the Yoast SEO plugin v26.4 - https:\/\/yoast.com\/wordpress\/plugins\/seo\/ -->\n<title>Vine a con\u00e8ixer el nostre servei d&#039;orientaci\u00f3 i oferta formativa a la II Fira de la Formaci\u00f3 d&#039;Inca - Blog Comunidad Esment<\/title>\n<meta name=\"robots\" content=\"index, follow, max-snippet:-1, max-image-preview:large, max-video-preview:-1\" \/>\n<link rel=\"canonical\" href=\"https:\/\/esment.org\/blogs\/vine-a-coneixer-el-nostre-servei-dorientacio-i-oferta-formativa-a-la-ii-fira-de-la-formacio-dinca\/\" \/>\n<meta property=\"og:locale\" content=\"es_ES\" \/>\n<meta property=\"og:type\" content=\"article\" \/>\n<meta property=\"og:title\" content=\"Vine a con\u00e8ixer el nostre servei d&#039;orientaci\u00f3 i oferta formativa a la II Fira de la Formaci\u00f3 d&#039;Inca - Blog Comunidad Esment\" \/>\n<meta property=\"og:description\" content=\"El proper dijous, 3 d&#8217;abril, Esment Escola Professional tornar\u00e0 a estar present a la Fira de la Formaci\u00f3 d&#8217;Inca, que enguany celebra la seva segona edici\u00f3 al Quarter General Luque. Aquesta \u00e9s una bona oportunitat per con\u00e8ixer tota l&#8217;oferta formativa del nostre centre i, en especial, les noves formacions duals i certificats de professionalitat que [&hellip;]\" \/>\n<meta property=\"og:url\" content=\"https:\/\/esment.org\/blogs\/vine-a-coneixer-el-nostre-servei-dorientacio-i-oferta-formativa-a-la-ii-fira-de-la-formacio-dinca\/\" \/>\n<meta property=\"og:site_name\" content=\"Blog Comunidad Esment\" \/>\n<meta property=\"article:published_time\" content=\"2025-03-26T17:51:03+00:00\" \/>\n<meta property=\"og:image\" content=\"https:\/\/esment.org\/blogs\/wp-content\/uploads\/2025\/03\/Diseno-sin-titulo-2-1.png\" \/>\n\t<meta property=\"og:image:width\" content=\"1748\" \/>\n\t<meta property=\"og:image:height\" content=\"1240\" \/>\n\t<meta property=\"og:image:type\" content=\"image\/png\" \/>\n<meta name=\"author\" content=\"Yolanda Tarramera\" \/>\n<meta name=\"twitter:card\" content=\"summary_large_image\" \/>\n<meta name=\"twitter:label1\" content=\"Escrito por\" \/>\n\t<meta name=\"twitter:data1\" content=\"Yolanda Tarramera\" \/>\n\t<meta name=\"twitter:label2\" content=\"Tiempo de lectura\" \/>\n\t<meta name=\"twitter:data2\" content=\"2 minutos\" \/>\n<script type=\"application\/ld+json\" class=\"yoast-schema-graph\">{\"@context\":\"https:\/\/schema.org\",\"@graph\":[{\"@type\":\"Article\",\"@id\":\"https:\/\/esment.org\/blogs\/vine-a-coneixer-el-nostre-servei-dorientacio-i-oferta-formativa-a-la-ii-fira-de-la-formacio-dinca\/#article\",\"isPartOf\":{\"@id\":\"https:\/\/esment.org\/blogs\/vine-a-coneixer-el-nostre-servei-dorientacio-i-oferta-formativa-a-la-ii-fira-de-la-formacio-dinca\/\"},\"author\":{\"name\":\"Yolanda Tarramera\",\"@id\":\"https:\/\/esment.org\/blogs\/#\/schema\/person\/d2af4a49059695d7ca3491e0498d6b36\"},\"headline\":\"Vine a con\u00e8ixer el nostre servei d&#8217;orientaci\u00f3 i oferta formativa a la II Fira de la Formaci\u00f3 d&#8217;Inca\",\"datePublished\":\"2025-03-26T17:51:03+00:00\",\"mainEntityOfPage\":{\"@id\":\"https:\/\/esment.org\/blogs\/vine-a-coneixer-el-nostre-servei-dorientacio-i-oferta-formativa-a-la-ii-fira-de-la-formacio-dinca\/\"},\"wordCount\":204,\"commentCount\":0,\"publisher\":{\"@id\":\"https:\/\/esment.org\/blogs\/#organization\"},\"image\":{\"@id\":\"https:\/\/esment.org\/blogs\/vine-a-coneixer-el-nostre-servei-dorientacio-i-oferta-formativa-a-la-ii-fira-de-la-formacio-dinca\/#primaryimage\"},\"thumbnailUrl\":\"https:\/\/esment.org\/blogs\/wp-content\/uploads\/2025\/03\/Diseno-sin-titulo-2-1.png\",\"keywords\":[\"esment escola professional\",\"fira\",\"formaci\",\"formaci\u00f3\",\"Inca\"],\"inLanguage\":\"es\",\"potentialAction\":[{\"@type\":\"CommentAction\",\"name\":\"Comment\",\"target\":[\"https:\/\/esment.org\/blogs\/vine-a-coneixer-el-nostre-servei-dorientacio-i-oferta-formativa-a-la-ii-fira-de-la-formacio-dinca\/#respond\"]}]},{\"@type\":\"WebPage\",\"@id\":\"https:\/\/esment.org\/blogs\/vine-a-coneixer-el-nostre-servei-dorientacio-i-oferta-formativa-a-la-ii-fira-de-la-formacio-dinca\/\",\"url\":\"https:\/\/esment.org\/blogs\/vine-a-coneixer-el-nostre-servei-dorientacio-i-oferta-formativa-a-la-ii-fira-de-la-formacio-dinca\/\",\"name\":\"Vine a con\u00e8ixer el nostre servei d'orientaci\u00f3 i oferta formativa a la II Fira de la Formaci\u00f3 d'Inca - Blog Comunidad Esment\",\"isPartOf\":{\"@id\":\"https:\/\/esment.org\/blogs\/#website\"},\"primaryImageOfPage\":{\"@id\":\"https:\/\/esment.org\/blogs\/vine-a-coneixer-el-nostre-servei-dorientacio-i-oferta-formativa-a-la-ii-fira-de-la-formacio-dinca\/#primaryimage\"},\"image\":{\"@id\":\"https:\/\/esment.org\/blogs\/vine-a-coneixer-el-nostre-servei-dorientacio-i-oferta-formativa-a-la-ii-fira-de-la-formacio-dinca\/#primaryimage\"},\"thumbnailUrl\":\"https:\/\/esment.org\/blogs\/wp-content\/uploads\/2025\/03\/Diseno-sin-titulo-2-1.png\",\"datePublished\":\"2025-03-26T17:51:03+00:00\",\"breadcrumb\":{\"@id\":\"https:\/\/esment.org\/blogs\/vine-a-coneixer-el-nostre-servei-dorientacio-i-oferta-formativa-a-la-ii-fira-de-la-formacio-dinca\/#breadcrumb\"},\"inLanguage\":\"es\",\"potentialAction\":[{\"@type\":\"ReadAction\",\"target\":[\"https:\/\/esment.org\/blogs\/vine-a-coneixer-el-nostre-servei-dorientacio-i-oferta-formativa-a-la-ii-fira-de-la-formacio-dinca\/\"]}]},{\"@type\":\"ImageObject\",\"inLanguage\":\"es\",\"@id\":\"https:\/\/esment.org\/blogs\/vine-a-coneixer-el-nostre-servei-dorientacio-i-oferta-formativa-a-la-ii-fira-de-la-formacio-dinca\/#primaryimage\",\"url\":\"https:\/\/esment.org\/blogs\/wp-content\/uploads\/2025\/03\/Diseno-sin-titulo-2-1.png\",\"contentUrl\":\"https:\/\/esment.org\/blogs\/wp-content\/uploads\/2025\/03\/Diseno-sin-titulo-2-1.png\",\"width\":1748,\"height\":1240},{\"@type\":\"BreadcrumbList\",\"@id\":\"https:\/\/esment.org\/blogs\/vine-a-coneixer-el-nostre-servei-dorientacio-i-oferta-formativa-a-la-ii-fira-de-la-formacio-dinca\/#breadcrumb\",\"itemListElement\":[{\"@type\":\"ListItem\",\"position\":1,\"name\":\"Portada\",\"item\":\"https:\/\/esment.org\/blogs\/\"},{\"@type\":\"ListItem\",\"position\":2,\"name\":\"Vine a con\u00e8ixer el nostre servei d'orientaci\u00f3 i oferta formativa a la II Fira de la Formaci\u00f3 d'Inca\"}]},{\"@type\":\"WebSite\",\"@id\":\"https:\/\/esment.org\/blogs\/#website\",\"url\":\"https:\/\/esment.org\/blogs\/\",\"name\":\"Blog Comunidad Esment\",\"description\":\"Blogs de Esment\",\"publisher\":{\"@id\":\"https:\/\/esment.org\/blogs\/#organization\"},\"potentialAction\":[{\"@type\":\"SearchAction\",\"target\":{\"@type\":\"EntryPoint\",\"urlTemplate\":\"https:\/\/esment.org\/blogs\/?s={search_term_string}\"},\"query-input\":{\"@type\":\"PropertyValueSpecification\",\"valueRequired\":true,\"valueName\":\"search_term_string\"}}],\"inLanguage\":\"es\"},{\"@type\":\"Organization\",\"@id\":\"https:\/\/esment.org\/blogs\/#organization\",\"name\":\"Blog Comunidad Esment\",\"url\":\"https:\/\/esment.org\/blogs\/\",\"logo\":{\"@type\":\"ImageObject\",\"inLanguage\":\"es\",\"@id\":\"https:\/\/esment.org\/blogs\/#\/schema\/logo\/image\/\",\"url\":\"https:\/\/esment.org\/blogs\/wp-content\/uploads\/2020\/10\/logo-header.svg\",\"contentUrl\":\"https:\/\/esment.org\/blogs\/wp-content\/uploads\/2020\/10\/logo-header.svg\",\"caption\":\"Blog Comunidad Esment\"},\"image\":{\"@id\":\"https:\/\/esment.org\/blogs\/#\/schema\/logo\/image\/\"}},{\"@type\":\"Person\",\"@id\":\"https:\/\/esment.org\/blogs\/#\/schema\/person\/d2af4a49059695d7ca3491e0498d6b36\",\"name\":\"Yolanda Tarramera\",\"image\":{\"@type\":\"ImageObject\",\"inLanguage\":\"es\",\"@id\":\"https:\/\/esment.org\/blogs\/#\/schema\/person\/image\/\",\"url\":\"https:\/\/secure.gravatar.com\/avatar\/c93060ec77db68f5fefd782408bed5a5005bb0b119c5ece6cdbf5ad8631c6e5b?s=96&d=mm&r=g\",\"contentUrl\":\"https:\/\/secure.gravatar.com\/avatar\/c93060ec77db68f5fefd782408bed5a5005bb0b119c5ece6cdbf5ad8631c6e5b?s=96&d=mm&r=g\",\"caption\":\"Yolanda Tarramera\"},\"url\":\"https:\/\/esment.org\/blogs\/author\/yolanda-tarramera\/\"}]}<\/script>\n<!-- \/ Yoast SEO plugin. -->","yoast_head_json":{"title":"Vine a con\u00e8ixer el nostre servei d'orientaci\u00f3 i oferta formativa a la II Fira de la Formaci\u00f3 d'Inca - Blog Comunidad Esment","robots":{"index":"index","follow":"follow","max-snippet":"max-snippet:-1","max-image-preview":"max-image-preview:large","max-video-preview":"max-video-preview:-1"},"canonical":"https:\/\/esment.org\/blogs\/vine-a-coneixer-el-nostre-servei-dorientacio-i-oferta-formativa-a-la-ii-fira-de-la-formacio-dinca\/","og_locale":"es_ES","og_type":"article","og_title":"Vine a con\u00e8ixer el nostre servei d'orientaci\u00f3 i oferta formativa a la II Fira de la Formaci\u00f3 d'Inca - Blog Comunidad Esment","og_description":"El proper dijous, 3 d&#8217;abril, Esment Escola Professional tornar\u00e0 a estar present a la Fira de la Formaci\u00f3 d&#8217;Inca, que enguany celebra la seva segona edici\u00f3 al Quarter General Luque. Aquesta \u00e9s una bona oportunitat per con\u00e8ixer tota l&#8217;oferta formativa del nostre centre i, en especial, les noves formacions duals i certificats de professionalitat que [&hellip;]","og_url":"https:\/\/esment.org\/blogs\/vine-a-coneixer-el-nostre-servei-dorientacio-i-oferta-formativa-a-la-ii-fira-de-la-formacio-dinca\/","og_site_name":"Blog Comunidad Esment","article_published_time":"2025-03-26T17:51:03+00:00","og_image":[{"width":1748,"height":1240,"url":"https:\/\/esment.org\/blogs\/wp-content\/uploads\/2025\/03\/Diseno-sin-titulo-2-1.png","type":"image\/png"}],"author":"Yolanda Tarramera","twitter_card":"summary_large_image","twitter_misc":{"Escrito por":"Yolanda Tarramera","Tiempo de lectura":"2 minutos"},"schema":{"@context":"https:\/\/schema.org","@graph":[{"@type":"Article","@id":"https:\/\/esment.org\/blogs\/vine-a-coneixer-el-nostre-servei-dorientacio-i-oferta-formativa-a-la-ii-fira-de-la-formacio-dinca\/#article","isPartOf":{"@id":"https:\/\/esment.org\/blogs\/vine-a-coneixer-el-nostre-servei-dorientacio-i-oferta-formativa-a-la-ii-fira-de-la-formacio-dinca\/"},"author":{"name":"Yolanda Tarramera","@id":"https:\/\/esment.org\/blogs\/#\/schema\/person\/d2af4a49059695d7ca3491e0498d6b36"},"headline":"Vine a con\u00e8ixer el nostre servei d&#8217;orientaci\u00f3 i oferta formativa a la II Fira de la Formaci\u00f3 d&#8217;Inca","datePublished":"2025-03-26T17:51:03+00:00","mainEntityOfPage":{"@id":"https:\/\/esment.org\/blogs\/vine-a-coneixer-el-nostre-servei-dorientacio-i-oferta-formativa-a-la-ii-fira-de-la-formacio-dinca\/"},"wordCount":204,"commentCount":0,"publisher":{"@id":"https:\/\/esment.org\/blogs\/#organization"},"image":{"@id":"https:\/\/esment.org\/blogs\/vine-a-coneixer-el-nostre-servei-dorientacio-i-oferta-formativa-a-la-ii-fira-de-la-formacio-dinca\/#primaryimage"},"thumbnailUrl":"https:\/\/esment.org\/blogs\/wp-content\/uploads\/2025\/03\/Diseno-sin-titulo-2-1.png","keywords":["esment escola professional","fira","formaci","formaci\u00f3","Inca"],"inLanguage":"es","potentialAction":[{"@type":"CommentAction","name":"Comment","target":["https:\/\/esment.org\/blogs\/vine-a-coneixer-el-nostre-servei-dorientacio-i-oferta-formativa-a-la-ii-fira-de-la-formacio-dinca\/#respond"]}]},{"@type":"WebPage","@id":"https:\/\/esment.org\/blogs\/vine-a-coneixer-el-nostre-servei-dorientacio-i-oferta-formativa-a-la-ii-fira-de-la-formacio-dinca\/","url":"https:\/\/esment.org\/blogs\/vine-a-coneixer-el-nostre-servei-dorientacio-i-oferta-formativa-a-la-ii-fira-de-la-formacio-dinca\/","name":"Vine a con\u00e8ixer el nostre servei d'orientaci\u00f3 i oferta formativa a la II Fira de la Formaci\u00f3 d'Inca - Blog Comunidad Esment","isPartOf":{"@id":"https:\/\/esment.org\/blogs\/#website"},"primaryImageOfPage":{"@id":"https:\/\/esment.org\/blogs\/vine-a-coneixer-el-nostre-servei-dorientacio-i-oferta-formativa-a-la-ii-fira-de-la-formacio-dinca\/#primaryimage"},"image":{"@id":"https:\/\/esment.org\/blogs\/vine-a-coneixer-el-nostre-servei-dorientacio-i-oferta-formativa-a-la-ii-fira-de-la-formacio-dinca\/#primaryimage"},"thumbnailUrl":"https:\/\/esment.org\/blogs\/wp-content\/uploads\/2025\/03\/Diseno-sin-titulo-2-1.png","datePublished":"2025-03-26T17:51:03+00:00","breadcrumb":{"@id":"https:\/\/esment.org\/blogs\/vine-a-coneixer-el-nostre-servei-dorientacio-i-oferta-formativa-a-la-ii-fira-de-la-formacio-dinca\/#breadcrumb"},"inLanguage":"es","potentialAction":[{"@type":"ReadAction","target":["https:\/\/esment.org\/blogs\/vine-a-coneixer-el-nostre-servei-dorientacio-i-oferta-formativa-a-la-ii-fira-de-la-formacio-dinca\/"]}]},{"@type":"ImageObject","inLanguage":"es","@id":"https:\/\/esment.org\/blogs\/vine-a-coneixer-el-nostre-servei-dorientacio-i-oferta-formativa-a-la-ii-fira-de-la-formacio-dinca\/#primaryimage","url":"https:\/\/esment.org\/blogs\/wp-content\/uploads\/2025\/03\/Diseno-sin-titulo-2-1.png","contentUrl":"https:\/\/esment.org\/blogs\/wp-content\/uploads\/2025\/03\/Diseno-sin-titulo-2-1.png","width":1748,"height":1240},{"@type":"BreadcrumbList","@id":"https:\/\/esment.org\/blogs\/vine-a-coneixer-el-nostre-servei-dorientacio-i-oferta-formativa-a-la-ii-fira-de-la-formacio-dinca\/#breadcrumb","itemListElement":[{"@type":"ListItem","position":1,"name":"Portada","item":"https:\/\/esment.org\/blogs\/"},{"@type":"ListItem","position":2,"name":"Vine a con\u00e8ixer el nostre servei d'orientaci\u00f3 i oferta formativa a la II Fira de la Formaci\u00f3 d'Inca"}]},{"@type":"WebSite","@id":"https:\/\/esment.org\/blogs\/#website","url":"https:\/\/esment.org\/blogs\/","name":"Blog Comunidad Esment","description":"Blogs de Esment","publisher":{"@id":"https:\/\/esment.org\/blogs\/#organization"},"potentialAction":[{"@type":"SearchAction","target":{"@type":"EntryPoint","urlTemplate":"https:\/\/esment.org\/blogs\/?s={search_term_string}"},"query-input":{"@type":"PropertyValueSpecification","valueRequired":true,"valueName":"search_term_string"}}],"inLanguage":"es"},{"@type":"Organization","@id":"https:\/\/esment.org\/blogs\/#organization","name":"Blog Comunidad Esment","url":"https:\/\/esment.org\/blogs\/","logo":{"@type":"ImageObject","inLanguage":"es","@id":"https:\/\/esment.org\/blogs\/#\/schema\/logo\/image\/","url":"https:\/\/esment.org\/blogs\/wp-content\/uploads\/2020\/10\/logo-header.svg","contentUrl":"https:\/\/esment.org\/blogs\/wp-content\/uploads\/2020\/10\/logo-header.svg","caption":"Blog Comunidad Esment"},"image":{"@id":"https:\/\/esment.org\/blogs\/#\/schema\/logo\/image\/"}},{"@type":"Person","@id":"https:\/\/esment.org\/blogs\/#\/schema\/person\/d2af4a49059695d7ca3491e0498d6b36","name":"Yolanda Tarramera","image":{"@type":"ImageObject","inLanguage":"es","@id":"https:\/\/esment.org\/blogs\/#\/schema\/person\/image\/","url":"https:\/\/secure.gravatar.com\/avatar\/c93060ec77db68f5fefd782408bed5a5005bb0b119c5ece6cdbf5ad8631c6e5b?s=96&d=mm&r=g","contentUrl":"https:\/\/secure.gravatar.com\/avatar\/c93060ec77db68f5fefd782408bed5a5005bb0b119c5ece6cdbf5ad8631c6e5b?s=96&d=mm&r=g","caption":"Yolanda Tarramera"},"url":"https:\/\/esment.org\/blogs\/author\/yolanda-tarramera\/"}]}},"_links":{"self":[{"href":"https:\/\/esment.org\/blogs\/wp-json\/wp\/v2\/posts\/26112","targetHints":{"allow":["GET"]}}],"collection":[{"href":"https:\/\/esment.org\/blogs\/wp-json\/wp\/v2\/posts"}],"about":[{"href":"https:\/\/esment.org\/blogs\/wp-json\/wp\/v2\/types\/post"}],"author":[{"embeddable":true,"href":"https:\/\/esment.org\/blogs\/wp-json\/wp\/v2\/users\/5"}],"replies":[{"embeddable":true,"href":"https:\/\/esment.org\/blogs\/wp-json\/wp\/v2\/comments?post=26112"}],"version-history":[{"count":4,"href":"https:\/\/esment.org\/blogs\/wp-json\/wp\/v2\/posts\/26112\/revisions"}],"predecessor-version":[{"id":26119,"href":"https:\/\/esment.org\/blogs\/wp-json\/wp\/v2\/posts\/26112\/revisions\/26119"}],"wp:featuredmedia":[{"embeddable":true,"href":"https:\/\/esment.org\/blogs\/wp-json\/wp\/v2\/media\/26118"}],"wp:attachment":[{"href":"https:\/\/esment.org\/blogs\/wp-json\/wp\/v2\/media?parent=26112"}],"wp:term":[{"taxonomy":"category","embeddable":true,"href":"https:\/\/esment.org\/blogs\/wp-json\/wp\/v2\/categories?post=26112"},{"taxonomy":"post_tag","embeddable":true,"href":"https:\/\/esment.org\/blogs\/wp-json\/wp\/v2\/tags?post=26112"}],"curies":[{"name":"wp","href":"https:\/\/api.w.org\/{rel}","templated":true}]}}