{"id":26088,"date":"2025-03-20T11:18:56","date_gmt":"2025-03-20T11:18:56","guid":{"rendered":"https:\/\/esment.org\/blogs\/?p=26088"},"modified":"2025-03-20T11:19:29","modified_gmt":"2025-03-20T11:19:29","slug":"sale-al-mercado-la-nueva-anada-de-gallinas-focas","status":"publish","type":"post","link":"https:\/\/esment.org\/blogs\/sale-al-mercado-la-nueva-anada-de-gallinas-focas\/","title":{"rendered":"Sale al mercado la nueva a\u00f1ada de Gallinas &#038; Focas"},"content":{"rendered":"<p>La nueva a\u00f1ada de Gallinas &amp; Focas ya est\u00e1 disponible en el mercado, y lo hace estrenando una etiqueta completamente nueva. La a\u00f1ada del 2021, la \u00faltima embotellada, cuenta con una producci\u00f3n de 9.000 botellas y lo encontrar\u00e9is en nuestros restaurantes y puntos de venta habituales, con distribuci\u00f3n tanto a nivel nacional como internacional.<\/p>\n<p>Esta nueva producci\u00f3n de Gallinas &amp; Focas, vino ecol\u00f3gico elaborado con la variedad local manto negro, es menor que la de otros a\u00f1os debido a varios factores y destaca por su excelente calidad. recordemos que el ese a\u00f1o, las vi\u00f1as se enfrentaron a un verano extremadamente caluroso, con una ola de calor de 17 d\u00edas en la que las temperaturas m\u00e1ximas superaron los 35 grados. Sin embargo, la baja humedad favoreci\u00f3 la calidad de la uva, dando como resultado una vendimia de uva muy sana.<\/p>\n<p>&nbsp;<\/p>\n<p>&nbsp;<\/p>\n","protected":false},"excerpt":{"rendered":"<p>La nueva a\u00f1ada de Gallinas &amp; Focas ya est\u00e1 disponible en el mercado, y lo hace estrenando una etiqueta completamente nueva. La a\u00f1ada del 2021, la \u00faltima embotellada, cuenta con una producci\u00f3n de 9.000 botellas y lo encontrar\u00e9is en nuestros restaurantes y puntos de venta habituales, con distribuci\u00f3n tanto a nivel nacional como internacional. Esta [&hellip;]<\/p>\n","protected":false},"author":5,"featured_media":26089,"comment_status":"open","ping_status":"closed","sticky":false,"template":"","format":"standard","meta":{"_acf_changed":false,"footnotes":""},"categories":[1],"tags":[2232,191,220,2233,474],"class_list":["post-26088","post","type-post","status-publish","format-standard","has-post-thumbnail","hentry","category-sin-categoria","tag-anada","tag-ecologico","tag-gallinas-focas","tag-nueva-etiqueta","tag-vino-ecologico"],"acf":[],"yoast_head":"<!-- This site is optimized with the Yoast SEO plugin v26.4 - https:\/\/yoast.com\/wordpress\/plugins\/seo\/ -->\n<title>Sale al mercado la nueva a\u00f1ada de Gallinas &amp; Focas - Blog Comunidad Esment<\/title>\n<meta name=\"robots\" content=\"index, follow, max-snippet:-1, max-image-preview:large, max-video-preview:-1\" \/>\n<link rel=\"canonical\" href=\"https:\/\/esment.org\/blogs\/sale-al-mercado-la-nueva-anada-de-gallinas-focas\/\" \/>\n<meta property=\"og:locale\" content=\"es_ES\" \/>\n<meta property=\"og:type\" content=\"article\" \/>\n<meta property=\"og:title\" content=\"Sale al mercado la nueva a\u00f1ada de Gallinas &amp; Focas - Blog Comunidad Esment\" \/>\n<meta property=\"og:description\" content=\"La nueva a\u00f1ada de Gallinas &amp; Focas ya est\u00e1 disponible en el mercado, y lo hace estrenando una etiqueta completamente nueva. La a\u00f1ada del 2021, la \u00faltima embotellada, cuenta con una producci\u00f3n de 9.000 botellas y lo encontrar\u00e9is en nuestros restaurantes y puntos de venta habituales, con distribuci\u00f3n tanto a nivel nacional como internacional. Esta [&hellip;]\" \/>\n<meta property=\"og:url\" content=\"https:\/\/esment.org\/blogs\/sale-al-mercado-la-nueva-anada-de-gallinas-focas\/\" \/>\n<meta property=\"og:site_name\" content=\"Blog Comunidad Esment\" \/>\n<meta property=\"article:published_time\" content=\"2025-03-20T11:18:56+00:00\" \/>\n<meta property=\"article:modified_time\" content=\"2025-03-20T11:19:29+00:00\" \/>\n<meta property=\"og:image\" content=\"https:\/\/esment.org\/blogs\/wp-content\/uploads\/2025\/03\/896d2987-bf5a-4b05-b268-2e1499bf1ced.jpg\" \/>\n\t<meta property=\"og:image:width\" content=\"1520\" \/>\n\t<meta property=\"og:image:height\" content=\"1164\" \/>\n\t<meta property=\"og:image:type\" content=\"image\/jpeg\" \/>\n<meta name=\"author\" content=\"Yolanda Tarramera\" \/>\n<meta name=\"twitter:card\" content=\"summary_large_image\" \/>\n<meta name=\"twitter:label1\" content=\"Escrito por\" \/>\n\t<meta name=\"twitter:data1\" content=\"Yolanda Tarramera\" \/>\n\t<meta name=\"twitter:label2\" content=\"Tiempo de lectura\" \/>\n\t<meta name=\"twitter:data2\" content=\"1 minuto\" \/>\n<script type=\"application\/ld+json\" class=\"yoast-schema-graph\">{\"@context\":\"https:\/\/schema.org\",\"@graph\":[{\"@type\":\"Article\",\"@id\":\"https:\/\/esment.org\/blogs\/sale-al-mercado-la-nueva-anada-de-gallinas-focas\/#article\",\"isPartOf\":{\"@id\":\"https:\/\/esment.org\/blogs\/sale-al-mercado-la-nueva-anada-de-gallinas-focas\/\"},\"author\":{\"name\":\"Yolanda Tarramera\",\"@id\":\"https:\/\/esment.org\/blogs\/#\/schema\/person\/d2af4a49059695d7ca3491e0498d6b36\"},\"headline\":\"Sale al mercado la nueva a\u00f1ada de Gallinas &#038; Focas\",\"datePublished\":\"2025-03-20T11:18:56+00:00\",\"dateModified\":\"2025-03-20T11:19:29+00:00\",\"mainEntityOfPage\":{\"@id\":\"https:\/\/esment.org\/blogs\/sale-al-mercado-la-nueva-anada-de-gallinas-focas\/\"},\"wordCount\":159,\"commentCount\":0,\"publisher\":{\"@id\":\"https:\/\/esment.org\/blogs\/#organization\"},\"image\":{\"@id\":\"https:\/\/esment.org\/blogs\/sale-al-mercado-la-nueva-anada-de-gallinas-focas\/#primaryimage\"},\"thumbnailUrl\":\"https:\/\/esment.org\/blogs\/wp-content\/uploads\/2025\/03\/896d2987-bf5a-4b05-b268-2e1499bf1ced.jpg\",\"keywords\":[\"a\u00f1ada\",\"ecol\u00f3gico\",\"Gallinas &amp; Focas\",\"nueva etiqueta\",\"vino ecol\u00f3gico\"],\"inLanguage\":\"es\",\"potentialAction\":[{\"@type\":\"CommentAction\",\"name\":\"Comment\",\"target\":[\"https:\/\/esment.org\/blogs\/sale-al-mercado-la-nueva-anada-de-gallinas-focas\/#respond\"]}]},{\"@type\":\"WebPage\",\"@id\":\"https:\/\/esment.org\/blogs\/sale-al-mercado-la-nueva-anada-de-gallinas-focas\/\",\"url\":\"https:\/\/esment.org\/blogs\/sale-al-mercado-la-nueva-anada-de-gallinas-focas\/\",\"name\":\"Sale al mercado la nueva a\u00f1ada de Gallinas & Focas - Blog Comunidad Esment\",\"isPartOf\":{\"@id\":\"https:\/\/esment.org\/blogs\/#website\"},\"primaryImageOfPage\":{\"@id\":\"https:\/\/esment.org\/blogs\/sale-al-mercado-la-nueva-anada-de-gallinas-focas\/#primaryimage\"},\"image\":{\"@id\":\"https:\/\/esment.org\/blogs\/sale-al-mercado-la-nueva-anada-de-gallinas-focas\/#primaryimage\"},\"thumbnailUrl\":\"https:\/\/esment.org\/blogs\/wp-content\/uploads\/2025\/03\/896d2987-bf5a-4b05-b268-2e1499bf1ced.jpg\",\"datePublished\":\"2025-03-20T11:18:56+00:00\",\"dateModified\":\"2025-03-20T11:19:29+00:00\",\"breadcrumb\":{\"@id\":\"https:\/\/esment.org\/blogs\/sale-al-mercado-la-nueva-anada-de-gallinas-focas\/#breadcrumb\"},\"inLanguage\":\"es\",\"potentialAction\":[{\"@type\":\"ReadAction\",\"target\":[\"https:\/\/esment.org\/blogs\/sale-al-mercado-la-nueva-anada-de-gallinas-focas\/\"]}]},{\"@type\":\"ImageObject\",\"inLanguage\":\"es\",\"@id\":\"https:\/\/esment.org\/blogs\/sale-al-mercado-la-nueva-anada-de-gallinas-focas\/#primaryimage\",\"url\":\"https:\/\/esment.org\/blogs\/wp-content\/uploads\/2025\/03\/896d2987-bf5a-4b05-b268-2e1499bf1ced.jpg\",\"contentUrl\":\"https:\/\/esment.org\/blogs\/wp-content\/uploads\/2025\/03\/896d2987-bf5a-4b05-b268-2e1499bf1ced.jpg\",\"width\":1520,\"height\":1164},{\"@type\":\"BreadcrumbList\",\"@id\":\"https:\/\/esment.org\/blogs\/sale-al-mercado-la-nueva-anada-de-gallinas-focas\/#breadcrumb\",\"itemListElement\":[{\"@type\":\"ListItem\",\"position\":1,\"name\":\"Portada\",\"item\":\"https:\/\/esment.org\/blogs\/\"},{\"@type\":\"ListItem\",\"position\":2,\"name\":\"Sale al mercado la nueva a\u00f1ada de Gallinas &#038; Focas\"}]},{\"@type\":\"WebSite\",\"@id\":\"https:\/\/esment.org\/blogs\/#website\",\"url\":\"https:\/\/esment.org\/blogs\/\",\"name\":\"Blog Comunidad Esment\",\"description\":\"Blogs de Esment\",\"publisher\":{\"@id\":\"https:\/\/esment.org\/blogs\/#organization\"},\"potentialAction\":[{\"@type\":\"SearchAction\",\"target\":{\"@type\":\"EntryPoint\",\"urlTemplate\":\"https:\/\/esment.org\/blogs\/?s={search_term_string}\"},\"query-input\":{\"@type\":\"PropertyValueSpecification\",\"valueRequired\":true,\"valueName\":\"search_term_string\"}}],\"inLanguage\":\"es\"},{\"@type\":\"Organization\",\"@id\":\"https:\/\/esment.org\/blogs\/#organization\",\"name\":\"Blog Comunidad Esment\",\"url\":\"https:\/\/esment.org\/blogs\/\",\"logo\":{\"@type\":\"ImageObject\",\"inLanguage\":\"es\",\"@id\":\"https:\/\/esment.org\/blogs\/#\/schema\/logo\/image\/\",\"url\":\"https:\/\/esment.org\/blogs\/wp-content\/uploads\/2020\/10\/logo-header.svg\",\"contentUrl\":\"https:\/\/esment.org\/blogs\/wp-content\/uploads\/2020\/10\/logo-header.svg\",\"caption\":\"Blog Comunidad Esment\"},\"image\":{\"@id\":\"https:\/\/esment.org\/blogs\/#\/schema\/logo\/image\/\"}},{\"@type\":\"Person\",\"@id\":\"https:\/\/esment.org\/blogs\/#\/schema\/person\/d2af4a49059695d7ca3491e0498d6b36\",\"name\":\"Yolanda Tarramera\",\"image\":{\"@type\":\"ImageObject\",\"inLanguage\":\"es\",\"@id\":\"https:\/\/esment.org\/blogs\/#\/schema\/person\/image\/\",\"url\":\"https:\/\/secure.gravatar.com\/avatar\/c93060ec77db68f5fefd782408bed5a5005bb0b119c5ece6cdbf5ad8631c6e5b?s=96&d=mm&r=g\",\"contentUrl\":\"https:\/\/secure.gravatar.com\/avatar\/c93060ec77db68f5fefd782408bed5a5005bb0b119c5ece6cdbf5ad8631c6e5b?s=96&d=mm&r=g\",\"caption\":\"Yolanda Tarramera\"},\"url\":\"https:\/\/esment.org\/blogs\/author\/yolanda-tarramera\/\"}]}<\/script>\n<!-- \/ Yoast SEO plugin. -->","yoast_head_json":{"title":"Sale al mercado la nueva a\u00f1ada de Gallinas & Focas - Blog Comunidad Esment","robots":{"index":"index","follow":"follow","max-snippet":"max-snippet:-1","max-image-preview":"max-image-preview:large","max-video-preview":"max-video-preview:-1"},"canonical":"https:\/\/esment.org\/blogs\/sale-al-mercado-la-nueva-anada-de-gallinas-focas\/","og_locale":"es_ES","og_type":"article","og_title":"Sale al mercado la nueva a\u00f1ada de Gallinas & Focas - Blog Comunidad Esment","og_description":"La nueva a\u00f1ada de Gallinas &amp; Focas ya est\u00e1 disponible en el mercado, y lo hace estrenando una etiqueta completamente nueva. La a\u00f1ada del 2021, la \u00faltima embotellada, cuenta con una producci\u00f3n de 9.000 botellas y lo encontrar\u00e9is en nuestros restaurantes y puntos de venta habituales, con distribuci\u00f3n tanto a nivel nacional como internacional. Esta [&hellip;]","og_url":"https:\/\/esment.org\/blogs\/sale-al-mercado-la-nueva-anada-de-gallinas-focas\/","og_site_name":"Blog Comunidad Esment","article_published_time":"2025-03-20T11:18:56+00:00","article_modified_time":"2025-03-20T11:19:29+00:00","og_image":[{"width":1520,"height":1164,"url":"https:\/\/esment.org\/blogs\/wp-content\/uploads\/2025\/03\/896d2987-bf5a-4b05-b268-2e1499bf1ced.jpg","type":"image\/jpeg"}],"author":"Yolanda Tarramera","twitter_card":"summary_large_image","twitter_misc":{"Escrito por":"Yolanda Tarramera","Tiempo de lectura":"1 minuto"},"schema":{"@context":"https:\/\/schema.org","@graph":[{"@type":"Article","@id":"https:\/\/esment.org\/blogs\/sale-al-mercado-la-nueva-anada-de-gallinas-focas\/#article","isPartOf":{"@id":"https:\/\/esment.org\/blogs\/sale-al-mercado-la-nueva-anada-de-gallinas-focas\/"},"author":{"name":"Yolanda Tarramera","@id":"https:\/\/esment.org\/blogs\/#\/schema\/person\/d2af4a49059695d7ca3491e0498d6b36"},"headline":"Sale al mercado la nueva a\u00f1ada de Gallinas &#038; Focas","datePublished":"2025-03-20T11:18:56+00:00","dateModified":"2025-03-20T11:19:29+00:00","mainEntityOfPage":{"@id":"https:\/\/esment.org\/blogs\/sale-al-mercado-la-nueva-anada-de-gallinas-focas\/"},"wordCount":159,"commentCount":0,"publisher":{"@id":"https:\/\/esment.org\/blogs\/#organization"},"image":{"@id":"https:\/\/esment.org\/blogs\/sale-al-mercado-la-nueva-anada-de-gallinas-focas\/#primaryimage"},"thumbnailUrl":"https:\/\/esment.org\/blogs\/wp-content\/uploads\/2025\/03\/896d2987-bf5a-4b05-b268-2e1499bf1ced.jpg","keywords":["a\u00f1ada","ecol\u00f3gico","Gallinas &amp; Focas","nueva etiqueta","vino ecol\u00f3gico"],"inLanguage":"es","potentialAction":[{"@type":"CommentAction","name":"Comment","target":["https:\/\/esment.org\/blogs\/sale-al-mercado-la-nueva-anada-de-gallinas-focas\/#respond"]}]},{"@type":"WebPage","@id":"https:\/\/esment.org\/blogs\/sale-al-mercado-la-nueva-anada-de-gallinas-focas\/","url":"https:\/\/esment.org\/blogs\/sale-al-mercado-la-nueva-anada-de-gallinas-focas\/","name":"Sale al mercado la nueva a\u00f1ada de Gallinas & Focas - Blog Comunidad Esment","isPartOf":{"@id":"https:\/\/esment.org\/blogs\/#website"},"primaryImageOfPage":{"@id":"https:\/\/esment.org\/blogs\/sale-al-mercado-la-nueva-anada-de-gallinas-focas\/#primaryimage"},"image":{"@id":"https:\/\/esment.org\/blogs\/sale-al-mercado-la-nueva-anada-de-gallinas-focas\/#primaryimage"},"thumbnailUrl":"https:\/\/esment.org\/blogs\/wp-content\/uploads\/2025\/03\/896d2987-bf5a-4b05-b268-2e1499bf1ced.jpg","datePublished":"2025-03-20T11:18:56+00:00","dateModified":"2025-03-20T11:19:29+00:00","breadcrumb":{"@id":"https:\/\/esment.org\/blogs\/sale-al-mercado-la-nueva-anada-de-gallinas-focas\/#breadcrumb"},"inLanguage":"es","potentialAction":[{"@type":"ReadAction","target":["https:\/\/esment.org\/blogs\/sale-al-mercado-la-nueva-anada-de-gallinas-focas\/"]}]},{"@type":"ImageObject","inLanguage":"es","@id":"https:\/\/esment.org\/blogs\/sale-al-mercado-la-nueva-anada-de-gallinas-focas\/#primaryimage","url":"https:\/\/esment.org\/blogs\/wp-content\/uploads\/2025\/03\/896d2987-bf5a-4b05-b268-2e1499bf1ced.jpg","contentUrl":"https:\/\/esment.org\/blogs\/wp-content\/uploads\/2025\/03\/896d2987-bf5a-4b05-b268-2e1499bf1ced.jpg","width":1520,"height":1164},{"@type":"BreadcrumbList","@id":"https:\/\/esment.org\/blogs\/sale-al-mercado-la-nueva-anada-de-gallinas-focas\/#breadcrumb","itemListElement":[{"@type":"ListItem","position":1,"name":"Portada","item":"https:\/\/esment.org\/blogs\/"},{"@type":"ListItem","position":2,"name":"Sale al mercado la nueva a\u00f1ada de Gallinas &#038; Focas"}]},{"@type":"WebSite","@id":"https:\/\/esment.org\/blogs\/#website","url":"https:\/\/esment.org\/blogs\/","name":"Blog Comunidad Esment","description":"Blogs de Esment","publisher":{"@id":"https:\/\/esment.org\/blogs\/#organization"},"potentialAction":[{"@type":"SearchAction","target":{"@type":"EntryPoint","urlTemplate":"https:\/\/esment.org\/blogs\/?s={search_term_string}"},"query-input":{"@type":"PropertyValueSpecification","valueRequired":true,"valueName":"search_term_string"}}],"inLanguage":"es"},{"@type":"Organization","@id":"https:\/\/esment.org\/blogs\/#organization","name":"Blog Comunidad Esment","url":"https:\/\/esment.org\/blogs\/","logo":{"@type":"ImageObject","inLanguage":"es","@id":"https:\/\/esment.org\/blogs\/#\/schema\/logo\/image\/","url":"https:\/\/esment.org\/blogs\/wp-content\/uploads\/2020\/10\/logo-header.svg","contentUrl":"https:\/\/esment.org\/blogs\/wp-content\/uploads\/2020\/10\/logo-header.svg","caption":"Blog Comunidad Esment"},"image":{"@id":"https:\/\/esment.org\/blogs\/#\/schema\/logo\/image\/"}},{"@type":"Person","@id":"https:\/\/esment.org\/blogs\/#\/schema\/person\/d2af4a49059695d7ca3491e0498d6b36","name":"Yolanda Tarramera","image":{"@type":"ImageObject","inLanguage":"es","@id":"https:\/\/esment.org\/blogs\/#\/schema\/person\/image\/","url":"https:\/\/secure.gravatar.com\/avatar\/c93060ec77db68f5fefd782408bed5a5005bb0b119c5ece6cdbf5ad8631c6e5b?s=96&d=mm&r=g","contentUrl":"https:\/\/secure.gravatar.com\/avatar\/c93060ec77db68f5fefd782408bed5a5005bb0b119c5ece6cdbf5ad8631c6e5b?s=96&d=mm&r=g","caption":"Yolanda Tarramera"},"url":"https:\/\/esment.org\/blogs\/author\/yolanda-tarramera\/"}]}},"_links":{"self":[{"href":"https:\/\/esment.org\/blogs\/wp-json\/wp\/v2\/posts\/26088","targetHints":{"allow":["GET"]}}],"collection":[{"href":"https:\/\/esment.org\/blogs\/wp-json\/wp\/v2\/posts"}],"about":[{"href":"https:\/\/esment.org\/blogs\/wp-json\/wp\/v2\/types\/post"}],"author":[{"embeddable":true,"href":"https:\/\/esment.org\/blogs\/wp-json\/wp\/v2\/users\/5"}],"replies":[{"embeddable":true,"href":"https:\/\/esment.org\/blogs\/wp-json\/wp\/v2\/comments?post=26088"}],"version-history":[{"count":1,"href":"https:\/\/esment.org\/blogs\/wp-json\/wp\/v2\/posts\/26088\/revisions"}],"predecessor-version":[{"id":26090,"href":"https:\/\/esment.org\/blogs\/wp-json\/wp\/v2\/posts\/26088\/revisions\/26090"}],"wp:featuredmedia":[{"embeddable":true,"href":"https:\/\/esment.org\/blogs\/wp-json\/wp\/v2\/media\/26089"}],"wp:attachment":[{"href":"https:\/\/esment.org\/blogs\/wp-json\/wp\/v2\/media?parent=26088"}],"wp:term":[{"taxonomy":"category","embeddable":true,"href":"https:\/\/esment.org\/blogs\/wp-json\/wp\/v2\/categories?post=26088"},{"taxonomy":"post_tag","embeddable":true,"href":"https:\/\/esment.org\/blogs\/wp-json\/wp\/v2\/tags?post=26088"}],"curies":[{"name":"wp","href":"https:\/\/api.w.org\/{rel}","templated":true}]}}