{"id":26005,"date":"2025-03-17T10:40:04","date_gmt":"2025-03-17T10:40:04","guid":{"rendered":"https:\/\/esment.org\/blogs\/?p=26005"},"modified":"2025-07-07T11:12:52","modified_gmt":"2025-07-07T11:12:52","slug":"celebrem-30-anys-de-treball-amb-suport-i-10-anys-desment-escola-professional","status":"publish","type":"post","link":"https:\/\/esment.org\/blogs\/celebrem-30-anys-de-treball-amb-suport-i-10-anys-desment-escola-professional\/","title":{"rendered":"Celebrem 30 anys de treball amb suport i 10 anys d&#8217;Esment Escola Professional"},"content":{"rendered":"<p>Esment ha celebrat el 30\u00e8 aniversari del servei de treball amb suport i el des\u00e8 aniversari d&#8217;Esment Escola Professional.<\/p>\n<p>L&#8217;acte va reunir bona part del sector empresarial balear que col\u00b7labora amb l&#8217;entitat i que confien en les capacitats de les persones i reforcen les seves plantilles fent-les m\u00e9s reponsables, diverses i inclusives.<\/p>\n<p>Durant la jornada es va posar en valor el model i programa formatiu d&#8217;Esment Escola Professional, un centre integrat de formaci\u00f3 dins d&#8217;un entorn empresarial que aquest any commemora el seu des\u00e8 aniversari i que va impulsar per primera vegada a Europa la metodologia de Formaci\u00f3 Dual adaptada per a persones amb discapacitat. La seva directora, M\u00aa Jos\u00e9 Mora, va recordar la presentaci\u00f3 i la import\u00e0ncia de la formaci\u00f3 dual com a porta d&#8217;entrada al mercat laboral i el model educatiu que impulsa el centre, guardonat recentment amb el premi internacional PRIZE a la innovaci\u00f3 educativa.<\/p>\n<p>Juntament amb la formaci\u00f3, Esment afavoreix la inserci\u00f3 de les persones a trav\u00e9s del servei d&#8217;Ocupaci\u00f3 amb Suport, un model que van explicar dues de les seves coordinadores i que facilita la incorporaci\u00f3 de persones amb discapacitat intel\u00b7lectual al mercat laboral ordinari. Un equip de professionals orienta, tutoritza i assessora les persones que busquen feina i les empreses que desitgen incrementar la seva plantilla i contribuir a crear una societat amb m\u00e9s oportunitats per a tothom.<\/p>\n<p>L&#8217;acte va finalitzar mb una taula rodona en la que van participar persones contractades, preparadors laborals i responsables d&#8217;empreses com Cap Rocat, El Corte Ingl\u00e9s i Adelte. A m\u00e9s d&#8217;aquestes, tamb\u00e9 var assistit grups empresarials com Meli\u00e0, Iberostar, Belmond La Residencia, MTS Globe, W2M, Maca de Castro Projects, Trablisa, Universal Hotels, Avoris, Puro Group, Portixol Group, Swissport Handling, Palma Aquarium o Inditex, entre d&#8217;altres.<\/p>\n<p>Dades 2024:<\/p>\n<p>En l&#8217;\u00faltim any, el Servei d&#8217;Inserci\u00f3 Laboral d&#8217;Esment va atendre 383 persones, de les quals el 85% van aconseguir una feina, la majoria amb un contracte fix. El 15% restant es troba actualment en proc\u00e9s d&#8217;orientaci\u00f3 i cerca de feina. Les accions d&#8217;aquest servei estan emmarcades al programa SOIB Concertaci\u00f3 Servei d&#8217;Orientaci\u00f3 per a l&#8217;Ocupaci\u00f3 promogut pel SOIB i amb el cofinan\u00e7ament de la Uni\u00f3 Europea (FSE+).<\/p>\n<p>&nbsp;<\/p>\n<p><img decoding=\"async\" class=\"alignnone wp-image-27122 \" src=\"https:\/\/esment.org\/blogs\/wp-content\/uploads\/2025\/03\/logo-SOIB-150x150.png\" alt=\"\" width=\"71\" height=\"71\" \/>\u00a0 \u00a0 \u00a0 \u00a0 <img decoding=\"async\" class=\"alignnone wp-image-27133\" src=\"https:\/\/esment.org\/blogs\/wp-content\/uploads\/2025\/03\/logo-conselleria-1-300x125.png\" alt=\"\" width=\"106\" height=\"44\" srcset=\"https:\/\/esment.org\/blogs\/wp-content\/uploads\/2025\/03\/logo-conselleria-1-300x125.png 300w, https:\/\/esment.org\/blogs\/wp-content\/uploads\/2025\/03\/logo-conselleria-1-1024x427.png 1024w, https:\/\/esment.org\/blogs\/wp-content\/uploads\/2025\/03\/logo-conselleria-1-768x320.png 768w, https:\/\/esment.org\/blogs\/wp-content\/uploads\/2025\/03\/logo-conselleria-1.png 1418w\" sizes=\"(max-width: 106px) 100vw, 106px\" \/>\u00a0 \u00a0 \u00a0 \u00a0 \u00a0 \u00a0<img decoding=\"async\" class=\"alignnone wp-image-27124 \" src=\"https:\/\/esment.org\/blogs\/wp-content\/uploads\/2025\/03\/logo-ministerio-fondos-europeos-300x56.png\" alt=\"\" width=\"311\" height=\"58\" data-wp-editing=\"1\" srcset=\"https:\/\/esment.org\/blogs\/wp-content\/uploads\/2025\/03\/logo-ministerio-fondos-europeos-300x56.png 300w, https:\/\/esment.org\/blogs\/wp-content\/uploads\/2025\/03\/logo-ministerio-fondos-europeos-1024x191.png 1024w, https:\/\/esment.org\/blogs\/wp-content\/uploads\/2025\/03\/logo-ministerio-fondos-europeos-768x143.png 768w, https:\/\/esment.org\/blogs\/wp-content\/uploads\/2025\/03\/logo-ministerio-fondos-europeos.png 1208w\" sizes=\"(max-width: 311px) 100vw, 311px\" \/><\/p>\n<p><img loading=\"lazy\" decoding=\"async\" class=\"alignnone wp-image-26019 size-full\" src=\"https:\/\/esment.org\/blogs\/wp-content\/uploads\/2025\/03\/6b9988d4-3f98-4fbe-9b38-529ff6a3d9f9-1-scaled-e1742207972229.jpg\" alt=\"\" width=\"1870\" height=\"2040\" srcset=\"https:\/\/esment.org\/blogs\/wp-content\/uploads\/2025\/03\/6b9988d4-3f98-4fbe-9b38-529ff6a3d9f9-1-scaled-e1742207972229.jpg 1870w, https:\/\/esment.org\/blogs\/wp-content\/uploads\/2025\/03\/6b9988d4-3f98-4fbe-9b38-529ff6a3d9f9-1-scaled-e1742207972229-275x300.jpg 275w, https:\/\/esment.org\/blogs\/wp-content\/uploads\/2025\/03\/6b9988d4-3f98-4fbe-9b38-529ff6a3d9f9-1-scaled-e1742207972229-939x1024.jpg 939w, https:\/\/esment.org\/blogs\/wp-content\/uploads\/2025\/03\/6b9988d4-3f98-4fbe-9b38-529ff6a3d9f9-1-scaled-e1742207972229-768x838.jpg 768w, https:\/\/esment.org\/blogs\/wp-content\/uploads\/2025\/03\/6b9988d4-3f98-4fbe-9b38-529ff6a3d9f9-1-scaled-e1742207972229-1408x1536.jpg 1408w\" sizes=\"(max-width: 1870px) 100vw, 1870px\" \/><\/p>\n<p>&nbsp;<\/p>\n<p><img loading=\"lazy\" decoding=\"async\" class=\"alignnone wp-image-26040 size-full\" src=\"https:\/\/esment.org\/blogs\/wp-content\/uploads\/2025\/03\/P1184603-scaled.jpg\" alt=\"\" width=\"2560\" height=\"1707\" srcset=\"https:\/\/esment.org\/blogs\/wp-content\/uploads\/2025\/03\/P1184603-scaled.jpg 2560w, https:\/\/esment.org\/blogs\/wp-content\/uploads\/2025\/03\/P1184603-300x200.jpg 300w, https:\/\/esment.org\/blogs\/wp-content\/uploads\/2025\/03\/P1184603-1024x683.jpg 1024w, https:\/\/esment.org\/blogs\/wp-content\/uploads\/2025\/03\/P1184603-768x512.jpg 768w, https:\/\/esment.org\/blogs\/wp-content\/uploads\/2025\/03\/P1184603-1536x1024.jpg 1536w, https:\/\/esment.org\/blogs\/wp-content\/uploads\/2025\/03\/P1184603-2048x1365.jpg 2048w\" sizes=\"(max-width: 2560px) 100vw, 2560px\" \/><\/p>\n<p><img loading=\"lazy\" decoding=\"async\" class=\"alignnone wp-image-26064 size-full\" src=\"https:\/\/esment.org\/blogs\/wp-content\/uploads\/2025\/03\/30-anos-TAS-3-scaled.jpg\" alt=\"\" width=\"2560\" height=\"1707\" srcset=\"https:\/\/esment.org\/blogs\/wp-content\/uploads\/2025\/03\/30-anos-TAS-3-scaled.jpg 2560w, https:\/\/esment.org\/blogs\/wp-content\/uploads\/2025\/03\/30-anos-TAS-3-300x200.jpg 300w, https:\/\/esment.org\/blogs\/wp-content\/uploads\/2025\/03\/30-anos-TAS-3-1024x683.jpg 1024w, https:\/\/esment.org\/blogs\/wp-content\/uploads\/2025\/03\/30-anos-TAS-3-768x512.jpg 768w, https:\/\/esment.org\/blogs\/wp-content\/uploads\/2025\/03\/30-anos-TAS-3-1536x1024.jpg 1536w, https:\/\/esment.org\/blogs\/wp-content\/uploads\/2025\/03\/30-anos-TAS-3-2048x1365.jpg 2048w\" sizes=\"(max-width: 2560px) 100vw, 2560px\" \/><\/p>\n<p><img loading=\"lazy\" decoding=\"async\" class=\"alignnone wp-image-26065 size-full\" src=\"https:\/\/esment.org\/blogs\/wp-content\/uploads\/2025\/03\/30-anos-TAS-40-scaled.jpg\" alt=\"\" width=\"2560\" height=\"1707\" srcset=\"https:\/\/esment.org\/blogs\/wp-content\/uploads\/2025\/03\/30-anos-TAS-40-scaled.jpg 2560w, https:\/\/esment.org\/blogs\/wp-content\/uploads\/2025\/03\/30-anos-TAS-40-300x200.jpg 300w, https:\/\/esment.org\/blogs\/wp-content\/uploads\/2025\/03\/30-anos-TAS-40-1024x683.jpg 1024w, https:\/\/esment.org\/blogs\/wp-content\/uploads\/2025\/03\/30-anos-TAS-40-768x512.jpg 768w, https:\/\/esment.org\/blogs\/wp-content\/uploads\/2025\/03\/30-anos-TAS-40-1536x1024.jpg 1536w, https:\/\/esment.org\/blogs\/wp-content\/uploads\/2025\/03\/30-anos-TAS-40-2048x1365.jpg 2048w\" sizes=\"(max-width: 2560px) 100vw, 2560px\" \/><\/p>\n<p><img loading=\"lazy\" decoding=\"async\" class=\"alignnone wp-image-26072 size-full\" src=\"https:\/\/esment.org\/blogs\/wp-content\/uploads\/2025\/03\/30-anos-TAS-60-scaled.jpg\" alt=\"\" width=\"2560\" height=\"1707\" srcset=\"https:\/\/esment.org\/blogs\/wp-content\/uploads\/2025\/03\/30-anos-TAS-60-scaled.jpg 2560w, https:\/\/esment.org\/blogs\/wp-content\/uploads\/2025\/03\/30-anos-TAS-60-300x200.jpg 300w, https:\/\/esment.org\/blogs\/wp-content\/uploads\/2025\/03\/30-anos-TAS-60-1024x683.jpg 1024w, https:\/\/esment.org\/blogs\/wp-content\/uploads\/2025\/03\/30-anos-TAS-60-768x512.jpg 768w, https:\/\/esment.org\/blogs\/wp-content\/uploads\/2025\/03\/30-anos-TAS-60-1536x1024.jpg 1536w, https:\/\/esment.org\/blogs\/wp-content\/uploads\/2025\/03\/30-anos-TAS-60-2048x1365.jpg 2048w\" sizes=\"(max-width: 2560px) 100vw, 2560px\" \/><\/p>\n<p><img loading=\"lazy\" decoding=\"async\" class=\"alignnone wp-image-26071 size-full\" src=\"https:\/\/esment.org\/blogs\/wp-content\/uploads\/2025\/03\/30-anos-TAS-58-scaled.jpg\" alt=\"\" width=\"2560\" height=\"1707\" srcset=\"https:\/\/esment.org\/blogs\/wp-content\/uploads\/2025\/03\/30-anos-TAS-58-scaled.jpg 2560w, https:\/\/esment.org\/blogs\/wp-content\/uploads\/2025\/03\/30-anos-TAS-58-300x200.jpg 300w, https:\/\/esment.org\/blogs\/wp-content\/uploads\/2025\/03\/30-anos-TAS-58-1024x683.jpg 1024w, https:\/\/esment.org\/blogs\/wp-content\/uploads\/2025\/03\/30-anos-TAS-58-768x512.jpg 768w, https:\/\/esment.org\/blogs\/wp-content\/uploads\/2025\/03\/30-anos-TAS-58-1536x1024.jpg 1536w, https:\/\/esment.org\/blogs\/wp-content\/uploads\/2025\/03\/30-anos-TAS-58-2048x1365.jpg 2048w\" sizes=\"(max-width: 2560px) 100vw, 2560px\" \/><\/p>\n<p><img loading=\"lazy\" decoding=\"async\" class=\"alignnone wp-image-26070 size-full\" src=\"https:\/\/esment.org\/blogs\/wp-content\/uploads\/2025\/03\/30-anos-TAS-65-scaled.jpg\" alt=\"\" width=\"2560\" height=\"1707\" srcset=\"https:\/\/esment.org\/blogs\/wp-content\/uploads\/2025\/03\/30-anos-TAS-65-scaled.jpg 2560w, https:\/\/esment.org\/blogs\/wp-content\/uploads\/2025\/03\/30-anos-TAS-65-300x200.jpg 300w, https:\/\/esment.org\/blogs\/wp-content\/uploads\/2025\/03\/30-anos-TAS-65-1024x683.jpg 1024w, https:\/\/esment.org\/blogs\/wp-content\/uploads\/2025\/03\/30-anos-TAS-65-768x512.jpg 768w, https:\/\/esment.org\/blogs\/wp-content\/uploads\/2025\/03\/30-anos-TAS-65-1536x1024.jpg 1536w, https:\/\/esment.org\/blogs\/wp-content\/uploads\/2025\/03\/30-anos-TAS-65-2048x1365.jpg 2048w\" sizes=\"(max-width: 2560px) 100vw, 2560px\" \/><\/p>\n<p><img loading=\"lazy\" decoding=\"async\" class=\"alignnone wp-image-26069 size-full\" src=\"https:\/\/esment.org\/blogs\/wp-content\/uploads\/2025\/03\/30-anos-TAS-70-scaled.jpg\" alt=\"\" width=\"2560\" height=\"1707\" srcset=\"https:\/\/esment.org\/blogs\/wp-content\/uploads\/2025\/03\/30-anos-TAS-70-scaled.jpg 2560w, https:\/\/esment.org\/blogs\/wp-content\/uploads\/2025\/03\/30-anos-TAS-70-300x200.jpg 300w, https:\/\/esment.org\/blogs\/wp-content\/uploads\/2025\/03\/30-anos-TAS-70-1024x683.jpg 1024w, https:\/\/esment.org\/blogs\/wp-content\/uploads\/2025\/03\/30-anos-TAS-70-768x512.jpg 768w, https:\/\/esment.org\/blogs\/wp-content\/uploads\/2025\/03\/30-anos-TAS-70-1536x1024.jpg 1536w, https:\/\/esment.org\/blogs\/wp-content\/uploads\/2025\/03\/30-anos-TAS-70-2048x1365.jpg 2048w\" sizes=\"(max-width: 2560px) 100vw, 2560px\" \/><\/p>\n<p><img loading=\"lazy\" decoding=\"async\" class=\"alignnone wp-image-26068 size-full\" src=\"https:\/\/esment.org\/blogs\/wp-content\/uploads\/2025\/03\/30-anos-TAS-59-scaled.jpg\" alt=\"\" width=\"2560\" height=\"1707\" srcset=\"https:\/\/esment.org\/blogs\/wp-content\/uploads\/2025\/03\/30-anos-TAS-59-scaled.jpg 2560w, https:\/\/esment.org\/blogs\/wp-content\/uploads\/2025\/03\/30-anos-TAS-59-300x200.jpg 300w, https:\/\/esment.org\/blogs\/wp-content\/uploads\/2025\/03\/30-anos-TAS-59-1024x683.jpg 1024w, https:\/\/esment.org\/blogs\/wp-content\/uploads\/2025\/03\/30-anos-TAS-59-768x512.jpg 768w, https:\/\/esment.org\/blogs\/wp-content\/uploads\/2025\/03\/30-anos-TAS-59-1536x1024.jpg 1536w, https:\/\/esment.org\/blogs\/wp-content\/uploads\/2025\/03\/30-anos-TAS-59-2048x1365.jpg 2048w\" sizes=\"(max-width: 2560px) 100vw, 2560px\" \/><\/p>\n<p><img loading=\"lazy\" decoding=\"async\" class=\"alignnone wp-image-26067 size-full\" src=\"https:\/\/esment.org\/blogs\/wp-content\/uploads\/2025\/03\/30-anos-TAS-52-scaled.jpg\" alt=\"\" width=\"2560\" height=\"1707\" srcset=\"https:\/\/esment.org\/blogs\/wp-content\/uploads\/2025\/03\/30-anos-TAS-52-scaled.jpg 2560w, https:\/\/esment.org\/blogs\/wp-content\/uploads\/2025\/03\/30-anos-TAS-52-300x200.jpg 300w, https:\/\/esment.org\/blogs\/wp-content\/uploads\/2025\/03\/30-anos-TAS-52-1024x683.jpg 1024w, https:\/\/esment.org\/blogs\/wp-content\/uploads\/2025\/03\/30-anos-TAS-52-768x512.jpg 768w, https:\/\/esment.org\/blogs\/wp-content\/uploads\/2025\/03\/30-anos-TAS-52-1536x1024.jpg 1536w, https:\/\/esment.org\/blogs\/wp-content\/uploads\/2025\/03\/30-anos-TAS-52-2048x1365.jpg 2048w\" sizes=\"(max-width: 2560px) 100vw, 2560px\" \/><\/p>\n<p><img loading=\"lazy\" decoding=\"async\" class=\"alignnone wp-image-26066 size-full\" src=\"https:\/\/esment.org\/blogs\/wp-content\/uploads\/2025\/03\/30-anos-TAS-45-scaled.jpg\" alt=\"\" width=\"2560\" height=\"1707\" srcset=\"https:\/\/esment.org\/blogs\/wp-content\/uploads\/2025\/03\/30-anos-TAS-45-scaled.jpg 2560w, https:\/\/esment.org\/blogs\/wp-content\/uploads\/2025\/03\/30-anos-TAS-45-300x200.jpg 300w, https:\/\/esment.org\/blogs\/wp-content\/uploads\/2025\/03\/30-anos-TAS-45-1024x683.jpg 1024w, https:\/\/esment.org\/blogs\/wp-content\/uploads\/2025\/03\/30-anos-TAS-45-768x512.jpg 768w, https:\/\/esment.org\/blogs\/wp-content\/uploads\/2025\/03\/30-anos-TAS-45-1536x1024.jpg 1536w, https:\/\/esment.org\/blogs\/wp-content\/uploads\/2025\/03\/30-anos-TAS-45-2048x1365.jpg 2048w\" sizes=\"(max-width: 2560px) 100vw, 2560px\" \/><\/p>\n<p><img loading=\"lazy\" decoding=\"async\" class=\"alignnone wp-image-26073 size-full\" src=\"https:\/\/esment.org\/blogs\/wp-content\/uploads\/2025\/03\/30-anos-TAS-8-scaled.jpg\" alt=\"\" width=\"2560\" height=\"1707\" srcset=\"https:\/\/esment.org\/blogs\/wp-content\/uploads\/2025\/03\/30-anos-TAS-8-scaled.jpg 2560w, https:\/\/esment.org\/blogs\/wp-content\/uploads\/2025\/03\/30-anos-TAS-8-300x200.jpg 300w, https:\/\/esment.org\/blogs\/wp-content\/uploads\/2025\/03\/30-anos-TAS-8-1024x683.jpg 1024w, https:\/\/esment.org\/blogs\/wp-content\/uploads\/2025\/03\/30-anos-TAS-8-768x512.jpg 768w, https:\/\/esment.org\/blogs\/wp-content\/uploads\/2025\/03\/30-anos-TAS-8-1536x1024.jpg 1536w, https:\/\/esment.org\/blogs\/wp-content\/uploads\/2025\/03\/30-anos-TAS-8-2048x1365.jpg 2048w\" sizes=\"(max-width: 2560px) 100vw, 2560px\" \/><\/p>\n<p><img loading=\"lazy\" decoding=\"async\" class=\"alignnone wp-image-26075 size-full\" src=\"https:\/\/esment.org\/blogs\/wp-content\/uploads\/2025\/03\/30-anos-TAS-54-scaled.jpg\" alt=\"\" width=\"2560\" height=\"1707\" srcset=\"https:\/\/esment.org\/blogs\/wp-content\/uploads\/2025\/03\/30-anos-TAS-54-scaled.jpg 2560w, https:\/\/esment.org\/blogs\/wp-content\/uploads\/2025\/03\/30-anos-TAS-54-300x200.jpg 300w, https:\/\/esment.org\/blogs\/wp-content\/uploads\/2025\/03\/30-anos-TAS-54-1024x683.jpg 1024w, https:\/\/esment.org\/blogs\/wp-content\/uploads\/2025\/03\/30-anos-TAS-54-768x512.jpg 768w, https:\/\/esment.org\/blogs\/wp-content\/uploads\/2025\/03\/30-anos-TAS-54-1536x1024.jpg 1536w, https:\/\/esment.org\/blogs\/wp-content\/uploads\/2025\/03\/30-anos-TAS-54-2048x1365.jpg 2048w\" sizes=\"(max-width: 2560px) 100vw, 2560px\" \/><\/p>\n<p>&nbsp;<\/p>\n<p>&nbsp;<\/p>\n<p><img loading=\"lazy\" decoding=\"async\" class=\"alignnone wp-image-26009 size-full\" src=\"https:\/\/esment.org\/blogs\/wp-content\/uploads\/2025\/03\/7f01fc20-8e6f-464f-814e-afd2fee42d58-scaled.jpg\" alt=\"\" width=\"2560\" height=\"2151\" srcset=\"https:\/\/esment.org\/blogs\/wp-content\/uploads\/2025\/03\/7f01fc20-8e6f-464f-814e-afd2fee42d58-scaled.jpg 2560w, https:\/\/esment.org\/blogs\/wp-content\/uploads\/2025\/03\/7f01fc20-8e6f-464f-814e-afd2fee42d58-300x252.jpg 300w, https:\/\/esment.org\/blogs\/wp-content\/uploads\/2025\/03\/7f01fc20-8e6f-464f-814e-afd2fee42d58-1024x860.jpg 1024w, https:\/\/esment.org\/blogs\/wp-content\/uploads\/2025\/03\/7f01fc20-8e6f-464f-814e-afd2fee42d58-768x645.jpg 768w, https:\/\/esment.org\/blogs\/wp-content\/uploads\/2025\/03\/7f01fc20-8e6f-464f-814e-afd2fee42d58-1536x1290.jpg 1536w, https:\/\/esment.org\/blogs\/wp-content\/uploads\/2025\/03\/7f01fc20-8e6f-464f-814e-afd2fee42d58-2048x1721.jpg 2048w\" sizes=\"(max-width: 2560px) 100vw, 2560px\" \/><\/p>\n<p><img loading=\"lazy\" decoding=\"async\" class=\"alignnone wp-image-26013 size-full\" src=\"https:\/\/esment.org\/blogs\/wp-content\/uploads\/2025\/03\/2cfd1aa3-787d-48ea-94f1-1e7bb99b8806-scaled.jpg\" alt=\"\" width=\"2560\" height=\"1920\" srcset=\"https:\/\/esment.org\/blogs\/wp-content\/uploads\/2025\/03\/2cfd1aa3-787d-48ea-94f1-1e7bb99b8806-scaled.jpg 2560w, https:\/\/esment.org\/blogs\/wp-content\/uploads\/2025\/03\/2cfd1aa3-787d-48ea-94f1-1e7bb99b8806-300x225.jpg 300w, https:\/\/esment.org\/blogs\/wp-content\/uploads\/2025\/03\/2cfd1aa3-787d-48ea-94f1-1e7bb99b8806-1024x768.jpg 1024w, https:\/\/esment.org\/blogs\/wp-content\/uploads\/2025\/03\/2cfd1aa3-787d-48ea-94f1-1e7bb99b8806-768x576.jpg 768w, https:\/\/esment.org\/blogs\/wp-content\/uploads\/2025\/03\/2cfd1aa3-787d-48ea-94f1-1e7bb99b8806-1536x1152.jpg 1536w, https:\/\/esment.org\/blogs\/wp-content\/uploads\/2025\/03\/2cfd1aa3-787d-48ea-94f1-1e7bb99b8806-2048x1536.jpg 2048w\" sizes=\"(max-width: 2560px) 100vw, 2560px\" \/><\/p>\n<p><img loading=\"lazy\" decoding=\"async\" class=\"alignnone wp-image-26014 size-full\" src=\"https:\/\/esment.org\/blogs\/wp-content\/uploads\/2025\/03\/99af63ba-3def-49f7-a6ba-4db1881cb6e0-scaled.jpg\" alt=\"\" width=\"2560\" height=\"1920\" srcset=\"https:\/\/esment.org\/blogs\/wp-content\/uploads\/2025\/03\/99af63ba-3def-49f7-a6ba-4db1881cb6e0-scaled.jpg 2560w, https:\/\/esment.org\/blogs\/wp-content\/uploads\/2025\/03\/99af63ba-3def-49f7-a6ba-4db1881cb6e0-300x225.jpg 300w, https:\/\/esment.org\/blogs\/wp-content\/uploads\/2025\/03\/99af63ba-3def-49f7-a6ba-4db1881cb6e0-1024x768.jpg 1024w, https:\/\/esment.org\/blogs\/wp-content\/uploads\/2025\/03\/99af63ba-3def-49f7-a6ba-4db1881cb6e0-768x576.jpg 768w, https:\/\/esment.org\/blogs\/wp-content\/uploads\/2025\/03\/99af63ba-3def-49f7-a6ba-4db1881cb6e0-1536x1152.jpg 1536w, https:\/\/esment.org\/blogs\/wp-content\/uploads\/2025\/03\/99af63ba-3def-49f7-a6ba-4db1881cb6e0-2048x1536.jpg 2048w\" sizes=\"(max-width: 2560px) 100vw, 2560px\" \/><\/p>\n<p><img loading=\"lazy\" decoding=\"async\" class=\"alignnone wp-image-26074 size-full\" src=\"https:\/\/esment.org\/blogs\/wp-content\/uploads\/2025\/03\/30-anos-TAS-80-scaled.jpg\" alt=\"\" width=\"2560\" height=\"1440\" srcset=\"https:\/\/esment.org\/blogs\/wp-content\/uploads\/2025\/03\/30-anos-TAS-80-scaled.jpg 2560w, https:\/\/esment.org\/blogs\/wp-content\/uploads\/2025\/03\/30-anos-TAS-80-300x169.jpg 300w, https:\/\/esment.org\/blogs\/wp-content\/uploads\/2025\/03\/30-anos-TAS-80-1024x576.jpg 1024w, https:\/\/esment.org\/blogs\/wp-content\/uploads\/2025\/03\/30-anos-TAS-80-768x432.jpg 768w, https:\/\/esment.org\/blogs\/wp-content\/uploads\/2025\/03\/30-anos-TAS-80-1536x864.jpg 1536w, https:\/\/esment.org\/blogs\/wp-content\/uploads\/2025\/03\/30-anos-TAS-80-2048x1152.jpg 2048w\" sizes=\"(max-width: 2560px) 100vw, 2560px\" \/><\/p>\n","protected":false},"excerpt":{"rendered":"<p>Esment ha celebrat el 30\u00e8 aniversari del servei de treball amb suport i el des\u00e8 aniversari d&#8217;Esment Escola Professional. L&#8217;acte va reunir bona part del sector empresarial balear que col\u00b7labora amb l&#8217;entitat i que confien en les capacitats de les persones i reforcen les seves plantilles fent-les m\u00e9s reponsables, diverses i inclusives. Durant la jornada [&hellip;]<\/p>\n","protected":false},"author":5,"featured_media":26015,"comment_status":"open","ping_status":"closed","sticky":false,"template":"","format":"standard","meta":{"_acf_changed":false,"footnotes":""},"categories":[1],"tags":[],"class_list":["post-26005","post","type-post","status-publish","format-standard","has-post-thumbnail","hentry","category-sin-categoria"],"acf":[],"yoast_head":"<!-- This site is optimized with the Yoast SEO plugin v26.4 - https:\/\/yoast.com\/wordpress\/plugins\/seo\/ -->\n<title>Celebrem 30 anys de treball amb suport i 10 anys d&#039;Esment Escola Professional - Blog Comunidad Esment<\/title>\n<meta name=\"robots\" content=\"index, follow, max-snippet:-1, max-image-preview:large, max-video-preview:-1\" \/>\n<link rel=\"canonical\" href=\"https:\/\/esment.org\/blogs\/celebrem-30-anys-de-treball-amb-suport-i-10-anys-desment-escola-professional\/\" \/>\n<meta property=\"og:locale\" content=\"es_ES\" \/>\n<meta property=\"og:type\" content=\"article\" \/>\n<meta property=\"og:title\" content=\"Celebrem 30 anys de treball amb suport i 10 anys d&#039;Esment Escola Professional - Blog Comunidad Esment\" \/>\n<meta property=\"og:description\" content=\"Esment ha celebrat el 30\u00e8 aniversari del servei de treball amb suport i el des\u00e8 aniversari d&#8217;Esment Escola Professional. L&#8217;acte va reunir bona part del sector empresarial balear que col\u00b7labora amb l&#8217;entitat i que confien en les capacitats de les persones i reforcen les seves plantilles fent-les m\u00e9s reponsables, diverses i inclusives. Durant la jornada [&hellip;]\" \/>\n<meta property=\"og:url\" content=\"https:\/\/esment.org\/blogs\/celebrem-30-anys-de-treball-amb-suport-i-10-anys-desment-escola-professional\/\" \/>\n<meta property=\"og:site_name\" content=\"Blog Comunidad Esment\" \/>\n<meta property=\"article:published_time\" content=\"2025-03-17T10:40:04+00:00\" \/>\n<meta property=\"article:modified_time\" content=\"2025-07-07T11:12:52+00:00\" \/>\n<meta property=\"og:image\" content=\"https:\/\/esment.org\/blogs\/wp-content\/uploads\/2025\/03\/9c9dfa58-8987-4dbc-acf0-f7c9cf19c3f9-scaled.jpg\" \/>\n\t<meta property=\"og:image:width\" content=\"2560\" \/>\n\t<meta property=\"og:image:height\" content=\"1920\" \/>\n\t<meta property=\"og:image:type\" content=\"image\/jpeg\" \/>\n<meta name=\"author\" content=\"Yolanda Tarramera\" \/>\n<meta name=\"twitter:card\" content=\"summary_large_image\" \/>\n<meta name=\"twitter:label1\" content=\"Escrito por\" \/>\n\t<meta name=\"twitter:data1\" content=\"Yolanda Tarramera\" \/>\n\t<meta name=\"twitter:label2\" content=\"Tiempo de lectura\" \/>\n\t<meta name=\"twitter:data2\" content=\"6 minutos\" \/>\n<script type=\"application\/ld+json\" class=\"yoast-schema-graph\">{\"@context\":\"https:\/\/schema.org\",\"@graph\":[{\"@type\":\"Article\",\"@id\":\"https:\/\/esment.org\/blogs\/celebrem-30-anys-de-treball-amb-suport-i-10-anys-desment-escola-professional\/#article\",\"isPartOf\":{\"@id\":\"https:\/\/esment.org\/blogs\/celebrem-30-anys-de-treball-amb-suport-i-10-anys-desment-escola-professional\/\"},\"author\":{\"name\":\"Yolanda Tarramera\",\"@id\":\"https:\/\/esment.org\/blogs\/#\/schema\/person\/d2af4a49059695d7ca3491e0498d6b36\"},\"headline\":\"Celebrem 30 anys de treball amb suport i 10 anys d&#8217;Esment Escola Professional\",\"datePublished\":\"2025-03-17T10:40:04+00:00\",\"dateModified\":\"2025-07-07T11:12:52+00:00\",\"mainEntityOfPage\":{\"@id\":\"https:\/\/esment.org\/blogs\/celebrem-30-anys-de-treball-amb-suport-i-10-anys-desment-escola-professional\/\"},\"wordCount\":379,\"commentCount\":0,\"publisher\":{\"@id\":\"https:\/\/esment.org\/blogs\/#organization\"},\"image\":{\"@id\":\"https:\/\/esment.org\/blogs\/celebrem-30-anys-de-treball-amb-suport-i-10-anys-desment-escola-professional\/#primaryimage\"},\"thumbnailUrl\":\"https:\/\/esment.org\/blogs\/wp-content\/uploads\/2025\/03\/9c9dfa58-8987-4dbc-acf0-f7c9cf19c3f9-scaled.jpg\",\"inLanguage\":\"es\",\"potentialAction\":[{\"@type\":\"CommentAction\",\"name\":\"Comment\",\"target\":[\"https:\/\/esment.org\/blogs\/celebrem-30-anys-de-treball-amb-suport-i-10-anys-desment-escola-professional\/#respond\"]}]},{\"@type\":\"WebPage\",\"@id\":\"https:\/\/esment.org\/blogs\/celebrem-30-anys-de-treball-amb-suport-i-10-anys-desment-escola-professional\/\",\"url\":\"https:\/\/esment.org\/blogs\/celebrem-30-anys-de-treball-amb-suport-i-10-anys-desment-escola-professional\/\",\"name\":\"Celebrem 30 anys de treball amb suport i 10 anys d'Esment Escola Professional - Blog Comunidad Esment\",\"isPartOf\":{\"@id\":\"https:\/\/esment.org\/blogs\/#website\"},\"primaryImageOfPage\":{\"@id\":\"https:\/\/esment.org\/blogs\/celebrem-30-anys-de-treball-amb-suport-i-10-anys-desment-escola-professional\/#primaryimage\"},\"image\":{\"@id\":\"https:\/\/esment.org\/blogs\/celebrem-30-anys-de-treball-amb-suport-i-10-anys-desment-escola-professional\/#primaryimage\"},\"thumbnailUrl\":\"https:\/\/esment.org\/blogs\/wp-content\/uploads\/2025\/03\/9c9dfa58-8987-4dbc-acf0-f7c9cf19c3f9-scaled.jpg\",\"datePublished\":\"2025-03-17T10:40:04+00:00\",\"dateModified\":\"2025-07-07T11:12:52+00:00\",\"breadcrumb\":{\"@id\":\"https:\/\/esment.org\/blogs\/celebrem-30-anys-de-treball-amb-suport-i-10-anys-desment-escola-professional\/#breadcrumb\"},\"inLanguage\":\"es\",\"potentialAction\":[{\"@type\":\"ReadAction\",\"target\":[\"https:\/\/esment.org\/blogs\/celebrem-30-anys-de-treball-amb-suport-i-10-anys-desment-escola-professional\/\"]}]},{\"@type\":\"ImageObject\",\"inLanguage\":\"es\",\"@id\":\"https:\/\/esment.org\/blogs\/celebrem-30-anys-de-treball-amb-suport-i-10-anys-desment-escola-professional\/#primaryimage\",\"url\":\"https:\/\/esment.org\/blogs\/wp-content\/uploads\/2025\/03\/9c9dfa58-8987-4dbc-acf0-f7c9cf19c3f9-scaled.jpg\",\"contentUrl\":\"https:\/\/esment.org\/blogs\/wp-content\/uploads\/2025\/03\/9c9dfa58-8987-4dbc-acf0-f7c9cf19c3f9-scaled.jpg\",\"width\":2560,\"height\":1920},{\"@type\":\"BreadcrumbList\",\"@id\":\"https:\/\/esment.org\/blogs\/celebrem-30-anys-de-treball-amb-suport-i-10-anys-desment-escola-professional\/#breadcrumb\",\"itemListElement\":[{\"@type\":\"ListItem\",\"position\":1,\"name\":\"Portada\",\"item\":\"https:\/\/esment.org\/blogs\/\"},{\"@type\":\"ListItem\",\"position\":2,\"name\":\"Celebrem 30 anys de treball amb suport i 10 anys d'Esment Escola Professional\"}]},{\"@type\":\"WebSite\",\"@id\":\"https:\/\/esment.org\/blogs\/#website\",\"url\":\"https:\/\/esment.org\/blogs\/\",\"name\":\"Blog Comunidad Esment\",\"description\":\"Blogs de Esment\",\"publisher\":{\"@id\":\"https:\/\/esment.org\/blogs\/#organization\"},\"potentialAction\":[{\"@type\":\"SearchAction\",\"target\":{\"@type\":\"EntryPoint\",\"urlTemplate\":\"https:\/\/esment.org\/blogs\/?s={search_term_string}\"},\"query-input\":{\"@type\":\"PropertyValueSpecification\",\"valueRequired\":true,\"valueName\":\"search_term_string\"}}],\"inLanguage\":\"es\"},{\"@type\":\"Organization\",\"@id\":\"https:\/\/esment.org\/blogs\/#organization\",\"name\":\"Blog Comunidad Esment\",\"url\":\"https:\/\/esment.org\/blogs\/\",\"logo\":{\"@type\":\"ImageObject\",\"inLanguage\":\"es\",\"@id\":\"https:\/\/esment.org\/blogs\/#\/schema\/logo\/image\/\",\"url\":\"https:\/\/esment.org\/blogs\/wp-content\/uploads\/2020\/10\/logo-header.svg\",\"contentUrl\":\"https:\/\/esment.org\/blogs\/wp-content\/uploads\/2020\/10\/logo-header.svg\",\"caption\":\"Blog Comunidad Esment\"},\"image\":{\"@id\":\"https:\/\/esment.org\/blogs\/#\/schema\/logo\/image\/\"}},{\"@type\":\"Person\",\"@id\":\"https:\/\/esment.org\/blogs\/#\/schema\/person\/d2af4a49059695d7ca3491e0498d6b36\",\"name\":\"Yolanda Tarramera\",\"image\":{\"@type\":\"ImageObject\",\"inLanguage\":\"es\",\"@id\":\"https:\/\/esment.org\/blogs\/#\/schema\/person\/image\/\",\"url\":\"https:\/\/secure.gravatar.com\/avatar\/c93060ec77db68f5fefd782408bed5a5005bb0b119c5ece6cdbf5ad8631c6e5b?s=96&d=mm&r=g\",\"contentUrl\":\"https:\/\/secure.gravatar.com\/avatar\/c93060ec77db68f5fefd782408bed5a5005bb0b119c5ece6cdbf5ad8631c6e5b?s=96&d=mm&r=g\",\"caption\":\"Yolanda Tarramera\"},\"url\":\"https:\/\/esment.org\/blogs\/author\/yolanda-tarramera\/\"}]}<\/script>\n<!-- \/ Yoast SEO plugin. -->","yoast_head_json":{"title":"Celebrem 30 anys de treball amb suport i 10 anys d'Esment Escola Professional - Blog Comunidad Esment","robots":{"index":"index","follow":"follow","max-snippet":"max-snippet:-1","max-image-preview":"max-image-preview:large","max-video-preview":"max-video-preview:-1"},"canonical":"https:\/\/esment.org\/blogs\/celebrem-30-anys-de-treball-amb-suport-i-10-anys-desment-escola-professional\/","og_locale":"es_ES","og_type":"article","og_title":"Celebrem 30 anys de treball amb suport i 10 anys d'Esment Escola Professional - Blog Comunidad Esment","og_description":"Esment ha celebrat el 30\u00e8 aniversari del servei de treball amb suport i el des\u00e8 aniversari d&#8217;Esment Escola Professional. L&#8217;acte va reunir bona part del sector empresarial balear que col\u00b7labora amb l&#8217;entitat i que confien en les capacitats de les persones i reforcen les seves plantilles fent-les m\u00e9s reponsables, diverses i inclusives. Durant la jornada [&hellip;]","og_url":"https:\/\/esment.org\/blogs\/celebrem-30-anys-de-treball-amb-suport-i-10-anys-desment-escola-professional\/","og_site_name":"Blog Comunidad Esment","article_published_time":"2025-03-17T10:40:04+00:00","article_modified_time":"2025-07-07T11:12:52+00:00","og_image":[{"width":2560,"height":1920,"url":"https:\/\/esment.org\/blogs\/wp-content\/uploads\/2025\/03\/9c9dfa58-8987-4dbc-acf0-f7c9cf19c3f9-scaled.jpg","type":"image\/jpeg"}],"author":"Yolanda Tarramera","twitter_card":"summary_large_image","twitter_misc":{"Escrito por":"Yolanda Tarramera","Tiempo de lectura":"6 minutos"},"schema":{"@context":"https:\/\/schema.org","@graph":[{"@type":"Article","@id":"https:\/\/esment.org\/blogs\/celebrem-30-anys-de-treball-amb-suport-i-10-anys-desment-escola-professional\/#article","isPartOf":{"@id":"https:\/\/esment.org\/blogs\/celebrem-30-anys-de-treball-amb-suport-i-10-anys-desment-escola-professional\/"},"author":{"name":"Yolanda Tarramera","@id":"https:\/\/esment.org\/blogs\/#\/schema\/person\/d2af4a49059695d7ca3491e0498d6b36"},"headline":"Celebrem 30 anys de treball amb suport i 10 anys d&#8217;Esment Escola Professional","datePublished":"2025-03-17T10:40:04+00:00","dateModified":"2025-07-07T11:12:52+00:00","mainEntityOfPage":{"@id":"https:\/\/esment.org\/blogs\/celebrem-30-anys-de-treball-amb-suport-i-10-anys-desment-escola-professional\/"},"wordCount":379,"commentCount":0,"publisher":{"@id":"https:\/\/esment.org\/blogs\/#organization"},"image":{"@id":"https:\/\/esment.org\/blogs\/celebrem-30-anys-de-treball-amb-suport-i-10-anys-desment-escola-professional\/#primaryimage"},"thumbnailUrl":"https:\/\/esment.org\/blogs\/wp-content\/uploads\/2025\/03\/9c9dfa58-8987-4dbc-acf0-f7c9cf19c3f9-scaled.jpg","inLanguage":"es","potentialAction":[{"@type":"CommentAction","name":"Comment","target":["https:\/\/esment.org\/blogs\/celebrem-30-anys-de-treball-amb-suport-i-10-anys-desment-escola-professional\/#respond"]}]},{"@type":"WebPage","@id":"https:\/\/esment.org\/blogs\/celebrem-30-anys-de-treball-amb-suport-i-10-anys-desment-escola-professional\/","url":"https:\/\/esment.org\/blogs\/celebrem-30-anys-de-treball-amb-suport-i-10-anys-desment-escola-professional\/","name":"Celebrem 30 anys de treball amb suport i 10 anys d'Esment Escola Professional - Blog Comunidad Esment","isPartOf":{"@id":"https:\/\/esment.org\/blogs\/#website"},"primaryImageOfPage":{"@id":"https:\/\/esment.org\/blogs\/celebrem-30-anys-de-treball-amb-suport-i-10-anys-desment-escola-professional\/#primaryimage"},"image":{"@id":"https:\/\/esment.org\/blogs\/celebrem-30-anys-de-treball-amb-suport-i-10-anys-desment-escola-professional\/#primaryimage"},"thumbnailUrl":"https:\/\/esment.org\/blogs\/wp-content\/uploads\/2025\/03\/9c9dfa58-8987-4dbc-acf0-f7c9cf19c3f9-scaled.jpg","datePublished":"2025-03-17T10:40:04+00:00","dateModified":"2025-07-07T11:12:52+00:00","breadcrumb":{"@id":"https:\/\/esment.org\/blogs\/celebrem-30-anys-de-treball-amb-suport-i-10-anys-desment-escola-professional\/#breadcrumb"},"inLanguage":"es","potentialAction":[{"@type":"ReadAction","target":["https:\/\/esment.org\/blogs\/celebrem-30-anys-de-treball-amb-suport-i-10-anys-desment-escola-professional\/"]}]},{"@type":"ImageObject","inLanguage":"es","@id":"https:\/\/esment.org\/blogs\/celebrem-30-anys-de-treball-amb-suport-i-10-anys-desment-escola-professional\/#primaryimage","url":"https:\/\/esment.org\/blogs\/wp-content\/uploads\/2025\/03\/9c9dfa58-8987-4dbc-acf0-f7c9cf19c3f9-scaled.jpg","contentUrl":"https:\/\/esment.org\/blogs\/wp-content\/uploads\/2025\/03\/9c9dfa58-8987-4dbc-acf0-f7c9cf19c3f9-scaled.jpg","width":2560,"height":1920},{"@type":"BreadcrumbList","@id":"https:\/\/esment.org\/blogs\/celebrem-30-anys-de-treball-amb-suport-i-10-anys-desment-escola-professional\/#breadcrumb","itemListElement":[{"@type":"ListItem","position":1,"name":"Portada","item":"https:\/\/esment.org\/blogs\/"},{"@type":"ListItem","position":2,"name":"Celebrem 30 anys de treball amb suport i 10 anys d'Esment Escola Professional"}]},{"@type":"WebSite","@id":"https:\/\/esment.org\/blogs\/#website","url":"https:\/\/esment.org\/blogs\/","name":"Blog Comunidad Esment","description":"Blogs de Esment","publisher":{"@id":"https:\/\/esment.org\/blogs\/#organization"},"potentialAction":[{"@type":"SearchAction","target":{"@type":"EntryPoint","urlTemplate":"https:\/\/esment.org\/blogs\/?s={search_term_string}"},"query-input":{"@type":"PropertyValueSpecification","valueRequired":true,"valueName":"search_term_string"}}],"inLanguage":"es"},{"@type":"Organization","@id":"https:\/\/esment.org\/blogs\/#organization","name":"Blog Comunidad Esment","url":"https:\/\/esment.org\/blogs\/","logo":{"@type":"ImageObject","inLanguage":"es","@id":"https:\/\/esment.org\/blogs\/#\/schema\/logo\/image\/","url":"https:\/\/esment.org\/blogs\/wp-content\/uploads\/2020\/10\/logo-header.svg","contentUrl":"https:\/\/esment.org\/blogs\/wp-content\/uploads\/2020\/10\/logo-header.svg","caption":"Blog Comunidad Esment"},"image":{"@id":"https:\/\/esment.org\/blogs\/#\/schema\/logo\/image\/"}},{"@type":"Person","@id":"https:\/\/esment.org\/blogs\/#\/schema\/person\/d2af4a49059695d7ca3491e0498d6b36","name":"Yolanda Tarramera","image":{"@type":"ImageObject","inLanguage":"es","@id":"https:\/\/esment.org\/blogs\/#\/schema\/person\/image\/","url":"https:\/\/secure.gravatar.com\/avatar\/c93060ec77db68f5fefd782408bed5a5005bb0b119c5ece6cdbf5ad8631c6e5b?s=96&d=mm&r=g","contentUrl":"https:\/\/secure.gravatar.com\/avatar\/c93060ec77db68f5fefd782408bed5a5005bb0b119c5ece6cdbf5ad8631c6e5b?s=96&d=mm&r=g","caption":"Yolanda Tarramera"},"url":"https:\/\/esment.org\/blogs\/author\/yolanda-tarramera\/"}]}},"_links":{"self":[{"href":"https:\/\/esment.org\/blogs\/wp-json\/wp\/v2\/posts\/26005","targetHints":{"allow":["GET"]}}],"collection":[{"href":"https:\/\/esment.org\/blogs\/wp-json\/wp\/v2\/posts"}],"about":[{"href":"https:\/\/esment.org\/blogs\/wp-json\/wp\/v2\/types\/post"}],"author":[{"embeddable":true,"href":"https:\/\/esment.org\/blogs\/wp-json\/wp\/v2\/users\/5"}],"replies":[{"embeddable":true,"href":"https:\/\/esment.org\/blogs\/wp-json\/wp\/v2\/comments?post=26005"}],"version-history":[{"count":16,"href":"https:\/\/esment.org\/blogs\/wp-json\/wp\/v2\/posts\/26005\/revisions"}],"predecessor-version":[{"id":27136,"href":"https:\/\/esment.org\/blogs\/wp-json\/wp\/v2\/posts\/26005\/revisions\/27136"}],"wp:featuredmedia":[{"embeddable":true,"href":"https:\/\/esment.org\/blogs\/wp-json\/wp\/v2\/media\/26015"}],"wp:attachment":[{"href":"https:\/\/esment.org\/blogs\/wp-json\/wp\/v2\/media?parent=26005"}],"wp:term":[{"taxonomy":"category","embeddable":true,"href":"https:\/\/esment.org\/blogs\/wp-json\/wp\/v2\/categories?post=26005"},{"taxonomy":"post_tag","embeddable":true,"href":"https:\/\/esment.org\/blogs\/wp-json\/wp\/v2\/tags?post=26005"}],"curies":[{"name":"wp","href":"https:\/\/api.w.org\/{rel}","templated":true}]}}