{"id":25984,"date":"2025-03-12T09:46:46","date_gmt":"2025-03-12T09:46:46","guid":{"rendered":"https:\/\/esment.org\/blogs\/?p=25984"},"modified":"2025-03-12T09:46:46","modified_gmt":"2025-03-12T09:46:46","slug":"estrena-del-reportatge-una-mirada-inclusiva-cap-a-la-igualtat-de-libdona","status":"publish","type":"post","link":"https:\/\/esment.org\/blogs\/estrena-del-reportatge-una-mirada-inclusiva-cap-a-la-igualtat-de-libdona\/","title":{"rendered":"Estrena del reportatge \u00abUna mirada inclusiva cap a la igualtat\u00bb, de l&#8217;IBDONA"},"content":{"rendered":"<p>Dins el marc del 8M, l&#8217;Institut Balear de la Dona (IBDONA) va estrenar aquesta setmana \u00abUna mirada inclusiva cap a la igualtat\u00bb. Aquest reportatge, coordinat en la part audiovisual per Carles Bover, aborda la intersecci\u00f3 entre dona i discapacitat, destacant la import\u00e0ncia de la inclusi\u00f3 i la igualtat.<\/p>\n<p>El projecte ha comptat amb la participaci\u00f3 de dones de les illes amb diferents tipus de discapacitat. Entre les participants es troben dones que viuen de manera aut\u00f2noma i aquelles que formen part de les assemblees de dones que es realitzen cada dimecres a Flassaders des de juny de 2023. Aquestes assemblees, que tenen lloc setmanalment a les 17:00h, busquen crear un espai segur on les dones puguin compartir opinions, coneixements i generar vincles de sororitat. A m\u00e9s, s&#8217;aborden temes des d&#8217;una perspectiva de g\u00e8nere, amb \u00e8mfasi en la prevenci\u00f3 de la viol\u00e8ncia de g\u00e8nere i l&#8217;acompanyament a aquelles que estan vivint situacions de viol\u00e8ncia.<\/p>\n<p>La iniciativa de l&#8217;IBDONA per al 8M \u00e9s un pas significatiu cap a la creaci\u00f3 d&#8217;una societat m\u00e9s inclusiva i igualit\u00e0ria on totes les dones, independentment de les seves capacitats, disposin dels suports necessaris per dur una vida digne.<\/p>\n<p><img fetchpriority=\"high\" decoding=\"async\" class=\"alignnone wp-image-25987 size-full\" src=\"https:\/\/esment.org\/blogs\/wp-content\/uploads\/2025\/03\/thumbnail_dossier-per-correu-2.png\" alt=\"\" width=\"675\" height=\"945\" srcset=\"https:\/\/esment.org\/blogs\/wp-content\/uploads\/2025\/03\/thumbnail_dossier-per-correu-2.png 675w, https:\/\/esment.org\/blogs\/wp-content\/uploads\/2025\/03\/thumbnail_dossier-per-correu-2-214x300.png 214w\" sizes=\"(max-width: 675px) 100vw, 675px\" \/><\/p>\n<p>&nbsp;<\/p>\n","protected":false},"excerpt":{"rendered":"<p>Dins el marc del 8M, l&#8217;Institut Balear de la Dona (IBDONA) va estrenar aquesta setmana \u00abUna mirada inclusiva cap a la igualtat\u00bb. Aquest reportatge, coordinat en la part audiovisual per Carles Bover, aborda la intersecci\u00f3 entre dona i discapacitat, destacant la import\u00e0ncia de la inclusi\u00f3 i la igualtat. El projecte ha comptat amb la participaci\u00f3 [&hellip;]<\/p>\n","protected":false},"author":5,"featured_media":25989,"comment_status":"open","ping_status":"closed","sticky":false,"template":"","format":"standard","meta":{"_acf_changed":false,"footnotes":""},"categories":[1],"tags":[1394,2228,350,2230,2125,2229,1444],"class_list":["post-25984","post","type-post","status-publish","format-standard","has-post-thumbnail","hentry","category-sin-categoria","tag-8m","tag-carles-bover","tag-discapacitat","tag-diversitat","tag-dones","tag-ibdona","tag-reportatge"],"acf":[],"yoast_head":"<!-- This site is optimized with the Yoast SEO plugin v26.4 - https:\/\/yoast.com\/wordpress\/plugins\/seo\/ -->\n<title>Estrena del reportatge &quot;Una mirada inclusiva cap a la igualtat&quot;, de l&#039;IBDONA - Blog Comunidad Esment<\/title>\n<meta name=\"robots\" content=\"index, follow, max-snippet:-1, max-image-preview:large, max-video-preview:-1\" \/>\n<link rel=\"canonical\" href=\"https:\/\/esment.org\/blogs\/estrena-del-reportatge-una-mirada-inclusiva-cap-a-la-igualtat-de-libdona\/\" \/>\n<meta property=\"og:locale\" content=\"es_ES\" \/>\n<meta property=\"og:type\" content=\"article\" \/>\n<meta property=\"og:title\" content=\"Estrena del reportatge &quot;Una mirada inclusiva cap a la igualtat&quot;, de l&#039;IBDONA - Blog Comunidad Esment\" \/>\n<meta property=\"og:description\" content=\"Dins el marc del 8M, l&#8217;Institut Balear de la Dona (IBDONA) va estrenar aquesta setmana \u00abUna mirada inclusiva cap a la igualtat\u00bb. Aquest reportatge, coordinat en la part audiovisual per Carles Bover, aborda la intersecci\u00f3 entre dona i discapacitat, destacant la import\u00e0ncia de la inclusi\u00f3 i la igualtat. El projecte ha comptat amb la participaci\u00f3 [&hellip;]\" \/>\n<meta property=\"og:url\" content=\"https:\/\/esment.org\/blogs\/estrena-del-reportatge-una-mirada-inclusiva-cap-a-la-igualtat-de-libdona\/\" \/>\n<meta property=\"og:site_name\" content=\"Blog Comunidad Esment\" \/>\n<meta property=\"article:published_time\" content=\"2025-03-12T09:46:46+00:00\" \/>\n<meta property=\"og:image\" content=\"https:\/\/esment.org\/blogs\/wp-content\/uploads\/2025\/03\/report-ibdona.png\" \/>\n\t<meta property=\"og:image:width\" content=\"325\" \/>\n\t<meta property=\"og:image:height\" content=\"338\" \/>\n\t<meta property=\"og:image:type\" content=\"image\/png\" \/>\n<meta name=\"author\" content=\"Yolanda Tarramera\" \/>\n<meta name=\"twitter:card\" content=\"summary_large_image\" \/>\n<meta name=\"twitter:label1\" content=\"Escrito por\" \/>\n\t<meta name=\"twitter:data1\" content=\"Yolanda Tarramera\" \/>\n\t<meta name=\"twitter:label2\" content=\"Tiempo de lectura\" \/>\n\t<meta name=\"twitter:data2\" content=\"2 minutos\" \/>\n<script type=\"application\/ld+json\" class=\"yoast-schema-graph\">{\"@context\":\"https:\/\/schema.org\",\"@graph\":[{\"@type\":\"Article\",\"@id\":\"https:\/\/esment.org\/blogs\/estrena-del-reportatge-una-mirada-inclusiva-cap-a-la-igualtat-de-libdona\/#article\",\"isPartOf\":{\"@id\":\"https:\/\/esment.org\/blogs\/estrena-del-reportatge-una-mirada-inclusiva-cap-a-la-igualtat-de-libdona\/\"},\"author\":{\"name\":\"Yolanda Tarramera\",\"@id\":\"https:\/\/esment.org\/blogs\/#\/schema\/person\/d2af4a49059695d7ca3491e0498d6b36\"},\"headline\":\"Estrena del reportatge \u00abUna mirada inclusiva cap a la igualtat\u00bb, de l&#8217;IBDONA\",\"datePublished\":\"2025-03-12T09:46:46+00:00\",\"mainEntityOfPage\":{\"@id\":\"https:\/\/esment.org\/blogs\/estrena-del-reportatge-una-mirada-inclusiva-cap-a-la-igualtat-de-libdona\/\"},\"wordCount\":213,\"commentCount\":0,\"publisher\":{\"@id\":\"https:\/\/esment.org\/blogs\/#organization\"},\"image\":{\"@id\":\"https:\/\/esment.org\/blogs\/estrena-del-reportatge-una-mirada-inclusiva-cap-a-la-igualtat-de-libdona\/#primaryimage\"},\"thumbnailUrl\":\"https:\/\/esment.org\/blogs\/wp-content\/uploads\/2025\/03\/report-ibdona.png\",\"keywords\":[\"8M\",\"Carles Bover\",\"discapacitat\",\"diversitat\",\"dones\",\"IBDONA\",\"reportatge\"],\"inLanguage\":\"es\",\"potentialAction\":[{\"@type\":\"CommentAction\",\"name\":\"Comment\",\"target\":[\"https:\/\/esment.org\/blogs\/estrena-del-reportatge-una-mirada-inclusiva-cap-a-la-igualtat-de-libdona\/#respond\"]}]},{\"@type\":\"WebPage\",\"@id\":\"https:\/\/esment.org\/blogs\/estrena-del-reportatge-una-mirada-inclusiva-cap-a-la-igualtat-de-libdona\/\",\"url\":\"https:\/\/esment.org\/blogs\/estrena-del-reportatge-una-mirada-inclusiva-cap-a-la-igualtat-de-libdona\/\",\"name\":\"Estrena del reportatge \\\"Una mirada inclusiva cap a la igualtat\\\", de l'IBDONA - Blog Comunidad Esment\",\"isPartOf\":{\"@id\":\"https:\/\/esment.org\/blogs\/#website\"},\"primaryImageOfPage\":{\"@id\":\"https:\/\/esment.org\/blogs\/estrena-del-reportatge-una-mirada-inclusiva-cap-a-la-igualtat-de-libdona\/#primaryimage\"},\"image\":{\"@id\":\"https:\/\/esment.org\/blogs\/estrena-del-reportatge-una-mirada-inclusiva-cap-a-la-igualtat-de-libdona\/#primaryimage\"},\"thumbnailUrl\":\"https:\/\/esment.org\/blogs\/wp-content\/uploads\/2025\/03\/report-ibdona.png\",\"datePublished\":\"2025-03-12T09:46:46+00:00\",\"breadcrumb\":{\"@id\":\"https:\/\/esment.org\/blogs\/estrena-del-reportatge-una-mirada-inclusiva-cap-a-la-igualtat-de-libdona\/#breadcrumb\"},\"inLanguage\":\"es\",\"potentialAction\":[{\"@type\":\"ReadAction\",\"target\":[\"https:\/\/esment.org\/blogs\/estrena-del-reportatge-una-mirada-inclusiva-cap-a-la-igualtat-de-libdona\/\"]}]},{\"@type\":\"ImageObject\",\"inLanguage\":\"es\",\"@id\":\"https:\/\/esment.org\/blogs\/estrena-del-reportatge-una-mirada-inclusiva-cap-a-la-igualtat-de-libdona\/#primaryimage\",\"url\":\"https:\/\/esment.org\/blogs\/wp-content\/uploads\/2025\/03\/report-ibdona.png\",\"contentUrl\":\"https:\/\/esment.org\/blogs\/wp-content\/uploads\/2025\/03\/report-ibdona.png\",\"width\":325,\"height\":338},{\"@type\":\"BreadcrumbList\",\"@id\":\"https:\/\/esment.org\/blogs\/estrena-del-reportatge-una-mirada-inclusiva-cap-a-la-igualtat-de-libdona\/#breadcrumb\",\"itemListElement\":[{\"@type\":\"ListItem\",\"position\":1,\"name\":\"Portada\",\"item\":\"https:\/\/esment.org\/blogs\/\"},{\"@type\":\"ListItem\",\"position\":2,\"name\":\"Estrena del reportatge \\\"Una mirada inclusiva cap a la igualtat\\\", de l'IBDONA\"}]},{\"@type\":\"WebSite\",\"@id\":\"https:\/\/esment.org\/blogs\/#website\",\"url\":\"https:\/\/esment.org\/blogs\/\",\"name\":\"Blog Comunidad Esment\",\"description\":\"Blogs de Esment\",\"publisher\":{\"@id\":\"https:\/\/esment.org\/blogs\/#organization\"},\"potentialAction\":[{\"@type\":\"SearchAction\",\"target\":{\"@type\":\"EntryPoint\",\"urlTemplate\":\"https:\/\/esment.org\/blogs\/?s={search_term_string}\"},\"query-input\":{\"@type\":\"PropertyValueSpecification\",\"valueRequired\":true,\"valueName\":\"search_term_string\"}}],\"inLanguage\":\"es\"},{\"@type\":\"Organization\",\"@id\":\"https:\/\/esment.org\/blogs\/#organization\",\"name\":\"Blog Comunidad Esment\",\"url\":\"https:\/\/esment.org\/blogs\/\",\"logo\":{\"@type\":\"ImageObject\",\"inLanguage\":\"es\",\"@id\":\"https:\/\/esment.org\/blogs\/#\/schema\/logo\/image\/\",\"url\":\"https:\/\/esment.org\/blogs\/wp-content\/uploads\/2020\/10\/logo-header.svg\",\"contentUrl\":\"https:\/\/esment.org\/blogs\/wp-content\/uploads\/2020\/10\/logo-header.svg\",\"caption\":\"Blog Comunidad Esment\"},\"image\":{\"@id\":\"https:\/\/esment.org\/blogs\/#\/schema\/logo\/image\/\"}},{\"@type\":\"Person\",\"@id\":\"https:\/\/esment.org\/blogs\/#\/schema\/person\/d2af4a49059695d7ca3491e0498d6b36\",\"name\":\"Yolanda Tarramera\",\"image\":{\"@type\":\"ImageObject\",\"inLanguage\":\"es\",\"@id\":\"https:\/\/esment.org\/blogs\/#\/schema\/person\/image\/\",\"url\":\"https:\/\/secure.gravatar.com\/avatar\/c93060ec77db68f5fefd782408bed5a5005bb0b119c5ece6cdbf5ad8631c6e5b?s=96&d=mm&r=g\",\"contentUrl\":\"https:\/\/secure.gravatar.com\/avatar\/c93060ec77db68f5fefd782408bed5a5005bb0b119c5ece6cdbf5ad8631c6e5b?s=96&d=mm&r=g\",\"caption\":\"Yolanda Tarramera\"},\"url\":\"https:\/\/esment.org\/blogs\/author\/yolanda-tarramera\/\"}]}<\/script>\n<!-- \/ Yoast SEO plugin. -->","yoast_head_json":{"title":"Estrena del reportatge \"Una mirada inclusiva cap a la igualtat\", de l'IBDONA - Blog Comunidad Esment","robots":{"index":"index","follow":"follow","max-snippet":"max-snippet:-1","max-image-preview":"max-image-preview:large","max-video-preview":"max-video-preview:-1"},"canonical":"https:\/\/esment.org\/blogs\/estrena-del-reportatge-una-mirada-inclusiva-cap-a-la-igualtat-de-libdona\/","og_locale":"es_ES","og_type":"article","og_title":"Estrena del reportatge \"Una mirada inclusiva cap a la igualtat\", de l'IBDONA - Blog Comunidad Esment","og_description":"Dins el marc del 8M, l&#8217;Institut Balear de la Dona (IBDONA) va estrenar aquesta setmana \u00abUna mirada inclusiva cap a la igualtat\u00bb. Aquest reportatge, coordinat en la part audiovisual per Carles Bover, aborda la intersecci\u00f3 entre dona i discapacitat, destacant la import\u00e0ncia de la inclusi\u00f3 i la igualtat. El projecte ha comptat amb la participaci\u00f3 [&hellip;]","og_url":"https:\/\/esment.org\/blogs\/estrena-del-reportatge-una-mirada-inclusiva-cap-a-la-igualtat-de-libdona\/","og_site_name":"Blog Comunidad Esment","article_published_time":"2025-03-12T09:46:46+00:00","og_image":[{"width":325,"height":338,"url":"https:\/\/esment.org\/blogs\/wp-content\/uploads\/2025\/03\/report-ibdona.png","type":"image\/png"}],"author":"Yolanda Tarramera","twitter_card":"summary_large_image","twitter_misc":{"Escrito por":"Yolanda Tarramera","Tiempo de lectura":"2 minutos"},"schema":{"@context":"https:\/\/schema.org","@graph":[{"@type":"Article","@id":"https:\/\/esment.org\/blogs\/estrena-del-reportatge-una-mirada-inclusiva-cap-a-la-igualtat-de-libdona\/#article","isPartOf":{"@id":"https:\/\/esment.org\/blogs\/estrena-del-reportatge-una-mirada-inclusiva-cap-a-la-igualtat-de-libdona\/"},"author":{"name":"Yolanda Tarramera","@id":"https:\/\/esment.org\/blogs\/#\/schema\/person\/d2af4a49059695d7ca3491e0498d6b36"},"headline":"Estrena del reportatge \u00abUna mirada inclusiva cap a la igualtat\u00bb, de l&#8217;IBDONA","datePublished":"2025-03-12T09:46:46+00:00","mainEntityOfPage":{"@id":"https:\/\/esment.org\/blogs\/estrena-del-reportatge-una-mirada-inclusiva-cap-a-la-igualtat-de-libdona\/"},"wordCount":213,"commentCount":0,"publisher":{"@id":"https:\/\/esment.org\/blogs\/#organization"},"image":{"@id":"https:\/\/esment.org\/blogs\/estrena-del-reportatge-una-mirada-inclusiva-cap-a-la-igualtat-de-libdona\/#primaryimage"},"thumbnailUrl":"https:\/\/esment.org\/blogs\/wp-content\/uploads\/2025\/03\/report-ibdona.png","keywords":["8M","Carles Bover","discapacitat","diversitat","dones","IBDONA","reportatge"],"inLanguage":"es","potentialAction":[{"@type":"CommentAction","name":"Comment","target":["https:\/\/esment.org\/blogs\/estrena-del-reportatge-una-mirada-inclusiva-cap-a-la-igualtat-de-libdona\/#respond"]}]},{"@type":"WebPage","@id":"https:\/\/esment.org\/blogs\/estrena-del-reportatge-una-mirada-inclusiva-cap-a-la-igualtat-de-libdona\/","url":"https:\/\/esment.org\/blogs\/estrena-del-reportatge-una-mirada-inclusiva-cap-a-la-igualtat-de-libdona\/","name":"Estrena del reportatge \"Una mirada inclusiva cap a la igualtat\", de l'IBDONA - Blog Comunidad Esment","isPartOf":{"@id":"https:\/\/esment.org\/blogs\/#website"},"primaryImageOfPage":{"@id":"https:\/\/esment.org\/blogs\/estrena-del-reportatge-una-mirada-inclusiva-cap-a-la-igualtat-de-libdona\/#primaryimage"},"image":{"@id":"https:\/\/esment.org\/blogs\/estrena-del-reportatge-una-mirada-inclusiva-cap-a-la-igualtat-de-libdona\/#primaryimage"},"thumbnailUrl":"https:\/\/esment.org\/blogs\/wp-content\/uploads\/2025\/03\/report-ibdona.png","datePublished":"2025-03-12T09:46:46+00:00","breadcrumb":{"@id":"https:\/\/esment.org\/blogs\/estrena-del-reportatge-una-mirada-inclusiva-cap-a-la-igualtat-de-libdona\/#breadcrumb"},"inLanguage":"es","potentialAction":[{"@type":"ReadAction","target":["https:\/\/esment.org\/blogs\/estrena-del-reportatge-una-mirada-inclusiva-cap-a-la-igualtat-de-libdona\/"]}]},{"@type":"ImageObject","inLanguage":"es","@id":"https:\/\/esment.org\/blogs\/estrena-del-reportatge-una-mirada-inclusiva-cap-a-la-igualtat-de-libdona\/#primaryimage","url":"https:\/\/esment.org\/blogs\/wp-content\/uploads\/2025\/03\/report-ibdona.png","contentUrl":"https:\/\/esment.org\/blogs\/wp-content\/uploads\/2025\/03\/report-ibdona.png","width":325,"height":338},{"@type":"BreadcrumbList","@id":"https:\/\/esment.org\/blogs\/estrena-del-reportatge-una-mirada-inclusiva-cap-a-la-igualtat-de-libdona\/#breadcrumb","itemListElement":[{"@type":"ListItem","position":1,"name":"Portada","item":"https:\/\/esment.org\/blogs\/"},{"@type":"ListItem","position":2,"name":"Estrena del reportatge \"Una mirada inclusiva cap a la igualtat\", de l'IBDONA"}]},{"@type":"WebSite","@id":"https:\/\/esment.org\/blogs\/#website","url":"https:\/\/esment.org\/blogs\/","name":"Blog Comunidad Esment","description":"Blogs de Esment","publisher":{"@id":"https:\/\/esment.org\/blogs\/#organization"},"potentialAction":[{"@type":"SearchAction","target":{"@type":"EntryPoint","urlTemplate":"https:\/\/esment.org\/blogs\/?s={search_term_string}"},"query-input":{"@type":"PropertyValueSpecification","valueRequired":true,"valueName":"search_term_string"}}],"inLanguage":"es"},{"@type":"Organization","@id":"https:\/\/esment.org\/blogs\/#organization","name":"Blog Comunidad Esment","url":"https:\/\/esment.org\/blogs\/","logo":{"@type":"ImageObject","inLanguage":"es","@id":"https:\/\/esment.org\/blogs\/#\/schema\/logo\/image\/","url":"https:\/\/esment.org\/blogs\/wp-content\/uploads\/2020\/10\/logo-header.svg","contentUrl":"https:\/\/esment.org\/blogs\/wp-content\/uploads\/2020\/10\/logo-header.svg","caption":"Blog Comunidad Esment"},"image":{"@id":"https:\/\/esment.org\/blogs\/#\/schema\/logo\/image\/"}},{"@type":"Person","@id":"https:\/\/esment.org\/blogs\/#\/schema\/person\/d2af4a49059695d7ca3491e0498d6b36","name":"Yolanda Tarramera","image":{"@type":"ImageObject","inLanguage":"es","@id":"https:\/\/esment.org\/blogs\/#\/schema\/person\/image\/","url":"https:\/\/secure.gravatar.com\/avatar\/c93060ec77db68f5fefd782408bed5a5005bb0b119c5ece6cdbf5ad8631c6e5b?s=96&d=mm&r=g","contentUrl":"https:\/\/secure.gravatar.com\/avatar\/c93060ec77db68f5fefd782408bed5a5005bb0b119c5ece6cdbf5ad8631c6e5b?s=96&d=mm&r=g","caption":"Yolanda Tarramera"},"url":"https:\/\/esment.org\/blogs\/author\/yolanda-tarramera\/"}]}},"_links":{"self":[{"href":"https:\/\/esment.org\/blogs\/wp-json\/wp\/v2\/posts\/25984","targetHints":{"allow":["GET"]}}],"collection":[{"href":"https:\/\/esment.org\/blogs\/wp-json\/wp\/v2\/posts"}],"about":[{"href":"https:\/\/esment.org\/blogs\/wp-json\/wp\/v2\/types\/post"}],"author":[{"embeddable":true,"href":"https:\/\/esment.org\/blogs\/wp-json\/wp\/v2\/users\/5"}],"replies":[{"embeddable":true,"href":"https:\/\/esment.org\/blogs\/wp-json\/wp\/v2\/comments?post=25984"}],"version-history":[{"count":1,"href":"https:\/\/esment.org\/blogs\/wp-json\/wp\/v2\/posts\/25984\/revisions"}],"predecessor-version":[{"id":25990,"href":"https:\/\/esment.org\/blogs\/wp-json\/wp\/v2\/posts\/25984\/revisions\/25990"}],"wp:featuredmedia":[{"embeddable":true,"href":"https:\/\/esment.org\/blogs\/wp-json\/wp\/v2\/media\/25989"}],"wp:attachment":[{"href":"https:\/\/esment.org\/blogs\/wp-json\/wp\/v2\/media?parent=25984"}],"wp:term":[{"taxonomy":"category","embeddable":true,"href":"https:\/\/esment.org\/blogs\/wp-json\/wp\/v2\/categories?post=25984"},{"taxonomy":"post_tag","embeddable":true,"href":"https:\/\/esment.org\/blogs\/wp-json\/wp\/v2\/tags?post=25984"}],"curies":[{"name":"wp","href":"https:\/\/api.w.org\/{rel}","templated":true}]}}