{"id":25062,"date":"2024-11-27T12:03:11","date_gmt":"2024-11-27T12:03:11","guid":{"rendered":"https:\/\/esment.org\/blogs\/?p=25062"},"modified":"2024-11-28T11:18:06","modified_gmt":"2024-11-28T11:18:06","slug":"ven-a-nuestros-cafes-y-disfruta-de-los-menus-especiales-de-navidad-para-grupos","status":"publish","type":"post","link":"https:\/\/esment.org\/blogs\/ven-a-nuestros-cafes-y-disfruta-de-los-menus-especiales-de-navidad-para-grupos\/","title":{"rendered":"Ven a nuestros caf\u00e9s a disfrutar de los men\u00fas especiales de Navidad para grupos"},"content":{"rendered":"<p>Si todav\u00eda no hab\u00e9is decidido d\u00f3nde celebrar la comida de Navidad con vuestra empresa o amigos, os invitamos a hacerlo en cualquiera de nuestros restaurantes. Aqu\u00ed podr\u00e9is disfrutar de una propuesta gastron\u00f3mica elaborada y de calidad, en espacios agradables, luminosos y acogedores donde os sentir\u00e9is como en casa.<\/p>\n<p>Este a\u00f1o, os ofrecemos dos men\u00fas diferentes para que pod\u00e1is elegir el que mejor se ajuste a vuestras preferencias o necesidades.<\/p>\n<p>Si os gusta compartir diferentes platos, os proponemos el Men\u00fa Grupo 1, que incluye croqueta l\u00edquida de carabinero, caldo de Navidad, canelones de pollo campero a la brasa o arroz de gamba roja, entre otros. Si, por el contrario, prefer\u00eds disfrutar de vuestro propio plato, os recomendamos la segunda propuesta, con una caldereta de pescado como plato principal.<\/p>\n<p>Ambos men\u00fas est\u00e1n disponibles en Caf\u00e8 Palmanova, Caf\u00e8 Esment Inca y Es Pes de Sa Palla, e incluyen una degustaci\u00f3n de postres caseros elaborados en nuestro obrador Can Pa, as\u00ed como una variedad de panes de masa madre y vinos del Celler Gallinas &amp; Focas.<\/p>\n<p>Pod\u00e9is tramitar vuestras reservas a trav\u00e9s de <a href=\"https:\/\/esment.org\/es\/feed\/alimentacio-cafes-gallinas-focas-productos-agroalimentarios\/\">ESTE ENLACE<\/a> o bien llamando directamente al restaurante que prefir\u00e1is.<\/p>\n<p>Es Pes de Sa Palla: 971 722 505<\/p>\n<p>Caf\u00e8 Esment Inca: 971 073 703<\/p>\n<p>Caf\u00e8 Palmanova: 971 597 300<\/p>\n<p>\u00a1Os esperamos!<\/p>\n<p><img fetchpriority=\"high\" decoding=\"async\" class=\"alignnone wp-image-25068 size-full\" src=\"https:\/\/esment.org\/blogs\/wp-content\/uploads\/2024\/11\/Captura-de-pantalla-2024-11-26-161747.jpg\" alt=\"\" width=\"668\" height=\"672\" srcset=\"https:\/\/esment.org\/blogs\/wp-content\/uploads\/2024\/11\/Captura-de-pantalla-2024-11-26-161747.jpg 668w, https:\/\/esment.org\/blogs\/wp-content\/uploads\/2024\/11\/Captura-de-pantalla-2024-11-26-161747-298x300.jpg 298w, https:\/\/esment.org\/blogs\/wp-content\/uploads\/2024\/11\/Captura-de-pantalla-2024-11-26-161747-150x150.jpg 150w\" sizes=\"(max-width: 668px) 100vw, 668px\" \/><\/p>\n<p><img decoding=\"async\" class=\"alignnone wp-image-25067 size-full\" src=\"https:\/\/esment.org\/blogs\/wp-content\/uploads\/2024\/11\/Captura-de-pantalla-2024-11-26-161803.jpg\" alt=\"\" width=\"662\" height=\"657\" srcset=\"https:\/\/esment.org\/blogs\/wp-content\/uploads\/2024\/11\/Captura-de-pantalla-2024-11-26-161803.jpg 662w, https:\/\/esment.org\/blogs\/wp-content\/uploads\/2024\/11\/Captura-de-pantalla-2024-11-26-161803-300x298.jpg 300w, https:\/\/esment.org\/blogs\/wp-content\/uploads\/2024\/11\/Captura-de-pantalla-2024-11-26-161803-150x150.jpg 150w\" sizes=\"(max-width: 662px) 100vw, 662px\" \/><\/p>\n","protected":false},"excerpt":{"rendered":"<p>Si todav\u00eda no hab\u00e9is decidido d\u00f3nde celebrar la comida de Navidad con vuestra empresa o amigos, os invitamos a hacerlo en cualquiera de nuestros restaurantes. Aqu\u00ed podr\u00e9is disfrutar de una propuesta gastron\u00f3mica elaborada y de calidad, en espacios agradables, luminosos y acogedores donde os sentir\u00e9is como en casa. Este a\u00f1o, os ofrecemos dos men\u00fas diferentes [&hellip;]<\/p>\n","protected":false},"author":5,"featured_media":25071,"comment_status":"open","ping_status":"closed","sticky":false,"template":"","format":"standard","meta":{"_acf_changed":false,"footnotes":""},"categories":[1],"tags":[],"class_list":["post-25062","post","type-post","status-publish","format-standard","has-post-thumbnail","hentry","category-sin-categoria"],"acf":[],"yoast_head":"<!-- This site is optimized with the Yoast SEO plugin v26.4 - https:\/\/yoast.com\/wordpress\/plugins\/seo\/ -->\n<title>Ven a nuestros caf\u00e9s a disfrutar de los men\u00fas especiales de Navidad para grupos - Blog Comunidad Esment<\/title>\n<meta name=\"robots\" content=\"index, follow, max-snippet:-1, max-image-preview:large, max-video-preview:-1\" \/>\n<link rel=\"canonical\" href=\"https:\/\/esment.org\/blogs\/ven-a-nuestros-cafes-y-disfruta-de-los-menus-especiales-de-navidad-para-grupos\/\" \/>\n<meta property=\"og:locale\" content=\"es_ES\" \/>\n<meta property=\"og:type\" content=\"article\" \/>\n<meta property=\"og:title\" content=\"Ven a nuestros caf\u00e9s a disfrutar de los men\u00fas especiales de Navidad para grupos - Blog Comunidad Esment\" \/>\n<meta property=\"og:description\" content=\"Si todav\u00eda no hab\u00e9is decidido d\u00f3nde celebrar la comida de Navidad con vuestra empresa o amigos, os invitamos a hacerlo en cualquiera de nuestros restaurantes. Aqu\u00ed podr\u00e9is disfrutar de una propuesta gastron\u00f3mica elaborada y de calidad, en espacios agradables, luminosos y acogedores donde os sentir\u00e9is como en casa. Este a\u00f1o, os ofrecemos dos men\u00fas diferentes [&hellip;]\" \/>\n<meta property=\"og:url\" content=\"https:\/\/esment.org\/blogs\/ven-a-nuestros-cafes-y-disfruta-de-los-menus-especiales-de-navidad-para-grupos\/\" \/>\n<meta property=\"og:site_name\" content=\"Blog Comunidad Esment\" \/>\n<meta property=\"article:published_time\" content=\"2024-11-27T12:03:11+00:00\" \/>\n<meta property=\"article:modified_time\" content=\"2024-11-28T11:18:06+00:00\" \/>\n<meta property=\"og:image\" content=\"https:\/\/esment.org\/blogs\/wp-content\/uploads\/2024\/11\/Postal-turismo-Islandia-fotografia-naturaleza-color-azul-y-verde-1-1024x726.png\" \/>\n\t<meta property=\"og:image:width\" content=\"1024\" \/>\n\t<meta property=\"og:image:height\" content=\"726\" \/>\n\t<meta property=\"og:image:type\" content=\"image\/png\" \/>\n<meta name=\"author\" content=\"Yolanda Tarramera\" \/>\n<meta name=\"twitter:card\" content=\"summary_large_image\" \/>\n<meta name=\"twitter:label1\" content=\"Escrito por\" \/>\n\t<meta name=\"twitter:data1\" content=\"Yolanda Tarramera\" \/>\n\t<meta name=\"twitter:label2\" content=\"Tiempo de lectura\" \/>\n\t<meta name=\"twitter:data2\" content=\"2 minutos\" \/>\n<script type=\"application\/ld+json\" class=\"yoast-schema-graph\">{\"@context\":\"https:\/\/schema.org\",\"@graph\":[{\"@type\":\"Article\",\"@id\":\"https:\/\/esment.org\/blogs\/ven-a-nuestros-cafes-y-disfruta-de-los-menus-especiales-de-navidad-para-grupos\/#article\",\"isPartOf\":{\"@id\":\"https:\/\/esment.org\/blogs\/ven-a-nuestros-cafes-y-disfruta-de-los-menus-especiales-de-navidad-para-grupos\/\"},\"author\":{\"name\":\"Yolanda Tarramera\",\"@id\":\"https:\/\/esment.org\/blogs\/#\/schema\/person\/d2af4a49059695d7ca3491e0498d6b36\"},\"headline\":\"Ven a nuestros caf\u00e9s a disfrutar de los men\u00fas especiales de Navidad para grupos\",\"datePublished\":\"2024-11-27T12:03:11+00:00\",\"dateModified\":\"2024-11-28T11:18:06+00:00\",\"mainEntityOfPage\":{\"@id\":\"https:\/\/esment.org\/blogs\/ven-a-nuestros-cafes-y-disfruta-de-los-menus-especiales-de-navidad-para-grupos\/\"},\"wordCount\":233,\"commentCount\":0,\"publisher\":{\"@id\":\"https:\/\/esment.org\/blogs\/#organization\"},\"image\":{\"@id\":\"https:\/\/esment.org\/blogs\/ven-a-nuestros-cafes-y-disfruta-de-los-menus-especiales-de-navidad-para-grupos\/#primaryimage\"},\"thumbnailUrl\":\"https:\/\/esment.org\/blogs\/wp-content\/uploads\/2024\/11\/Postal-turismo-Islandia-fotografia-naturaleza-color-azul-y-verde-1.png\",\"inLanguage\":\"es\",\"potentialAction\":[{\"@type\":\"CommentAction\",\"name\":\"Comment\",\"target\":[\"https:\/\/esment.org\/blogs\/ven-a-nuestros-cafes-y-disfruta-de-los-menus-especiales-de-navidad-para-grupos\/#respond\"]}]},{\"@type\":\"WebPage\",\"@id\":\"https:\/\/esment.org\/blogs\/ven-a-nuestros-cafes-y-disfruta-de-los-menus-especiales-de-navidad-para-grupos\/\",\"url\":\"https:\/\/esment.org\/blogs\/ven-a-nuestros-cafes-y-disfruta-de-los-menus-especiales-de-navidad-para-grupos\/\",\"name\":\"Ven a nuestros caf\u00e9s a disfrutar de los men\u00fas especiales de Navidad para grupos - Blog Comunidad Esment\",\"isPartOf\":{\"@id\":\"https:\/\/esment.org\/blogs\/#website\"},\"primaryImageOfPage\":{\"@id\":\"https:\/\/esment.org\/blogs\/ven-a-nuestros-cafes-y-disfruta-de-los-menus-especiales-de-navidad-para-grupos\/#primaryimage\"},\"image\":{\"@id\":\"https:\/\/esment.org\/blogs\/ven-a-nuestros-cafes-y-disfruta-de-los-menus-especiales-de-navidad-para-grupos\/#primaryimage\"},\"thumbnailUrl\":\"https:\/\/esment.org\/blogs\/wp-content\/uploads\/2024\/11\/Postal-turismo-Islandia-fotografia-naturaleza-color-azul-y-verde-1.png\",\"datePublished\":\"2024-11-27T12:03:11+00:00\",\"dateModified\":\"2024-11-28T11:18:06+00:00\",\"breadcrumb\":{\"@id\":\"https:\/\/esment.org\/blogs\/ven-a-nuestros-cafes-y-disfruta-de-los-menus-especiales-de-navidad-para-grupos\/#breadcrumb\"},\"inLanguage\":\"es\",\"potentialAction\":[{\"@type\":\"ReadAction\",\"target\":[\"https:\/\/esment.org\/blogs\/ven-a-nuestros-cafes-y-disfruta-de-los-menus-especiales-de-navidad-para-grupos\/\"]}]},{\"@type\":\"ImageObject\",\"inLanguage\":\"es\",\"@id\":\"https:\/\/esment.org\/blogs\/ven-a-nuestros-cafes-y-disfruta-de-los-menus-especiales-de-navidad-para-grupos\/#primaryimage\",\"url\":\"https:\/\/esment.org\/blogs\/wp-content\/uploads\/2024\/11\/Postal-turismo-Islandia-fotografia-naturaleza-color-azul-y-verde-1.png\",\"contentUrl\":\"https:\/\/esment.org\/blogs\/wp-content\/uploads\/2024\/11\/Postal-turismo-Islandia-fotografia-naturaleza-color-azul-y-verde-1.png\",\"width\":1748,\"height\":1240},{\"@type\":\"BreadcrumbList\",\"@id\":\"https:\/\/esment.org\/blogs\/ven-a-nuestros-cafes-y-disfruta-de-los-menus-especiales-de-navidad-para-grupos\/#breadcrumb\",\"itemListElement\":[{\"@type\":\"ListItem\",\"position\":1,\"name\":\"Portada\",\"item\":\"https:\/\/esment.org\/blogs\/\"},{\"@type\":\"ListItem\",\"position\":2,\"name\":\"Ven a nuestros caf\u00e9s a disfrutar de los men\u00fas especiales de Navidad para grupos\"}]},{\"@type\":\"WebSite\",\"@id\":\"https:\/\/esment.org\/blogs\/#website\",\"url\":\"https:\/\/esment.org\/blogs\/\",\"name\":\"Blog Comunidad Esment\",\"description\":\"Blogs de Esment\",\"publisher\":{\"@id\":\"https:\/\/esment.org\/blogs\/#organization\"},\"potentialAction\":[{\"@type\":\"SearchAction\",\"target\":{\"@type\":\"EntryPoint\",\"urlTemplate\":\"https:\/\/esment.org\/blogs\/?s={search_term_string}\"},\"query-input\":{\"@type\":\"PropertyValueSpecification\",\"valueRequired\":true,\"valueName\":\"search_term_string\"}}],\"inLanguage\":\"es\"},{\"@type\":\"Organization\",\"@id\":\"https:\/\/esment.org\/blogs\/#organization\",\"name\":\"Blog Comunidad Esment\",\"url\":\"https:\/\/esment.org\/blogs\/\",\"logo\":{\"@type\":\"ImageObject\",\"inLanguage\":\"es\",\"@id\":\"https:\/\/esment.org\/blogs\/#\/schema\/logo\/image\/\",\"url\":\"https:\/\/esment.org\/blogs\/wp-content\/uploads\/2020\/10\/logo-header.svg\",\"contentUrl\":\"https:\/\/esment.org\/blogs\/wp-content\/uploads\/2020\/10\/logo-header.svg\",\"caption\":\"Blog Comunidad Esment\"},\"image\":{\"@id\":\"https:\/\/esment.org\/blogs\/#\/schema\/logo\/image\/\"}},{\"@type\":\"Person\",\"@id\":\"https:\/\/esment.org\/blogs\/#\/schema\/person\/d2af4a49059695d7ca3491e0498d6b36\",\"name\":\"Yolanda Tarramera\",\"image\":{\"@type\":\"ImageObject\",\"inLanguage\":\"es\",\"@id\":\"https:\/\/esment.org\/blogs\/#\/schema\/person\/image\/\",\"url\":\"https:\/\/secure.gravatar.com\/avatar\/c93060ec77db68f5fefd782408bed5a5005bb0b119c5ece6cdbf5ad8631c6e5b?s=96&d=mm&r=g\",\"contentUrl\":\"https:\/\/secure.gravatar.com\/avatar\/c93060ec77db68f5fefd782408bed5a5005bb0b119c5ece6cdbf5ad8631c6e5b?s=96&d=mm&r=g\",\"caption\":\"Yolanda Tarramera\"},\"url\":\"https:\/\/esment.org\/blogs\/author\/yolanda-tarramera\/\"}]}<\/script>\n<!-- \/ Yoast SEO plugin. -->","yoast_head_json":{"title":"Ven a nuestros caf\u00e9s a disfrutar de los men\u00fas especiales de Navidad para grupos - Blog Comunidad Esment","robots":{"index":"index","follow":"follow","max-snippet":"max-snippet:-1","max-image-preview":"max-image-preview:large","max-video-preview":"max-video-preview:-1"},"canonical":"https:\/\/esment.org\/blogs\/ven-a-nuestros-cafes-y-disfruta-de-los-menus-especiales-de-navidad-para-grupos\/","og_locale":"es_ES","og_type":"article","og_title":"Ven a nuestros caf\u00e9s a disfrutar de los men\u00fas especiales de Navidad para grupos - Blog Comunidad Esment","og_description":"Si todav\u00eda no hab\u00e9is decidido d\u00f3nde celebrar la comida de Navidad con vuestra empresa o amigos, os invitamos a hacerlo en cualquiera de nuestros restaurantes. Aqu\u00ed podr\u00e9is disfrutar de una propuesta gastron\u00f3mica elaborada y de calidad, en espacios agradables, luminosos y acogedores donde os sentir\u00e9is como en casa. Este a\u00f1o, os ofrecemos dos men\u00fas diferentes [&hellip;]","og_url":"https:\/\/esment.org\/blogs\/ven-a-nuestros-cafes-y-disfruta-de-los-menus-especiales-de-navidad-para-grupos\/","og_site_name":"Blog Comunidad Esment","article_published_time":"2024-11-27T12:03:11+00:00","article_modified_time":"2024-11-28T11:18:06+00:00","og_image":[{"width":1024,"height":726,"url":"https:\/\/esment.org\/blogs\/wp-content\/uploads\/2024\/11\/Postal-turismo-Islandia-fotografia-naturaleza-color-azul-y-verde-1-1024x726.png","type":"image\/png"}],"author":"Yolanda Tarramera","twitter_card":"summary_large_image","twitter_misc":{"Escrito por":"Yolanda Tarramera","Tiempo de lectura":"2 minutos"},"schema":{"@context":"https:\/\/schema.org","@graph":[{"@type":"Article","@id":"https:\/\/esment.org\/blogs\/ven-a-nuestros-cafes-y-disfruta-de-los-menus-especiales-de-navidad-para-grupos\/#article","isPartOf":{"@id":"https:\/\/esment.org\/blogs\/ven-a-nuestros-cafes-y-disfruta-de-los-menus-especiales-de-navidad-para-grupos\/"},"author":{"name":"Yolanda Tarramera","@id":"https:\/\/esment.org\/blogs\/#\/schema\/person\/d2af4a49059695d7ca3491e0498d6b36"},"headline":"Ven a nuestros caf\u00e9s a disfrutar de los men\u00fas especiales de Navidad para grupos","datePublished":"2024-11-27T12:03:11+00:00","dateModified":"2024-11-28T11:18:06+00:00","mainEntityOfPage":{"@id":"https:\/\/esment.org\/blogs\/ven-a-nuestros-cafes-y-disfruta-de-los-menus-especiales-de-navidad-para-grupos\/"},"wordCount":233,"commentCount":0,"publisher":{"@id":"https:\/\/esment.org\/blogs\/#organization"},"image":{"@id":"https:\/\/esment.org\/blogs\/ven-a-nuestros-cafes-y-disfruta-de-los-menus-especiales-de-navidad-para-grupos\/#primaryimage"},"thumbnailUrl":"https:\/\/esment.org\/blogs\/wp-content\/uploads\/2024\/11\/Postal-turismo-Islandia-fotografia-naturaleza-color-azul-y-verde-1.png","inLanguage":"es","potentialAction":[{"@type":"CommentAction","name":"Comment","target":["https:\/\/esment.org\/blogs\/ven-a-nuestros-cafes-y-disfruta-de-los-menus-especiales-de-navidad-para-grupos\/#respond"]}]},{"@type":"WebPage","@id":"https:\/\/esment.org\/blogs\/ven-a-nuestros-cafes-y-disfruta-de-los-menus-especiales-de-navidad-para-grupos\/","url":"https:\/\/esment.org\/blogs\/ven-a-nuestros-cafes-y-disfruta-de-los-menus-especiales-de-navidad-para-grupos\/","name":"Ven a nuestros caf\u00e9s a disfrutar de los men\u00fas especiales de Navidad para grupos - Blog Comunidad Esment","isPartOf":{"@id":"https:\/\/esment.org\/blogs\/#website"},"primaryImageOfPage":{"@id":"https:\/\/esment.org\/blogs\/ven-a-nuestros-cafes-y-disfruta-de-los-menus-especiales-de-navidad-para-grupos\/#primaryimage"},"image":{"@id":"https:\/\/esment.org\/blogs\/ven-a-nuestros-cafes-y-disfruta-de-los-menus-especiales-de-navidad-para-grupos\/#primaryimage"},"thumbnailUrl":"https:\/\/esment.org\/blogs\/wp-content\/uploads\/2024\/11\/Postal-turismo-Islandia-fotografia-naturaleza-color-azul-y-verde-1.png","datePublished":"2024-11-27T12:03:11+00:00","dateModified":"2024-11-28T11:18:06+00:00","breadcrumb":{"@id":"https:\/\/esment.org\/blogs\/ven-a-nuestros-cafes-y-disfruta-de-los-menus-especiales-de-navidad-para-grupos\/#breadcrumb"},"inLanguage":"es","potentialAction":[{"@type":"ReadAction","target":["https:\/\/esment.org\/blogs\/ven-a-nuestros-cafes-y-disfruta-de-los-menus-especiales-de-navidad-para-grupos\/"]}]},{"@type":"ImageObject","inLanguage":"es","@id":"https:\/\/esment.org\/blogs\/ven-a-nuestros-cafes-y-disfruta-de-los-menus-especiales-de-navidad-para-grupos\/#primaryimage","url":"https:\/\/esment.org\/blogs\/wp-content\/uploads\/2024\/11\/Postal-turismo-Islandia-fotografia-naturaleza-color-azul-y-verde-1.png","contentUrl":"https:\/\/esment.org\/blogs\/wp-content\/uploads\/2024\/11\/Postal-turismo-Islandia-fotografia-naturaleza-color-azul-y-verde-1.png","width":1748,"height":1240},{"@type":"BreadcrumbList","@id":"https:\/\/esment.org\/blogs\/ven-a-nuestros-cafes-y-disfruta-de-los-menus-especiales-de-navidad-para-grupos\/#breadcrumb","itemListElement":[{"@type":"ListItem","position":1,"name":"Portada","item":"https:\/\/esment.org\/blogs\/"},{"@type":"ListItem","position":2,"name":"Ven a nuestros caf\u00e9s a disfrutar de los men\u00fas especiales de Navidad para grupos"}]},{"@type":"WebSite","@id":"https:\/\/esment.org\/blogs\/#website","url":"https:\/\/esment.org\/blogs\/","name":"Blog Comunidad Esment","description":"Blogs de Esment","publisher":{"@id":"https:\/\/esment.org\/blogs\/#organization"},"potentialAction":[{"@type":"SearchAction","target":{"@type":"EntryPoint","urlTemplate":"https:\/\/esment.org\/blogs\/?s={search_term_string}"},"query-input":{"@type":"PropertyValueSpecification","valueRequired":true,"valueName":"search_term_string"}}],"inLanguage":"es"},{"@type":"Organization","@id":"https:\/\/esment.org\/blogs\/#organization","name":"Blog Comunidad Esment","url":"https:\/\/esment.org\/blogs\/","logo":{"@type":"ImageObject","inLanguage":"es","@id":"https:\/\/esment.org\/blogs\/#\/schema\/logo\/image\/","url":"https:\/\/esment.org\/blogs\/wp-content\/uploads\/2020\/10\/logo-header.svg","contentUrl":"https:\/\/esment.org\/blogs\/wp-content\/uploads\/2020\/10\/logo-header.svg","caption":"Blog Comunidad Esment"},"image":{"@id":"https:\/\/esment.org\/blogs\/#\/schema\/logo\/image\/"}},{"@type":"Person","@id":"https:\/\/esment.org\/blogs\/#\/schema\/person\/d2af4a49059695d7ca3491e0498d6b36","name":"Yolanda Tarramera","image":{"@type":"ImageObject","inLanguage":"es","@id":"https:\/\/esment.org\/blogs\/#\/schema\/person\/image\/","url":"https:\/\/secure.gravatar.com\/avatar\/c93060ec77db68f5fefd782408bed5a5005bb0b119c5ece6cdbf5ad8631c6e5b?s=96&d=mm&r=g","contentUrl":"https:\/\/secure.gravatar.com\/avatar\/c93060ec77db68f5fefd782408bed5a5005bb0b119c5ece6cdbf5ad8631c6e5b?s=96&d=mm&r=g","caption":"Yolanda Tarramera"},"url":"https:\/\/esment.org\/blogs\/author\/yolanda-tarramera\/"}]}},"_links":{"self":[{"href":"https:\/\/esment.org\/blogs\/wp-json\/wp\/v2\/posts\/25062","targetHints":{"allow":["GET"]}}],"collection":[{"href":"https:\/\/esment.org\/blogs\/wp-json\/wp\/v2\/posts"}],"about":[{"href":"https:\/\/esment.org\/blogs\/wp-json\/wp\/v2\/types\/post"}],"author":[{"embeddable":true,"href":"https:\/\/esment.org\/blogs\/wp-json\/wp\/v2\/users\/5"}],"replies":[{"embeddable":true,"href":"https:\/\/esment.org\/blogs\/wp-json\/wp\/v2\/comments?post=25062"}],"version-history":[{"count":5,"href":"https:\/\/esment.org\/blogs\/wp-json\/wp\/v2\/posts\/25062\/revisions"}],"predecessor-version":[{"id":25079,"href":"https:\/\/esment.org\/blogs\/wp-json\/wp\/v2\/posts\/25062\/revisions\/25079"}],"wp:featuredmedia":[{"embeddable":true,"href":"https:\/\/esment.org\/blogs\/wp-json\/wp\/v2\/media\/25071"}],"wp:attachment":[{"href":"https:\/\/esment.org\/blogs\/wp-json\/wp\/v2\/media?parent=25062"}],"wp:term":[{"taxonomy":"category","embeddable":true,"href":"https:\/\/esment.org\/blogs\/wp-json\/wp\/v2\/categories?post=25062"},{"taxonomy":"post_tag","embeddable":true,"href":"https:\/\/esment.org\/blogs\/wp-json\/wp\/v2\/tags?post=25062"}],"curies":[{"name":"wp","href":"https:\/\/api.w.org\/{rel}","templated":true}]}}