{"id":25045,"date":"2024-11-26T11:10:07","date_gmt":"2024-11-26T11:10:07","guid":{"rendered":"https:\/\/esment.org\/blogs\/?p=25045"},"modified":"2024-11-26T11:10:07","modified_gmt":"2024-11-26T11:10:07","slug":"tagradaria-fer-voluntariat-tesperem-al-caixaforum-el-4-de-desembre","status":"publish","type":"post","link":"https:\/\/esment.org\/blogs\/tagradaria-fer-voluntariat-tesperem-al-caixaforum-el-4-de-desembre\/","title":{"rendered":"T&#8217;agradaria fer voluntariat? T&#8217;esperem al Caixaforum el 4 de desembre"},"content":{"rendered":"<p>En el marc del Dia Internacional del Voluntariat, 5 de desembre, la Plataforma del Voluntariat de les Illes Balears commemora aquesta data amb un acte al Caixaforum de Palma, que se celebrar\u00e0 el pr\u00f2xim 4 de desembre, a les 18.00 h, i que comptar\u00e0 amb la participaci\u00f3 de Fina Ferrer, volunt\u00e0ria del Club Social Son Forteza.<\/p>\n<p>Durant l&#8217;acte, l&#8217;escriptora M. de la Pau Janer llegir\u00e0 el Manifest del Dia Internacional del Voluntariat i es projectar\u00e0 el v\u00eddeo \u201cSuma&#8217;t al Canvi. Fes Voluntariat\u201d, un reportatge que recull els testimonis i les experi\u00e8ncies de persones que, com Fina Ferrer, dediquen part del seu temps al voluntariat.<\/p>\n<p data-renderer-start-pos=\"242\"><img fetchpriority=\"high\" decoding=\"async\" class=\"alignnone wp-image-25046 size-full\" src=\"https:\/\/esment.org\/blogs\/wp-content\/uploads\/2024\/11\/Cartel_PLAVIB.webp\" alt=\"\" width=\"1414\" height=\"2000\" srcset=\"https:\/\/esment.org\/blogs\/wp-content\/uploads\/2024\/11\/Cartel_PLAVIB.webp 1414w, https:\/\/esment.org\/blogs\/wp-content\/uploads\/2024\/11\/Cartel_PLAVIB-212x300.webp 212w, https:\/\/esment.org\/blogs\/wp-content\/uploads\/2024\/11\/Cartel_PLAVIB-724x1024.webp 724w, https:\/\/esment.org\/blogs\/wp-content\/uploads\/2024\/11\/Cartel_PLAVIB-768x1086.webp 768w, https:\/\/esment.org\/blogs\/wp-content\/uploads\/2024\/11\/Cartel_PLAVIB-1086x1536.webp 1086w\" sizes=\"(max-width: 1414px) 100vw, 1414px\" \/><\/p>\n","protected":false},"excerpt":{"rendered":"<p>En el marc del Dia Internacional del Voluntariat, 5 de desembre, la Plataforma del Voluntariat de les Illes Balears commemora aquesta data amb un acte al Caixaforum de Palma, que se celebrar\u00e0 el pr\u00f2xim 4 de desembre, a les 18.00 h, i que comptar\u00e0 amb la participaci\u00f3 de Fina Ferrer, volunt\u00e0ria del Club Social Son [&hellip;]<\/p>\n","protected":false},"author":5,"featured_media":25047,"comment_status":"open","ping_status":"closed","sticky":false,"template":"","format":"standard","meta":{"_acf_changed":false,"footnotes":""},"categories":[1],"tags":[],"class_list":["post-25045","post","type-post","status-publish","format-standard","has-post-thumbnail","hentry","category-sin-categoria"],"acf":[],"yoast_head":"<!-- This site is optimized with the Yoast SEO plugin v26.4 - https:\/\/yoast.com\/wordpress\/plugins\/seo\/ -->\n<title>T&#039;agradaria fer voluntariat? T&#039;esperem al Caixaforum el 4 de desembre - Blog Comunidad Esment<\/title>\n<meta name=\"robots\" content=\"index, follow, max-snippet:-1, max-image-preview:large, max-video-preview:-1\" \/>\n<link rel=\"canonical\" href=\"https:\/\/esment.org\/blogs\/tagradaria-fer-voluntariat-tesperem-al-caixaforum-el-4-de-desembre\/\" \/>\n<meta property=\"og:locale\" content=\"es_ES\" \/>\n<meta property=\"og:type\" content=\"article\" \/>\n<meta property=\"og:title\" content=\"T&#039;agradaria fer voluntariat? T&#039;esperem al Caixaforum el 4 de desembre - Blog Comunidad Esment\" \/>\n<meta property=\"og:description\" content=\"En el marc del Dia Internacional del Voluntariat, 5 de desembre, la Plataforma del Voluntariat de les Illes Balears commemora aquesta data amb un acte al Caixaforum de Palma, que se celebrar\u00e0 el pr\u00f2xim 4 de desembre, a les 18.00 h, i que comptar\u00e0 amb la participaci\u00f3 de Fina Ferrer, volunt\u00e0ria del Club Social Son [&hellip;]\" \/>\n<meta property=\"og:url\" content=\"https:\/\/esment.org\/blogs\/tagradaria-fer-voluntariat-tesperem-al-caixaforum-el-4-de-desembre\/\" \/>\n<meta property=\"og:site_name\" content=\"Blog Comunidad Esment\" \/>\n<meta property=\"article:published_time\" content=\"2024-11-26T11:10:07+00:00\" \/>\n<meta property=\"og:image\" content=\"https:\/\/esment.org\/blogs\/wp-content\/uploads\/2024\/11\/Captura-de-pantalla-2024-11-26-120533.png\" \/>\n\t<meta property=\"og:image:width\" content=\"388\" \/>\n\t<meta property=\"og:image:height\" content=\"239\" \/>\n\t<meta property=\"og:image:type\" content=\"image\/png\" \/>\n<meta name=\"author\" content=\"Yolanda Tarramera\" \/>\n<meta name=\"twitter:card\" content=\"summary_large_image\" \/>\n<meta name=\"twitter:label1\" content=\"Escrito por\" \/>\n\t<meta name=\"twitter:data1\" content=\"Yolanda Tarramera\" \/>\n\t<meta name=\"twitter:label2\" content=\"Tiempo de lectura\" \/>\n\t<meta name=\"twitter:data2\" content=\"1 minuto\" \/>\n<script type=\"application\/ld+json\" class=\"yoast-schema-graph\">{\"@context\":\"https:\/\/schema.org\",\"@graph\":[{\"@type\":\"Article\",\"@id\":\"https:\/\/esment.org\/blogs\/tagradaria-fer-voluntariat-tesperem-al-caixaforum-el-4-de-desembre\/#article\",\"isPartOf\":{\"@id\":\"https:\/\/esment.org\/blogs\/tagradaria-fer-voluntariat-tesperem-al-caixaforum-el-4-de-desembre\/\"},\"author\":{\"name\":\"Yolanda Tarramera\",\"@id\":\"https:\/\/esment.org\/blogs\/#\/schema\/person\/d2af4a49059695d7ca3491e0498d6b36\"},\"headline\":\"T&#8217;agradaria fer voluntariat? T&#8217;esperem al Caixaforum el 4 de desembre\",\"datePublished\":\"2024-11-26T11:10:07+00:00\",\"mainEntityOfPage\":{\"@id\":\"https:\/\/esment.org\/blogs\/tagradaria-fer-voluntariat-tesperem-al-caixaforum-el-4-de-desembre\/\"},\"wordCount\":114,\"commentCount\":0,\"publisher\":{\"@id\":\"https:\/\/esment.org\/blogs\/#organization\"},\"image\":{\"@id\":\"https:\/\/esment.org\/blogs\/tagradaria-fer-voluntariat-tesperem-al-caixaforum-el-4-de-desembre\/#primaryimage\"},\"thumbnailUrl\":\"https:\/\/esment.org\/blogs\/wp-content\/uploads\/2024\/11\/Captura-de-pantalla-2024-11-26-120533.png\",\"inLanguage\":\"es\",\"potentialAction\":[{\"@type\":\"CommentAction\",\"name\":\"Comment\",\"target\":[\"https:\/\/esment.org\/blogs\/tagradaria-fer-voluntariat-tesperem-al-caixaforum-el-4-de-desembre\/#respond\"]}]},{\"@type\":\"WebPage\",\"@id\":\"https:\/\/esment.org\/blogs\/tagradaria-fer-voluntariat-tesperem-al-caixaforum-el-4-de-desembre\/\",\"url\":\"https:\/\/esment.org\/blogs\/tagradaria-fer-voluntariat-tesperem-al-caixaforum-el-4-de-desembre\/\",\"name\":\"T'agradaria fer voluntariat? T'esperem al Caixaforum el 4 de desembre - Blog Comunidad Esment\",\"isPartOf\":{\"@id\":\"https:\/\/esment.org\/blogs\/#website\"},\"primaryImageOfPage\":{\"@id\":\"https:\/\/esment.org\/blogs\/tagradaria-fer-voluntariat-tesperem-al-caixaforum-el-4-de-desembre\/#primaryimage\"},\"image\":{\"@id\":\"https:\/\/esment.org\/blogs\/tagradaria-fer-voluntariat-tesperem-al-caixaforum-el-4-de-desembre\/#primaryimage\"},\"thumbnailUrl\":\"https:\/\/esment.org\/blogs\/wp-content\/uploads\/2024\/11\/Captura-de-pantalla-2024-11-26-120533.png\",\"datePublished\":\"2024-11-26T11:10:07+00:00\",\"breadcrumb\":{\"@id\":\"https:\/\/esment.org\/blogs\/tagradaria-fer-voluntariat-tesperem-al-caixaforum-el-4-de-desembre\/#breadcrumb\"},\"inLanguage\":\"es\",\"potentialAction\":[{\"@type\":\"ReadAction\",\"target\":[\"https:\/\/esment.org\/blogs\/tagradaria-fer-voluntariat-tesperem-al-caixaforum-el-4-de-desembre\/\"]}]},{\"@type\":\"ImageObject\",\"inLanguage\":\"es\",\"@id\":\"https:\/\/esment.org\/blogs\/tagradaria-fer-voluntariat-tesperem-al-caixaforum-el-4-de-desembre\/#primaryimage\",\"url\":\"https:\/\/esment.org\/blogs\/wp-content\/uploads\/2024\/11\/Captura-de-pantalla-2024-11-26-120533.png\",\"contentUrl\":\"https:\/\/esment.org\/blogs\/wp-content\/uploads\/2024\/11\/Captura-de-pantalla-2024-11-26-120533.png\",\"width\":388,\"height\":239},{\"@type\":\"BreadcrumbList\",\"@id\":\"https:\/\/esment.org\/blogs\/tagradaria-fer-voluntariat-tesperem-al-caixaforum-el-4-de-desembre\/#breadcrumb\",\"itemListElement\":[{\"@type\":\"ListItem\",\"position\":1,\"name\":\"Portada\",\"item\":\"https:\/\/esment.org\/blogs\/\"},{\"@type\":\"ListItem\",\"position\":2,\"name\":\"T&#8217;agradaria fer voluntariat? T&#8217;esperem al Caixaforum el 4 de desembre\"}]},{\"@type\":\"WebSite\",\"@id\":\"https:\/\/esment.org\/blogs\/#website\",\"url\":\"https:\/\/esment.org\/blogs\/\",\"name\":\"Blog Comunidad Esment\",\"description\":\"Blogs de Esment\",\"publisher\":{\"@id\":\"https:\/\/esment.org\/blogs\/#organization\"},\"potentialAction\":[{\"@type\":\"SearchAction\",\"target\":{\"@type\":\"EntryPoint\",\"urlTemplate\":\"https:\/\/esment.org\/blogs\/?s={search_term_string}\"},\"query-input\":{\"@type\":\"PropertyValueSpecification\",\"valueRequired\":true,\"valueName\":\"search_term_string\"}}],\"inLanguage\":\"es\"},{\"@type\":\"Organization\",\"@id\":\"https:\/\/esment.org\/blogs\/#organization\",\"name\":\"Blog Comunidad Esment\",\"url\":\"https:\/\/esment.org\/blogs\/\",\"logo\":{\"@type\":\"ImageObject\",\"inLanguage\":\"es\",\"@id\":\"https:\/\/esment.org\/blogs\/#\/schema\/logo\/image\/\",\"url\":\"https:\/\/esment.org\/blogs\/wp-content\/uploads\/2020\/10\/logo-header.svg\",\"contentUrl\":\"https:\/\/esment.org\/blogs\/wp-content\/uploads\/2020\/10\/logo-header.svg\",\"caption\":\"Blog Comunidad Esment\"},\"image\":{\"@id\":\"https:\/\/esment.org\/blogs\/#\/schema\/logo\/image\/\"}},{\"@type\":\"Person\",\"@id\":\"https:\/\/esment.org\/blogs\/#\/schema\/person\/d2af4a49059695d7ca3491e0498d6b36\",\"name\":\"Yolanda Tarramera\",\"image\":{\"@type\":\"ImageObject\",\"inLanguage\":\"es\",\"@id\":\"https:\/\/esment.org\/blogs\/#\/schema\/person\/image\/\",\"url\":\"https:\/\/secure.gravatar.com\/avatar\/c93060ec77db68f5fefd782408bed5a5005bb0b119c5ece6cdbf5ad8631c6e5b?s=96&d=mm&r=g\",\"contentUrl\":\"https:\/\/secure.gravatar.com\/avatar\/c93060ec77db68f5fefd782408bed5a5005bb0b119c5ece6cdbf5ad8631c6e5b?s=96&d=mm&r=g\",\"caption\":\"Yolanda Tarramera\"},\"url\":\"https:\/\/esment.org\/blogs\/author\/yolanda-tarramera\/\"}]}<\/script>\n<!-- \/ Yoast SEO plugin. -->","yoast_head_json":{"title":"T'agradaria fer voluntariat? T'esperem al Caixaforum el 4 de desembre - Blog Comunidad Esment","robots":{"index":"index","follow":"follow","max-snippet":"max-snippet:-1","max-image-preview":"max-image-preview:large","max-video-preview":"max-video-preview:-1"},"canonical":"https:\/\/esment.org\/blogs\/tagradaria-fer-voluntariat-tesperem-al-caixaforum-el-4-de-desembre\/","og_locale":"es_ES","og_type":"article","og_title":"T'agradaria fer voluntariat? T'esperem al Caixaforum el 4 de desembre - Blog Comunidad Esment","og_description":"En el marc del Dia Internacional del Voluntariat, 5 de desembre, la Plataforma del Voluntariat de les Illes Balears commemora aquesta data amb un acte al Caixaforum de Palma, que se celebrar\u00e0 el pr\u00f2xim 4 de desembre, a les 18.00 h, i que comptar\u00e0 amb la participaci\u00f3 de Fina Ferrer, volunt\u00e0ria del Club Social Son [&hellip;]","og_url":"https:\/\/esment.org\/blogs\/tagradaria-fer-voluntariat-tesperem-al-caixaforum-el-4-de-desembre\/","og_site_name":"Blog Comunidad Esment","article_published_time":"2024-11-26T11:10:07+00:00","og_image":[{"width":388,"height":239,"url":"https:\/\/esment.org\/blogs\/wp-content\/uploads\/2024\/11\/Captura-de-pantalla-2024-11-26-120533.png","type":"image\/png"}],"author":"Yolanda Tarramera","twitter_card":"summary_large_image","twitter_misc":{"Escrito por":"Yolanda Tarramera","Tiempo de lectura":"1 minuto"},"schema":{"@context":"https:\/\/schema.org","@graph":[{"@type":"Article","@id":"https:\/\/esment.org\/blogs\/tagradaria-fer-voluntariat-tesperem-al-caixaforum-el-4-de-desembre\/#article","isPartOf":{"@id":"https:\/\/esment.org\/blogs\/tagradaria-fer-voluntariat-tesperem-al-caixaforum-el-4-de-desembre\/"},"author":{"name":"Yolanda Tarramera","@id":"https:\/\/esment.org\/blogs\/#\/schema\/person\/d2af4a49059695d7ca3491e0498d6b36"},"headline":"T&#8217;agradaria fer voluntariat? T&#8217;esperem al Caixaforum el 4 de desembre","datePublished":"2024-11-26T11:10:07+00:00","mainEntityOfPage":{"@id":"https:\/\/esment.org\/blogs\/tagradaria-fer-voluntariat-tesperem-al-caixaforum-el-4-de-desembre\/"},"wordCount":114,"commentCount":0,"publisher":{"@id":"https:\/\/esment.org\/blogs\/#organization"},"image":{"@id":"https:\/\/esment.org\/blogs\/tagradaria-fer-voluntariat-tesperem-al-caixaforum-el-4-de-desembre\/#primaryimage"},"thumbnailUrl":"https:\/\/esment.org\/blogs\/wp-content\/uploads\/2024\/11\/Captura-de-pantalla-2024-11-26-120533.png","inLanguage":"es","potentialAction":[{"@type":"CommentAction","name":"Comment","target":["https:\/\/esment.org\/blogs\/tagradaria-fer-voluntariat-tesperem-al-caixaforum-el-4-de-desembre\/#respond"]}]},{"@type":"WebPage","@id":"https:\/\/esment.org\/blogs\/tagradaria-fer-voluntariat-tesperem-al-caixaforum-el-4-de-desembre\/","url":"https:\/\/esment.org\/blogs\/tagradaria-fer-voluntariat-tesperem-al-caixaforum-el-4-de-desembre\/","name":"T'agradaria fer voluntariat? T'esperem al Caixaforum el 4 de desembre - Blog Comunidad Esment","isPartOf":{"@id":"https:\/\/esment.org\/blogs\/#website"},"primaryImageOfPage":{"@id":"https:\/\/esment.org\/blogs\/tagradaria-fer-voluntariat-tesperem-al-caixaforum-el-4-de-desembre\/#primaryimage"},"image":{"@id":"https:\/\/esment.org\/blogs\/tagradaria-fer-voluntariat-tesperem-al-caixaforum-el-4-de-desembre\/#primaryimage"},"thumbnailUrl":"https:\/\/esment.org\/blogs\/wp-content\/uploads\/2024\/11\/Captura-de-pantalla-2024-11-26-120533.png","datePublished":"2024-11-26T11:10:07+00:00","breadcrumb":{"@id":"https:\/\/esment.org\/blogs\/tagradaria-fer-voluntariat-tesperem-al-caixaforum-el-4-de-desembre\/#breadcrumb"},"inLanguage":"es","potentialAction":[{"@type":"ReadAction","target":["https:\/\/esment.org\/blogs\/tagradaria-fer-voluntariat-tesperem-al-caixaforum-el-4-de-desembre\/"]}]},{"@type":"ImageObject","inLanguage":"es","@id":"https:\/\/esment.org\/blogs\/tagradaria-fer-voluntariat-tesperem-al-caixaforum-el-4-de-desembre\/#primaryimage","url":"https:\/\/esment.org\/blogs\/wp-content\/uploads\/2024\/11\/Captura-de-pantalla-2024-11-26-120533.png","contentUrl":"https:\/\/esment.org\/blogs\/wp-content\/uploads\/2024\/11\/Captura-de-pantalla-2024-11-26-120533.png","width":388,"height":239},{"@type":"BreadcrumbList","@id":"https:\/\/esment.org\/blogs\/tagradaria-fer-voluntariat-tesperem-al-caixaforum-el-4-de-desembre\/#breadcrumb","itemListElement":[{"@type":"ListItem","position":1,"name":"Portada","item":"https:\/\/esment.org\/blogs\/"},{"@type":"ListItem","position":2,"name":"T&#8217;agradaria fer voluntariat? T&#8217;esperem al Caixaforum el 4 de desembre"}]},{"@type":"WebSite","@id":"https:\/\/esment.org\/blogs\/#website","url":"https:\/\/esment.org\/blogs\/","name":"Blog Comunidad Esment","description":"Blogs de Esment","publisher":{"@id":"https:\/\/esment.org\/blogs\/#organization"},"potentialAction":[{"@type":"SearchAction","target":{"@type":"EntryPoint","urlTemplate":"https:\/\/esment.org\/blogs\/?s={search_term_string}"},"query-input":{"@type":"PropertyValueSpecification","valueRequired":true,"valueName":"search_term_string"}}],"inLanguage":"es"},{"@type":"Organization","@id":"https:\/\/esment.org\/blogs\/#organization","name":"Blog Comunidad Esment","url":"https:\/\/esment.org\/blogs\/","logo":{"@type":"ImageObject","inLanguage":"es","@id":"https:\/\/esment.org\/blogs\/#\/schema\/logo\/image\/","url":"https:\/\/esment.org\/blogs\/wp-content\/uploads\/2020\/10\/logo-header.svg","contentUrl":"https:\/\/esment.org\/blogs\/wp-content\/uploads\/2020\/10\/logo-header.svg","caption":"Blog Comunidad Esment"},"image":{"@id":"https:\/\/esment.org\/blogs\/#\/schema\/logo\/image\/"}},{"@type":"Person","@id":"https:\/\/esment.org\/blogs\/#\/schema\/person\/d2af4a49059695d7ca3491e0498d6b36","name":"Yolanda Tarramera","image":{"@type":"ImageObject","inLanguage":"es","@id":"https:\/\/esment.org\/blogs\/#\/schema\/person\/image\/","url":"https:\/\/secure.gravatar.com\/avatar\/c93060ec77db68f5fefd782408bed5a5005bb0b119c5ece6cdbf5ad8631c6e5b?s=96&d=mm&r=g","contentUrl":"https:\/\/secure.gravatar.com\/avatar\/c93060ec77db68f5fefd782408bed5a5005bb0b119c5ece6cdbf5ad8631c6e5b?s=96&d=mm&r=g","caption":"Yolanda Tarramera"},"url":"https:\/\/esment.org\/blogs\/author\/yolanda-tarramera\/"}]}},"_links":{"self":[{"href":"https:\/\/esment.org\/blogs\/wp-json\/wp\/v2\/posts\/25045","targetHints":{"allow":["GET"]}}],"collection":[{"href":"https:\/\/esment.org\/blogs\/wp-json\/wp\/v2\/posts"}],"about":[{"href":"https:\/\/esment.org\/blogs\/wp-json\/wp\/v2\/types\/post"}],"author":[{"embeddable":true,"href":"https:\/\/esment.org\/blogs\/wp-json\/wp\/v2\/users\/5"}],"replies":[{"embeddable":true,"href":"https:\/\/esment.org\/blogs\/wp-json\/wp\/v2\/comments?post=25045"}],"version-history":[{"count":1,"href":"https:\/\/esment.org\/blogs\/wp-json\/wp\/v2\/posts\/25045\/revisions"}],"predecessor-version":[{"id":25048,"href":"https:\/\/esment.org\/blogs\/wp-json\/wp\/v2\/posts\/25045\/revisions\/25048"}],"wp:featuredmedia":[{"embeddable":true,"href":"https:\/\/esment.org\/blogs\/wp-json\/wp\/v2\/media\/25047"}],"wp:attachment":[{"href":"https:\/\/esment.org\/blogs\/wp-json\/wp\/v2\/media?parent=25045"}],"wp:term":[{"taxonomy":"category","embeddable":true,"href":"https:\/\/esment.org\/blogs\/wp-json\/wp\/v2\/categories?post=25045"},{"taxonomy":"post_tag","embeddable":true,"href":"https:\/\/esment.org\/blogs\/wp-json\/wp\/v2\/tags?post=25045"}],"curies":[{"name":"wp","href":"https:\/\/api.w.org\/{rel}","templated":true}]}}