{"id":25037,"date":"2024-11-25T16:54:03","date_gmt":"2024-11-25T16:54:03","guid":{"rendered":"https:\/\/esment.org\/blogs\/?p=25037"},"modified":"2024-12-02T10:52:04","modified_gmt":"2024-12-02T10:52:04","slug":"tolerancia-0-ante-la-violencia-de-genero","status":"publish","type":"post","link":"https:\/\/esment.org\/blogs\/tolerancia-0-ante-la-violencia-de-genero\/","title":{"rendered":"Tolerancia cero ante la violencia de g\u00e9nero"},"content":{"rendered":"<p data-olk-copy-source=\"MessageBody\">Hoy, en el D\u00eda Internacional contra la Violencia de G\u00e9nero, un equipo de Esment Guies ha participado activamente en una jornada de sensibilizaci\u00f3n organizada por el Ayuntamiento de Inca. Tambi\u00e9n han participado en diferentes actos un grupo de mujeres del equipo de Esment Vivienda.<\/p>\n<p>Desde Esment, reiteramos\u00a0nuestro compromiso de tolerancia cero ante cualquier manifestaci\u00f3n de violencia de g\u00e9nero y adoptaremos las medidas necesarias para prevenir y actuar ante cualquier actitud o forma de violencia o discriminaci\u00f3n.<\/p>\n<p>&nbsp;<\/p>\n<div><img fetchpriority=\"high\" decoding=\"async\" class=\"alignnone wp-image-25039 size-full\" src=\"https:\/\/esment.org\/blogs\/wp-content\/uploads\/2024\/11\/bbb3627a-d817-43ff-9184-bbabde1fd3af.jpg\" alt=\"\" width=\"1536\" height=\"2048\" srcset=\"https:\/\/esment.org\/blogs\/wp-content\/uploads\/2024\/11\/bbb3627a-d817-43ff-9184-bbabde1fd3af.jpg 1536w, https:\/\/esment.org\/blogs\/wp-content\/uploads\/2024\/11\/bbb3627a-d817-43ff-9184-bbabde1fd3af-225x300.jpg 225w, https:\/\/esment.org\/blogs\/wp-content\/uploads\/2024\/11\/bbb3627a-d817-43ff-9184-bbabde1fd3af-768x1024.jpg 768w, https:\/\/esment.org\/blogs\/wp-content\/uploads\/2024\/11\/bbb3627a-d817-43ff-9184-bbabde1fd3af-1152x1536.jpg 1152w\" sizes=\"(max-width: 1536px) 100vw, 1536px\" \/><\/div>\n<div><\/div>\n<div><img decoding=\"async\" class=\"alignnone wp-image-25038 size-full\" src=\"https:\/\/esment.org\/blogs\/wp-content\/uploads\/2024\/11\/684a5436-6182-4d2f-ba41-84601c593b6d.jpg\" alt=\"\" width=\"1200\" height=\"1600\" srcset=\"https:\/\/esment.org\/blogs\/wp-content\/uploads\/2024\/11\/684a5436-6182-4d2f-ba41-84601c593b6d.jpg 1200w, https:\/\/esment.org\/blogs\/wp-content\/uploads\/2024\/11\/684a5436-6182-4d2f-ba41-84601c593b6d-225x300.jpg 225w, https:\/\/esment.org\/blogs\/wp-content\/uploads\/2024\/11\/684a5436-6182-4d2f-ba41-84601c593b6d-768x1024.jpg 768w, https:\/\/esment.org\/blogs\/wp-content\/uploads\/2024\/11\/684a5436-6182-4d2f-ba41-84601c593b6d-1152x1536.jpg 1152w\" sizes=\"(max-width: 1200px) 100vw, 1200px\" \/><\/div>\n<div><\/div>\n<div><img decoding=\"async\" class=\"alignnone wp-image-25111 size-full\" src=\"https:\/\/esment.org\/blogs\/wp-content\/uploads\/2024\/11\/IMG-20241125-WA0033.jpg\" alt=\"\" width=\"1204\" height=\"1600\" srcset=\"https:\/\/esment.org\/blogs\/wp-content\/uploads\/2024\/11\/IMG-20241125-WA0033.jpg 1204w, https:\/\/esment.org\/blogs\/wp-content\/uploads\/2024\/11\/IMG-20241125-WA0033-226x300.jpg 226w, https:\/\/esment.org\/blogs\/wp-content\/uploads\/2024\/11\/IMG-20241125-WA0033-771x1024.jpg 771w, https:\/\/esment.org\/blogs\/wp-content\/uploads\/2024\/11\/IMG-20241125-WA0033-768x1021.jpg 768w, https:\/\/esment.org\/blogs\/wp-content\/uploads\/2024\/11\/IMG-20241125-WA0033-1156x1536.jpg 1156w\" sizes=\"(max-width: 1204px) 100vw, 1204px\" \/><\/div>\n<div><\/div>\n<div><img loading=\"lazy\" decoding=\"async\" class=\"alignnone wp-image-25112 size-full\" src=\"https:\/\/esment.org\/blogs\/wp-content\/uploads\/2024\/11\/IMG-20241125-WA0027.jpg\" alt=\"\" width=\"1536\" height=\"2040\" srcset=\"https:\/\/esment.org\/blogs\/wp-content\/uploads\/2024\/11\/IMG-20241125-WA0027.jpg 1536w, https:\/\/esment.org\/blogs\/wp-content\/uploads\/2024\/11\/IMG-20241125-WA0027-226x300.jpg 226w, https:\/\/esment.org\/blogs\/wp-content\/uploads\/2024\/11\/IMG-20241125-WA0027-771x1024.jpg 771w, https:\/\/esment.org\/blogs\/wp-content\/uploads\/2024\/11\/IMG-20241125-WA0027-768x1020.jpg 768w, https:\/\/esment.org\/blogs\/wp-content\/uploads\/2024\/11\/IMG-20241125-WA0027-1157x1536.jpg 1157w\" sizes=\"(max-width: 1536px) 100vw, 1536px\" \/><\/div>\n<div><\/div>\n<div><img loading=\"lazy\" decoding=\"async\" class=\"alignnone wp-image-25113 size-full\" src=\"https:\/\/esment.org\/blogs\/wp-content\/uploads\/2024\/11\/IMG-20241125-WA0029.jpg\" alt=\"\" width=\"1536\" height=\"2040\" srcset=\"https:\/\/esment.org\/blogs\/wp-content\/uploads\/2024\/11\/IMG-20241125-WA0029.jpg 1536w, https:\/\/esment.org\/blogs\/wp-content\/uploads\/2024\/11\/IMG-20241125-WA0029-226x300.jpg 226w, https:\/\/esment.org\/blogs\/wp-content\/uploads\/2024\/11\/IMG-20241125-WA0029-771x1024.jpg 771w, https:\/\/esment.org\/blogs\/wp-content\/uploads\/2024\/11\/IMG-20241125-WA0029-768x1020.jpg 768w, https:\/\/esment.org\/blogs\/wp-content\/uploads\/2024\/11\/IMG-20241125-WA0029-1157x1536.jpg 1157w\" sizes=\"(max-width: 1536px) 100vw, 1536px\" \/><\/div>\n","protected":false},"excerpt":{"rendered":"<p>Hoy, en el D\u00eda Internacional contra la Violencia de G\u00e9nero, un equipo de Esment Guies ha participado activamente en una jornada de sensibilizaci\u00f3n organizada por el Ayuntamiento de Inca. Tambi\u00e9n han participado en diferentes actos un grupo de mujeres del equipo de Esment Vivienda. Desde Esment, reiteramos\u00a0nuestro compromiso de tolerancia cero ante cualquier manifestaci\u00f3n de [&hellip;]<\/p>\n","protected":false},"author":5,"featured_media":0,"comment_status":"open","ping_status":"closed","sticky":false,"template":"","format":"standard","meta":{"_acf_changed":false,"footnotes":""},"categories":[1],"tags":[],"class_list":["post-25037","post","type-post","status-publish","format-standard","hentry","category-sin-categoria"],"acf":[],"yoast_head":"<!-- This site is optimized with the Yoast SEO plugin v26.4 - https:\/\/yoast.com\/wordpress\/plugins\/seo\/ -->\n<title>Tolerancia cero ante la violencia de g\u00e9nero - Blog Comunidad Esment<\/title>\n<meta name=\"robots\" content=\"index, follow, max-snippet:-1, max-image-preview:large, max-video-preview:-1\" \/>\n<link rel=\"canonical\" href=\"https:\/\/esment.org\/blogs\/tolerancia-0-ante-la-violencia-de-genero\/\" \/>\n<meta property=\"og:locale\" content=\"es_ES\" \/>\n<meta property=\"og:type\" content=\"article\" \/>\n<meta property=\"og:title\" content=\"Tolerancia cero ante la violencia de g\u00e9nero - Blog Comunidad Esment\" \/>\n<meta property=\"og:description\" content=\"Hoy, en el D\u00eda Internacional contra la Violencia de G\u00e9nero, un equipo de Esment Guies ha participado activamente en una jornada de sensibilizaci\u00f3n organizada por el Ayuntamiento de Inca. Tambi\u00e9n han participado en diferentes actos un grupo de mujeres del equipo de Esment Vivienda. Desde Esment, reiteramos\u00a0nuestro compromiso de tolerancia cero ante cualquier manifestaci\u00f3n de [&hellip;]\" \/>\n<meta property=\"og:url\" content=\"https:\/\/esment.org\/blogs\/tolerancia-0-ante-la-violencia-de-genero\/\" \/>\n<meta property=\"og:site_name\" content=\"Blog Comunidad Esment\" \/>\n<meta property=\"article:published_time\" content=\"2024-11-25T16:54:03+00:00\" \/>\n<meta property=\"article:modified_time\" content=\"2024-12-02T10:52:04+00:00\" \/>\n<meta property=\"og:image\" content=\"https:\/\/esment.org\/blogs\/wp-content\/uploads\/2024\/11\/bbb3627a-d817-43ff-9184-bbabde1fd3af.jpg\" \/>\n\t<meta property=\"og:image:width\" content=\"1536\" \/>\n\t<meta property=\"og:image:height\" content=\"2048\" \/>\n\t<meta property=\"og:image:type\" content=\"image\/jpeg\" \/>\n<meta name=\"author\" content=\"Yolanda Tarramera\" \/>\n<meta name=\"twitter:card\" content=\"summary_large_image\" \/>\n<meta name=\"twitter:label1\" content=\"Escrito por\" \/>\n\t<meta name=\"twitter:data1\" content=\"Yolanda Tarramera\" \/>\n\t<meta name=\"twitter:label2\" content=\"Tiempo de lectura\" \/>\n\t<meta name=\"twitter:data2\" content=\"2 minutos\" \/>\n<script type=\"application\/ld+json\" class=\"yoast-schema-graph\">{\"@context\":\"https:\/\/schema.org\",\"@graph\":[{\"@type\":\"Article\",\"@id\":\"https:\/\/esment.org\/blogs\/tolerancia-0-ante-la-violencia-de-genero\/#article\",\"isPartOf\":{\"@id\":\"https:\/\/esment.org\/blogs\/tolerancia-0-ante-la-violencia-de-genero\/\"},\"author\":{\"name\":\"Yolanda Tarramera\",\"@id\":\"https:\/\/esment.org\/blogs\/#\/schema\/person\/d2af4a49059695d7ca3491e0498d6b36\"},\"headline\":\"Tolerancia cero ante la violencia de g\u00e9nero\",\"datePublished\":\"2024-11-25T16:54:03+00:00\",\"dateModified\":\"2024-12-02T10:52:04+00:00\",\"mainEntityOfPage\":{\"@id\":\"https:\/\/esment.org\/blogs\/tolerancia-0-ante-la-violencia-de-genero\/\"},\"wordCount\":93,\"commentCount\":0,\"publisher\":{\"@id\":\"https:\/\/esment.org\/blogs\/#organization\"},\"image\":{\"@id\":\"https:\/\/esment.org\/blogs\/tolerancia-0-ante-la-violencia-de-genero\/#primaryimage\"},\"thumbnailUrl\":\"https:\/\/esment.org\/blogs\/wp-content\/uploads\/2024\/11\/bbb3627a-d817-43ff-9184-bbabde1fd3af.jpg\",\"inLanguage\":\"es\",\"potentialAction\":[{\"@type\":\"CommentAction\",\"name\":\"Comment\",\"target\":[\"https:\/\/esment.org\/blogs\/tolerancia-0-ante-la-violencia-de-genero\/#respond\"]}]},{\"@type\":\"WebPage\",\"@id\":\"https:\/\/esment.org\/blogs\/tolerancia-0-ante-la-violencia-de-genero\/\",\"url\":\"https:\/\/esment.org\/blogs\/tolerancia-0-ante-la-violencia-de-genero\/\",\"name\":\"Tolerancia cero ante la violencia de g\u00e9nero - Blog Comunidad Esment\",\"isPartOf\":{\"@id\":\"https:\/\/esment.org\/blogs\/#website\"},\"primaryImageOfPage\":{\"@id\":\"https:\/\/esment.org\/blogs\/tolerancia-0-ante-la-violencia-de-genero\/#primaryimage\"},\"image\":{\"@id\":\"https:\/\/esment.org\/blogs\/tolerancia-0-ante-la-violencia-de-genero\/#primaryimage\"},\"thumbnailUrl\":\"https:\/\/esment.org\/blogs\/wp-content\/uploads\/2024\/11\/bbb3627a-d817-43ff-9184-bbabde1fd3af.jpg\",\"datePublished\":\"2024-11-25T16:54:03+00:00\",\"dateModified\":\"2024-12-02T10:52:04+00:00\",\"breadcrumb\":{\"@id\":\"https:\/\/esment.org\/blogs\/tolerancia-0-ante-la-violencia-de-genero\/#breadcrumb\"},\"inLanguage\":\"es\",\"potentialAction\":[{\"@type\":\"ReadAction\",\"target\":[\"https:\/\/esment.org\/blogs\/tolerancia-0-ante-la-violencia-de-genero\/\"]}]},{\"@type\":\"ImageObject\",\"inLanguage\":\"es\",\"@id\":\"https:\/\/esment.org\/blogs\/tolerancia-0-ante-la-violencia-de-genero\/#primaryimage\",\"url\":\"https:\/\/esment.org\/blogs\/wp-content\/uploads\/2024\/11\/bbb3627a-d817-43ff-9184-bbabde1fd3af.jpg\",\"contentUrl\":\"https:\/\/esment.org\/blogs\/wp-content\/uploads\/2024\/11\/bbb3627a-d817-43ff-9184-bbabde1fd3af.jpg\",\"width\":1536,\"height\":2048},{\"@type\":\"BreadcrumbList\",\"@id\":\"https:\/\/esment.org\/blogs\/tolerancia-0-ante-la-violencia-de-genero\/#breadcrumb\",\"itemListElement\":[{\"@type\":\"ListItem\",\"position\":1,\"name\":\"Portada\",\"item\":\"https:\/\/esment.org\/blogs\/\"},{\"@type\":\"ListItem\",\"position\":2,\"name\":\"Tolerancia cero ante la violencia de g\u00e9nero\"}]},{\"@type\":\"WebSite\",\"@id\":\"https:\/\/esment.org\/blogs\/#website\",\"url\":\"https:\/\/esment.org\/blogs\/\",\"name\":\"Blog Comunidad Esment\",\"description\":\"Blogs de Esment\",\"publisher\":{\"@id\":\"https:\/\/esment.org\/blogs\/#organization\"},\"potentialAction\":[{\"@type\":\"SearchAction\",\"target\":{\"@type\":\"EntryPoint\",\"urlTemplate\":\"https:\/\/esment.org\/blogs\/?s={search_term_string}\"},\"query-input\":{\"@type\":\"PropertyValueSpecification\",\"valueRequired\":true,\"valueName\":\"search_term_string\"}}],\"inLanguage\":\"es\"},{\"@type\":\"Organization\",\"@id\":\"https:\/\/esment.org\/blogs\/#organization\",\"name\":\"Blog Comunidad Esment\",\"url\":\"https:\/\/esment.org\/blogs\/\",\"logo\":{\"@type\":\"ImageObject\",\"inLanguage\":\"es\",\"@id\":\"https:\/\/esment.org\/blogs\/#\/schema\/logo\/image\/\",\"url\":\"https:\/\/esment.org\/blogs\/wp-content\/uploads\/2020\/10\/logo-header.svg\",\"contentUrl\":\"https:\/\/esment.org\/blogs\/wp-content\/uploads\/2020\/10\/logo-header.svg\",\"caption\":\"Blog Comunidad Esment\"},\"image\":{\"@id\":\"https:\/\/esment.org\/blogs\/#\/schema\/logo\/image\/\"}},{\"@type\":\"Person\",\"@id\":\"https:\/\/esment.org\/blogs\/#\/schema\/person\/d2af4a49059695d7ca3491e0498d6b36\",\"name\":\"Yolanda Tarramera\",\"image\":{\"@type\":\"ImageObject\",\"inLanguage\":\"es\",\"@id\":\"https:\/\/esment.org\/blogs\/#\/schema\/person\/image\/\",\"url\":\"https:\/\/secure.gravatar.com\/avatar\/c93060ec77db68f5fefd782408bed5a5005bb0b119c5ece6cdbf5ad8631c6e5b?s=96&d=mm&r=g\",\"contentUrl\":\"https:\/\/secure.gravatar.com\/avatar\/c93060ec77db68f5fefd782408bed5a5005bb0b119c5ece6cdbf5ad8631c6e5b?s=96&d=mm&r=g\",\"caption\":\"Yolanda Tarramera\"},\"url\":\"https:\/\/esment.org\/blogs\/author\/yolanda-tarramera\/\"}]}<\/script>\n<!-- \/ Yoast SEO plugin. -->","yoast_head_json":{"title":"Tolerancia cero ante la violencia de g\u00e9nero - Blog Comunidad Esment","robots":{"index":"index","follow":"follow","max-snippet":"max-snippet:-1","max-image-preview":"max-image-preview:large","max-video-preview":"max-video-preview:-1"},"canonical":"https:\/\/esment.org\/blogs\/tolerancia-0-ante-la-violencia-de-genero\/","og_locale":"es_ES","og_type":"article","og_title":"Tolerancia cero ante la violencia de g\u00e9nero - Blog Comunidad Esment","og_description":"Hoy, en el D\u00eda Internacional contra la Violencia de G\u00e9nero, un equipo de Esment Guies ha participado activamente en una jornada de sensibilizaci\u00f3n organizada por el Ayuntamiento de Inca. Tambi\u00e9n han participado en diferentes actos un grupo de mujeres del equipo de Esment Vivienda. Desde Esment, reiteramos\u00a0nuestro compromiso de tolerancia cero ante cualquier manifestaci\u00f3n de [&hellip;]","og_url":"https:\/\/esment.org\/blogs\/tolerancia-0-ante-la-violencia-de-genero\/","og_site_name":"Blog Comunidad Esment","article_published_time":"2024-11-25T16:54:03+00:00","article_modified_time":"2024-12-02T10:52:04+00:00","og_image":[{"width":1536,"height":2048,"url":"https:\/\/esment.org\/blogs\/wp-content\/uploads\/2024\/11\/bbb3627a-d817-43ff-9184-bbabde1fd3af.jpg","type":"image\/jpeg"}],"author":"Yolanda Tarramera","twitter_card":"summary_large_image","twitter_misc":{"Escrito por":"Yolanda Tarramera","Tiempo de lectura":"2 minutos"},"schema":{"@context":"https:\/\/schema.org","@graph":[{"@type":"Article","@id":"https:\/\/esment.org\/blogs\/tolerancia-0-ante-la-violencia-de-genero\/#article","isPartOf":{"@id":"https:\/\/esment.org\/blogs\/tolerancia-0-ante-la-violencia-de-genero\/"},"author":{"name":"Yolanda Tarramera","@id":"https:\/\/esment.org\/blogs\/#\/schema\/person\/d2af4a49059695d7ca3491e0498d6b36"},"headline":"Tolerancia cero ante la violencia de g\u00e9nero","datePublished":"2024-11-25T16:54:03+00:00","dateModified":"2024-12-02T10:52:04+00:00","mainEntityOfPage":{"@id":"https:\/\/esment.org\/blogs\/tolerancia-0-ante-la-violencia-de-genero\/"},"wordCount":93,"commentCount":0,"publisher":{"@id":"https:\/\/esment.org\/blogs\/#organization"},"image":{"@id":"https:\/\/esment.org\/blogs\/tolerancia-0-ante-la-violencia-de-genero\/#primaryimage"},"thumbnailUrl":"https:\/\/esment.org\/blogs\/wp-content\/uploads\/2024\/11\/bbb3627a-d817-43ff-9184-bbabde1fd3af.jpg","inLanguage":"es","potentialAction":[{"@type":"CommentAction","name":"Comment","target":["https:\/\/esment.org\/blogs\/tolerancia-0-ante-la-violencia-de-genero\/#respond"]}]},{"@type":"WebPage","@id":"https:\/\/esment.org\/blogs\/tolerancia-0-ante-la-violencia-de-genero\/","url":"https:\/\/esment.org\/blogs\/tolerancia-0-ante-la-violencia-de-genero\/","name":"Tolerancia cero ante la violencia de g\u00e9nero - Blog Comunidad Esment","isPartOf":{"@id":"https:\/\/esment.org\/blogs\/#website"},"primaryImageOfPage":{"@id":"https:\/\/esment.org\/blogs\/tolerancia-0-ante-la-violencia-de-genero\/#primaryimage"},"image":{"@id":"https:\/\/esment.org\/blogs\/tolerancia-0-ante-la-violencia-de-genero\/#primaryimage"},"thumbnailUrl":"https:\/\/esment.org\/blogs\/wp-content\/uploads\/2024\/11\/bbb3627a-d817-43ff-9184-bbabde1fd3af.jpg","datePublished":"2024-11-25T16:54:03+00:00","dateModified":"2024-12-02T10:52:04+00:00","breadcrumb":{"@id":"https:\/\/esment.org\/blogs\/tolerancia-0-ante-la-violencia-de-genero\/#breadcrumb"},"inLanguage":"es","potentialAction":[{"@type":"ReadAction","target":["https:\/\/esment.org\/blogs\/tolerancia-0-ante-la-violencia-de-genero\/"]}]},{"@type":"ImageObject","inLanguage":"es","@id":"https:\/\/esment.org\/blogs\/tolerancia-0-ante-la-violencia-de-genero\/#primaryimage","url":"https:\/\/esment.org\/blogs\/wp-content\/uploads\/2024\/11\/bbb3627a-d817-43ff-9184-bbabde1fd3af.jpg","contentUrl":"https:\/\/esment.org\/blogs\/wp-content\/uploads\/2024\/11\/bbb3627a-d817-43ff-9184-bbabde1fd3af.jpg","width":1536,"height":2048},{"@type":"BreadcrumbList","@id":"https:\/\/esment.org\/blogs\/tolerancia-0-ante-la-violencia-de-genero\/#breadcrumb","itemListElement":[{"@type":"ListItem","position":1,"name":"Portada","item":"https:\/\/esment.org\/blogs\/"},{"@type":"ListItem","position":2,"name":"Tolerancia cero ante la violencia de g\u00e9nero"}]},{"@type":"WebSite","@id":"https:\/\/esment.org\/blogs\/#website","url":"https:\/\/esment.org\/blogs\/","name":"Blog Comunidad Esment","description":"Blogs de Esment","publisher":{"@id":"https:\/\/esment.org\/blogs\/#organization"},"potentialAction":[{"@type":"SearchAction","target":{"@type":"EntryPoint","urlTemplate":"https:\/\/esment.org\/blogs\/?s={search_term_string}"},"query-input":{"@type":"PropertyValueSpecification","valueRequired":true,"valueName":"search_term_string"}}],"inLanguage":"es"},{"@type":"Organization","@id":"https:\/\/esment.org\/blogs\/#organization","name":"Blog Comunidad Esment","url":"https:\/\/esment.org\/blogs\/","logo":{"@type":"ImageObject","inLanguage":"es","@id":"https:\/\/esment.org\/blogs\/#\/schema\/logo\/image\/","url":"https:\/\/esment.org\/blogs\/wp-content\/uploads\/2020\/10\/logo-header.svg","contentUrl":"https:\/\/esment.org\/blogs\/wp-content\/uploads\/2020\/10\/logo-header.svg","caption":"Blog Comunidad Esment"},"image":{"@id":"https:\/\/esment.org\/blogs\/#\/schema\/logo\/image\/"}},{"@type":"Person","@id":"https:\/\/esment.org\/blogs\/#\/schema\/person\/d2af4a49059695d7ca3491e0498d6b36","name":"Yolanda Tarramera","image":{"@type":"ImageObject","inLanguage":"es","@id":"https:\/\/esment.org\/blogs\/#\/schema\/person\/image\/","url":"https:\/\/secure.gravatar.com\/avatar\/c93060ec77db68f5fefd782408bed5a5005bb0b119c5ece6cdbf5ad8631c6e5b?s=96&d=mm&r=g","contentUrl":"https:\/\/secure.gravatar.com\/avatar\/c93060ec77db68f5fefd782408bed5a5005bb0b119c5ece6cdbf5ad8631c6e5b?s=96&d=mm&r=g","caption":"Yolanda Tarramera"},"url":"https:\/\/esment.org\/blogs\/author\/yolanda-tarramera\/"}]}},"_links":{"self":[{"href":"https:\/\/esment.org\/blogs\/wp-json\/wp\/v2\/posts\/25037","targetHints":{"allow":["GET"]}}],"collection":[{"href":"https:\/\/esment.org\/blogs\/wp-json\/wp\/v2\/posts"}],"about":[{"href":"https:\/\/esment.org\/blogs\/wp-json\/wp\/v2\/types\/post"}],"author":[{"embeddable":true,"href":"https:\/\/esment.org\/blogs\/wp-json\/wp\/v2\/users\/5"}],"replies":[{"embeddable":true,"href":"https:\/\/esment.org\/blogs\/wp-json\/wp\/v2\/comments?post=25037"}],"version-history":[{"count":5,"href":"https:\/\/esment.org\/blogs\/wp-json\/wp\/v2\/posts\/25037\/revisions"}],"predecessor-version":[{"id":25114,"href":"https:\/\/esment.org\/blogs\/wp-json\/wp\/v2\/posts\/25037\/revisions\/25114"}],"wp:attachment":[{"href":"https:\/\/esment.org\/blogs\/wp-json\/wp\/v2\/media?parent=25037"}],"wp:term":[{"taxonomy":"category","embeddable":true,"href":"https:\/\/esment.org\/blogs\/wp-json\/wp\/v2\/categories?post=25037"},{"taxonomy":"post_tag","embeddable":true,"href":"https:\/\/esment.org\/blogs\/wp-json\/wp\/v2\/tags?post=25037"}],"curies":[{"name":"wp","href":"https:\/\/api.w.org\/{rel}","templated":true}]}}