{"id":24812,"date":"2024-10-22T08:14:45","date_gmt":"2024-10-22T08:14:45","guid":{"rendered":"https:\/\/esment.org\/blogs\/?p=24812"},"modified":"2024-10-30T11:48:18","modified_gmt":"2024-10-30T11:48:18","slug":"actividades-en-la-comunidad-con-un-grupo-de-esment-guies-de-inca","status":"publish","type":"post","link":"https:\/\/esment.org\/blogs\/actividades-en-la-comunidad-con-un-grupo-de-esment-guies-de-inca\/","title":{"rendered":"Crecen las actividades y servicios de ocupaci\u00f3n en la comunidad"},"content":{"rendered":"<p>La participaci\u00f3n de las personas del servicio ocupacional en actividades dentro de la comunidad sigue creciendo. Adem\u00e1s de incorporar nuevas visitas guiadas, como es el caso de la visita al aer\u00f3dromo de Son Bonet, Esment Guies ha ampliado el servicio de acompa\u00f1amiento que ofrece a las personas que necesitan ayuda a la hora de hacer o cargar la compra. Gracias a la apertura del nuevo <a href=\"https:\/\/g.co\/kgs\/aeQLW6A\">Club Social Molins<\/a>, situado en el barrio de Es Fort\u00ed, ahora los vecinos de este barrio que precisen la ayuda de una o varias personas para ir a comprar al mercado de Santa Catalina, podr\u00e1n solicitarla en el mismo centro.<\/p>\n<p>Con este, ya son tres los mercados donde Esment Guies ofrece este servicio. El primero fue el Mercat d&#8217;Inca, al que luego se le sum\u00f3 el de Pere Garau, en Palma. Precisamente el equipo de Esment Guies de Inca ha tenido la agenda a tope este mes de octubre. Estos \u00faltimos d\u00edas les hemos podido ver en el Festival Voliana de Sineu y tambi\u00e9n en la fira de Inca, donde estuvieron al frente de la parada de productos elaborados en Esment: desde mermeladas a panes de masa madre, pasando por libretas, aceitunas ali\u00f1adas o los vinos de nuestro Celler Gallinas &amp; Focas.<\/p>\n<p>Adem\u00e1s de atender al p\u00fablico, por su parada pasaron autoridades como el alcalde de Inca, Virgilio Romero, y tambi\u00e9n la consellera de Asuntos Sociales del Govern Balear, Catarina Cirer, que no quiso perderse la segunda edici\u00f3n del festival Voliana, una cita que pone en valor la diversidad y el Tercer Sector.\u00a0 En este contexto, un grupo de personas con discapacidad intelectual y TEA ofrecieron una nueva sesi\u00f3n de la charla informativa <a href=\"https:\/\/esment.org\/blogs\/presentamos-el-proyecto-como-quiero-que-me-trates-en-el-i-congreso-cesur-de-mallorca\/\">C\u00f3mo quiero que me trates,<\/a> un taller dirigido a profesionales y estudiantes del \u00e1mbito sanitario que naci\u00f3 hace dos a\u00f1os con el objetivo de mejorar el trato y la comunicaci\u00f3n con las personas\u00a0 cuando \u00e9stas acuden a una consulta m\u00e9dica. Un proyecto que ya ha recorrido diversos centros de salud y que muy pronto se llevar\u00e1 a cabo a otros contextos.<\/p>\n<p><img fetchpriority=\"high\" decoding=\"async\" class=\"alignnone wp-image-24817 size-full\" src=\"https:\/\/esment.org\/blogs\/wp-content\/uploads\/2024\/10\/3d8b7372-d0f8-4485-bac7-e81ae8c013eb.jpg\" alt=\"\" width=\"1200\" height=\"1600\" srcset=\"https:\/\/esment.org\/blogs\/wp-content\/uploads\/2024\/10\/3d8b7372-d0f8-4485-bac7-e81ae8c013eb.jpg 1200w, https:\/\/esment.org\/blogs\/wp-content\/uploads\/2024\/10\/3d8b7372-d0f8-4485-bac7-e81ae8c013eb-225x300.jpg 225w, https:\/\/esment.org\/blogs\/wp-content\/uploads\/2024\/10\/3d8b7372-d0f8-4485-bac7-e81ae8c013eb-768x1024.jpg 768w, https:\/\/esment.org\/blogs\/wp-content\/uploads\/2024\/10\/3d8b7372-d0f8-4485-bac7-e81ae8c013eb-1152x1536.jpg 1152w\" sizes=\"(max-width: 1200px) 100vw, 1200px\" \/><\/p>\n<p><img decoding=\"async\" class=\"alignnone wp-image-24816 size-full\" src=\"https:\/\/esment.org\/blogs\/wp-content\/uploads\/2024\/10\/a186278e-4751-4d12-8e10-31d525d59706.jpg\" alt=\"\" width=\"1200\" height=\"1600\" srcset=\"https:\/\/esment.org\/blogs\/wp-content\/uploads\/2024\/10\/a186278e-4751-4d12-8e10-31d525d59706.jpg 1200w, https:\/\/esment.org\/blogs\/wp-content\/uploads\/2024\/10\/a186278e-4751-4d12-8e10-31d525d59706-225x300.jpg 225w, https:\/\/esment.org\/blogs\/wp-content\/uploads\/2024\/10\/a186278e-4751-4d12-8e10-31d525d59706-768x1024.jpg 768w, https:\/\/esment.org\/blogs\/wp-content\/uploads\/2024\/10\/a186278e-4751-4d12-8e10-31d525d59706-1152x1536.jpg 1152w\" sizes=\"(max-width: 1200px) 100vw, 1200px\" \/><\/p>\n<p><img decoding=\"async\" class=\"alignnone wp-image-24813 size-full\" src=\"https:\/\/esment.org\/blogs\/wp-content\/uploads\/2024\/10\/3e35a2b9-518e-4224-991f-62983e02ce16.jpg\" alt=\"\" width=\"1200\" height=\"1600\" srcset=\"https:\/\/esment.org\/blogs\/wp-content\/uploads\/2024\/10\/3e35a2b9-518e-4224-991f-62983e02ce16.jpg 1200w, https:\/\/esment.org\/blogs\/wp-content\/uploads\/2024\/10\/3e35a2b9-518e-4224-991f-62983e02ce16-225x300.jpg 225w, https:\/\/esment.org\/blogs\/wp-content\/uploads\/2024\/10\/3e35a2b9-518e-4224-991f-62983e02ce16-768x1024.jpg 768w, https:\/\/esment.org\/blogs\/wp-content\/uploads\/2024\/10\/3e35a2b9-518e-4224-991f-62983e02ce16-1152x1536.jpg 1152w\" sizes=\"(max-width: 1200px) 100vw, 1200px\" \/><\/p>\n<p><img loading=\"lazy\" decoding=\"async\" class=\"alignnone wp-image-24824 size-full\" src=\"https:\/\/esment.org\/blogs\/wp-content\/uploads\/2024\/10\/08e89bef-fc98-4915-8144-2316f84305bb.jpg\" alt=\"\" width=\"1200\" height=\"1600\" srcset=\"https:\/\/esment.org\/blogs\/wp-content\/uploads\/2024\/10\/08e89bef-fc98-4915-8144-2316f84305bb.jpg 1200w, https:\/\/esment.org\/blogs\/wp-content\/uploads\/2024\/10\/08e89bef-fc98-4915-8144-2316f84305bb-225x300.jpg 225w, https:\/\/esment.org\/blogs\/wp-content\/uploads\/2024\/10\/08e89bef-fc98-4915-8144-2316f84305bb-768x1024.jpg 768w, https:\/\/esment.org\/blogs\/wp-content\/uploads\/2024\/10\/08e89bef-fc98-4915-8144-2316f84305bb-1152x1536.jpg 1152w\" sizes=\"(max-width: 1200px) 100vw, 1200px\" \/><\/p>\n<p><img loading=\"lazy\" decoding=\"async\" class=\"alignnone wp-image-24827 size-full\" src=\"https:\/\/esment.org\/blogs\/wp-content\/uploads\/2024\/10\/1966f366-36b5-4e82-af06-0265b48b18f0.jpg\" alt=\"\" width=\"1600\" height=\"1200\" srcset=\"https:\/\/esment.org\/blogs\/wp-content\/uploads\/2024\/10\/1966f366-36b5-4e82-af06-0265b48b18f0.jpg 1600w, https:\/\/esment.org\/blogs\/wp-content\/uploads\/2024\/10\/1966f366-36b5-4e82-af06-0265b48b18f0-300x225.jpg 300w, https:\/\/esment.org\/blogs\/wp-content\/uploads\/2024\/10\/1966f366-36b5-4e82-af06-0265b48b18f0-1024x768.jpg 1024w, https:\/\/esment.org\/blogs\/wp-content\/uploads\/2024\/10\/1966f366-36b5-4e82-af06-0265b48b18f0-768x576.jpg 768w, https:\/\/esment.org\/blogs\/wp-content\/uploads\/2024\/10\/1966f366-36b5-4e82-af06-0265b48b18f0-1536x1152.jpg 1536w\" sizes=\"(max-width: 1600px) 100vw, 1600px\" \/><\/p>\n<p><img loading=\"lazy\" decoding=\"async\" class=\"alignnone wp-image-24826 size-full\" src=\"https:\/\/esment.org\/blogs\/wp-content\/uploads\/2024\/10\/0c60a973-1a39-4ede-bb09-4a22bebe7054.jpg\" alt=\"\" width=\"1600\" height=\"1200\" srcset=\"https:\/\/esment.org\/blogs\/wp-content\/uploads\/2024\/10\/0c60a973-1a39-4ede-bb09-4a22bebe7054.jpg 1600w, https:\/\/esment.org\/blogs\/wp-content\/uploads\/2024\/10\/0c60a973-1a39-4ede-bb09-4a22bebe7054-300x225.jpg 300w, https:\/\/esment.org\/blogs\/wp-content\/uploads\/2024\/10\/0c60a973-1a39-4ede-bb09-4a22bebe7054-1024x768.jpg 1024w, https:\/\/esment.org\/blogs\/wp-content\/uploads\/2024\/10\/0c60a973-1a39-4ede-bb09-4a22bebe7054-768x576.jpg 768w, https:\/\/esment.org\/blogs\/wp-content\/uploads\/2024\/10\/0c60a973-1a39-4ede-bb09-4a22bebe7054-1536x1152.jpg 1536w\" sizes=\"(max-width: 1600px) 100vw, 1600px\" \/><\/p>\n<p>&nbsp;<\/p>\n<p>&nbsp;<\/p>\n<p>&nbsp;<\/p>\n<p>&nbsp;<\/p>\n","protected":false},"excerpt":{"rendered":"<p>La participaci\u00f3n de las personas del servicio ocupacional en actividades dentro de la comunidad sigue creciendo. Adem\u00e1s de incorporar nuevas visitas guiadas, como es el caso de la visita al aer\u00f3dromo de Son Bonet, Esment Guies ha ampliado el servicio de acompa\u00f1amiento que ofrece a las personas que necesitan ayuda a la hora de hacer [&hellip;]<\/p>\n","protected":false},"author":5,"featured_media":24822,"comment_status":"open","ping_status":"closed","sticky":false,"template":"","format":"standard","meta":{"_acf_changed":false,"footnotes":""},"categories":[1],"tags":[579,990,2179,2178,1115,246,1022],"class_list":["post-24812","post","type-post","status-publish","format-standard","has-post-thumbnail","hentry","category-sin-categoria","tag-comunidad","tag-esment-guies","tag-festival-voliana","tag-fire","tag-inca","tag-ocupacion-2","tag-productos"],"acf":[],"yoast_head":"<!-- This site is optimized with the Yoast SEO plugin v26.4 - https:\/\/yoast.com\/wordpress\/plugins\/seo\/ -->\n<title>Crecen las actividades y servicios de ocupaci\u00f3n en la comunidad - Blog Comunidad Esment<\/title>\n<meta name=\"robots\" content=\"index, follow, max-snippet:-1, max-image-preview:large, max-video-preview:-1\" \/>\n<link rel=\"canonical\" href=\"https:\/\/esment.org\/blogs\/actividades-en-la-comunidad-con-un-grupo-de-esment-guies-de-inca\/\" \/>\n<meta property=\"og:locale\" content=\"es_ES\" \/>\n<meta property=\"og:type\" content=\"article\" \/>\n<meta property=\"og:title\" content=\"Crecen las actividades y servicios de ocupaci\u00f3n en la comunidad - Blog Comunidad Esment\" \/>\n<meta property=\"og:description\" content=\"La participaci\u00f3n de las personas del servicio ocupacional en actividades dentro de la comunidad sigue creciendo. Adem\u00e1s de incorporar nuevas visitas guiadas, como es el caso de la visita al aer\u00f3dromo de Son Bonet, Esment Guies ha ampliado el servicio de acompa\u00f1amiento que ofrece a las personas que necesitan ayuda a la hora de hacer [&hellip;]\" \/>\n<meta property=\"og:url\" content=\"https:\/\/esment.org\/blogs\/actividades-en-la-comunidad-con-un-grupo-de-esment-guies-de-inca\/\" \/>\n<meta property=\"og:site_name\" content=\"Blog Comunidad Esment\" \/>\n<meta property=\"article:published_time\" content=\"2024-10-22T08:14:45+00:00\" \/>\n<meta property=\"article:modified_time\" content=\"2024-10-30T11:48:18+00:00\" \/>\n<meta property=\"og:image\" content=\"https:\/\/esment.org\/blogs\/wp-content\/uploads\/2024\/10\/057968d1-0bcd-44e1-9a69-723f8b9deac1.jpg\" \/>\n\t<meta property=\"og:image:width\" content=\"2000\" \/>\n\t<meta property=\"og:image:height\" content=\"1125\" \/>\n\t<meta property=\"og:image:type\" content=\"image\/jpeg\" \/>\n<meta name=\"author\" content=\"Yolanda Tarramera\" \/>\n<meta name=\"twitter:card\" content=\"summary_large_image\" \/>\n<meta name=\"twitter:label1\" content=\"Escrito por\" \/>\n\t<meta name=\"twitter:data1\" content=\"Yolanda Tarramera\" \/>\n\t<meta name=\"twitter:label2\" content=\"Tiempo de lectura\" \/>\n\t<meta name=\"twitter:data2\" content=\"3 minutos\" \/>\n<script type=\"application\/ld+json\" class=\"yoast-schema-graph\">{\"@context\":\"https:\/\/schema.org\",\"@graph\":[{\"@type\":\"Article\",\"@id\":\"https:\/\/esment.org\/blogs\/actividades-en-la-comunidad-con-un-grupo-de-esment-guies-de-inca\/#article\",\"isPartOf\":{\"@id\":\"https:\/\/esment.org\/blogs\/actividades-en-la-comunidad-con-un-grupo-de-esment-guies-de-inca\/\"},\"author\":{\"name\":\"Yolanda Tarramera\",\"@id\":\"https:\/\/esment.org\/blogs\/#\/schema\/person\/d2af4a49059695d7ca3491e0498d6b36\"},\"headline\":\"Crecen las actividades y servicios de ocupaci\u00f3n en la comunidad\",\"datePublished\":\"2024-10-22T08:14:45+00:00\",\"dateModified\":\"2024-10-30T11:48:18+00:00\",\"mainEntityOfPage\":{\"@id\":\"https:\/\/esment.org\/blogs\/actividades-en-la-comunidad-con-un-grupo-de-esment-guies-de-inca\/\"},\"wordCount\":371,\"commentCount\":0,\"publisher\":{\"@id\":\"https:\/\/esment.org\/blogs\/#organization\"},\"image\":{\"@id\":\"https:\/\/esment.org\/blogs\/actividades-en-la-comunidad-con-un-grupo-de-esment-guies-de-inca\/#primaryimage\"},\"thumbnailUrl\":\"https:\/\/esment.org\/blogs\/wp-content\/uploads\/2024\/10\/057968d1-0bcd-44e1-9a69-723f8b9deac1.jpg\",\"keywords\":[\"comunidad\",\"Esment Guies\",\"festival voliana\",\"fire\",\"Inca\",\"ocupaci\u00f3n\",\"productos\"],\"inLanguage\":\"es\",\"potentialAction\":[{\"@type\":\"CommentAction\",\"name\":\"Comment\",\"target\":[\"https:\/\/esment.org\/blogs\/actividades-en-la-comunidad-con-un-grupo-de-esment-guies-de-inca\/#respond\"]}]},{\"@type\":\"WebPage\",\"@id\":\"https:\/\/esment.org\/blogs\/actividades-en-la-comunidad-con-un-grupo-de-esment-guies-de-inca\/\",\"url\":\"https:\/\/esment.org\/blogs\/actividades-en-la-comunidad-con-un-grupo-de-esment-guies-de-inca\/\",\"name\":\"Crecen las actividades y servicios de ocupaci\u00f3n en la comunidad - Blog Comunidad Esment\",\"isPartOf\":{\"@id\":\"https:\/\/esment.org\/blogs\/#website\"},\"primaryImageOfPage\":{\"@id\":\"https:\/\/esment.org\/blogs\/actividades-en-la-comunidad-con-un-grupo-de-esment-guies-de-inca\/#primaryimage\"},\"image\":{\"@id\":\"https:\/\/esment.org\/blogs\/actividades-en-la-comunidad-con-un-grupo-de-esment-guies-de-inca\/#primaryimage\"},\"thumbnailUrl\":\"https:\/\/esment.org\/blogs\/wp-content\/uploads\/2024\/10\/057968d1-0bcd-44e1-9a69-723f8b9deac1.jpg\",\"datePublished\":\"2024-10-22T08:14:45+00:00\",\"dateModified\":\"2024-10-30T11:48:18+00:00\",\"breadcrumb\":{\"@id\":\"https:\/\/esment.org\/blogs\/actividades-en-la-comunidad-con-un-grupo-de-esment-guies-de-inca\/#breadcrumb\"},\"inLanguage\":\"es\",\"potentialAction\":[{\"@type\":\"ReadAction\",\"target\":[\"https:\/\/esment.org\/blogs\/actividades-en-la-comunidad-con-un-grupo-de-esment-guies-de-inca\/\"]}]},{\"@type\":\"ImageObject\",\"inLanguage\":\"es\",\"@id\":\"https:\/\/esment.org\/blogs\/actividades-en-la-comunidad-con-un-grupo-de-esment-guies-de-inca\/#primaryimage\",\"url\":\"https:\/\/esment.org\/blogs\/wp-content\/uploads\/2024\/10\/057968d1-0bcd-44e1-9a69-723f8b9deac1.jpg\",\"contentUrl\":\"https:\/\/esment.org\/blogs\/wp-content\/uploads\/2024\/10\/057968d1-0bcd-44e1-9a69-723f8b9deac1.jpg\",\"width\":2000,\"height\":1125},{\"@type\":\"BreadcrumbList\",\"@id\":\"https:\/\/esment.org\/blogs\/actividades-en-la-comunidad-con-un-grupo-de-esment-guies-de-inca\/#breadcrumb\",\"itemListElement\":[{\"@type\":\"ListItem\",\"position\":1,\"name\":\"Portada\",\"item\":\"https:\/\/esment.org\/blogs\/\"},{\"@type\":\"ListItem\",\"position\":2,\"name\":\"Crecen las actividades y servicios de ocupaci\u00f3n en la comunidad\"}]},{\"@type\":\"WebSite\",\"@id\":\"https:\/\/esment.org\/blogs\/#website\",\"url\":\"https:\/\/esment.org\/blogs\/\",\"name\":\"Blog Comunidad Esment\",\"description\":\"Blogs de Esment\",\"publisher\":{\"@id\":\"https:\/\/esment.org\/blogs\/#organization\"},\"potentialAction\":[{\"@type\":\"SearchAction\",\"target\":{\"@type\":\"EntryPoint\",\"urlTemplate\":\"https:\/\/esment.org\/blogs\/?s={search_term_string}\"},\"query-input\":{\"@type\":\"PropertyValueSpecification\",\"valueRequired\":true,\"valueName\":\"search_term_string\"}}],\"inLanguage\":\"es\"},{\"@type\":\"Organization\",\"@id\":\"https:\/\/esment.org\/blogs\/#organization\",\"name\":\"Blog Comunidad Esment\",\"url\":\"https:\/\/esment.org\/blogs\/\",\"logo\":{\"@type\":\"ImageObject\",\"inLanguage\":\"es\",\"@id\":\"https:\/\/esment.org\/blogs\/#\/schema\/logo\/image\/\",\"url\":\"https:\/\/esment.org\/blogs\/wp-content\/uploads\/2020\/10\/logo-header.svg\",\"contentUrl\":\"https:\/\/esment.org\/blogs\/wp-content\/uploads\/2020\/10\/logo-header.svg\",\"caption\":\"Blog Comunidad Esment\"},\"image\":{\"@id\":\"https:\/\/esment.org\/blogs\/#\/schema\/logo\/image\/\"}},{\"@type\":\"Person\",\"@id\":\"https:\/\/esment.org\/blogs\/#\/schema\/person\/d2af4a49059695d7ca3491e0498d6b36\",\"name\":\"Yolanda Tarramera\",\"image\":{\"@type\":\"ImageObject\",\"inLanguage\":\"es\",\"@id\":\"https:\/\/esment.org\/blogs\/#\/schema\/person\/image\/\",\"url\":\"https:\/\/secure.gravatar.com\/avatar\/c93060ec77db68f5fefd782408bed5a5005bb0b119c5ece6cdbf5ad8631c6e5b?s=96&d=mm&r=g\",\"contentUrl\":\"https:\/\/secure.gravatar.com\/avatar\/c93060ec77db68f5fefd782408bed5a5005bb0b119c5ece6cdbf5ad8631c6e5b?s=96&d=mm&r=g\",\"caption\":\"Yolanda Tarramera\"},\"url\":\"https:\/\/esment.org\/blogs\/author\/yolanda-tarramera\/\"}]}<\/script>\n<!-- \/ Yoast SEO plugin. -->","yoast_head_json":{"title":"Crecen las actividades y servicios de ocupaci\u00f3n en la comunidad - Blog Comunidad Esment","robots":{"index":"index","follow":"follow","max-snippet":"max-snippet:-1","max-image-preview":"max-image-preview:large","max-video-preview":"max-video-preview:-1"},"canonical":"https:\/\/esment.org\/blogs\/actividades-en-la-comunidad-con-un-grupo-de-esment-guies-de-inca\/","og_locale":"es_ES","og_type":"article","og_title":"Crecen las actividades y servicios de ocupaci\u00f3n en la comunidad - Blog Comunidad Esment","og_description":"La participaci\u00f3n de las personas del servicio ocupacional en actividades dentro de la comunidad sigue creciendo. Adem\u00e1s de incorporar nuevas visitas guiadas, como es el caso de la visita al aer\u00f3dromo de Son Bonet, Esment Guies ha ampliado el servicio de acompa\u00f1amiento que ofrece a las personas que necesitan ayuda a la hora de hacer [&hellip;]","og_url":"https:\/\/esment.org\/blogs\/actividades-en-la-comunidad-con-un-grupo-de-esment-guies-de-inca\/","og_site_name":"Blog Comunidad Esment","article_published_time":"2024-10-22T08:14:45+00:00","article_modified_time":"2024-10-30T11:48:18+00:00","og_image":[{"width":2000,"height":1125,"url":"https:\/\/esment.org\/blogs\/wp-content\/uploads\/2024\/10\/057968d1-0bcd-44e1-9a69-723f8b9deac1.jpg","type":"image\/jpeg"}],"author":"Yolanda Tarramera","twitter_card":"summary_large_image","twitter_misc":{"Escrito por":"Yolanda Tarramera","Tiempo de lectura":"3 minutos"},"schema":{"@context":"https:\/\/schema.org","@graph":[{"@type":"Article","@id":"https:\/\/esment.org\/blogs\/actividades-en-la-comunidad-con-un-grupo-de-esment-guies-de-inca\/#article","isPartOf":{"@id":"https:\/\/esment.org\/blogs\/actividades-en-la-comunidad-con-un-grupo-de-esment-guies-de-inca\/"},"author":{"name":"Yolanda Tarramera","@id":"https:\/\/esment.org\/blogs\/#\/schema\/person\/d2af4a49059695d7ca3491e0498d6b36"},"headline":"Crecen las actividades y servicios de ocupaci\u00f3n en la comunidad","datePublished":"2024-10-22T08:14:45+00:00","dateModified":"2024-10-30T11:48:18+00:00","mainEntityOfPage":{"@id":"https:\/\/esment.org\/blogs\/actividades-en-la-comunidad-con-un-grupo-de-esment-guies-de-inca\/"},"wordCount":371,"commentCount":0,"publisher":{"@id":"https:\/\/esment.org\/blogs\/#organization"},"image":{"@id":"https:\/\/esment.org\/blogs\/actividades-en-la-comunidad-con-un-grupo-de-esment-guies-de-inca\/#primaryimage"},"thumbnailUrl":"https:\/\/esment.org\/blogs\/wp-content\/uploads\/2024\/10\/057968d1-0bcd-44e1-9a69-723f8b9deac1.jpg","keywords":["comunidad","Esment Guies","festival voliana","fire","Inca","ocupaci\u00f3n","productos"],"inLanguage":"es","potentialAction":[{"@type":"CommentAction","name":"Comment","target":["https:\/\/esment.org\/blogs\/actividades-en-la-comunidad-con-un-grupo-de-esment-guies-de-inca\/#respond"]}]},{"@type":"WebPage","@id":"https:\/\/esment.org\/blogs\/actividades-en-la-comunidad-con-un-grupo-de-esment-guies-de-inca\/","url":"https:\/\/esment.org\/blogs\/actividades-en-la-comunidad-con-un-grupo-de-esment-guies-de-inca\/","name":"Crecen las actividades y servicios de ocupaci\u00f3n en la comunidad - Blog Comunidad Esment","isPartOf":{"@id":"https:\/\/esment.org\/blogs\/#website"},"primaryImageOfPage":{"@id":"https:\/\/esment.org\/blogs\/actividades-en-la-comunidad-con-un-grupo-de-esment-guies-de-inca\/#primaryimage"},"image":{"@id":"https:\/\/esment.org\/blogs\/actividades-en-la-comunidad-con-un-grupo-de-esment-guies-de-inca\/#primaryimage"},"thumbnailUrl":"https:\/\/esment.org\/blogs\/wp-content\/uploads\/2024\/10\/057968d1-0bcd-44e1-9a69-723f8b9deac1.jpg","datePublished":"2024-10-22T08:14:45+00:00","dateModified":"2024-10-30T11:48:18+00:00","breadcrumb":{"@id":"https:\/\/esment.org\/blogs\/actividades-en-la-comunidad-con-un-grupo-de-esment-guies-de-inca\/#breadcrumb"},"inLanguage":"es","potentialAction":[{"@type":"ReadAction","target":["https:\/\/esment.org\/blogs\/actividades-en-la-comunidad-con-un-grupo-de-esment-guies-de-inca\/"]}]},{"@type":"ImageObject","inLanguage":"es","@id":"https:\/\/esment.org\/blogs\/actividades-en-la-comunidad-con-un-grupo-de-esment-guies-de-inca\/#primaryimage","url":"https:\/\/esment.org\/blogs\/wp-content\/uploads\/2024\/10\/057968d1-0bcd-44e1-9a69-723f8b9deac1.jpg","contentUrl":"https:\/\/esment.org\/blogs\/wp-content\/uploads\/2024\/10\/057968d1-0bcd-44e1-9a69-723f8b9deac1.jpg","width":2000,"height":1125},{"@type":"BreadcrumbList","@id":"https:\/\/esment.org\/blogs\/actividades-en-la-comunidad-con-un-grupo-de-esment-guies-de-inca\/#breadcrumb","itemListElement":[{"@type":"ListItem","position":1,"name":"Portada","item":"https:\/\/esment.org\/blogs\/"},{"@type":"ListItem","position":2,"name":"Crecen las actividades y servicios de ocupaci\u00f3n en la comunidad"}]},{"@type":"WebSite","@id":"https:\/\/esment.org\/blogs\/#website","url":"https:\/\/esment.org\/blogs\/","name":"Blog Comunidad Esment","description":"Blogs de Esment","publisher":{"@id":"https:\/\/esment.org\/blogs\/#organization"},"potentialAction":[{"@type":"SearchAction","target":{"@type":"EntryPoint","urlTemplate":"https:\/\/esment.org\/blogs\/?s={search_term_string}"},"query-input":{"@type":"PropertyValueSpecification","valueRequired":true,"valueName":"search_term_string"}}],"inLanguage":"es"},{"@type":"Organization","@id":"https:\/\/esment.org\/blogs\/#organization","name":"Blog Comunidad Esment","url":"https:\/\/esment.org\/blogs\/","logo":{"@type":"ImageObject","inLanguage":"es","@id":"https:\/\/esment.org\/blogs\/#\/schema\/logo\/image\/","url":"https:\/\/esment.org\/blogs\/wp-content\/uploads\/2020\/10\/logo-header.svg","contentUrl":"https:\/\/esment.org\/blogs\/wp-content\/uploads\/2020\/10\/logo-header.svg","caption":"Blog Comunidad Esment"},"image":{"@id":"https:\/\/esment.org\/blogs\/#\/schema\/logo\/image\/"}},{"@type":"Person","@id":"https:\/\/esment.org\/blogs\/#\/schema\/person\/d2af4a49059695d7ca3491e0498d6b36","name":"Yolanda Tarramera","image":{"@type":"ImageObject","inLanguage":"es","@id":"https:\/\/esment.org\/blogs\/#\/schema\/person\/image\/","url":"https:\/\/secure.gravatar.com\/avatar\/c93060ec77db68f5fefd782408bed5a5005bb0b119c5ece6cdbf5ad8631c6e5b?s=96&d=mm&r=g","contentUrl":"https:\/\/secure.gravatar.com\/avatar\/c93060ec77db68f5fefd782408bed5a5005bb0b119c5ece6cdbf5ad8631c6e5b?s=96&d=mm&r=g","caption":"Yolanda Tarramera"},"url":"https:\/\/esment.org\/blogs\/author\/yolanda-tarramera\/"}]}},"_links":{"self":[{"href":"https:\/\/esment.org\/blogs\/wp-json\/wp\/v2\/posts\/24812","targetHints":{"allow":["GET"]}}],"collection":[{"href":"https:\/\/esment.org\/blogs\/wp-json\/wp\/v2\/posts"}],"about":[{"href":"https:\/\/esment.org\/blogs\/wp-json\/wp\/v2\/types\/post"}],"author":[{"embeddable":true,"href":"https:\/\/esment.org\/blogs\/wp-json\/wp\/v2\/users\/5"}],"replies":[{"embeddable":true,"href":"https:\/\/esment.org\/blogs\/wp-json\/wp\/v2\/comments?post=24812"}],"version-history":[{"count":5,"href":"https:\/\/esment.org\/blogs\/wp-json\/wp\/v2\/posts\/24812\/revisions"}],"predecessor-version":[{"id":24867,"href":"https:\/\/esment.org\/blogs\/wp-json\/wp\/v2\/posts\/24812\/revisions\/24867"}],"wp:featuredmedia":[{"embeddable":true,"href":"https:\/\/esment.org\/blogs\/wp-json\/wp\/v2\/media\/24822"}],"wp:attachment":[{"href":"https:\/\/esment.org\/blogs\/wp-json\/wp\/v2\/media?parent=24812"}],"wp:term":[{"taxonomy":"category","embeddable":true,"href":"https:\/\/esment.org\/blogs\/wp-json\/wp\/v2\/categories?post=24812"},{"taxonomy":"post_tag","embeddable":true,"href":"https:\/\/esment.org\/blogs\/wp-json\/wp\/v2\/tags?post=24812"}],"curies":[{"name":"wp","href":"https:\/\/api.w.org\/{rel}","templated":true}]}}