{"id":24793,"date":"2024-10-24T21:44:22","date_gmt":"2024-10-24T21:44:22","guid":{"rendered":"https:\/\/esment.org\/blogs\/?p=24793"},"modified":"2024-10-30T08:24:33","modified_gmt":"2024-10-30T08:24:33","slug":"la-escuela-le-cordon-bleu-visita-esment-escola-professional","status":"publish","type":"post","link":"https:\/\/esment.org\/blogs\/la-escuela-le-cordon-bleu-visita-esment-escola-professional\/","title":{"rendered":"La escuela Le Cordon Bleu visita Esment Escola Professional"},"content":{"rendered":"<p>La prestigiosa escuela de cocina Le Cordon Bleu de Madrid visit\u00f3 estos d\u00edas Esment Escola Professional para conocer las instalaciones e intercambiar opiniones con los aprendices y el equipo docente de Formaci\u00f3n Dual de cocina y atenci\u00f3n en sala.<\/p>\n<p>Durante su visita, el chef Diego Mu\u00f1oz y Marta Aguilar, del departamento For Business de Le Cordon Bleu, tuvieron oportunidad de charlar con algunos de los aprendices y conocer las cocinas donde posiblemente algunos de ellos se preparar\u00e1n para participar en la XIII edici\u00f3n del Premio Promesas de la alta cocina que se celebra este a\u00f1o.<\/p>\n<p>El Premio Promesas de la Alta Cocina, uno de los m\u00e1s importantes en el \u00e1mbito gastron\u00f3mico, ofrece a estudiantes de \u00faltimo curso de cocina la oportunidad de continuar su formaci\u00f3n en una prestigiosa escuela internacional. Este certamen nacional, dirigido a j\u00f3venes menores de 25 a\u00f1os, destaca por su enfoque en la pasi\u00f3n y visi\u00f3n innovadora en la cocina. En su nueva edici\u00f3n, la final coincidir\u00e1 con el 130 aniversario de Le Cordon Bleu, que aumenta el valor de los premios: el ganador recibir\u00e1 una beca de 40.000 euros para estudiar el Grand Dipl\u00f4me\u00ae, mientras que el segundo obtendr\u00e1 una beca de 23.000 euros. Adem\u00e1s, se otorgar\u00e1 un incentivo de 1.500 euros al centro del ganador.<\/p>\n<p>Este concurso despierta gran inter\u00e9s entre los aprendices de Esment Escola Professional ya que, en la pasada edici\u00f3n, Julieth Ximena Cartagena y Javier Alfonso Bravo, ambos de este centro, lograron clasificarse entre los finalistas del concurso. Lo mismo que Alberto Pujol y Bryan Hernany,\u00a0 que se quedaron a las puertas de proclamarse ganadores en la edici\u00f3n del 2022.<\/p>\n<p><img fetchpriority=\"high\" decoding=\"async\" class=\"alignnone wp-image-24796 size-full\" src=\"https:\/\/esment.org\/blogs\/wp-content\/uploads\/2024\/10\/WhatsApp-Image-2024-10-16-at-11.13.53.jpeg\" alt=\"\" width=\"1600\" height=\"1200\" srcset=\"https:\/\/esment.org\/blogs\/wp-content\/uploads\/2024\/10\/WhatsApp-Image-2024-10-16-at-11.13.53.jpeg 1600w, https:\/\/esment.org\/blogs\/wp-content\/uploads\/2024\/10\/WhatsApp-Image-2024-10-16-at-11.13.53-300x225.jpeg 300w, https:\/\/esment.org\/blogs\/wp-content\/uploads\/2024\/10\/WhatsApp-Image-2024-10-16-at-11.13.53-1024x768.jpeg 1024w, https:\/\/esment.org\/blogs\/wp-content\/uploads\/2024\/10\/WhatsApp-Image-2024-10-16-at-11.13.53-768x576.jpeg 768w, https:\/\/esment.org\/blogs\/wp-content\/uploads\/2024\/10\/WhatsApp-Image-2024-10-16-at-11.13.53-1536x1152.jpeg 1536w\" sizes=\"(max-width: 1600px) 100vw, 1600px\" \/><\/p>\n<p>&nbsp;<\/p>\n<p>&nbsp;<\/p>\n<p>&nbsp;<\/p>\n<p>&nbsp;<\/p>\n","protected":false},"excerpt":{"rendered":"<p>La prestigiosa escuela de cocina Le Cordon Bleu de Madrid visit\u00f3 estos d\u00edas Esment Escola Professional para conocer las instalaciones e intercambiar opiniones con los aprendices y el equipo docente de Formaci\u00f3n Dual de cocina y atenci\u00f3n en sala. Durante su visita, el chef Diego Mu\u00f1oz y Marta Aguilar, del departamento For Business de Le [&hellip;]<\/p>\n","protected":false},"author":5,"featured_media":24795,"comment_status":"open","ping_status":"closed","sticky":false,"template":"","format":"standard","meta":{"_acf_changed":false,"footnotes":""},"categories":[1],"tags":[770,1322,890,774,1379,527],"class_list":["post-24793","post","type-post","status-publish","format-standard","has-post-thumbnail","hentry","category-sin-categoria","tag-aprendices","tag-candidatos","tag-concurso","tag-esment-escola-professional","tag-le-cordon-bleu","tag-premios"],"acf":[],"yoast_head":"<!-- This site is optimized with the Yoast SEO plugin v26.4 - https:\/\/yoast.com\/wordpress\/plugins\/seo\/ -->\n<title>La escuela Le Cordon Bleu visita Esment Escola Professional - Blog Comunidad Esment<\/title>\n<meta name=\"robots\" content=\"index, follow, max-snippet:-1, max-image-preview:large, max-video-preview:-1\" \/>\n<link rel=\"canonical\" href=\"https:\/\/esment.org\/blogs\/la-escuela-le-cordon-bleu-visita-esment-escola-professional\/\" \/>\n<meta property=\"og:locale\" content=\"es_ES\" \/>\n<meta property=\"og:type\" content=\"article\" \/>\n<meta property=\"og:title\" content=\"La escuela Le Cordon Bleu visita Esment Escola Professional - Blog Comunidad Esment\" \/>\n<meta property=\"og:description\" content=\"La prestigiosa escuela de cocina Le Cordon Bleu de Madrid visit\u00f3 estos d\u00edas Esment Escola Professional para conocer las instalaciones e intercambiar opiniones con los aprendices y el equipo docente de Formaci\u00f3n Dual de cocina y atenci\u00f3n en sala. Durante su visita, el chef Diego Mu\u00f1oz y Marta Aguilar, del departamento For Business de Le [&hellip;]\" \/>\n<meta property=\"og:url\" content=\"https:\/\/esment.org\/blogs\/la-escuela-le-cordon-bleu-visita-esment-escola-professional\/\" \/>\n<meta property=\"og:site_name\" content=\"Blog Comunidad Esment\" \/>\n<meta property=\"article:published_time\" content=\"2024-10-24T21:44:22+00:00\" \/>\n<meta property=\"article:modified_time\" content=\"2024-10-30T08:24:33+00:00\" \/>\n<meta property=\"og:image\" content=\"https:\/\/esment.org\/blogs\/wp-content\/uploads\/2024\/10\/WhatsApp-Image-2024-10-16-at-11.32.50-e1729806251124.jpeg\" \/>\n\t<meta property=\"og:image:width\" content=\"1535\" \/>\n\t<meta property=\"og:image:height\" content=\"997\" \/>\n\t<meta property=\"og:image:type\" content=\"image\/jpeg\" \/>\n<meta name=\"author\" content=\"Yolanda Tarramera\" \/>\n<meta name=\"twitter:card\" content=\"summary_large_image\" \/>\n<meta name=\"twitter:label1\" content=\"Escrito por\" \/>\n\t<meta name=\"twitter:data1\" content=\"Yolanda Tarramera\" \/>\n\t<meta name=\"twitter:label2\" content=\"Tiempo de lectura\" \/>\n\t<meta name=\"twitter:data2\" content=\"2 minutos\" \/>\n<script type=\"application\/ld+json\" class=\"yoast-schema-graph\">{\"@context\":\"https:\/\/schema.org\",\"@graph\":[{\"@type\":\"Article\",\"@id\":\"https:\/\/esment.org\/blogs\/la-escuela-le-cordon-bleu-visita-esment-escola-professional\/#article\",\"isPartOf\":{\"@id\":\"https:\/\/esment.org\/blogs\/la-escuela-le-cordon-bleu-visita-esment-escola-professional\/\"},\"author\":{\"name\":\"Yolanda Tarramera\",\"@id\":\"https:\/\/esment.org\/blogs\/#\/schema\/person\/d2af4a49059695d7ca3491e0498d6b36\"},\"headline\":\"La escuela Le Cordon Bleu visita Esment Escola Professional\",\"datePublished\":\"2024-10-24T21:44:22+00:00\",\"dateModified\":\"2024-10-30T08:24:33+00:00\",\"mainEntityOfPage\":{\"@id\":\"https:\/\/esment.org\/blogs\/la-escuela-le-cordon-bleu-visita-esment-escola-professional\/\"},\"wordCount\":295,\"commentCount\":0,\"publisher\":{\"@id\":\"https:\/\/esment.org\/blogs\/#organization\"},\"image\":{\"@id\":\"https:\/\/esment.org\/blogs\/la-escuela-le-cordon-bleu-visita-esment-escola-professional\/#primaryimage\"},\"thumbnailUrl\":\"https:\/\/esment.org\/blogs\/wp-content\/uploads\/2024\/10\/WhatsApp-Image-2024-10-16-at-11.32.50-e1729806251124.jpeg\",\"keywords\":[\"aprendices\",\"candidatos\",\"concurso\",\"esment escola professional\",\"le cordon bleu\",\"premios\"],\"inLanguage\":\"es\",\"potentialAction\":[{\"@type\":\"CommentAction\",\"name\":\"Comment\",\"target\":[\"https:\/\/esment.org\/blogs\/la-escuela-le-cordon-bleu-visita-esment-escola-professional\/#respond\"]}]},{\"@type\":\"WebPage\",\"@id\":\"https:\/\/esment.org\/blogs\/la-escuela-le-cordon-bleu-visita-esment-escola-professional\/\",\"url\":\"https:\/\/esment.org\/blogs\/la-escuela-le-cordon-bleu-visita-esment-escola-professional\/\",\"name\":\"La escuela Le Cordon Bleu visita Esment Escola Professional - Blog Comunidad Esment\",\"isPartOf\":{\"@id\":\"https:\/\/esment.org\/blogs\/#website\"},\"primaryImageOfPage\":{\"@id\":\"https:\/\/esment.org\/blogs\/la-escuela-le-cordon-bleu-visita-esment-escola-professional\/#primaryimage\"},\"image\":{\"@id\":\"https:\/\/esment.org\/blogs\/la-escuela-le-cordon-bleu-visita-esment-escola-professional\/#primaryimage\"},\"thumbnailUrl\":\"https:\/\/esment.org\/blogs\/wp-content\/uploads\/2024\/10\/WhatsApp-Image-2024-10-16-at-11.32.50-e1729806251124.jpeg\",\"datePublished\":\"2024-10-24T21:44:22+00:00\",\"dateModified\":\"2024-10-30T08:24:33+00:00\",\"breadcrumb\":{\"@id\":\"https:\/\/esment.org\/blogs\/la-escuela-le-cordon-bleu-visita-esment-escola-professional\/#breadcrumb\"},\"inLanguage\":\"es\",\"potentialAction\":[{\"@type\":\"ReadAction\",\"target\":[\"https:\/\/esment.org\/blogs\/la-escuela-le-cordon-bleu-visita-esment-escola-professional\/\"]}]},{\"@type\":\"ImageObject\",\"inLanguage\":\"es\",\"@id\":\"https:\/\/esment.org\/blogs\/la-escuela-le-cordon-bleu-visita-esment-escola-professional\/#primaryimage\",\"url\":\"https:\/\/esment.org\/blogs\/wp-content\/uploads\/2024\/10\/WhatsApp-Image-2024-10-16-at-11.32.50-e1729806251124.jpeg\",\"contentUrl\":\"https:\/\/esment.org\/blogs\/wp-content\/uploads\/2024\/10\/WhatsApp-Image-2024-10-16-at-11.32.50-e1729806251124.jpeg\",\"width\":1535,\"height\":997},{\"@type\":\"BreadcrumbList\",\"@id\":\"https:\/\/esment.org\/blogs\/la-escuela-le-cordon-bleu-visita-esment-escola-professional\/#breadcrumb\",\"itemListElement\":[{\"@type\":\"ListItem\",\"position\":1,\"name\":\"Portada\",\"item\":\"https:\/\/esment.org\/blogs\/\"},{\"@type\":\"ListItem\",\"position\":2,\"name\":\"La escuela Le Cordon Bleu visita Esment Escola Professional\"}]},{\"@type\":\"WebSite\",\"@id\":\"https:\/\/esment.org\/blogs\/#website\",\"url\":\"https:\/\/esment.org\/blogs\/\",\"name\":\"Blog Comunidad Esment\",\"description\":\"Blogs de Esment\",\"publisher\":{\"@id\":\"https:\/\/esment.org\/blogs\/#organization\"},\"potentialAction\":[{\"@type\":\"SearchAction\",\"target\":{\"@type\":\"EntryPoint\",\"urlTemplate\":\"https:\/\/esment.org\/blogs\/?s={search_term_string}\"},\"query-input\":{\"@type\":\"PropertyValueSpecification\",\"valueRequired\":true,\"valueName\":\"search_term_string\"}}],\"inLanguage\":\"es\"},{\"@type\":\"Organization\",\"@id\":\"https:\/\/esment.org\/blogs\/#organization\",\"name\":\"Blog Comunidad Esment\",\"url\":\"https:\/\/esment.org\/blogs\/\",\"logo\":{\"@type\":\"ImageObject\",\"inLanguage\":\"es\",\"@id\":\"https:\/\/esment.org\/blogs\/#\/schema\/logo\/image\/\",\"url\":\"https:\/\/esment.org\/blogs\/wp-content\/uploads\/2020\/10\/logo-header.svg\",\"contentUrl\":\"https:\/\/esment.org\/blogs\/wp-content\/uploads\/2020\/10\/logo-header.svg\",\"caption\":\"Blog Comunidad Esment\"},\"image\":{\"@id\":\"https:\/\/esment.org\/blogs\/#\/schema\/logo\/image\/\"}},{\"@type\":\"Person\",\"@id\":\"https:\/\/esment.org\/blogs\/#\/schema\/person\/d2af4a49059695d7ca3491e0498d6b36\",\"name\":\"Yolanda Tarramera\",\"image\":{\"@type\":\"ImageObject\",\"inLanguage\":\"es\",\"@id\":\"https:\/\/esment.org\/blogs\/#\/schema\/person\/image\/\",\"url\":\"https:\/\/secure.gravatar.com\/avatar\/c93060ec77db68f5fefd782408bed5a5005bb0b119c5ece6cdbf5ad8631c6e5b?s=96&d=mm&r=g\",\"contentUrl\":\"https:\/\/secure.gravatar.com\/avatar\/c93060ec77db68f5fefd782408bed5a5005bb0b119c5ece6cdbf5ad8631c6e5b?s=96&d=mm&r=g\",\"caption\":\"Yolanda Tarramera\"},\"url\":\"https:\/\/esment.org\/blogs\/author\/yolanda-tarramera\/\"}]}<\/script>\n<!-- \/ Yoast SEO plugin. -->","yoast_head_json":{"title":"La escuela Le Cordon Bleu visita Esment Escola Professional - Blog Comunidad Esment","robots":{"index":"index","follow":"follow","max-snippet":"max-snippet:-1","max-image-preview":"max-image-preview:large","max-video-preview":"max-video-preview:-1"},"canonical":"https:\/\/esment.org\/blogs\/la-escuela-le-cordon-bleu-visita-esment-escola-professional\/","og_locale":"es_ES","og_type":"article","og_title":"La escuela Le Cordon Bleu visita Esment Escola Professional - Blog Comunidad Esment","og_description":"La prestigiosa escuela de cocina Le Cordon Bleu de Madrid visit\u00f3 estos d\u00edas Esment Escola Professional para conocer las instalaciones e intercambiar opiniones con los aprendices y el equipo docente de Formaci\u00f3n Dual de cocina y atenci\u00f3n en sala. Durante su visita, el chef Diego Mu\u00f1oz y Marta Aguilar, del departamento For Business de Le [&hellip;]","og_url":"https:\/\/esment.org\/blogs\/la-escuela-le-cordon-bleu-visita-esment-escola-professional\/","og_site_name":"Blog Comunidad Esment","article_published_time":"2024-10-24T21:44:22+00:00","article_modified_time":"2024-10-30T08:24:33+00:00","og_image":[{"width":1535,"height":997,"url":"https:\/\/esment.org\/blogs\/wp-content\/uploads\/2024\/10\/WhatsApp-Image-2024-10-16-at-11.32.50-e1729806251124.jpeg","type":"image\/jpeg"}],"author":"Yolanda Tarramera","twitter_card":"summary_large_image","twitter_misc":{"Escrito por":"Yolanda Tarramera","Tiempo de lectura":"2 minutos"},"schema":{"@context":"https:\/\/schema.org","@graph":[{"@type":"Article","@id":"https:\/\/esment.org\/blogs\/la-escuela-le-cordon-bleu-visita-esment-escola-professional\/#article","isPartOf":{"@id":"https:\/\/esment.org\/blogs\/la-escuela-le-cordon-bleu-visita-esment-escola-professional\/"},"author":{"name":"Yolanda Tarramera","@id":"https:\/\/esment.org\/blogs\/#\/schema\/person\/d2af4a49059695d7ca3491e0498d6b36"},"headline":"La escuela Le Cordon Bleu visita Esment Escola Professional","datePublished":"2024-10-24T21:44:22+00:00","dateModified":"2024-10-30T08:24:33+00:00","mainEntityOfPage":{"@id":"https:\/\/esment.org\/blogs\/la-escuela-le-cordon-bleu-visita-esment-escola-professional\/"},"wordCount":295,"commentCount":0,"publisher":{"@id":"https:\/\/esment.org\/blogs\/#organization"},"image":{"@id":"https:\/\/esment.org\/blogs\/la-escuela-le-cordon-bleu-visita-esment-escola-professional\/#primaryimage"},"thumbnailUrl":"https:\/\/esment.org\/blogs\/wp-content\/uploads\/2024\/10\/WhatsApp-Image-2024-10-16-at-11.32.50-e1729806251124.jpeg","keywords":["aprendices","candidatos","concurso","esment escola professional","le cordon bleu","premios"],"inLanguage":"es","potentialAction":[{"@type":"CommentAction","name":"Comment","target":["https:\/\/esment.org\/blogs\/la-escuela-le-cordon-bleu-visita-esment-escola-professional\/#respond"]}]},{"@type":"WebPage","@id":"https:\/\/esment.org\/blogs\/la-escuela-le-cordon-bleu-visita-esment-escola-professional\/","url":"https:\/\/esment.org\/blogs\/la-escuela-le-cordon-bleu-visita-esment-escola-professional\/","name":"La escuela Le Cordon Bleu visita Esment Escola Professional - Blog Comunidad Esment","isPartOf":{"@id":"https:\/\/esment.org\/blogs\/#website"},"primaryImageOfPage":{"@id":"https:\/\/esment.org\/blogs\/la-escuela-le-cordon-bleu-visita-esment-escola-professional\/#primaryimage"},"image":{"@id":"https:\/\/esment.org\/blogs\/la-escuela-le-cordon-bleu-visita-esment-escola-professional\/#primaryimage"},"thumbnailUrl":"https:\/\/esment.org\/blogs\/wp-content\/uploads\/2024\/10\/WhatsApp-Image-2024-10-16-at-11.32.50-e1729806251124.jpeg","datePublished":"2024-10-24T21:44:22+00:00","dateModified":"2024-10-30T08:24:33+00:00","breadcrumb":{"@id":"https:\/\/esment.org\/blogs\/la-escuela-le-cordon-bleu-visita-esment-escola-professional\/#breadcrumb"},"inLanguage":"es","potentialAction":[{"@type":"ReadAction","target":["https:\/\/esment.org\/blogs\/la-escuela-le-cordon-bleu-visita-esment-escola-professional\/"]}]},{"@type":"ImageObject","inLanguage":"es","@id":"https:\/\/esment.org\/blogs\/la-escuela-le-cordon-bleu-visita-esment-escola-professional\/#primaryimage","url":"https:\/\/esment.org\/blogs\/wp-content\/uploads\/2024\/10\/WhatsApp-Image-2024-10-16-at-11.32.50-e1729806251124.jpeg","contentUrl":"https:\/\/esment.org\/blogs\/wp-content\/uploads\/2024\/10\/WhatsApp-Image-2024-10-16-at-11.32.50-e1729806251124.jpeg","width":1535,"height":997},{"@type":"BreadcrumbList","@id":"https:\/\/esment.org\/blogs\/la-escuela-le-cordon-bleu-visita-esment-escola-professional\/#breadcrumb","itemListElement":[{"@type":"ListItem","position":1,"name":"Portada","item":"https:\/\/esment.org\/blogs\/"},{"@type":"ListItem","position":2,"name":"La escuela Le Cordon Bleu visita Esment Escola Professional"}]},{"@type":"WebSite","@id":"https:\/\/esment.org\/blogs\/#website","url":"https:\/\/esment.org\/blogs\/","name":"Blog Comunidad Esment","description":"Blogs de Esment","publisher":{"@id":"https:\/\/esment.org\/blogs\/#organization"},"potentialAction":[{"@type":"SearchAction","target":{"@type":"EntryPoint","urlTemplate":"https:\/\/esment.org\/blogs\/?s={search_term_string}"},"query-input":{"@type":"PropertyValueSpecification","valueRequired":true,"valueName":"search_term_string"}}],"inLanguage":"es"},{"@type":"Organization","@id":"https:\/\/esment.org\/blogs\/#organization","name":"Blog Comunidad Esment","url":"https:\/\/esment.org\/blogs\/","logo":{"@type":"ImageObject","inLanguage":"es","@id":"https:\/\/esment.org\/blogs\/#\/schema\/logo\/image\/","url":"https:\/\/esment.org\/blogs\/wp-content\/uploads\/2020\/10\/logo-header.svg","contentUrl":"https:\/\/esment.org\/blogs\/wp-content\/uploads\/2020\/10\/logo-header.svg","caption":"Blog Comunidad Esment"},"image":{"@id":"https:\/\/esment.org\/blogs\/#\/schema\/logo\/image\/"}},{"@type":"Person","@id":"https:\/\/esment.org\/blogs\/#\/schema\/person\/d2af4a49059695d7ca3491e0498d6b36","name":"Yolanda Tarramera","image":{"@type":"ImageObject","inLanguage":"es","@id":"https:\/\/esment.org\/blogs\/#\/schema\/person\/image\/","url":"https:\/\/secure.gravatar.com\/avatar\/c93060ec77db68f5fefd782408bed5a5005bb0b119c5ece6cdbf5ad8631c6e5b?s=96&d=mm&r=g","contentUrl":"https:\/\/secure.gravatar.com\/avatar\/c93060ec77db68f5fefd782408bed5a5005bb0b119c5ece6cdbf5ad8631c6e5b?s=96&d=mm&r=g","caption":"Yolanda Tarramera"},"url":"https:\/\/esment.org\/blogs\/author\/yolanda-tarramera\/"}]}},"_links":{"self":[{"href":"https:\/\/esment.org\/blogs\/wp-json\/wp\/v2\/posts\/24793","targetHints":{"allow":["GET"]}}],"collection":[{"href":"https:\/\/esment.org\/blogs\/wp-json\/wp\/v2\/posts"}],"about":[{"href":"https:\/\/esment.org\/blogs\/wp-json\/wp\/v2\/types\/post"}],"author":[{"embeddable":true,"href":"https:\/\/esment.org\/blogs\/wp-json\/wp\/v2\/users\/5"}],"replies":[{"embeddable":true,"href":"https:\/\/esment.org\/blogs\/wp-json\/wp\/v2\/comments?post=24793"}],"version-history":[{"count":4,"href":"https:\/\/esment.org\/blogs\/wp-json\/wp\/v2\/posts\/24793\/revisions"}],"predecessor-version":[{"id":24806,"href":"https:\/\/esment.org\/blogs\/wp-json\/wp\/v2\/posts\/24793\/revisions\/24806"}],"wp:featuredmedia":[{"embeddable":true,"href":"https:\/\/esment.org\/blogs\/wp-json\/wp\/v2\/media\/24795"}],"wp:attachment":[{"href":"https:\/\/esment.org\/blogs\/wp-json\/wp\/v2\/media?parent=24793"}],"wp:term":[{"taxonomy":"category","embeddable":true,"href":"https:\/\/esment.org\/blogs\/wp-json\/wp\/v2\/categories?post=24793"},{"taxonomy":"post_tag","embeddable":true,"href":"https:\/\/esment.org\/blogs\/wp-json\/wp\/v2\/tags?post=24793"}],"curies":[{"name":"wp","href":"https:\/\/api.w.org\/{rel}","templated":true}]}}