{"id":24778,"date":"2024-10-21T14:57:44","date_gmt":"2024-10-21T14:57:44","guid":{"rendered":"https:\/\/esment.org\/blogs\/?p=24778"},"modified":"2024-10-22T07:00:59","modified_gmt":"2024-10-22T07:00:59","slug":"arte-e-inclusion-en-el-taller-dart-con-el-artista-mexicano-abraham-cruzvillegas","status":"publish","type":"post","link":"https:\/\/esment.org\/blogs\/arte-e-inclusion-en-el-taller-dart-con-el-artista-mexicano-abraham-cruzvillegas\/","title":{"rendered":"Arte e inclusi\u00f3n en el Taller d&#8217;Art con el artista mexicano Abraham Cruzvillegas"},"content":{"rendered":"<p>El artista mexicano Abraham Cruzvillegas (Ciudad de M\u00e9xico, 1968) reuni\u00f3 estos d\u00edas en el Taller d&#8217;Art de Esment a cerca de un centenar de estudiantes y apasionados del arte y del dise\u00f1o para participar en dos talleres colaborativos, organizados por la Fundaci\u00f3n Alttra.<\/p>\n<p>A lo largo de la ma\u00f1ana, personas con discapacidad intelectual de Esment y alumnos de ADEMA, de la Escola Superior d\u2019Art i Disseny de Balears (EASDIB), se entremezclaron para crear una obra de arte colaborativa en la que qued\u00f3 m\u00e1s que claro que \u00abcualquiera con talento puede, y debe, dedicarse al arte\u00bb, afirm\u00f3 el artista durante su presentaci\u00f3n. Con un esp\u00edritu integrador, Cruzvillegas utiliz\u00f3 colores y papeles para llevar a cabo una din\u00e1mica interactiva, invitando a los participantes a compartir palabras que representaran lo que m\u00e1s les gustaba o disgustaba en la vida. A partir de estas respuestas, se formaron grupos de trabajo al azar, donde cada equipo colabor\u00f3 en la creaci\u00f3n de obras art\u00edsticas que fusionaran ambos conceptos.<\/p>\n<p>La entrega y el entusiasmo, tanto de estudiantes como de las personas de Esment, fueron palpables desde el primer momento, generando \u00abun di\u00e1logo inesperado\u00bb que, como defiende el artista, \u00absupone una forma de protesta contra la elitizaci\u00f3n art\u00edstica de galer\u00edas y ferias internacionales\u00bb. Este encuentro, que se repiti\u00f3 otro d\u00eda, fue la antesala del taller de composici\u00f3n que imparti\u00f3 el artista en el centro Flassaders, con el que la <a href=\"https:\/\/www.alttra.org\/\">Fundaci\u00f3n ALTTRA<\/a> inaugura su programaci\u00f3n de oto\u00f1o.<\/p>\n<p><img fetchpriority=\"high\" decoding=\"async\" class=\"alignnone wp-image-24783 size-full\" src=\"https:\/\/esment.org\/blogs\/wp-content\/uploads\/2024\/10\/taller-5.jpg\" alt=\"\" width=\"747\" height=\"740\" srcset=\"https:\/\/esment.org\/blogs\/wp-content\/uploads\/2024\/10\/taller-5.jpg 747w, https:\/\/esment.org\/blogs\/wp-content\/uploads\/2024\/10\/taller-5-300x297.jpg 300w, https:\/\/esment.org\/blogs\/wp-content\/uploads\/2024\/10\/taller-5-150x150.jpg 150w\" sizes=\"(max-width: 747px) 100vw, 747px\" \/><\/p>\n<p>&nbsp;<\/p>\n<p><img decoding=\"async\" class=\"alignnone wp-image-24782 size-full\" src=\"https:\/\/esment.org\/blogs\/wp-content\/uploads\/2024\/10\/taller-6.jpg\" alt=\"\" width=\"747\" height=\"722\" srcset=\"https:\/\/esment.org\/blogs\/wp-content\/uploads\/2024\/10\/taller-6.jpg 747w, https:\/\/esment.org\/blogs\/wp-content\/uploads\/2024\/10\/taller-6-300x290.jpg 300w\" sizes=\"(max-width: 747px) 100vw, 747px\" \/><\/p>\n<p><img decoding=\"async\" class=\"alignnone wp-image-24785 size-full\" src=\"https:\/\/esment.org\/blogs\/wp-content\/uploads\/2024\/10\/tallers-3.jpg\" alt=\"\" width=\"747\" height=\"672\" srcset=\"https:\/\/esment.org\/blogs\/wp-content\/uploads\/2024\/10\/tallers-3.jpg 747w, https:\/\/esment.org\/blogs\/wp-content\/uploads\/2024\/10\/tallers-3-300x270.jpg 300w\" sizes=\"(max-width: 747px) 100vw, 747px\" \/><\/p>\n<p><img loading=\"lazy\" decoding=\"async\" class=\"alignnone wp-image-24786 size-full\" src=\"https:\/\/esment.org\/blogs\/wp-content\/uploads\/2024\/10\/taller-2.jpg\" alt=\"\" width=\"740\" height=\"735\" srcset=\"https:\/\/esment.org\/blogs\/wp-content\/uploads\/2024\/10\/taller-2.jpg 740w, https:\/\/esment.org\/blogs\/wp-content\/uploads\/2024\/10\/taller-2-300x298.jpg 300w, https:\/\/esment.org\/blogs\/wp-content\/uploads\/2024\/10\/taller-2-150x150.jpg 150w\" sizes=\"(max-width: 740px) 100vw, 740px\" \/><\/p>\n<p><img loading=\"lazy\" decoding=\"async\" class=\"alignnone wp-image-24787 size-full\" src=\"https:\/\/esment.org\/blogs\/wp-content\/uploads\/2024\/10\/taller1.jpg\" alt=\"\" width=\"739\" height=\"730\" srcset=\"https:\/\/esment.org\/blogs\/wp-content\/uploads\/2024\/10\/taller1.jpg 739w, https:\/\/esment.org\/blogs\/wp-content\/uploads\/2024\/10\/taller1-300x296.jpg 300w\" sizes=\"(max-width: 739px) 100vw, 739px\" \/><\/p>\n<p><img loading=\"lazy\" decoding=\"async\" class=\"alignnone wp-image-24788 size-full\" src=\"https:\/\/esment.org\/blogs\/wp-content\/uploads\/2024\/10\/Taller-arte.jpg\" alt=\"\" width=\"741\" height=\"731\" srcset=\"https:\/\/esment.org\/blogs\/wp-content\/uploads\/2024\/10\/Taller-arte.jpg 741w, https:\/\/esment.org\/blogs\/wp-content\/uploads\/2024\/10\/Taller-arte-300x296.jpg 300w\" sizes=\"(max-width: 741px) 100vw, 741px\" \/><\/p>\n<p>&nbsp;<\/p>\n<p>&nbsp;<\/p>\n<p>&nbsp;<\/p>\n<p>&nbsp;<\/p>\n<p>&nbsp;<\/p>\n<p>&nbsp;<\/p>\n<p>&nbsp;<\/p>\n<p>&nbsp;<\/p>\n","protected":false},"excerpt":{"rendered":"<p>El artista mexicano Abraham Cruzvillegas (Ciudad de M\u00e9xico, 1968) reuni\u00f3 estos d\u00edas en el Taller d&#8217;Art de Esment a cerca de un centenar de estudiantes y apasionados del arte y del dise\u00f1o para participar en dos talleres colaborativos, organizados por la Fundaci\u00f3n Alttra. A lo largo de la ma\u00f1ana, personas con discapacidad intelectual de Esment [&hellip;]<\/p>\n","protected":false},"author":5,"featured_media":24781,"comment_status":"open","ping_status":"closed","sticky":false,"template":"","format":"standard","meta":{"_acf_changed":false,"footnotes":""},"categories":[1],"tags":[716,2174,169,1030,2173,580,1912,408],"class_list":["post-24778","post","type-post","status-publish","format-standard","has-post-thumbnail","hentry","category-sin-categoria","tag-arte","tag-dibujo","tag-diseno","tag-estudiantes","tag-fundacion-alttra","tag-inclusion","tag-taller-dart","tag-talleres-2"],"acf":[],"yoast_head":"<!-- This site is optimized with the Yoast SEO plugin v26.4 - https:\/\/yoast.com\/wordpress\/plugins\/seo\/ -->\n<title>Arte e inclusi\u00f3n en el Taller d&#039;Art con el artista mexicano Abraham Cruzvillegas - Blog Comunidad Esment<\/title>\n<meta name=\"robots\" content=\"index, follow, max-snippet:-1, max-image-preview:large, max-video-preview:-1\" \/>\n<link rel=\"canonical\" href=\"https:\/\/esment.org\/blogs\/arte-e-inclusion-en-el-taller-dart-con-el-artista-mexicano-abraham-cruzvillegas\/\" \/>\n<meta property=\"og:locale\" content=\"es_ES\" \/>\n<meta property=\"og:type\" content=\"article\" \/>\n<meta property=\"og:title\" content=\"Arte e inclusi\u00f3n en el Taller d&#039;Art con el artista mexicano Abraham Cruzvillegas - Blog Comunidad Esment\" \/>\n<meta property=\"og:description\" content=\"El artista mexicano Abraham Cruzvillegas (Ciudad de M\u00e9xico, 1968) reuni\u00f3 estos d\u00edas en el Taller d&#8217;Art de Esment a cerca de un centenar de estudiantes y apasionados del arte y del dise\u00f1o para participar en dos talleres colaborativos, organizados por la Fundaci\u00f3n Alttra. A lo largo de la ma\u00f1ana, personas con discapacidad intelectual de Esment [&hellip;]\" \/>\n<meta property=\"og:url\" content=\"https:\/\/esment.org\/blogs\/arte-e-inclusion-en-el-taller-dart-con-el-artista-mexicano-abraham-cruzvillegas\/\" \/>\n<meta property=\"og:site_name\" content=\"Blog Comunidad Esment\" \/>\n<meta property=\"article:published_time\" content=\"2024-10-21T14:57:44+00:00\" \/>\n<meta property=\"article:modified_time\" content=\"2024-10-22T07:00:59+00:00\" \/>\n<meta property=\"og:image\" content=\"https:\/\/esment.org\/blogs\/wp-content\/uploads\/2024\/10\/talleres-7-e1729522628732.jpg\" \/>\n\t<meta property=\"og:image:width\" content=\"750\" \/>\n\t<meta property=\"og:image:height\" content=\"392\" \/>\n\t<meta property=\"og:image:type\" content=\"image\/jpeg\" \/>\n<meta name=\"author\" content=\"Yolanda Tarramera\" \/>\n<meta name=\"twitter:card\" content=\"summary_large_image\" \/>\n<meta name=\"twitter:label1\" content=\"Escrito por\" \/>\n\t<meta name=\"twitter:data1\" content=\"Yolanda Tarramera\" \/>\n\t<meta name=\"twitter:label2\" content=\"Tiempo de lectura\" \/>\n\t<meta name=\"twitter:data2\" content=\"3 minutos\" \/>\n<script type=\"application\/ld+json\" class=\"yoast-schema-graph\">{\"@context\":\"https:\/\/schema.org\",\"@graph\":[{\"@type\":\"Article\",\"@id\":\"https:\/\/esment.org\/blogs\/arte-e-inclusion-en-el-taller-dart-con-el-artista-mexicano-abraham-cruzvillegas\/#article\",\"isPartOf\":{\"@id\":\"https:\/\/esment.org\/blogs\/arte-e-inclusion-en-el-taller-dart-con-el-artista-mexicano-abraham-cruzvillegas\/\"},\"author\":{\"name\":\"Yolanda Tarramera\",\"@id\":\"https:\/\/esment.org\/blogs\/#\/schema\/person\/d2af4a49059695d7ca3491e0498d6b36\"},\"headline\":\"Arte e inclusi\u00f3n en el Taller d&#8217;Art con el artista mexicano Abraham Cruzvillegas\",\"datePublished\":\"2024-10-21T14:57:44+00:00\",\"dateModified\":\"2024-10-22T07:00:59+00:00\",\"mainEntityOfPage\":{\"@id\":\"https:\/\/esment.org\/blogs\/arte-e-inclusion-en-el-taller-dart-con-el-artista-mexicano-abraham-cruzvillegas\/\"},\"wordCount\":282,\"commentCount\":0,\"publisher\":{\"@id\":\"https:\/\/esment.org\/blogs\/#organization\"},\"image\":{\"@id\":\"https:\/\/esment.org\/blogs\/arte-e-inclusion-en-el-taller-dart-con-el-artista-mexicano-abraham-cruzvillegas\/#primaryimage\"},\"thumbnailUrl\":\"https:\/\/esment.org\/blogs\/wp-content\/uploads\/2024\/10\/talleres-7-e1729522628732.jpg\",\"keywords\":[\"arte\",\"dibujo\",\"dise\u00f1o\",\"estudiantes\",\"Fundaci\u00f3n Alttra\",\"inclusi\u00f3n\",\"Taller d'Art\",\"talleres\"],\"inLanguage\":\"es\",\"potentialAction\":[{\"@type\":\"CommentAction\",\"name\":\"Comment\",\"target\":[\"https:\/\/esment.org\/blogs\/arte-e-inclusion-en-el-taller-dart-con-el-artista-mexicano-abraham-cruzvillegas\/#respond\"]}]},{\"@type\":\"WebPage\",\"@id\":\"https:\/\/esment.org\/blogs\/arte-e-inclusion-en-el-taller-dart-con-el-artista-mexicano-abraham-cruzvillegas\/\",\"url\":\"https:\/\/esment.org\/blogs\/arte-e-inclusion-en-el-taller-dart-con-el-artista-mexicano-abraham-cruzvillegas\/\",\"name\":\"Arte e inclusi\u00f3n en el Taller d'Art con el artista mexicano Abraham Cruzvillegas - Blog Comunidad Esment\",\"isPartOf\":{\"@id\":\"https:\/\/esment.org\/blogs\/#website\"},\"primaryImageOfPage\":{\"@id\":\"https:\/\/esment.org\/blogs\/arte-e-inclusion-en-el-taller-dart-con-el-artista-mexicano-abraham-cruzvillegas\/#primaryimage\"},\"image\":{\"@id\":\"https:\/\/esment.org\/blogs\/arte-e-inclusion-en-el-taller-dart-con-el-artista-mexicano-abraham-cruzvillegas\/#primaryimage\"},\"thumbnailUrl\":\"https:\/\/esment.org\/blogs\/wp-content\/uploads\/2024\/10\/talleres-7-e1729522628732.jpg\",\"datePublished\":\"2024-10-21T14:57:44+00:00\",\"dateModified\":\"2024-10-22T07:00:59+00:00\",\"breadcrumb\":{\"@id\":\"https:\/\/esment.org\/blogs\/arte-e-inclusion-en-el-taller-dart-con-el-artista-mexicano-abraham-cruzvillegas\/#breadcrumb\"},\"inLanguage\":\"es\",\"potentialAction\":[{\"@type\":\"ReadAction\",\"target\":[\"https:\/\/esment.org\/blogs\/arte-e-inclusion-en-el-taller-dart-con-el-artista-mexicano-abraham-cruzvillegas\/\"]}]},{\"@type\":\"ImageObject\",\"inLanguage\":\"es\",\"@id\":\"https:\/\/esment.org\/blogs\/arte-e-inclusion-en-el-taller-dart-con-el-artista-mexicano-abraham-cruzvillegas\/#primaryimage\",\"url\":\"https:\/\/esment.org\/blogs\/wp-content\/uploads\/2024\/10\/talleres-7-e1729522628732.jpg\",\"contentUrl\":\"https:\/\/esment.org\/blogs\/wp-content\/uploads\/2024\/10\/talleres-7-e1729522628732.jpg\",\"width\":750,\"height\":392},{\"@type\":\"BreadcrumbList\",\"@id\":\"https:\/\/esment.org\/blogs\/arte-e-inclusion-en-el-taller-dart-con-el-artista-mexicano-abraham-cruzvillegas\/#breadcrumb\",\"itemListElement\":[{\"@type\":\"ListItem\",\"position\":1,\"name\":\"Portada\",\"item\":\"https:\/\/esment.org\/blogs\/\"},{\"@type\":\"ListItem\",\"position\":2,\"name\":\"Arte e inclusi\u00f3n en el Taller d&#8217;Art con el artista mexicano Abraham Cruzvillegas\"}]},{\"@type\":\"WebSite\",\"@id\":\"https:\/\/esment.org\/blogs\/#website\",\"url\":\"https:\/\/esment.org\/blogs\/\",\"name\":\"Blog Comunidad Esment\",\"description\":\"Blogs de Esment\",\"publisher\":{\"@id\":\"https:\/\/esment.org\/blogs\/#organization\"},\"potentialAction\":[{\"@type\":\"SearchAction\",\"target\":{\"@type\":\"EntryPoint\",\"urlTemplate\":\"https:\/\/esment.org\/blogs\/?s={search_term_string}\"},\"query-input\":{\"@type\":\"PropertyValueSpecification\",\"valueRequired\":true,\"valueName\":\"search_term_string\"}}],\"inLanguage\":\"es\"},{\"@type\":\"Organization\",\"@id\":\"https:\/\/esment.org\/blogs\/#organization\",\"name\":\"Blog Comunidad Esment\",\"url\":\"https:\/\/esment.org\/blogs\/\",\"logo\":{\"@type\":\"ImageObject\",\"inLanguage\":\"es\",\"@id\":\"https:\/\/esment.org\/blogs\/#\/schema\/logo\/image\/\",\"url\":\"https:\/\/esment.org\/blogs\/wp-content\/uploads\/2020\/10\/logo-header.svg\",\"contentUrl\":\"https:\/\/esment.org\/blogs\/wp-content\/uploads\/2020\/10\/logo-header.svg\",\"caption\":\"Blog Comunidad Esment\"},\"image\":{\"@id\":\"https:\/\/esment.org\/blogs\/#\/schema\/logo\/image\/\"}},{\"@type\":\"Person\",\"@id\":\"https:\/\/esment.org\/blogs\/#\/schema\/person\/d2af4a49059695d7ca3491e0498d6b36\",\"name\":\"Yolanda Tarramera\",\"image\":{\"@type\":\"ImageObject\",\"inLanguage\":\"es\",\"@id\":\"https:\/\/esment.org\/blogs\/#\/schema\/person\/image\/\",\"url\":\"https:\/\/secure.gravatar.com\/avatar\/c93060ec77db68f5fefd782408bed5a5005bb0b119c5ece6cdbf5ad8631c6e5b?s=96&d=mm&r=g\",\"contentUrl\":\"https:\/\/secure.gravatar.com\/avatar\/c93060ec77db68f5fefd782408bed5a5005bb0b119c5ece6cdbf5ad8631c6e5b?s=96&d=mm&r=g\",\"caption\":\"Yolanda Tarramera\"},\"url\":\"https:\/\/esment.org\/blogs\/author\/yolanda-tarramera\/\"}]}<\/script>\n<!-- \/ Yoast SEO plugin. -->","yoast_head_json":{"title":"Arte e inclusi\u00f3n en el Taller d'Art con el artista mexicano Abraham Cruzvillegas - Blog Comunidad Esment","robots":{"index":"index","follow":"follow","max-snippet":"max-snippet:-1","max-image-preview":"max-image-preview:large","max-video-preview":"max-video-preview:-1"},"canonical":"https:\/\/esment.org\/blogs\/arte-e-inclusion-en-el-taller-dart-con-el-artista-mexicano-abraham-cruzvillegas\/","og_locale":"es_ES","og_type":"article","og_title":"Arte e inclusi\u00f3n en el Taller d'Art con el artista mexicano Abraham Cruzvillegas - Blog Comunidad Esment","og_description":"El artista mexicano Abraham Cruzvillegas (Ciudad de M\u00e9xico, 1968) reuni\u00f3 estos d\u00edas en el Taller d&#8217;Art de Esment a cerca de un centenar de estudiantes y apasionados del arte y del dise\u00f1o para participar en dos talleres colaborativos, organizados por la Fundaci\u00f3n Alttra. A lo largo de la ma\u00f1ana, personas con discapacidad intelectual de Esment [&hellip;]","og_url":"https:\/\/esment.org\/blogs\/arte-e-inclusion-en-el-taller-dart-con-el-artista-mexicano-abraham-cruzvillegas\/","og_site_name":"Blog Comunidad Esment","article_published_time":"2024-10-21T14:57:44+00:00","article_modified_time":"2024-10-22T07:00:59+00:00","og_image":[{"width":750,"height":392,"url":"https:\/\/esment.org\/blogs\/wp-content\/uploads\/2024\/10\/talleres-7-e1729522628732.jpg","type":"image\/jpeg"}],"author":"Yolanda Tarramera","twitter_card":"summary_large_image","twitter_misc":{"Escrito por":"Yolanda Tarramera","Tiempo de lectura":"3 minutos"},"schema":{"@context":"https:\/\/schema.org","@graph":[{"@type":"Article","@id":"https:\/\/esment.org\/blogs\/arte-e-inclusion-en-el-taller-dart-con-el-artista-mexicano-abraham-cruzvillegas\/#article","isPartOf":{"@id":"https:\/\/esment.org\/blogs\/arte-e-inclusion-en-el-taller-dart-con-el-artista-mexicano-abraham-cruzvillegas\/"},"author":{"name":"Yolanda Tarramera","@id":"https:\/\/esment.org\/blogs\/#\/schema\/person\/d2af4a49059695d7ca3491e0498d6b36"},"headline":"Arte e inclusi\u00f3n en el Taller d&#8217;Art con el artista mexicano Abraham Cruzvillegas","datePublished":"2024-10-21T14:57:44+00:00","dateModified":"2024-10-22T07:00:59+00:00","mainEntityOfPage":{"@id":"https:\/\/esment.org\/blogs\/arte-e-inclusion-en-el-taller-dart-con-el-artista-mexicano-abraham-cruzvillegas\/"},"wordCount":282,"commentCount":0,"publisher":{"@id":"https:\/\/esment.org\/blogs\/#organization"},"image":{"@id":"https:\/\/esment.org\/blogs\/arte-e-inclusion-en-el-taller-dart-con-el-artista-mexicano-abraham-cruzvillegas\/#primaryimage"},"thumbnailUrl":"https:\/\/esment.org\/blogs\/wp-content\/uploads\/2024\/10\/talleres-7-e1729522628732.jpg","keywords":["arte","dibujo","dise\u00f1o","estudiantes","Fundaci\u00f3n Alttra","inclusi\u00f3n","Taller d'Art","talleres"],"inLanguage":"es","potentialAction":[{"@type":"CommentAction","name":"Comment","target":["https:\/\/esment.org\/blogs\/arte-e-inclusion-en-el-taller-dart-con-el-artista-mexicano-abraham-cruzvillegas\/#respond"]}]},{"@type":"WebPage","@id":"https:\/\/esment.org\/blogs\/arte-e-inclusion-en-el-taller-dart-con-el-artista-mexicano-abraham-cruzvillegas\/","url":"https:\/\/esment.org\/blogs\/arte-e-inclusion-en-el-taller-dart-con-el-artista-mexicano-abraham-cruzvillegas\/","name":"Arte e inclusi\u00f3n en el Taller d'Art con el artista mexicano Abraham Cruzvillegas - Blog Comunidad Esment","isPartOf":{"@id":"https:\/\/esment.org\/blogs\/#website"},"primaryImageOfPage":{"@id":"https:\/\/esment.org\/blogs\/arte-e-inclusion-en-el-taller-dart-con-el-artista-mexicano-abraham-cruzvillegas\/#primaryimage"},"image":{"@id":"https:\/\/esment.org\/blogs\/arte-e-inclusion-en-el-taller-dart-con-el-artista-mexicano-abraham-cruzvillegas\/#primaryimage"},"thumbnailUrl":"https:\/\/esment.org\/blogs\/wp-content\/uploads\/2024\/10\/talleres-7-e1729522628732.jpg","datePublished":"2024-10-21T14:57:44+00:00","dateModified":"2024-10-22T07:00:59+00:00","breadcrumb":{"@id":"https:\/\/esment.org\/blogs\/arte-e-inclusion-en-el-taller-dart-con-el-artista-mexicano-abraham-cruzvillegas\/#breadcrumb"},"inLanguage":"es","potentialAction":[{"@type":"ReadAction","target":["https:\/\/esment.org\/blogs\/arte-e-inclusion-en-el-taller-dart-con-el-artista-mexicano-abraham-cruzvillegas\/"]}]},{"@type":"ImageObject","inLanguage":"es","@id":"https:\/\/esment.org\/blogs\/arte-e-inclusion-en-el-taller-dart-con-el-artista-mexicano-abraham-cruzvillegas\/#primaryimage","url":"https:\/\/esment.org\/blogs\/wp-content\/uploads\/2024\/10\/talleres-7-e1729522628732.jpg","contentUrl":"https:\/\/esment.org\/blogs\/wp-content\/uploads\/2024\/10\/talleres-7-e1729522628732.jpg","width":750,"height":392},{"@type":"BreadcrumbList","@id":"https:\/\/esment.org\/blogs\/arte-e-inclusion-en-el-taller-dart-con-el-artista-mexicano-abraham-cruzvillegas\/#breadcrumb","itemListElement":[{"@type":"ListItem","position":1,"name":"Portada","item":"https:\/\/esment.org\/blogs\/"},{"@type":"ListItem","position":2,"name":"Arte e inclusi\u00f3n en el Taller d&#8217;Art con el artista mexicano Abraham Cruzvillegas"}]},{"@type":"WebSite","@id":"https:\/\/esment.org\/blogs\/#website","url":"https:\/\/esment.org\/blogs\/","name":"Blog Comunidad Esment","description":"Blogs de Esment","publisher":{"@id":"https:\/\/esment.org\/blogs\/#organization"},"potentialAction":[{"@type":"SearchAction","target":{"@type":"EntryPoint","urlTemplate":"https:\/\/esment.org\/blogs\/?s={search_term_string}"},"query-input":{"@type":"PropertyValueSpecification","valueRequired":true,"valueName":"search_term_string"}}],"inLanguage":"es"},{"@type":"Organization","@id":"https:\/\/esment.org\/blogs\/#organization","name":"Blog Comunidad Esment","url":"https:\/\/esment.org\/blogs\/","logo":{"@type":"ImageObject","inLanguage":"es","@id":"https:\/\/esment.org\/blogs\/#\/schema\/logo\/image\/","url":"https:\/\/esment.org\/blogs\/wp-content\/uploads\/2020\/10\/logo-header.svg","contentUrl":"https:\/\/esment.org\/blogs\/wp-content\/uploads\/2020\/10\/logo-header.svg","caption":"Blog Comunidad Esment"},"image":{"@id":"https:\/\/esment.org\/blogs\/#\/schema\/logo\/image\/"}},{"@type":"Person","@id":"https:\/\/esment.org\/blogs\/#\/schema\/person\/d2af4a49059695d7ca3491e0498d6b36","name":"Yolanda Tarramera","image":{"@type":"ImageObject","inLanguage":"es","@id":"https:\/\/esment.org\/blogs\/#\/schema\/person\/image\/","url":"https:\/\/secure.gravatar.com\/avatar\/c93060ec77db68f5fefd782408bed5a5005bb0b119c5ece6cdbf5ad8631c6e5b?s=96&d=mm&r=g","contentUrl":"https:\/\/secure.gravatar.com\/avatar\/c93060ec77db68f5fefd782408bed5a5005bb0b119c5ece6cdbf5ad8631c6e5b?s=96&d=mm&r=g","caption":"Yolanda Tarramera"},"url":"https:\/\/esment.org\/blogs\/author\/yolanda-tarramera\/"}]}},"_links":{"self":[{"href":"https:\/\/esment.org\/blogs\/wp-json\/wp\/v2\/posts\/24778","targetHints":{"allow":["GET"]}}],"collection":[{"href":"https:\/\/esment.org\/blogs\/wp-json\/wp\/v2\/posts"}],"about":[{"href":"https:\/\/esment.org\/blogs\/wp-json\/wp\/v2\/types\/post"}],"author":[{"embeddable":true,"href":"https:\/\/esment.org\/blogs\/wp-json\/wp\/v2\/users\/5"}],"replies":[{"embeddable":true,"href":"https:\/\/esment.org\/blogs\/wp-json\/wp\/v2\/comments?post=24778"}],"version-history":[{"count":4,"href":"https:\/\/esment.org\/blogs\/wp-json\/wp\/v2\/posts\/24778\/revisions"}],"predecessor-version":[{"id":24792,"href":"https:\/\/esment.org\/blogs\/wp-json\/wp\/v2\/posts\/24778\/revisions\/24792"}],"wp:featuredmedia":[{"embeddable":true,"href":"https:\/\/esment.org\/blogs\/wp-json\/wp\/v2\/media\/24781"}],"wp:attachment":[{"href":"https:\/\/esment.org\/blogs\/wp-json\/wp\/v2\/media?parent=24778"}],"wp:term":[{"taxonomy":"category","embeddable":true,"href":"https:\/\/esment.org\/blogs\/wp-json\/wp\/v2\/categories?post=24778"},{"taxonomy":"post_tag","embeddable":true,"href":"https:\/\/esment.org\/blogs\/wp-json\/wp\/v2\/tags?post=24778"}],"curies":[{"name":"wp","href":"https:\/\/api.w.org\/{rel}","templated":true}]}}