{"id":24764,"date":"2024-10-21T08:55:48","date_gmt":"2024-10-21T08:55:48","guid":{"rendered":"https:\/\/esment.org\/blogs\/?p=24764"},"modified":"2024-10-21T14:59:14","modified_gmt":"2024-10-21T14:59:14","slug":"esment-jardineria-participa-en-deltaland-un-encuentro-para-fomentar-la-creacion-de-espacios-y-paisajes-naturalistas","status":"publish","type":"post","link":"https:\/\/esment.org\/blogs\/esment-jardineria-participa-en-deltaland-un-encuentro-para-fomentar-la-creacion-de-espacios-y-paisajes-naturalistas\/","title":{"rendered":"Esment Jardiner\u00eda apuesta por la creaci\u00f3n de espacios que respeten el paisaje natural"},"content":{"rendered":"<p dir=\"auto\" data-olk-copy-source=\"MessageBody\"><span style=\"font-size: 12pt;\">El equipo t\u00e9cnico de Esment Jardiner\u00eda ha disfrutado estos d\u00edas de la tercera edici\u00f3n de <a href=\"https:\/\/www.cultidelta.es\/deltaland\/\">DeltaLand<\/a>, un evento organizado por Cultidelta que se ha celebrado en Amposta (Tarragona) y que ha reunido a profesionales de la jardiner\u00eda naturalista y mediterr\u00e1nea con el objetivo de fomentar la creaci\u00f3n de espacios y paisajes naturalistas.<\/span><\/p>\n<p dir=\"auto\"><span style=\"font-size: 12pt;\">Saber observar las plantas en la naturaleza para comprender como se comportan en el jard\u00edn o la importancia de conocer las especies para crear combinaciones con \u00e9xito, son algunas de las propuestas que se debatieron en unas jornadas que reivindican la creaci\u00f3n de espacios naturales en los que se fusione naturaleza con la acci\u00f3n humana. Un ejemplo de ello son las propuestas que el equipo de Jardiner\u00eda de Esment lleva a cabo en todos sus proyectos, desde los jardines de Casa Esment a las actuaciones en fincas p\u00fablicas y privadas. Esta actividad, junto con Agricultura, favorece la ocupaci\u00f3n, formaci\u00f3n y empleo de 145 personas con necesidades de apoyo.<\/span><\/p>\n<div dir=\"auto\">\n<div class=\"vc_row wpb_row top-row container-top-border vc_custom_1532074452858 porto-inner-container wpb_custom_034b39d9bc6c6b310d69e39f0ccf274f\">\n<div class=\"porto-wrap-container container\">\n<div class=\"row\">\n<div class=\"vc_column_container col-md-12\">\n<div class=\"wpb_wrapper vc_column-inner\">\n<div class=\"wpb_text_column wpb_content_element content-row wpb_custom_7c91d232724f73626cc933bd95b25ff0\">\n<div class=\"wpb_wrapper\">\n<p>&nbsp;<\/p>\n<\/div>\n<\/div>\n<\/div>\n<\/div>\n<\/div>\n<\/div>\n<\/div>\n<div class=\"vc_row wpb_row row top-row vc_custom_1682416989675 vc_row-has-fill vc_row-o-content-middle vc_row-flex wpb_custom_034b39d9bc6c6b310d69e39f0ccf274f\" data-vc-full-width=\"true\" data-vc-full-width-init=\"true\">\n<div class=\"vc_column_container col-md-6\">\n<div class=\"wpb_wrapper vc_column-inner\">\n<div class=\"wpb_single_image wpb_content_element vc_align_left wpb_content_element wpb_custom_81a4f7ef9830bf958462581aa01150fb\"><\/div>\n<\/div>\n<\/div>\n<\/div>\n<\/div>\n","protected":false},"excerpt":{"rendered":"<p>El equipo t\u00e9cnico de Esment Jardiner\u00eda ha disfrutado estos d\u00edas de la tercera edici\u00f3n de DeltaLand, un evento organizado por Cultidelta que se ha celebrado en Amposta (Tarragona) y que ha reunido a profesionales de la jardiner\u00eda naturalista y mediterr\u00e1nea con el objetivo de fomentar la creaci\u00f3n de espacios y paisajes naturalistas. Saber observar las [&hellip;]<\/p>\n","protected":false},"author":5,"featured_media":24767,"comment_status":"open","ping_status":"closed","sticky":false,"template":"","format":"standard","meta":{"_acf_changed":false,"footnotes":""},"categories":[1],"tags":[2172,175,849,2171,1940],"class_list":["post-24764","post","type-post","status-publish","format-standard","has-post-thumbnail","hentry","category-sin-categoria","tag-deltaland","tag-jardineria","tag-mediterraneo","tag-paisaje-natural","tag-terra"],"acf":[],"yoast_head":"<!-- This site is optimized with the Yoast SEO plugin v26.4 - https:\/\/yoast.com\/wordpress\/plugins\/seo\/ -->\n<title>Esment Jardiner\u00eda apuesta por la creaci\u00f3n de espacios que respeten el paisaje natural - Blog Comunidad Esment<\/title>\n<meta name=\"robots\" content=\"index, follow, max-snippet:-1, max-image-preview:large, max-video-preview:-1\" \/>\n<link rel=\"canonical\" href=\"https:\/\/esment.org\/blogs\/esment-jardineria-participa-en-deltaland-un-encuentro-para-fomentar-la-creacion-de-espacios-y-paisajes-naturalistas\/\" \/>\n<meta property=\"og:locale\" content=\"es_ES\" \/>\n<meta property=\"og:type\" content=\"article\" \/>\n<meta property=\"og:title\" content=\"Esment Jardiner\u00eda apuesta por la creaci\u00f3n de espacios que respeten el paisaje natural - Blog Comunidad Esment\" \/>\n<meta property=\"og:description\" content=\"El equipo t\u00e9cnico de Esment Jardiner\u00eda ha disfrutado estos d\u00edas de la tercera edici\u00f3n de DeltaLand, un evento organizado por Cultidelta que se ha celebrado en Amposta (Tarragona) y que ha reunido a profesionales de la jardiner\u00eda naturalista y mediterr\u00e1nea con el objetivo de fomentar la creaci\u00f3n de espacios y paisajes naturalistas. Saber observar las [&hellip;]\" \/>\n<meta property=\"og:url\" content=\"https:\/\/esment.org\/blogs\/esment-jardineria-participa-en-deltaland-un-encuentro-para-fomentar-la-creacion-de-espacios-y-paisajes-naturalistas\/\" \/>\n<meta property=\"og:site_name\" content=\"Blog Comunidad Esment\" \/>\n<meta property=\"article:published_time\" content=\"2024-10-21T08:55:48+00:00\" \/>\n<meta property=\"article:modified_time\" content=\"2024-10-21T14:59:14+00:00\" \/>\n<meta property=\"og:image\" content=\"https:\/\/esment.org\/blogs\/wp-content\/uploads\/2024\/10\/1000066738-1-e1729501280448.jpg\" \/>\n\t<meta property=\"og:image:width\" content=\"1104\" \/>\n\t<meta property=\"og:image:height\" content=\"781\" \/>\n\t<meta property=\"og:image:type\" content=\"image\/jpeg\" \/>\n<meta name=\"author\" content=\"Yolanda Tarramera\" \/>\n<meta name=\"twitter:card\" content=\"summary_large_image\" \/>\n<meta name=\"twitter:label1\" content=\"Escrito por\" \/>\n\t<meta name=\"twitter:data1\" content=\"Yolanda Tarramera\" \/>\n\t<meta name=\"twitter:label2\" content=\"Tiempo de lectura\" \/>\n\t<meta name=\"twitter:data2\" content=\"1 minuto\" \/>\n<script type=\"application\/ld+json\" class=\"yoast-schema-graph\">{\"@context\":\"https:\/\/schema.org\",\"@graph\":[{\"@type\":\"Article\",\"@id\":\"https:\/\/esment.org\/blogs\/esment-jardineria-participa-en-deltaland-un-encuentro-para-fomentar-la-creacion-de-espacios-y-paisajes-naturalistas\/#article\",\"isPartOf\":{\"@id\":\"https:\/\/esment.org\/blogs\/esment-jardineria-participa-en-deltaland-un-encuentro-para-fomentar-la-creacion-de-espacios-y-paisajes-naturalistas\/\"},\"author\":{\"name\":\"Yolanda Tarramera\",\"@id\":\"https:\/\/esment.org\/blogs\/#\/schema\/person\/d2af4a49059695d7ca3491e0498d6b36\"},\"headline\":\"Esment Jardiner\u00eda apuesta por la creaci\u00f3n de espacios que respeten el paisaje natural\",\"datePublished\":\"2024-10-21T08:55:48+00:00\",\"dateModified\":\"2024-10-21T14:59:14+00:00\",\"mainEntityOfPage\":{\"@id\":\"https:\/\/esment.org\/blogs\/esment-jardineria-participa-en-deltaland-un-encuentro-para-fomentar-la-creacion-de-espacios-y-paisajes-naturalistas\/\"},\"wordCount\":189,\"commentCount\":0,\"publisher\":{\"@id\":\"https:\/\/esment.org\/blogs\/#organization\"},\"image\":{\"@id\":\"https:\/\/esment.org\/blogs\/esment-jardineria-participa-en-deltaland-un-encuentro-para-fomentar-la-creacion-de-espacios-y-paisajes-naturalistas\/#primaryimage\"},\"thumbnailUrl\":\"https:\/\/esment.org\/blogs\/wp-content\/uploads\/2024\/10\/1000066738-1-e1729501280448.jpg\",\"keywords\":[\"DeltaLand\",\"jardiner\u00eda\",\"mediterr\u00e1neo\",\"paisaje natural\",\"Terra\"],\"inLanguage\":\"es\",\"potentialAction\":[{\"@type\":\"CommentAction\",\"name\":\"Comment\",\"target\":[\"https:\/\/esment.org\/blogs\/esment-jardineria-participa-en-deltaland-un-encuentro-para-fomentar-la-creacion-de-espacios-y-paisajes-naturalistas\/#respond\"]}]},{\"@type\":\"WebPage\",\"@id\":\"https:\/\/esment.org\/blogs\/esment-jardineria-participa-en-deltaland-un-encuentro-para-fomentar-la-creacion-de-espacios-y-paisajes-naturalistas\/\",\"url\":\"https:\/\/esment.org\/blogs\/esment-jardineria-participa-en-deltaland-un-encuentro-para-fomentar-la-creacion-de-espacios-y-paisajes-naturalistas\/\",\"name\":\"Esment Jardiner\u00eda apuesta por la creaci\u00f3n de espacios que respeten el paisaje natural - Blog Comunidad Esment\",\"isPartOf\":{\"@id\":\"https:\/\/esment.org\/blogs\/#website\"},\"primaryImageOfPage\":{\"@id\":\"https:\/\/esment.org\/blogs\/esment-jardineria-participa-en-deltaland-un-encuentro-para-fomentar-la-creacion-de-espacios-y-paisajes-naturalistas\/#primaryimage\"},\"image\":{\"@id\":\"https:\/\/esment.org\/blogs\/esment-jardineria-participa-en-deltaland-un-encuentro-para-fomentar-la-creacion-de-espacios-y-paisajes-naturalistas\/#primaryimage\"},\"thumbnailUrl\":\"https:\/\/esment.org\/blogs\/wp-content\/uploads\/2024\/10\/1000066738-1-e1729501280448.jpg\",\"datePublished\":\"2024-10-21T08:55:48+00:00\",\"dateModified\":\"2024-10-21T14:59:14+00:00\",\"breadcrumb\":{\"@id\":\"https:\/\/esment.org\/blogs\/esment-jardineria-participa-en-deltaland-un-encuentro-para-fomentar-la-creacion-de-espacios-y-paisajes-naturalistas\/#breadcrumb\"},\"inLanguage\":\"es\",\"potentialAction\":[{\"@type\":\"ReadAction\",\"target\":[\"https:\/\/esment.org\/blogs\/esment-jardineria-participa-en-deltaland-un-encuentro-para-fomentar-la-creacion-de-espacios-y-paisajes-naturalistas\/\"]}]},{\"@type\":\"ImageObject\",\"inLanguage\":\"es\",\"@id\":\"https:\/\/esment.org\/blogs\/esment-jardineria-participa-en-deltaland-un-encuentro-para-fomentar-la-creacion-de-espacios-y-paisajes-naturalistas\/#primaryimage\",\"url\":\"https:\/\/esment.org\/blogs\/wp-content\/uploads\/2024\/10\/1000066738-1-e1729501280448.jpg\",\"contentUrl\":\"https:\/\/esment.org\/blogs\/wp-content\/uploads\/2024\/10\/1000066738-1-e1729501280448.jpg\",\"width\":1104,\"height\":781},{\"@type\":\"BreadcrumbList\",\"@id\":\"https:\/\/esment.org\/blogs\/esment-jardineria-participa-en-deltaland-un-encuentro-para-fomentar-la-creacion-de-espacios-y-paisajes-naturalistas\/#breadcrumb\",\"itemListElement\":[{\"@type\":\"ListItem\",\"position\":1,\"name\":\"Portada\",\"item\":\"https:\/\/esment.org\/blogs\/\"},{\"@type\":\"ListItem\",\"position\":2,\"name\":\"Esment Jardiner\u00eda apuesta por la creaci\u00f3n de espacios que respeten el paisaje natural\"}]},{\"@type\":\"WebSite\",\"@id\":\"https:\/\/esment.org\/blogs\/#website\",\"url\":\"https:\/\/esment.org\/blogs\/\",\"name\":\"Blog Comunidad Esment\",\"description\":\"Blogs de Esment\",\"publisher\":{\"@id\":\"https:\/\/esment.org\/blogs\/#organization\"},\"potentialAction\":[{\"@type\":\"SearchAction\",\"target\":{\"@type\":\"EntryPoint\",\"urlTemplate\":\"https:\/\/esment.org\/blogs\/?s={search_term_string}\"},\"query-input\":{\"@type\":\"PropertyValueSpecification\",\"valueRequired\":true,\"valueName\":\"search_term_string\"}}],\"inLanguage\":\"es\"},{\"@type\":\"Organization\",\"@id\":\"https:\/\/esment.org\/blogs\/#organization\",\"name\":\"Blog Comunidad Esment\",\"url\":\"https:\/\/esment.org\/blogs\/\",\"logo\":{\"@type\":\"ImageObject\",\"inLanguage\":\"es\",\"@id\":\"https:\/\/esment.org\/blogs\/#\/schema\/logo\/image\/\",\"url\":\"https:\/\/esment.org\/blogs\/wp-content\/uploads\/2020\/10\/logo-header.svg\",\"contentUrl\":\"https:\/\/esment.org\/blogs\/wp-content\/uploads\/2020\/10\/logo-header.svg\",\"caption\":\"Blog Comunidad Esment\"},\"image\":{\"@id\":\"https:\/\/esment.org\/blogs\/#\/schema\/logo\/image\/\"}},{\"@type\":\"Person\",\"@id\":\"https:\/\/esment.org\/blogs\/#\/schema\/person\/d2af4a49059695d7ca3491e0498d6b36\",\"name\":\"Yolanda Tarramera\",\"image\":{\"@type\":\"ImageObject\",\"inLanguage\":\"es\",\"@id\":\"https:\/\/esment.org\/blogs\/#\/schema\/person\/image\/\",\"url\":\"https:\/\/secure.gravatar.com\/avatar\/c93060ec77db68f5fefd782408bed5a5005bb0b119c5ece6cdbf5ad8631c6e5b?s=96&d=mm&r=g\",\"contentUrl\":\"https:\/\/secure.gravatar.com\/avatar\/c93060ec77db68f5fefd782408bed5a5005bb0b119c5ece6cdbf5ad8631c6e5b?s=96&d=mm&r=g\",\"caption\":\"Yolanda Tarramera\"},\"url\":\"https:\/\/esment.org\/blogs\/author\/yolanda-tarramera\/\"}]}<\/script>\n<!-- \/ Yoast SEO plugin. -->","yoast_head_json":{"title":"Esment Jardiner\u00eda apuesta por la creaci\u00f3n de espacios que respeten el paisaje natural - Blog Comunidad Esment","robots":{"index":"index","follow":"follow","max-snippet":"max-snippet:-1","max-image-preview":"max-image-preview:large","max-video-preview":"max-video-preview:-1"},"canonical":"https:\/\/esment.org\/blogs\/esment-jardineria-participa-en-deltaland-un-encuentro-para-fomentar-la-creacion-de-espacios-y-paisajes-naturalistas\/","og_locale":"es_ES","og_type":"article","og_title":"Esment Jardiner\u00eda apuesta por la creaci\u00f3n de espacios que respeten el paisaje natural - Blog Comunidad Esment","og_description":"El equipo t\u00e9cnico de Esment Jardiner\u00eda ha disfrutado estos d\u00edas de la tercera edici\u00f3n de DeltaLand, un evento organizado por Cultidelta que se ha celebrado en Amposta (Tarragona) y que ha reunido a profesionales de la jardiner\u00eda naturalista y mediterr\u00e1nea con el objetivo de fomentar la creaci\u00f3n de espacios y paisajes naturalistas. Saber observar las [&hellip;]","og_url":"https:\/\/esment.org\/blogs\/esment-jardineria-participa-en-deltaland-un-encuentro-para-fomentar-la-creacion-de-espacios-y-paisajes-naturalistas\/","og_site_name":"Blog Comunidad Esment","article_published_time":"2024-10-21T08:55:48+00:00","article_modified_time":"2024-10-21T14:59:14+00:00","og_image":[{"width":1104,"height":781,"url":"https:\/\/esment.org\/blogs\/wp-content\/uploads\/2024\/10\/1000066738-1-e1729501280448.jpg","type":"image\/jpeg"}],"author":"Yolanda Tarramera","twitter_card":"summary_large_image","twitter_misc":{"Escrito por":"Yolanda Tarramera","Tiempo de lectura":"1 minuto"},"schema":{"@context":"https:\/\/schema.org","@graph":[{"@type":"Article","@id":"https:\/\/esment.org\/blogs\/esment-jardineria-participa-en-deltaland-un-encuentro-para-fomentar-la-creacion-de-espacios-y-paisajes-naturalistas\/#article","isPartOf":{"@id":"https:\/\/esment.org\/blogs\/esment-jardineria-participa-en-deltaland-un-encuentro-para-fomentar-la-creacion-de-espacios-y-paisajes-naturalistas\/"},"author":{"name":"Yolanda Tarramera","@id":"https:\/\/esment.org\/blogs\/#\/schema\/person\/d2af4a49059695d7ca3491e0498d6b36"},"headline":"Esment Jardiner\u00eda apuesta por la creaci\u00f3n de espacios que respeten el paisaje natural","datePublished":"2024-10-21T08:55:48+00:00","dateModified":"2024-10-21T14:59:14+00:00","mainEntityOfPage":{"@id":"https:\/\/esment.org\/blogs\/esment-jardineria-participa-en-deltaland-un-encuentro-para-fomentar-la-creacion-de-espacios-y-paisajes-naturalistas\/"},"wordCount":189,"commentCount":0,"publisher":{"@id":"https:\/\/esment.org\/blogs\/#organization"},"image":{"@id":"https:\/\/esment.org\/blogs\/esment-jardineria-participa-en-deltaland-un-encuentro-para-fomentar-la-creacion-de-espacios-y-paisajes-naturalistas\/#primaryimage"},"thumbnailUrl":"https:\/\/esment.org\/blogs\/wp-content\/uploads\/2024\/10\/1000066738-1-e1729501280448.jpg","keywords":["DeltaLand","jardiner\u00eda","mediterr\u00e1neo","paisaje natural","Terra"],"inLanguage":"es","potentialAction":[{"@type":"CommentAction","name":"Comment","target":["https:\/\/esment.org\/blogs\/esment-jardineria-participa-en-deltaland-un-encuentro-para-fomentar-la-creacion-de-espacios-y-paisajes-naturalistas\/#respond"]}]},{"@type":"WebPage","@id":"https:\/\/esment.org\/blogs\/esment-jardineria-participa-en-deltaland-un-encuentro-para-fomentar-la-creacion-de-espacios-y-paisajes-naturalistas\/","url":"https:\/\/esment.org\/blogs\/esment-jardineria-participa-en-deltaland-un-encuentro-para-fomentar-la-creacion-de-espacios-y-paisajes-naturalistas\/","name":"Esment Jardiner\u00eda apuesta por la creaci\u00f3n de espacios que respeten el paisaje natural - Blog Comunidad Esment","isPartOf":{"@id":"https:\/\/esment.org\/blogs\/#website"},"primaryImageOfPage":{"@id":"https:\/\/esment.org\/blogs\/esment-jardineria-participa-en-deltaland-un-encuentro-para-fomentar-la-creacion-de-espacios-y-paisajes-naturalistas\/#primaryimage"},"image":{"@id":"https:\/\/esment.org\/blogs\/esment-jardineria-participa-en-deltaland-un-encuentro-para-fomentar-la-creacion-de-espacios-y-paisajes-naturalistas\/#primaryimage"},"thumbnailUrl":"https:\/\/esment.org\/blogs\/wp-content\/uploads\/2024\/10\/1000066738-1-e1729501280448.jpg","datePublished":"2024-10-21T08:55:48+00:00","dateModified":"2024-10-21T14:59:14+00:00","breadcrumb":{"@id":"https:\/\/esment.org\/blogs\/esment-jardineria-participa-en-deltaland-un-encuentro-para-fomentar-la-creacion-de-espacios-y-paisajes-naturalistas\/#breadcrumb"},"inLanguage":"es","potentialAction":[{"@type":"ReadAction","target":["https:\/\/esment.org\/blogs\/esment-jardineria-participa-en-deltaland-un-encuentro-para-fomentar-la-creacion-de-espacios-y-paisajes-naturalistas\/"]}]},{"@type":"ImageObject","inLanguage":"es","@id":"https:\/\/esment.org\/blogs\/esment-jardineria-participa-en-deltaland-un-encuentro-para-fomentar-la-creacion-de-espacios-y-paisajes-naturalistas\/#primaryimage","url":"https:\/\/esment.org\/blogs\/wp-content\/uploads\/2024\/10\/1000066738-1-e1729501280448.jpg","contentUrl":"https:\/\/esment.org\/blogs\/wp-content\/uploads\/2024\/10\/1000066738-1-e1729501280448.jpg","width":1104,"height":781},{"@type":"BreadcrumbList","@id":"https:\/\/esment.org\/blogs\/esment-jardineria-participa-en-deltaland-un-encuentro-para-fomentar-la-creacion-de-espacios-y-paisajes-naturalistas\/#breadcrumb","itemListElement":[{"@type":"ListItem","position":1,"name":"Portada","item":"https:\/\/esment.org\/blogs\/"},{"@type":"ListItem","position":2,"name":"Esment Jardiner\u00eda apuesta por la creaci\u00f3n de espacios que respeten el paisaje natural"}]},{"@type":"WebSite","@id":"https:\/\/esment.org\/blogs\/#website","url":"https:\/\/esment.org\/blogs\/","name":"Blog Comunidad Esment","description":"Blogs de Esment","publisher":{"@id":"https:\/\/esment.org\/blogs\/#organization"},"potentialAction":[{"@type":"SearchAction","target":{"@type":"EntryPoint","urlTemplate":"https:\/\/esment.org\/blogs\/?s={search_term_string}"},"query-input":{"@type":"PropertyValueSpecification","valueRequired":true,"valueName":"search_term_string"}}],"inLanguage":"es"},{"@type":"Organization","@id":"https:\/\/esment.org\/blogs\/#organization","name":"Blog Comunidad Esment","url":"https:\/\/esment.org\/blogs\/","logo":{"@type":"ImageObject","inLanguage":"es","@id":"https:\/\/esment.org\/blogs\/#\/schema\/logo\/image\/","url":"https:\/\/esment.org\/blogs\/wp-content\/uploads\/2020\/10\/logo-header.svg","contentUrl":"https:\/\/esment.org\/blogs\/wp-content\/uploads\/2020\/10\/logo-header.svg","caption":"Blog Comunidad Esment"},"image":{"@id":"https:\/\/esment.org\/blogs\/#\/schema\/logo\/image\/"}},{"@type":"Person","@id":"https:\/\/esment.org\/blogs\/#\/schema\/person\/d2af4a49059695d7ca3491e0498d6b36","name":"Yolanda Tarramera","image":{"@type":"ImageObject","inLanguage":"es","@id":"https:\/\/esment.org\/blogs\/#\/schema\/person\/image\/","url":"https:\/\/secure.gravatar.com\/avatar\/c93060ec77db68f5fefd782408bed5a5005bb0b119c5ece6cdbf5ad8631c6e5b?s=96&d=mm&r=g","contentUrl":"https:\/\/secure.gravatar.com\/avatar\/c93060ec77db68f5fefd782408bed5a5005bb0b119c5ece6cdbf5ad8631c6e5b?s=96&d=mm&r=g","caption":"Yolanda Tarramera"},"url":"https:\/\/esment.org\/blogs\/author\/yolanda-tarramera\/"}]}},"_links":{"self":[{"href":"https:\/\/esment.org\/blogs\/wp-json\/wp\/v2\/posts\/24764","targetHints":{"allow":["GET"]}}],"collection":[{"href":"https:\/\/esment.org\/blogs\/wp-json\/wp\/v2\/posts"}],"about":[{"href":"https:\/\/esment.org\/blogs\/wp-json\/wp\/v2\/types\/post"}],"author":[{"embeddable":true,"href":"https:\/\/esment.org\/blogs\/wp-json\/wp\/v2\/users\/5"}],"replies":[{"embeddable":true,"href":"https:\/\/esment.org\/blogs\/wp-json\/wp\/v2\/comments?post=24764"}],"version-history":[{"count":7,"href":"https:\/\/esment.org\/blogs\/wp-json\/wp\/v2\/posts\/24764\/revisions"}],"predecessor-version":[{"id":24791,"href":"https:\/\/esment.org\/blogs\/wp-json\/wp\/v2\/posts\/24764\/revisions\/24791"}],"wp:featuredmedia":[{"embeddable":true,"href":"https:\/\/esment.org\/blogs\/wp-json\/wp\/v2\/media\/24767"}],"wp:attachment":[{"href":"https:\/\/esment.org\/blogs\/wp-json\/wp\/v2\/media?parent=24764"}],"wp:term":[{"taxonomy":"category","embeddable":true,"href":"https:\/\/esment.org\/blogs\/wp-json\/wp\/v2\/categories?post=24764"},{"taxonomy":"post_tag","embeddable":true,"href":"https:\/\/esment.org\/blogs\/wp-json\/wp\/v2\/tags?post=24764"}],"curies":[{"name":"wp","href":"https:\/\/api.w.org\/{rel}","templated":true}]}}