{"id":24758,"date":"2024-10-21T08:12:04","date_gmt":"2024-10-21T08:12:04","guid":{"rendered":"https:\/\/esment.org\/blogs\/?p=24758"},"modified":"2024-10-31T10:51:13","modified_gmt":"2024-10-31T10:51:13","slug":"las-empresas-de-nest-esg-mallorca-se-reunen-en-casa-esment-para-definir-nuevas-actuaciones-sostenibles","status":"publish","type":"post","link":"https:\/\/esment.org\/blogs\/las-empresas-de-nest-esg-mallorca-se-reunen-en-casa-esment-para-definir-nuevas-actuaciones-sostenibles\/","title":{"rendered":"Encuentro de NEST ESG Mallorca para definir nuevas actuaciones sostenibles"},"content":{"rendered":"<p data-olk-copy-source=\"MailCompose\">Casa Esment volvi\u00f3 a ser el escenario del Nestworking Day, un evento organizado por <a href=\"https:\/\/nest-esg.org\/\">NEST ESG Mallorca<\/a> que tiene como objetivo crear un espacio de trabajo para fomentar la colaboraci\u00f3n entre empresas del sector tur\u00edstico en proyectos de sostenibilidad<\/p>\n<p>Durante la jornada se crearon diez mesas de trabajo para que m\u00e1s de un centenar de profesionales del sector tur\u00edstico analizaran y plantearan nueva medidas que permitan al sector seguir avanzando en el \u00e1mbito de la sostenibilidad. En esta edici\u00f3n, adem\u00e1s de volver a ser la organizaci\u00f3n anfitriona,\u00a0 Esment particip\u00f3 en una mesa sobre Micro-Movilidad Sostenible, donde se abordaron soluciones digitales para promover la micro movilidad sostenible en destinos tur\u00edsticos y establecer estrategias para reducir la huella de carbono en la movilidad. En este sentido, se estableci\u00f3 la necesidad de que NEST act\u00fae como catalizador y facilitador en el desarrollo de los proyectos de micro movilidad sostenible y fomentando un cambio cultural hacia el uso cotidiano de la bicicleta a trav\u00e9s de la colaboraci\u00f3n entre empresas, instituciones y otros actores clave.<\/p>\n<p>NET ESG Mallorca supone un punto de encuentro donde grandes y peque\u00f1as empresas puedan compartir, formar, crear y aprender en t\u00e9rminos de sostenibilidad tur\u00edstica.<\/p>\n<div>\n<h5><\/h5>\n<\/div>\n","protected":false},"excerpt":{"rendered":"<p>Casa Esment volvi\u00f3 a ser el escenario del Nestworking Day, un evento organizado por NEST ESG Mallorca que tiene como objetivo crear un espacio de trabajo para fomentar la colaboraci\u00f3n entre empresas del sector tur\u00edstico en proyectos de sostenibilidad Durante la jornada se crearon diez mesas de trabajo para que m\u00e1s de un centenar de [&hellip;]<\/p>\n","protected":false},"author":6,"featured_media":24759,"comment_status":"open","ping_status":"closed","sticky":false,"template":"","format":"standard","meta":{"_acf_changed":false,"footnotes":""},"categories":[1747,2175,1],"tags":[],"class_list":["post-24758","post","type-post","status-publish","format-standard","has-post-thumbnail","hentry","category-sostenibilidad","category-casa-esment","category-sin-categoria"],"acf":[],"yoast_head":"<!-- This site is optimized with the Yoast SEO plugin v26.4 - https:\/\/yoast.com\/wordpress\/plugins\/seo\/ -->\n<title>Encuentro de NEST ESG Mallorca para definir nuevas actuaciones sostenibles - Blog Comunidad Esment<\/title>\n<meta name=\"robots\" content=\"index, follow, max-snippet:-1, max-image-preview:large, max-video-preview:-1\" \/>\n<link rel=\"canonical\" href=\"https:\/\/esment.org\/blogs\/las-empresas-de-nest-esg-mallorca-se-reunen-en-casa-esment-para-definir-nuevas-actuaciones-sostenibles\/\" \/>\n<meta property=\"og:locale\" content=\"es_ES\" \/>\n<meta property=\"og:type\" content=\"article\" \/>\n<meta property=\"og:title\" content=\"Encuentro de NEST ESG Mallorca para definir nuevas actuaciones sostenibles - Blog Comunidad Esment\" \/>\n<meta property=\"og:description\" content=\"Casa Esment volvi\u00f3 a ser el escenario del Nestworking Day, un evento organizado por NEST ESG Mallorca que tiene como objetivo crear un espacio de trabajo para fomentar la colaboraci\u00f3n entre empresas del sector tur\u00edstico en proyectos de sostenibilidad Durante la jornada se crearon diez mesas de trabajo para que m\u00e1s de un centenar de [&hellip;]\" \/>\n<meta property=\"og:url\" content=\"https:\/\/esment.org\/blogs\/las-empresas-de-nest-esg-mallorca-se-reunen-en-casa-esment-para-definir-nuevas-actuaciones-sostenibles\/\" \/>\n<meta property=\"og:site_name\" content=\"Blog Comunidad Esment\" \/>\n<meta property=\"article:published_time\" content=\"2024-10-21T08:12:04+00:00\" \/>\n<meta property=\"article:modified_time\" content=\"2024-10-31T10:51:13+00:00\" \/>\n<meta property=\"og:image\" content=\"https:\/\/esment.org\/blogs\/wp-content\/uploads\/2024\/10\/WhatsApp-Image-2024-10-17-at-11.05.39.jpeg\" \/>\n\t<meta property=\"og:image:width\" content=\"1600\" \/>\n\t<meta property=\"og:image:height\" content=\"1200\" \/>\n\t<meta property=\"og:image:type\" content=\"image\/jpeg\" \/>\n<meta name=\"author\" content=\"Maria Razumova\" \/>\n<meta name=\"twitter:card\" content=\"summary_large_image\" \/>\n<meta name=\"twitter:label1\" content=\"Escrito por\" \/>\n\t<meta name=\"twitter:data1\" content=\"Maria Razumova\" \/>\n\t<meta name=\"twitter:label2\" content=\"Tiempo de lectura\" \/>\n\t<meta name=\"twitter:data2\" content=\"1 minuto\" \/>\n<script type=\"application\/ld+json\" class=\"yoast-schema-graph\">{\"@context\":\"https:\/\/schema.org\",\"@graph\":[{\"@type\":\"Article\",\"@id\":\"https:\/\/esment.org\/blogs\/las-empresas-de-nest-esg-mallorca-se-reunen-en-casa-esment-para-definir-nuevas-actuaciones-sostenibles\/#article\",\"isPartOf\":{\"@id\":\"https:\/\/esment.org\/blogs\/las-empresas-de-nest-esg-mallorca-se-reunen-en-casa-esment-para-definir-nuevas-actuaciones-sostenibles\/\"},\"author\":{\"name\":\"Maria Razumova\",\"@id\":\"https:\/\/esment.org\/blogs\/#\/schema\/person\/082d0d3b4eb09ab8e703f261cae15c0f\"},\"headline\":\"Encuentro de NEST ESG Mallorca para definir nuevas actuaciones sostenibles\",\"datePublished\":\"2024-10-21T08:12:04+00:00\",\"dateModified\":\"2024-10-31T10:51:13+00:00\",\"mainEntityOfPage\":{\"@id\":\"https:\/\/esment.org\/blogs\/las-empresas-de-nest-esg-mallorca-se-reunen-en-casa-esment-para-definir-nuevas-actuaciones-sostenibles\/\"},\"wordCount\":218,\"commentCount\":0,\"publisher\":{\"@id\":\"https:\/\/esment.org\/blogs\/#organization\"},\"image\":{\"@id\":\"https:\/\/esment.org\/blogs\/las-empresas-de-nest-esg-mallorca-se-reunen-en-casa-esment-para-definir-nuevas-actuaciones-sostenibles\/#primaryimage\"},\"thumbnailUrl\":\"https:\/\/esment.org\/blogs\/wp-content\/uploads\/2024\/10\/WhatsApp-Image-2024-10-17-at-11.05.39.jpeg\",\"articleSection\":[\"Blogs Esment Categoria Sostenibilidad\",\"Casa Esment\"],\"inLanguage\":\"es\",\"potentialAction\":[{\"@type\":\"CommentAction\",\"name\":\"Comment\",\"target\":[\"https:\/\/esment.org\/blogs\/las-empresas-de-nest-esg-mallorca-se-reunen-en-casa-esment-para-definir-nuevas-actuaciones-sostenibles\/#respond\"]}]},{\"@type\":\"WebPage\",\"@id\":\"https:\/\/esment.org\/blogs\/las-empresas-de-nest-esg-mallorca-se-reunen-en-casa-esment-para-definir-nuevas-actuaciones-sostenibles\/\",\"url\":\"https:\/\/esment.org\/blogs\/las-empresas-de-nest-esg-mallorca-se-reunen-en-casa-esment-para-definir-nuevas-actuaciones-sostenibles\/\",\"name\":\"Encuentro de NEST ESG Mallorca para definir nuevas actuaciones sostenibles - Blog Comunidad Esment\",\"isPartOf\":{\"@id\":\"https:\/\/esment.org\/blogs\/#website\"},\"primaryImageOfPage\":{\"@id\":\"https:\/\/esment.org\/blogs\/las-empresas-de-nest-esg-mallorca-se-reunen-en-casa-esment-para-definir-nuevas-actuaciones-sostenibles\/#primaryimage\"},\"image\":{\"@id\":\"https:\/\/esment.org\/blogs\/las-empresas-de-nest-esg-mallorca-se-reunen-en-casa-esment-para-definir-nuevas-actuaciones-sostenibles\/#primaryimage\"},\"thumbnailUrl\":\"https:\/\/esment.org\/blogs\/wp-content\/uploads\/2024\/10\/WhatsApp-Image-2024-10-17-at-11.05.39.jpeg\",\"datePublished\":\"2024-10-21T08:12:04+00:00\",\"dateModified\":\"2024-10-31T10:51:13+00:00\",\"breadcrumb\":{\"@id\":\"https:\/\/esment.org\/blogs\/las-empresas-de-nest-esg-mallorca-se-reunen-en-casa-esment-para-definir-nuevas-actuaciones-sostenibles\/#breadcrumb\"},\"inLanguage\":\"es\",\"potentialAction\":[{\"@type\":\"ReadAction\",\"target\":[\"https:\/\/esment.org\/blogs\/las-empresas-de-nest-esg-mallorca-se-reunen-en-casa-esment-para-definir-nuevas-actuaciones-sostenibles\/\"]}]},{\"@type\":\"ImageObject\",\"inLanguage\":\"es\",\"@id\":\"https:\/\/esment.org\/blogs\/las-empresas-de-nest-esg-mallorca-se-reunen-en-casa-esment-para-definir-nuevas-actuaciones-sostenibles\/#primaryimage\",\"url\":\"https:\/\/esment.org\/blogs\/wp-content\/uploads\/2024\/10\/WhatsApp-Image-2024-10-17-at-11.05.39.jpeg\",\"contentUrl\":\"https:\/\/esment.org\/blogs\/wp-content\/uploads\/2024\/10\/WhatsApp-Image-2024-10-17-at-11.05.39.jpeg\",\"width\":1600,\"height\":1200},{\"@type\":\"BreadcrumbList\",\"@id\":\"https:\/\/esment.org\/blogs\/las-empresas-de-nest-esg-mallorca-se-reunen-en-casa-esment-para-definir-nuevas-actuaciones-sostenibles\/#breadcrumb\",\"itemListElement\":[{\"@type\":\"ListItem\",\"position\":1,\"name\":\"Portada\",\"item\":\"https:\/\/esment.org\/blogs\/\"},{\"@type\":\"ListItem\",\"position\":2,\"name\":\"Encuentro de NEST ESG Mallorca para definir nuevas actuaciones sostenibles\"}]},{\"@type\":\"WebSite\",\"@id\":\"https:\/\/esment.org\/blogs\/#website\",\"url\":\"https:\/\/esment.org\/blogs\/\",\"name\":\"Blog Comunidad Esment\",\"description\":\"Blogs de Esment\",\"publisher\":{\"@id\":\"https:\/\/esment.org\/blogs\/#organization\"},\"potentialAction\":[{\"@type\":\"SearchAction\",\"target\":{\"@type\":\"EntryPoint\",\"urlTemplate\":\"https:\/\/esment.org\/blogs\/?s={search_term_string}\"},\"query-input\":{\"@type\":\"PropertyValueSpecification\",\"valueRequired\":true,\"valueName\":\"search_term_string\"}}],\"inLanguage\":\"es\"},{\"@type\":\"Organization\",\"@id\":\"https:\/\/esment.org\/blogs\/#organization\",\"name\":\"Blog Comunidad Esment\",\"url\":\"https:\/\/esment.org\/blogs\/\",\"logo\":{\"@type\":\"ImageObject\",\"inLanguage\":\"es\",\"@id\":\"https:\/\/esment.org\/blogs\/#\/schema\/logo\/image\/\",\"url\":\"https:\/\/esment.org\/blogs\/wp-content\/uploads\/2020\/10\/logo-header.svg\",\"contentUrl\":\"https:\/\/esment.org\/blogs\/wp-content\/uploads\/2020\/10\/logo-header.svg\",\"caption\":\"Blog Comunidad Esment\"},\"image\":{\"@id\":\"https:\/\/esment.org\/blogs\/#\/schema\/logo\/image\/\"}},{\"@type\":\"Person\",\"@id\":\"https:\/\/esment.org\/blogs\/#\/schema\/person\/082d0d3b4eb09ab8e703f261cae15c0f\",\"name\":\"Maria Razumova\",\"image\":{\"@type\":\"ImageObject\",\"inLanguage\":\"es\",\"@id\":\"https:\/\/esment.org\/blogs\/#\/schema\/person\/image\/\",\"url\":\"https:\/\/secure.gravatar.com\/avatar\/3ab2d6e985b4fbe4298f978a8cf3bd8ea463bd515851074c4c1258089c7ebc84?s=96&d=mm&r=g\",\"contentUrl\":\"https:\/\/secure.gravatar.com\/avatar\/3ab2d6e985b4fbe4298f978a8cf3bd8ea463bd515851074c4c1258089c7ebc84?s=96&d=mm&r=g\",\"caption\":\"Maria Razumova\"},\"url\":\"https:\/\/esment.org\/blogs\/author\/mrazumova\/\"}]}<\/script>\n<!-- \/ Yoast SEO plugin. -->","yoast_head_json":{"title":"Encuentro de NEST ESG Mallorca para definir nuevas actuaciones sostenibles - Blog Comunidad Esment","robots":{"index":"index","follow":"follow","max-snippet":"max-snippet:-1","max-image-preview":"max-image-preview:large","max-video-preview":"max-video-preview:-1"},"canonical":"https:\/\/esment.org\/blogs\/las-empresas-de-nest-esg-mallorca-se-reunen-en-casa-esment-para-definir-nuevas-actuaciones-sostenibles\/","og_locale":"es_ES","og_type":"article","og_title":"Encuentro de NEST ESG Mallorca para definir nuevas actuaciones sostenibles - Blog Comunidad Esment","og_description":"Casa Esment volvi\u00f3 a ser el escenario del Nestworking Day, un evento organizado por NEST ESG Mallorca que tiene como objetivo crear un espacio de trabajo para fomentar la colaboraci\u00f3n entre empresas del sector tur\u00edstico en proyectos de sostenibilidad Durante la jornada se crearon diez mesas de trabajo para que m\u00e1s de un centenar de [&hellip;]","og_url":"https:\/\/esment.org\/blogs\/las-empresas-de-nest-esg-mallorca-se-reunen-en-casa-esment-para-definir-nuevas-actuaciones-sostenibles\/","og_site_name":"Blog Comunidad Esment","article_published_time":"2024-10-21T08:12:04+00:00","article_modified_time":"2024-10-31T10:51:13+00:00","og_image":[{"width":1600,"height":1200,"url":"https:\/\/esment.org\/blogs\/wp-content\/uploads\/2024\/10\/WhatsApp-Image-2024-10-17-at-11.05.39.jpeg","type":"image\/jpeg"}],"author":"Maria Razumova","twitter_card":"summary_large_image","twitter_misc":{"Escrito por":"Maria Razumova","Tiempo de lectura":"1 minuto"},"schema":{"@context":"https:\/\/schema.org","@graph":[{"@type":"Article","@id":"https:\/\/esment.org\/blogs\/las-empresas-de-nest-esg-mallorca-se-reunen-en-casa-esment-para-definir-nuevas-actuaciones-sostenibles\/#article","isPartOf":{"@id":"https:\/\/esment.org\/blogs\/las-empresas-de-nest-esg-mallorca-se-reunen-en-casa-esment-para-definir-nuevas-actuaciones-sostenibles\/"},"author":{"name":"Maria Razumova","@id":"https:\/\/esment.org\/blogs\/#\/schema\/person\/082d0d3b4eb09ab8e703f261cae15c0f"},"headline":"Encuentro de NEST ESG Mallorca para definir nuevas actuaciones sostenibles","datePublished":"2024-10-21T08:12:04+00:00","dateModified":"2024-10-31T10:51:13+00:00","mainEntityOfPage":{"@id":"https:\/\/esment.org\/blogs\/las-empresas-de-nest-esg-mallorca-se-reunen-en-casa-esment-para-definir-nuevas-actuaciones-sostenibles\/"},"wordCount":218,"commentCount":0,"publisher":{"@id":"https:\/\/esment.org\/blogs\/#organization"},"image":{"@id":"https:\/\/esment.org\/blogs\/las-empresas-de-nest-esg-mallorca-se-reunen-en-casa-esment-para-definir-nuevas-actuaciones-sostenibles\/#primaryimage"},"thumbnailUrl":"https:\/\/esment.org\/blogs\/wp-content\/uploads\/2024\/10\/WhatsApp-Image-2024-10-17-at-11.05.39.jpeg","articleSection":["Blogs Esment Categoria Sostenibilidad","Casa Esment"],"inLanguage":"es","potentialAction":[{"@type":"CommentAction","name":"Comment","target":["https:\/\/esment.org\/blogs\/las-empresas-de-nest-esg-mallorca-se-reunen-en-casa-esment-para-definir-nuevas-actuaciones-sostenibles\/#respond"]}]},{"@type":"WebPage","@id":"https:\/\/esment.org\/blogs\/las-empresas-de-nest-esg-mallorca-se-reunen-en-casa-esment-para-definir-nuevas-actuaciones-sostenibles\/","url":"https:\/\/esment.org\/blogs\/las-empresas-de-nest-esg-mallorca-se-reunen-en-casa-esment-para-definir-nuevas-actuaciones-sostenibles\/","name":"Encuentro de NEST ESG Mallorca para definir nuevas actuaciones sostenibles - Blog Comunidad Esment","isPartOf":{"@id":"https:\/\/esment.org\/blogs\/#website"},"primaryImageOfPage":{"@id":"https:\/\/esment.org\/blogs\/las-empresas-de-nest-esg-mallorca-se-reunen-en-casa-esment-para-definir-nuevas-actuaciones-sostenibles\/#primaryimage"},"image":{"@id":"https:\/\/esment.org\/blogs\/las-empresas-de-nest-esg-mallorca-se-reunen-en-casa-esment-para-definir-nuevas-actuaciones-sostenibles\/#primaryimage"},"thumbnailUrl":"https:\/\/esment.org\/blogs\/wp-content\/uploads\/2024\/10\/WhatsApp-Image-2024-10-17-at-11.05.39.jpeg","datePublished":"2024-10-21T08:12:04+00:00","dateModified":"2024-10-31T10:51:13+00:00","breadcrumb":{"@id":"https:\/\/esment.org\/blogs\/las-empresas-de-nest-esg-mallorca-se-reunen-en-casa-esment-para-definir-nuevas-actuaciones-sostenibles\/#breadcrumb"},"inLanguage":"es","potentialAction":[{"@type":"ReadAction","target":["https:\/\/esment.org\/blogs\/las-empresas-de-nest-esg-mallorca-se-reunen-en-casa-esment-para-definir-nuevas-actuaciones-sostenibles\/"]}]},{"@type":"ImageObject","inLanguage":"es","@id":"https:\/\/esment.org\/blogs\/las-empresas-de-nest-esg-mallorca-se-reunen-en-casa-esment-para-definir-nuevas-actuaciones-sostenibles\/#primaryimage","url":"https:\/\/esment.org\/blogs\/wp-content\/uploads\/2024\/10\/WhatsApp-Image-2024-10-17-at-11.05.39.jpeg","contentUrl":"https:\/\/esment.org\/blogs\/wp-content\/uploads\/2024\/10\/WhatsApp-Image-2024-10-17-at-11.05.39.jpeg","width":1600,"height":1200},{"@type":"BreadcrumbList","@id":"https:\/\/esment.org\/blogs\/las-empresas-de-nest-esg-mallorca-se-reunen-en-casa-esment-para-definir-nuevas-actuaciones-sostenibles\/#breadcrumb","itemListElement":[{"@type":"ListItem","position":1,"name":"Portada","item":"https:\/\/esment.org\/blogs\/"},{"@type":"ListItem","position":2,"name":"Encuentro de NEST ESG Mallorca para definir nuevas actuaciones sostenibles"}]},{"@type":"WebSite","@id":"https:\/\/esment.org\/blogs\/#website","url":"https:\/\/esment.org\/blogs\/","name":"Blog Comunidad Esment","description":"Blogs de Esment","publisher":{"@id":"https:\/\/esment.org\/blogs\/#organization"},"potentialAction":[{"@type":"SearchAction","target":{"@type":"EntryPoint","urlTemplate":"https:\/\/esment.org\/blogs\/?s={search_term_string}"},"query-input":{"@type":"PropertyValueSpecification","valueRequired":true,"valueName":"search_term_string"}}],"inLanguage":"es"},{"@type":"Organization","@id":"https:\/\/esment.org\/blogs\/#organization","name":"Blog Comunidad Esment","url":"https:\/\/esment.org\/blogs\/","logo":{"@type":"ImageObject","inLanguage":"es","@id":"https:\/\/esment.org\/blogs\/#\/schema\/logo\/image\/","url":"https:\/\/esment.org\/blogs\/wp-content\/uploads\/2020\/10\/logo-header.svg","contentUrl":"https:\/\/esment.org\/blogs\/wp-content\/uploads\/2020\/10\/logo-header.svg","caption":"Blog Comunidad Esment"},"image":{"@id":"https:\/\/esment.org\/blogs\/#\/schema\/logo\/image\/"}},{"@type":"Person","@id":"https:\/\/esment.org\/blogs\/#\/schema\/person\/082d0d3b4eb09ab8e703f261cae15c0f","name":"Maria Razumova","image":{"@type":"ImageObject","inLanguage":"es","@id":"https:\/\/esment.org\/blogs\/#\/schema\/person\/image\/","url":"https:\/\/secure.gravatar.com\/avatar\/3ab2d6e985b4fbe4298f978a8cf3bd8ea463bd515851074c4c1258089c7ebc84?s=96&d=mm&r=g","contentUrl":"https:\/\/secure.gravatar.com\/avatar\/3ab2d6e985b4fbe4298f978a8cf3bd8ea463bd515851074c4c1258089c7ebc84?s=96&d=mm&r=g","caption":"Maria Razumova"},"url":"https:\/\/esment.org\/blogs\/author\/mrazumova\/"}]}},"_links":{"self":[{"href":"https:\/\/esment.org\/blogs\/wp-json\/wp\/v2\/posts\/24758","targetHints":{"allow":["GET"]}}],"collection":[{"href":"https:\/\/esment.org\/blogs\/wp-json\/wp\/v2\/posts"}],"about":[{"href":"https:\/\/esment.org\/blogs\/wp-json\/wp\/v2\/types\/post"}],"author":[{"embeddable":true,"href":"https:\/\/esment.org\/blogs\/wp-json\/wp\/v2\/users\/6"}],"replies":[{"embeddable":true,"href":"https:\/\/esment.org\/blogs\/wp-json\/wp\/v2\/comments?post=24758"}],"version-history":[{"count":7,"href":"https:\/\/esment.org\/blogs\/wp-json\/wp\/v2\/posts\/24758\/revisions"}],"predecessor-version":[{"id":24774,"href":"https:\/\/esment.org\/blogs\/wp-json\/wp\/v2\/posts\/24758\/revisions\/24774"}],"wp:featuredmedia":[{"embeddable":true,"href":"https:\/\/esment.org\/blogs\/wp-json\/wp\/v2\/media\/24759"}],"wp:attachment":[{"href":"https:\/\/esment.org\/blogs\/wp-json\/wp\/v2\/media?parent=24758"}],"wp:term":[{"taxonomy":"category","embeddable":true,"href":"https:\/\/esment.org\/blogs\/wp-json\/wp\/v2\/categories?post=24758"},{"taxonomy":"post_tag","embeddable":true,"href":"https:\/\/esment.org\/blogs\/wp-json\/wp\/v2\/tags?post=24758"}],"curies":[{"name":"wp","href":"https:\/\/api.w.org\/{rel}","templated":true}]}}