{"id":24433,"date":"2024-09-09T12:41:51","date_gmt":"2024-09-09T12:41:51","guid":{"rendered":"https:\/\/esment.org\/blogs\/?p=24433"},"modified":"2024-09-11T12:40:34","modified_gmt":"2024-09-11T12:40:34","slug":"temps-de-verema-al-celler-gallinas-focas","status":"publish","type":"post","link":"https:\/\/esment.org\/blogs\/temps-de-verema-al-celler-gallinas-focas\/","title":{"rendered":"Temps de verema al celler Gallinas &#038; Focas"},"content":{"rendered":"<div class=\"flex max-w-full flex-col flex-grow\">\n<div class=\"min-h-[20px] text-message flex w-full flex-col items-end gap-2 whitespace-normal break-words [.text-message+&amp;]:mt-5\" dir=\"auto\" data-message-author-role=\"assistant\" data-message-id=\"cb28f85d-f4e3-42bb-9270-fa0fe45d8a0c\">\n<div class=\"flex w-full flex-col gap-1 empty:hidden first:pt-[3px]\">\n<div class=\"markdown prose w-full break-words dark:prose-invert light\">\n<div class=\"flex-shrink-0 flex flex-col relative items-end\">\n<div>\n<div class=\"pt-0\">\n<div class=\"gizmo-bot-avatar flex h-8 w-8 items-center justify-center overflow-hidden rounded-full\">\n<p class=\"relative p-1 rounded-sm flex items-center justify-center bg-token-main-surface-primary text-token-text-primary h-8 w-8\"><span style=\"font-size: 12pt;\">El celler Gallinas &amp; Focas es troba aquests dies en plena activitat amb motiu de la verema d&#8217;enguany, un proc\u00e9s que es va iniciar a finals del mes d&#8217;agost.<\/span><\/p>\n<\/div>\n<\/div>\n<\/div>\n<\/div>\n<div class=\"group\/conversation-turn relative flex w-full min-w-0 flex-col agent-turn\">\n<div class=\"flex-col gap-1 md:gap-3\">\n<div class=\"flex max-w-full flex-col flex-grow\">\n<div class=\"min-h-[20px] text-message flex w-full flex-col items-end gap-2 whitespace-normal break-words [.text-message+&amp;]:mt-5\" dir=\"auto\" data-message-author-role=\"assistant\" data-message-id=\"7a9b03ae-f35c-4b67-85e2-f65bc5a9111e\">\n<div class=\"flex w-full flex-col gap-1 empty:hidden first:pt-[3px]\">\n<div class=\"result-streaming markdown prose w-full break-words dark:prose-invert light\">\n<p><span style=\"font-size: 12pt;\">La primera varietat de ra\u00efm que es va recollir va ser la cabernet sauvignon i aquests dies \u00e9s el torn de la manto negro i la syrah. Tres varietats que cultivem de forma ecol\u00f2gica i amb les quals elaborem els nostres vins, en col\u00b7laboraci\u00f3 amb el celler 4 Kilos. Enguany s&#8217;han recollit un total de 30.000 kg de ra\u00efm, 14.000 kg de les vinyes de la nostra finca i els 16.000 restants procedents d&#8217;altres viticultors de l&#8217;illa<\/span><\/p>\n<p><span style=\"font-size: 12pt;\">Durant aquesta campanya s&#8217;espera recollir una producci\u00f3 de ra\u00efm semblant a la de l&#8217;any anterior. La recollida es fa de forma manual, amb la participaci\u00f3 de l&#8217;equip d&#8217;agricultura que treballa al celler i un grup de persones de formaci\u00f3 dual. En els propers dies ser\u00e0 el torn de la recollida de la blanca premsal, varietat que ja es troba en el punt perfecte de maduraci\u00f3 i que, junt amb el macabeu, ens permet elaborar el vi Sa Cussa Ant\u00f2nia.<\/span><\/p>\n<\/div>\n<\/div>\n<\/div>\n<\/div>\n<\/div>\n<\/div>\n<p><img fetchpriority=\"high\" decoding=\"async\" class=\"alignnone wp-image-24437 size-full\" src=\"https:\/\/esment.org\/blogs\/wp-content\/uploads\/2024\/09\/7d0716c2-2597-468a-a9e6-4e32443efe2d.jpg\" alt=\"\" width=\"1600\" height=\"1200\" srcset=\"https:\/\/esment.org\/blogs\/wp-content\/uploads\/2024\/09\/7d0716c2-2597-468a-a9e6-4e32443efe2d.jpg 1600w, https:\/\/esment.org\/blogs\/wp-content\/uploads\/2024\/09\/7d0716c2-2597-468a-a9e6-4e32443efe2d-300x225.jpg 300w, https:\/\/esment.org\/blogs\/wp-content\/uploads\/2024\/09\/7d0716c2-2597-468a-a9e6-4e32443efe2d-1024x768.jpg 1024w, https:\/\/esment.org\/blogs\/wp-content\/uploads\/2024\/09\/7d0716c2-2597-468a-a9e6-4e32443efe2d-768x576.jpg 768w, https:\/\/esment.org\/blogs\/wp-content\/uploads\/2024\/09\/7d0716c2-2597-468a-a9e6-4e32443efe2d-1536x1152.jpg 1536w\" sizes=\"(max-width: 1600px) 100vw, 1600px\" \/>\u00a0<img decoding=\"async\" class=\"alignnone wp-image-24448 size-full\" src=\"https:\/\/esment.org\/blogs\/wp-content\/uploads\/2024\/09\/a014c7e1-3b52-48ac-ac52-894d3ad73be1.jpg\" alt=\"\" width=\"1600\" height=\"1200\" srcset=\"https:\/\/esment.org\/blogs\/wp-content\/uploads\/2024\/09\/a014c7e1-3b52-48ac-ac52-894d3ad73be1.jpg 1600w, https:\/\/esment.org\/blogs\/wp-content\/uploads\/2024\/09\/a014c7e1-3b52-48ac-ac52-894d3ad73be1-300x225.jpg 300w, https:\/\/esment.org\/blogs\/wp-content\/uploads\/2024\/09\/a014c7e1-3b52-48ac-ac52-894d3ad73be1-1024x768.jpg 1024w, https:\/\/esment.org\/blogs\/wp-content\/uploads\/2024\/09\/a014c7e1-3b52-48ac-ac52-894d3ad73be1-768x576.jpg 768w, https:\/\/esment.org\/blogs\/wp-content\/uploads\/2024\/09\/a014c7e1-3b52-48ac-ac52-894d3ad73be1-1536x1152.jpg 1536w\" sizes=\"(max-width: 1600px) 100vw, 1600px\" \/>\u00a0 \u00a0 <img decoding=\"async\" class=\"alignnone wp-image-24446 size-full\" src=\"https:\/\/esment.org\/blogs\/wp-content\/uploads\/2024\/09\/722988a9-974f-4073-b77f-969894fb257e.jpg\" alt=\"\" width=\"1200\" height=\"1600\" srcset=\"https:\/\/esment.org\/blogs\/wp-content\/uploads\/2024\/09\/722988a9-974f-4073-b77f-969894fb257e.jpg 1200w, https:\/\/esment.org\/blogs\/wp-content\/uploads\/2024\/09\/722988a9-974f-4073-b77f-969894fb257e-225x300.jpg 225w, https:\/\/esment.org\/blogs\/wp-content\/uploads\/2024\/09\/722988a9-974f-4073-b77f-969894fb257e-768x1024.jpg 768w, https:\/\/esment.org\/blogs\/wp-content\/uploads\/2024\/09\/722988a9-974f-4073-b77f-969894fb257e-1152x1536.jpg 1152w\" sizes=\"(max-width: 1200px) 100vw, 1200px\" \/><\/p>\n<p><img loading=\"lazy\" decoding=\"async\" class=\"alignnone wp-image-24435 size-full\" src=\"https:\/\/esment.org\/blogs\/wp-content\/uploads\/2024\/09\/3c2d734c-abad-4b4d-b0b1-4c8930ec0fe5.jpg\" alt=\"\" width=\"1200\" height=\"1600\" srcset=\"https:\/\/esment.org\/blogs\/wp-content\/uploads\/2024\/09\/3c2d734c-abad-4b4d-b0b1-4c8930ec0fe5.jpg 1200w, https:\/\/esment.org\/blogs\/wp-content\/uploads\/2024\/09\/3c2d734c-abad-4b4d-b0b1-4c8930ec0fe5-225x300.jpg 225w, https:\/\/esment.org\/blogs\/wp-content\/uploads\/2024\/09\/3c2d734c-abad-4b4d-b0b1-4c8930ec0fe5-768x1024.jpg 768w, https:\/\/esment.org\/blogs\/wp-content\/uploads\/2024\/09\/3c2d734c-abad-4b4d-b0b1-4c8930ec0fe5-1152x1536.jpg 1152w\" sizes=\"(max-width: 1200px) 100vw, 1200px\" \/><\/p>\n<p><img loading=\"lazy\" decoding=\"async\" class=\"alignnone wp-image-24442 size-full\" src=\"https:\/\/esment.org\/blogs\/wp-content\/uploads\/2024\/09\/095b9564-0e0d-4d01-8b51-00474b0807df.jpg\" alt=\"\" width=\"1200\" height=\"1600\" srcset=\"https:\/\/esment.org\/blogs\/wp-content\/uploads\/2024\/09\/095b9564-0e0d-4d01-8b51-00474b0807df.jpg 1200w, https:\/\/esment.org\/blogs\/wp-content\/uploads\/2024\/09\/095b9564-0e0d-4d01-8b51-00474b0807df-225x300.jpg 225w, https:\/\/esment.org\/blogs\/wp-content\/uploads\/2024\/09\/095b9564-0e0d-4d01-8b51-00474b0807df-768x1024.jpg 768w, https:\/\/esment.org\/blogs\/wp-content\/uploads\/2024\/09\/095b9564-0e0d-4d01-8b51-00474b0807df-1152x1536.jpg 1152w\" sizes=\"(max-width: 1200px) 100vw, 1200px\" \/> \u00a0<img loading=\"lazy\" decoding=\"async\" class=\"alignnone wp-image-24449 size-full\" src=\"https:\/\/esment.org\/blogs\/wp-content\/uploads\/2024\/09\/b94d023c-ae2f-4a0f-aaae-c7e626dba2a1.jpg\" alt=\"\" width=\"1200\" height=\"1600\" srcset=\"https:\/\/esment.org\/blogs\/wp-content\/uploads\/2024\/09\/b94d023c-ae2f-4a0f-aaae-c7e626dba2a1.jpg 1200w, https:\/\/esment.org\/blogs\/wp-content\/uploads\/2024\/09\/b94d023c-ae2f-4a0f-aaae-c7e626dba2a1-225x300.jpg 225w, https:\/\/esment.org\/blogs\/wp-content\/uploads\/2024\/09\/b94d023c-ae2f-4a0f-aaae-c7e626dba2a1-768x1024.jpg 768w, https:\/\/esment.org\/blogs\/wp-content\/uploads\/2024\/09\/b94d023c-ae2f-4a0f-aaae-c7e626dba2a1-1152x1536.jpg 1152w\" sizes=\"(max-width: 1200px) 100vw, 1200px\" \/><\/p>\n<p><img loading=\"lazy\" decoding=\"async\" class=\"alignnone wp-image-24439 size-full\" src=\"https:\/\/esment.org\/blogs\/wp-content\/uploads\/2024\/09\/9c267a63-68b8-4d72-a34b-9d774fcec799.jpg\" alt=\"\" width=\"1536\" height=\"2048\" srcset=\"https:\/\/esment.org\/blogs\/wp-content\/uploads\/2024\/09\/9c267a63-68b8-4d72-a34b-9d774fcec799.jpg 1536w, https:\/\/esment.org\/blogs\/wp-content\/uploads\/2024\/09\/9c267a63-68b8-4d72-a34b-9d774fcec799-225x300.jpg 225w, https:\/\/esment.org\/blogs\/wp-content\/uploads\/2024\/09\/9c267a63-68b8-4d72-a34b-9d774fcec799-768x1024.jpg 768w, https:\/\/esment.org\/blogs\/wp-content\/uploads\/2024\/09\/9c267a63-68b8-4d72-a34b-9d774fcec799-1152x1536.jpg 1152w\" sizes=\"(max-width: 1536px) 100vw, 1536px\" \/><\/p>\n<p>&nbsp;<\/p>\n<\/div>\n<\/div>\n<\/div>\n<\/div>\n","protected":false},"excerpt":{"rendered":"<p>El celler Gallinas &amp; Focas es troba aquests dies en plena activitat amb motiu de la verema d&#8217;enguany, un proc\u00e9s que es va iniciar a finals del mes d&#8217;agost. La primera varietat de ra\u00efm que es va recollir va ser la cabernet sauvignon i aquests dies \u00e9s el torn de la manto negro i la [&hellip;]<\/p>\n","protected":false},"author":5,"featured_media":24450,"comment_status":"open","ping_status":"closed","sticky":false,"template":"","format":"standard","meta":{"_acf_changed":false,"footnotes":""},"categories":[1],"tags":[218,2143,1947,1023,1570,1571],"class_list":["post-24433","post","type-post","status-publish","format-standard","has-post-thumbnail","hentry","category-sin-categoria","tag-4-kilos","tag-celler-gallinas-focas","tag-raim","tag-sa-cussa-antonia","tag-verema","tag-vi"],"acf":[],"yoast_head":"<!-- This site is optimized with the Yoast SEO plugin v26.4 - https:\/\/yoast.com\/wordpress\/plugins\/seo\/ -->\n<title>Temps de verema al celler Gallinas &amp; Focas - Blog Comunidad Esment<\/title>\n<meta name=\"robots\" content=\"index, follow, max-snippet:-1, max-image-preview:large, max-video-preview:-1\" \/>\n<link rel=\"canonical\" href=\"https:\/\/esment.org\/blogs\/temps-de-verema-al-celler-gallinas-focas\/\" \/>\n<meta property=\"og:locale\" content=\"es_ES\" \/>\n<meta property=\"og:type\" content=\"article\" \/>\n<meta property=\"og:title\" content=\"Temps de verema al celler Gallinas &amp; Focas - Blog Comunidad Esment\" \/>\n<meta property=\"og:description\" content=\"El celler Gallinas &amp; Focas es troba aquests dies en plena activitat amb motiu de la verema d&#8217;enguany, un proc\u00e9s que es va iniciar a finals del mes d&#8217;agost. La primera varietat de ra\u00efm que es va recollir va ser la cabernet sauvignon i aquests dies \u00e9s el torn de la manto negro i la [&hellip;]\" \/>\n<meta property=\"og:url\" content=\"https:\/\/esment.org\/blogs\/temps-de-verema-al-celler-gallinas-focas\/\" \/>\n<meta property=\"og:site_name\" content=\"Blog Comunidad Esment\" \/>\n<meta property=\"article:published_time\" content=\"2024-09-09T12:41:51+00:00\" \/>\n<meta property=\"article:modified_time\" content=\"2024-09-11T12:40:34+00:00\" \/>\n<meta property=\"og:image\" content=\"https:\/\/esment.org\/blogs\/wp-content\/uploads\/2024\/09\/a014c7e1-3b52-48ac-ac52-894d3ad73be1-1.jpg\" \/>\n\t<meta property=\"og:image:width\" content=\"1600\" \/>\n\t<meta property=\"og:image:height\" content=\"1200\" \/>\n\t<meta property=\"og:image:type\" content=\"image\/jpeg\" \/>\n<meta name=\"author\" content=\"Yolanda Tarramera\" \/>\n<meta name=\"twitter:card\" content=\"summary_large_image\" \/>\n<meta name=\"twitter:label1\" content=\"Escrito por\" \/>\n\t<meta name=\"twitter:data1\" content=\"Yolanda Tarramera\" \/>\n\t<meta name=\"twitter:label2\" content=\"Tiempo de lectura\" \/>\n\t<meta name=\"twitter:data2\" content=\"3 minutos\" \/>\n<script type=\"application\/ld+json\" class=\"yoast-schema-graph\">{\"@context\":\"https:\/\/schema.org\",\"@graph\":[{\"@type\":\"Article\",\"@id\":\"https:\/\/esment.org\/blogs\/temps-de-verema-al-celler-gallinas-focas\/#article\",\"isPartOf\":{\"@id\":\"https:\/\/esment.org\/blogs\/temps-de-verema-al-celler-gallinas-focas\/\"},\"author\":{\"name\":\"Yolanda Tarramera\",\"@id\":\"https:\/\/esment.org\/blogs\/#\/schema\/person\/d2af4a49059695d7ca3491e0498d6b36\"},\"headline\":\"Temps de verema al celler Gallinas &#038; Focas\",\"datePublished\":\"2024-09-09T12:41:51+00:00\",\"dateModified\":\"2024-09-11T12:40:34+00:00\",\"mainEntityOfPage\":{\"@id\":\"https:\/\/esment.org\/blogs\/temps-de-verema-al-celler-gallinas-focas\/\"},\"wordCount\":196,\"commentCount\":0,\"publisher\":{\"@id\":\"https:\/\/esment.org\/blogs\/#organization\"},\"image\":{\"@id\":\"https:\/\/esment.org\/blogs\/temps-de-verema-al-celler-gallinas-focas\/#primaryimage\"},\"thumbnailUrl\":\"https:\/\/esment.org\/blogs\/wp-content\/uploads\/2024\/09\/a014c7e1-3b52-48ac-ac52-894d3ad73be1-1.jpg\",\"keywords\":[\"4 Kilos\",\"celler Gallinas &amp; Focas\",\"ra\u00efm\",\"Sa Cussa Ant\u00f2nia\",\"verema\",\"vi\"],\"inLanguage\":\"es\",\"potentialAction\":[{\"@type\":\"CommentAction\",\"name\":\"Comment\",\"target\":[\"https:\/\/esment.org\/blogs\/temps-de-verema-al-celler-gallinas-focas\/#respond\"]}]},{\"@type\":\"WebPage\",\"@id\":\"https:\/\/esment.org\/blogs\/temps-de-verema-al-celler-gallinas-focas\/\",\"url\":\"https:\/\/esment.org\/blogs\/temps-de-verema-al-celler-gallinas-focas\/\",\"name\":\"Temps de verema al celler Gallinas & Focas - Blog Comunidad Esment\",\"isPartOf\":{\"@id\":\"https:\/\/esment.org\/blogs\/#website\"},\"primaryImageOfPage\":{\"@id\":\"https:\/\/esment.org\/blogs\/temps-de-verema-al-celler-gallinas-focas\/#primaryimage\"},\"image\":{\"@id\":\"https:\/\/esment.org\/blogs\/temps-de-verema-al-celler-gallinas-focas\/#primaryimage\"},\"thumbnailUrl\":\"https:\/\/esment.org\/blogs\/wp-content\/uploads\/2024\/09\/a014c7e1-3b52-48ac-ac52-894d3ad73be1-1.jpg\",\"datePublished\":\"2024-09-09T12:41:51+00:00\",\"dateModified\":\"2024-09-11T12:40:34+00:00\",\"breadcrumb\":{\"@id\":\"https:\/\/esment.org\/blogs\/temps-de-verema-al-celler-gallinas-focas\/#breadcrumb\"},\"inLanguage\":\"es\",\"potentialAction\":[{\"@type\":\"ReadAction\",\"target\":[\"https:\/\/esment.org\/blogs\/temps-de-verema-al-celler-gallinas-focas\/\"]}]},{\"@type\":\"ImageObject\",\"inLanguage\":\"es\",\"@id\":\"https:\/\/esment.org\/blogs\/temps-de-verema-al-celler-gallinas-focas\/#primaryimage\",\"url\":\"https:\/\/esment.org\/blogs\/wp-content\/uploads\/2024\/09\/a014c7e1-3b52-48ac-ac52-894d3ad73be1-1.jpg\",\"contentUrl\":\"https:\/\/esment.org\/blogs\/wp-content\/uploads\/2024\/09\/a014c7e1-3b52-48ac-ac52-894d3ad73be1-1.jpg\",\"width\":1600,\"height\":1200},{\"@type\":\"BreadcrumbList\",\"@id\":\"https:\/\/esment.org\/blogs\/temps-de-verema-al-celler-gallinas-focas\/#breadcrumb\",\"itemListElement\":[{\"@type\":\"ListItem\",\"position\":1,\"name\":\"Portada\",\"item\":\"https:\/\/esment.org\/blogs\/\"},{\"@type\":\"ListItem\",\"position\":2,\"name\":\"Temps de verema al celler Gallinas &#038; Focas\"}]},{\"@type\":\"WebSite\",\"@id\":\"https:\/\/esment.org\/blogs\/#website\",\"url\":\"https:\/\/esment.org\/blogs\/\",\"name\":\"Blog Comunidad Esment\",\"description\":\"Blogs de Esment\",\"publisher\":{\"@id\":\"https:\/\/esment.org\/blogs\/#organization\"},\"potentialAction\":[{\"@type\":\"SearchAction\",\"target\":{\"@type\":\"EntryPoint\",\"urlTemplate\":\"https:\/\/esment.org\/blogs\/?s={search_term_string}\"},\"query-input\":{\"@type\":\"PropertyValueSpecification\",\"valueRequired\":true,\"valueName\":\"search_term_string\"}}],\"inLanguage\":\"es\"},{\"@type\":\"Organization\",\"@id\":\"https:\/\/esment.org\/blogs\/#organization\",\"name\":\"Blog Comunidad Esment\",\"url\":\"https:\/\/esment.org\/blogs\/\",\"logo\":{\"@type\":\"ImageObject\",\"inLanguage\":\"es\",\"@id\":\"https:\/\/esment.org\/blogs\/#\/schema\/logo\/image\/\",\"url\":\"https:\/\/esment.org\/blogs\/wp-content\/uploads\/2020\/10\/logo-header.svg\",\"contentUrl\":\"https:\/\/esment.org\/blogs\/wp-content\/uploads\/2020\/10\/logo-header.svg\",\"caption\":\"Blog Comunidad Esment\"},\"image\":{\"@id\":\"https:\/\/esment.org\/blogs\/#\/schema\/logo\/image\/\"}},{\"@type\":\"Person\",\"@id\":\"https:\/\/esment.org\/blogs\/#\/schema\/person\/d2af4a49059695d7ca3491e0498d6b36\",\"name\":\"Yolanda Tarramera\",\"image\":{\"@type\":\"ImageObject\",\"inLanguage\":\"es\",\"@id\":\"https:\/\/esment.org\/blogs\/#\/schema\/person\/image\/\",\"url\":\"https:\/\/secure.gravatar.com\/avatar\/c93060ec77db68f5fefd782408bed5a5005bb0b119c5ece6cdbf5ad8631c6e5b?s=96&d=mm&r=g\",\"contentUrl\":\"https:\/\/secure.gravatar.com\/avatar\/c93060ec77db68f5fefd782408bed5a5005bb0b119c5ece6cdbf5ad8631c6e5b?s=96&d=mm&r=g\",\"caption\":\"Yolanda Tarramera\"},\"url\":\"https:\/\/esment.org\/blogs\/author\/yolanda-tarramera\/\"}]}<\/script>\n<!-- \/ Yoast SEO plugin. -->","yoast_head_json":{"title":"Temps de verema al celler Gallinas & Focas - Blog Comunidad Esment","robots":{"index":"index","follow":"follow","max-snippet":"max-snippet:-1","max-image-preview":"max-image-preview:large","max-video-preview":"max-video-preview:-1"},"canonical":"https:\/\/esment.org\/blogs\/temps-de-verema-al-celler-gallinas-focas\/","og_locale":"es_ES","og_type":"article","og_title":"Temps de verema al celler Gallinas & Focas - Blog Comunidad Esment","og_description":"El celler Gallinas &amp; Focas es troba aquests dies en plena activitat amb motiu de la verema d&#8217;enguany, un proc\u00e9s que es va iniciar a finals del mes d&#8217;agost. La primera varietat de ra\u00efm que es va recollir va ser la cabernet sauvignon i aquests dies \u00e9s el torn de la manto negro i la [&hellip;]","og_url":"https:\/\/esment.org\/blogs\/temps-de-verema-al-celler-gallinas-focas\/","og_site_name":"Blog Comunidad Esment","article_published_time":"2024-09-09T12:41:51+00:00","article_modified_time":"2024-09-11T12:40:34+00:00","og_image":[{"width":1600,"height":1200,"url":"https:\/\/esment.org\/blogs\/wp-content\/uploads\/2024\/09\/a014c7e1-3b52-48ac-ac52-894d3ad73be1-1.jpg","type":"image\/jpeg"}],"author":"Yolanda Tarramera","twitter_card":"summary_large_image","twitter_misc":{"Escrito por":"Yolanda Tarramera","Tiempo de lectura":"3 minutos"},"schema":{"@context":"https:\/\/schema.org","@graph":[{"@type":"Article","@id":"https:\/\/esment.org\/blogs\/temps-de-verema-al-celler-gallinas-focas\/#article","isPartOf":{"@id":"https:\/\/esment.org\/blogs\/temps-de-verema-al-celler-gallinas-focas\/"},"author":{"name":"Yolanda Tarramera","@id":"https:\/\/esment.org\/blogs\/#\/schema\/person\/d2af4a49059695d7ca3491e0498d6b36"},"headline":"Temps de verema al celler Gallinas &#038; Focas","datePublished":"2024-09-09T12:41:51+00:00","dateModified":"2024-09-11T12:40:34+00:00","mainEntityOfPage":{"@id":"https:\/\/esment.org\/blogs\/temps-de-verema-al-celler-gallinas-focas\/"},"wordCount":196,"commentCount":0,"publisher":{"@id":"https:\/\/esment.org\/blogs\/#organization"},"image":{"@id":"https:\/\/esment.org\/blogs\/temps-de-verema-al-celler-gallinas-focas\/#primaryimage"},"thumbnailUrl":"https:\/\/esment.org\/blogs\/wp-content\/uploads\/2024\/09\/a014c7e1-3b52-48ac-ac52-894d3ad73be1-1.jpg","keywords":["4 Kilos","celler Gallinas &amp; Focas","ra\u00efm","Sa Cussa Ant\u00f2nia","verema","vi"],"inLanguage":"es","potentialAction":[{"@type":"CommentAction","name":"Comment","target":["https:\/\/esment.org\/blogs\/temps-de-verema-al-celler-gallinas-focas\/#respond"]}]},{"@type":"WebPage","@id":"https:\/\/esment.org\/blogs\/temps-de-verema-al-celler-gallinas-focas\/","url":"https:\/\/esment.org\/blogs\/temps-de-verema-al-celler-gallinas-focas\/","name":"Temps de verema al celler Gallinas & Focas - Blog Comunidad Esment","isPartOf":{"@id":"https:\/\/esment.org\/blogs\/#website"},"primaryImageOfPage":{"@id":"https:\/\/esment.org\/blogs\/temps-de-verema-al-celler-gallinas-focas\/#primaryimage"},"image":{"@id":"https:\/\/esment.org\/blogs\/temps-de-verema-al-celler-gallinas-focas\/#primaryimage"},"thumbnailUrl":"https:\/\/esment.org\/blogs\/wp-content\/uploads\/2024\/09\/a014c7e1-3b52-48ac-ac52-894d3ad73be1-1.jpg","datePublished":"2024-09-09T12:41:51+00:00","dateModified":"2024-09-11T12:40:34+00:00","breadcrumb":{"@id":"https:\/\/esment.org\/blogs\/temps-de-verema-al-celler-gallinas-focas\/#breadcrumb"},"inLanguage":"es","potentialAction":[{"@type":"ReadAction","target":["https:\/\/esment.org\/blogs\/temps-de-verema-al-celler-gallinas-focas\/"]}]},{"@type":"ImageObject","inLanguage":"es","@id":"https:\/\/esment.org\/blogs\/temps-de-verema-al-celler-gallinas-focas\/#primaryimage","url":"https:\/\/esment.org\/blogs\/wp-content\/uploads\/2024\/09\/a014c7e1-3b52-48ac-ac52-894d3ad73be1-1.jpg","contentUrl":"https:\/\/esment.org\/blogs\/wp-content\/uploads\/2024\/09\/a014c7e1-3b52-48ac-ac52-894d3ad73be1-1.jpg","width":1600,"height":1200},{"@type":"BreadcrumbList","@id":"https:\/\/esment.org\/blogs\/temps-de-verema-al-celler-gallinas-focas\/#breadcrumb","itemListElement":[{"@type":"ListItem","position":1,"name":"Portada","item":"https:\/\/esment.org\/blogs\/"},{"@type":"ListItem","position":2,"name":"Temps de verema al celler Gallinas &#038; Focas"}]},{"@type":"WebSite","@id":"https:\/\/esment.org\/blogs\/#website","url":"https:\/\/esment.org\/blogs\/","name":"Blog Comunidad Esment","description":"Blogs de Esment","publisher":{"@id":"https:\/\/esment.org\/blogs\/#organization"},"potentialAction":[{"@type":"SearchAction","target":{"@type":"EntryPoint","urlTemplate":"https:\/\/esment.org\/blogs\/?s={search_term_string}"},"query-input":{"@type":"PropertyValueSpecification","valueRequired":true,"valueName":"search_term_string"}}],"inLanguage":"es"},{"@type":"Organization","@id":"https:\/\/esment.org\/blogs\/#organization","name":"Blog Comunidad Esment","url":"https:\/\/esment.org\/blogs\/","logo":{"@type":"ImageObject","inLanguage":"es","@id":"https:\/\/esment.org\/blogs\/#\/schema\/logo\/image\/","url":"https:\/\/esment.org\/blogs\/wp-content\/uploads\/2020\/10\/logo-header.svg","contentUrl":"https:\/\/esment.org\/blogs\/wp-content\/uploads\/2020\/10\/logo-header.svg","caption":"Blog Comunidad Esment"},"image":{"@id":"https:\/\/esment.org\/blogs\/#\/schema\/logo\/image\/"}},{"@type":"Person","@id":"https:\/\/esment.org\/blogs\/#\/schema\/person\/d2af4a49059695d7ca3491e0498d6b36","name":"Yolanda Tarramera","image":{"@type":"ImageObject","inLanguage":"es","@id":"https:\/\/esment.org\/blogs\/#\/schema\/person\/image\/","url":"https:\/\/secure.gravatar.com\/avatar\/c93060ec77db68f5fefd782408bed5a5005bb0b119c5ece6cdbf5ad8631c6e5b?s=96&d=mm&r=g","contentUrl":"https:\/\/secure.gravatar.com\/avatar\/c93060ec77db68f5fefd782408bed5a5005bb0b119c5ece6cdbf5ad8631c6e5b?s=96&d=mm&r=g","caption":"Yolanda Tarramera"},"url":"https:\/\/esment.org\/blogs\/author\/yolanda-tarramera\/"}]}},"_links":{"self":[{"href":"https:\/\/esment.org\/blogs\/wp-json\/wp\/v2\/posts\/24433","targetHints":{"allow":["GET"]}}],"collection":[{"href":"https:\/\/esment.org\/blogs\/wp-json\/wp\/v2\/posts"}],"about":[{"href":"https:\/\/esment.org\/blogs\/wp-json\/wp\/v2\/types\/post"}],"author":[{"embeddable":true,"href":"https:\/\/esment.org\/blogs\/wp-json\/wp\/v2\/users\/5"}],"replies":[{"embeddable":true,"href":"https:\/\/esment.org\/blogs\/wp-json\/wp\/v2\/comments?post=24433"}],"version-history":[{"count":4,"href":"https:\/\/esment.org\/blogs\/wp-json\/wp\/v2\/posts\/24433\/revisions"}],"predecessor-version":[{"id":24499,"href":"https:\/\/esment.org\/blogs\/wp-json\/wp\/v2\/posts\/24433\/revisions\/24499"}],"wp:featuredmedia":[{"embeddable":true,"href":"https:\/\/esment.org\/blogs\/wp-json\/wp\/v2\/media\/24450"}],"wp:attachment":[{"href":"https:\/\/esment.org\/blogs\/wp-json\/wp\/v2\/media?parent=24433"}],"wp:term":[{"taxonomy":"category","embeddable":true,"href":"https:\/\/esment.org\/blogs\/wp-json\/wp\/v2\/categories?post=24433"},{"taxonomy":"post_tag","embeddable":true,"href":"https:\/\/esment.org\/blogs\/wp-json\/wp\/v2\/tags?post=24433"}],"curies":[{"name":"wp","href":"https:\/\/api.w.org\/{rel}","templated":true}]}}