{"id":24399,"date":"2024-08-19T09:15:24","date_gmt":"2024-08-19T09:15:24","guid":{"rendered":"https:\/\/esment.org\/blogs\/?p=24399"},"modified":"2024-08-21T09:28:45","modified_gmt":"2024-08-21T09:28:45","slug":"publicacion-del-balance-2023-y-renovacion-del-sello-ong-acreditada","status":"publish","type":"post","link":"https:\/\/esment.org\/blogs\/publicacion-del-balance-2023-y-renovacion-del-sello-ong-acreditada\/","title":{"rendered":"Publicaci\u00f3n del Balance 2023 y renovaci\u00f3n del sello ONG Acreditada"},"content":{"rendered":"<p>Ya se puede consultar a trav\u00e9s de nuestra\u00a0<strong><a href=\"https:\/\/transparencia.esment.org\/es\/balance\/\">web de Transparencia<\/a>\u00a0<\/strong>el Balance anual 2023. Una memoria que recoge, entre otros datos, la propuesta de valor de cada \u00e1rea y actividad que llevamos a cabo, as\u00ed como la valoraci\u00f3n de los resultados obtenidos.<\/p>\n<p style=\"text-align: left;\">A modo de resumen, podemos decir que durante el 2023 seguimos un ritmo estable en la incorporaci\u00f3n de personas a nuestros servicios, salvo en infancia, donde hemos tenido un aumento notable de incorporaciones, gracias a la firma del convenio con el Govern balear para el concierto del Servicio de Promoci\u00f3n de la Autonom\u00eda Infantil. Tambi\u00e9n hemos seguido consolidando la relaci\u00f3n de confianza con la Administraci\u00f3n P\u00fablica con la firma del concierto de los servicios de orientaci\u00f3n para facilitar la inserci\u00f3n sociolaboral de las personas. Este acuerdo dota de mayor estabilidad una actividad clave para los j\u00f3venes que atendemos y para los profesionales que los acompa\u00f1an.<\/p>\n<p style=\"text-align: left;\">Esment Escola Professional ha seguido sumando aprendices en la metodolog\u00eda de Formaci\u00f3n Dual y ha aumentado su oferta con cursos de Inform\u00e1tica, Agricultura Sostenible y Sociosanitario. \u00c9ste tambi\u00e9n ha sido el a\u00f1o del impulso de Esment Inca como centro formativo de referencia en la comarca del Raiguer.<\/p>\n<p style=\"text-align: left;\">Los servicios de d\u00eda han seguido dise\u00f1ando actividades orientadas a la comunidad. Un ejemplo de ello son los proyectos \u201cC\u00f3mo quiero que me trates\u201d, donde un grupo de personas con necesidades de apoyo forman a profesionales del \u00e1mbito sanitario en el buen trato y atenci\u00f3n a las personas, o el \u00abTaller de Arte\u00bb, una iniciativa que favorece la expresi\u00f3n art\u00edstica de las personas y favorece la colaboraci\u00f3n con museos y mercados municipales para sus montajes art\u00edsticos.<\/p>\n<p>Las actividades comerciales han seguido innovando y trabajando para recuperar y mejorar sus ventas. Imprenta, por ejemplo, ha aumentado un 10% el n\u00famero de pedidos y la actividad de obrador o el taller agroalimentario han incrementado la cartera de empresas colaboradoras. Todas las actividades y servicios de Esment han consolidado su compromiso con la sostenibilidad y han incorporado medidas que lo corroboran.<br \/>\nPor su parte, Casa Esment ha continuado con una programaci\u00f3n estable de eventos y jornadas. Destacan la I Jornada de Innovaci\u00f3n Social, que reuni\u00f3 a cerca de cincuenta entidades de la mayor\u00eda de las comunidades aut\u00f3nomas espa\u00f1olas y la jornada \u201c\u00bfCu\u00e1l es tu huella?\u201d, que convoc\u00f3 a un grupo de empresarios de distintos \u00e1mbitos.<\/p>\n<p style=\"text-align: left;\">Ese a\u00f1o recibimos el Premio a la Innovaci\u00f3n Social 2023 para Esment Escola Professional y su modelo formativo y el premio de arquitectura como mejor promotor, del Colegio Oficial de Arquitectos de les Illes Balears.<\/p>\n<p style=\"text-align: left;\">Todo ello nos ha permitido renovar el sello ONG Acreditada que otorga la Fundaci\u00f3n Lealtad, un reconocimiento por cumplir \u00edntegramente los 9 Principios de Transparencia y Buenas Pr\u00e1cticas de gesti\u00f3n.<\/p>\n<p style=\"text-align: left;\">Como siempre, seguimos trabajando para que las personas puedan disfrutar de una buena vida y contribuyan a una sociedad diversa, inclusiva y basada en derechos.<\/p>\n<p><img decoding=\"async\" class=\"alignnone size-medium wp-image-24415\" src=\"https:\/\/esment.org\/blogs\/wp-content\/uploads\/2024\/08\/fl-sello-300x131.webp\" alt=\"\" width=\"300\" height=\"131\" srcset=\"https:\/\/esment.org\/blogs\/wp-content\/uploads\/2024\/08\/fl-sello-300x131.webp 300w, https:\/\/esment.org\/blogs\/wp-content\/uploads\/2024\/08\/fl-sello-1024x447.webp 1024w, https:\/\/esment.org\/blogs\/wp-content\/uploads\/2024\/08\/fl-sello-768x335.webp 768w, https:\/\/esment.org\/blogs\/wp-content\/uploads\/2024\/08\/fl-sello.webp 1200w\" sizes=\"(max-width: 300px) 100vw, 300px\" \/><\/p>\n","protected":false},"excerpt":{"rendered":"<p>Ya se puede consultar a trav\u00e9s de nuestra\u00a0web de Transparencia\u00a0el Balance anual 2023. Una memoria que recoge, entre otros datos, la propuesta de valor de cada \u00e1rea y actividad que llevamos a cabo, as\u00ed como la valoraci\u00f3n de los resultados obtenidos. A modo de resumen, podemos decir que durante el 2023 seguimos un ritmo estable [&hellip;]<\/p>\n","protected":false},"author":5,"featured_media":24400,"comment_status":"open","ping_status":"closed","sticky":false,"template":"","format":"standard","meta":{"_acf_changed":false,"footnotes":""},"categories":[1],"tags":[1579,1898,1578,2138],"class_list":["post-24399","post","type-post","status-publish","format-standard","has-post-thumbnail","hentry","category-sin-categoria","tag-acreditacion","tag-balance","tag-fundacion-lealtad","tag-sello-ong-acreditada"],"acf":[],"yoast_head":"<!-- This site is optimized with the Yoast SEO plugin v26.4 - https:\/\/yoast.com\/wordpress\/plugins\/seo\/ -->\n<title>Publicaci\u00f3n del Balance 2023 y renovaci\u00f3n del sello ONG Acreditada - Blog Comunidad Esment<\/title>\n<meta name=\"robots\" content=\"index, follow, max-snippet:-1, max-image-preview:large, max-video-preview:-1\" \/>\n<link rel=\"canonical\" href=\"https:\/\/esment.org\/blogs\/publicacion-del-balance-2023-y-renovacion-del-sello-ong-acreditada\/\" \/>\n<meta property=\"og:locale\" content=\"es_ES\" \/>\n<meta property=\"og:type\" content=\"article\" \/>\n<meta property=\"og:title\" content=\"Publicaci\u00f3n del Balance 2023 y renovaci\u00f3n del sello ONG Acreditada - Blog Comunidad Esment\" \/>\n<meta property=\"og:description\" content=\"Ya se puede consultar a trav\u00e9s de nuestra\u00a0web de Transparencia\u00a0el Balance anual 2023. Una memoria que recoge, entre otros datos, la propuesta de valor de cada \u00e1rea y actividad que llevamos a cabo, as\u00ed como la valoraci\u00f3n de los resultados obtenidos. A modo de resumen, podemos decir que durante el 2023 seguimos un ritmo estable [&hellip;]\" \/>\n<meta property=\"og:url\" content=\"https:\/\/esment.org\/blogs\/publicacion-del-balance-2023-y-renovacion-del-sello-ong-acreditada\/\" \/>\n<meta property=\"og:site_name\" content=\"Blog Comunidad Esment\" \/>\n<meta property=\"article:published_time\" content=\"2024-08-19T09:15:24+00:00\" \/>\n<meta property=\"article:modified_time\" content=\"2024-08-21T09:28:45+00:00\" \/>\n<meta property=\"og:image\" content=\"https:\/\/esment.org\/blogs\/wp-content\/uploads\/2024\/08\/balance.jpg\" \/>\n\t<meta property=\"og:image:width\" content=\"2033\" \/>\n\t<meta property=\"og:image:height\" content=\"1191\" \/>\n\t<meta property=\"og:image:type\" content=\"image\/jpeg\" \/>\n<meta name=\"author\" content=\"Yolanda Tarramera\" \/>\n<meta name=\"twitter:card\" content=\"summary_large_image\" \/>\n<meta name=\"twitter:label1\" content=\"Escrito por\" \/>\n\t<meta name=\"twitter:data1\" content=\"Yolanda Tarramera\" \/>\n\t<meta name=\"twitter:label2\" content=\"Tiempo de lectura\" \/>\n\t<meta name=\"twitter:data2\" content=\"3 minutos\" \/>\n<script type=\"application\/ld+json\" class=\"yoast-schema-graph\">{\"@context\":\"https:\/\/schema.org\",\"@graph\":[{\"@type\":\"Article\",\"@id\":\"https:\/\/esment.org\/blogs\/publicacion-del-balance-2023-y-renovacion-del-sello-ong-acreditada\/#article\",\"isPartOf\":{\"@id\":\"https:\/\/esment.org\/blogs\/publicacion-del-balance-2023-y-renovacion-del-sello-ong-acreditada\/\"},\"author\":{\"name\":\"Yolanda Tarramera\",\"@id\":\"https:\/\/esment.org\/blogs\/#\/schema\/person\/d2af4a49059695d7ca3491e0498d6b36\"},\"headline\":\"Publicaci\u00f3n del Balance 2023 y renovaci\u00f3n del sello ONG Acreditada\",\"datePublished\":\"2024-08-19T09:15:24+00:00\",\"dateModified\":\"2024-08-21T09:28:45+00:00\",\"mainEntityOfPage\":{\"@id\":\"https:\/\/esment.org\/blogs\/publicacion-del-balance-2023-y-renovacion-del-sello-ong-acreditada\/\"},\"wordCount\":521,\"commentCount\":0,\"publisher\":{\"@id\":\"https:\/\/esment.org\/blogs\/#organization\"},\"image\":{\"@id\":\"https:\/\/esment.org\/blogs\/publicacion-del-balance-2023-y-renovacion-del-sello-ong-acreditada\/#primaryimage\"},\"thumbnailUrl\":\"https:\/\/esment.org\/blogs\/wp-content\/uploads\/2024\/08\/balance.jpg\",\"keywords\":[\"acreditaci\u00f3n\",\"balance\",\"fundaci\u00f3n lealtad\",\"sello ONG acreditada\"],\"inLanguage\":\"es\",\"potentialAction\":[{\"@type\":\"CommentAction\",\"name\":\"Comment\",\"target\":[\"https:\/\/esment.org\/blogs\/publicacion-del-balance-2023-y-renovacion-del-sello-ong-acreditada\/#respond\"]}]},{\"@type\":\"WebPage\",\"@id\":\"https:\/\/esment.org\/blogs\/publicacion-del-balance-2023-y-renovacion-del-sello-ong-acreditada\/\",\"url\":\"https:\/\/esment.org\/blogs\/publicacion-del-balance-2023-y-renovacion-del-sello-ong-acreditada\/\",\"name\":\"Publicaci\u00f3n del Balance 2023 y renovaci\u00f3n del sello ONG Acreditada - Blog Comunidad Esment\",\"isPartOf\":{\"@id\":\"https:\/\/esment.org\/blogs\/#website\"},\"primaryImageOfPage\":{\"@id\":\"https:\/\/esment.org\/blogs\/publicacion-del-balance-2023-y-renovacion-del-sello-ong-acreditada\/#primaryimage\"},\"image\":{\"@id\":\"https:\/\/esment.org\/blogs\/publicacion-del-balance-2023-y-renovacion-del-sello-ong-acreditada\/#primaryimage\"},\"thumbnailUrl\":\"https:\/\/esment.org\/blogs\/wp-content\/uploads\/2024\/08\/balance.jpg\",\"datePublished\":\"2024-08-19T09:15:24+00:00\",\"dateModified\":\"2024-08-21T09:28:45+00:00\",\"breadcrumb\":{\"@id\":\"https:\/\/esment.org\/blogs\/publicacion-del-balance-2023-y-renovacion-del-sello-ong-acreditada\/#breadcrumb\"},\"inLanguage\":\"es\",\"potentialAction\":[{\"@type\":\"ReadAction\",\"target\":[\"https:\/\/esment.org\/blogs\/publicacion-del-balance-2023-y-renovacion-del-sello-ong-acreditada\/\"]}]},{\"@type\":\"ImageObject\",\"inLanguage\":\"es\",\"@id\":\"https:\/\/esment.org\/blogs\/publicacion-del-balance-2023-y-renovacion-del-sello-ong-acreditada\/#primaryimage\",\"url\":\"https:\/\/esment.org\/blogs\/wp-content\/uploads\/2024\/08\/balance.jpg\",\"contentUrl\":\"https:\/\/esment.org\/blogs\/wp-content\/uploads\/2024\/08\/balance.jpg\",\"width\":2033,\"height\":1191},{\"@type\":\"BreadcrumbList\",\"@id\":\"https:\/\/esment.org\/blogs\/publicacion-del-balance-2023-y-renovacion-del-sello-ong-acreditada\/#breadcrumb\",\"itemListElement\":[{\"@type\":\"ListItem\",\"position\":1,\"name\":\"Portada\",\"item\":\"https:\/\/esment.org\/blogs\/\"},{\"@type\":\"ListItem\",\"position\":2,\"name\":\"Publicaci\u00f3n del Balance 2023 y renovaci\u00f3n del sello ONG Acreditada\"}]},{\"@type\":\"WebSite\",\"@id\":\"https:\/\/esment.org\/blogs\/#website\",\"url\":\"https:\/\/esment.org\/blogs\/\",\"name\":\"Blog Comunidad Esment\",\"description\":\"Blogs de Esment\",\"publisher\":{\"@id\":\"https:\/\/esment.org\/blogs\/#organization\"},\"potentialAction\":[{\"@type\":\"SearchAction\",\"target\":{\"@type\":\"EntryPoint\",\"urlTemplate\":\"https:\/\/esment.org\/blogs\/?s={search_term_string}\"},\"query-input\":{\"@type\":\"PropertyValueSpecification\",\"valueRequired\":true,\"valueName\":\"search_term_string\"}}],\"inLanguage\":\"es\"},{\"@type\":\"Organization\",\"@id\":\"https:\/\/esment.org\/blogs\/#organization\",\"name\":\"Blog Comunidad Esment\",\"url\":\"https:\/\/esment.org\/blogs\/\",\"logo\":{\"@type\":\"ImageObject\",\"inLanguage\":\"es\",\"@id\":\"https:\/\/esment.org\/blogs\/#\/schema\/logo\/image\/\",\"url\":\"https:\/\/esment.org\/blogs\/wp-content\/uploads\/2020\/10\/logo-header.svg\",\"contentUrl\":\"https:\/\/esment.org\/blogs\/wp-content\/uploads\/2020\/10\/logo-header.svg\",\"caption\":\"Blog Comunidad Esment\"},\"image\":{\"@id\":\"https:\/\/esment.org\/blogs\/#\/schema\/logo\/image\/\"}},{\"@type\":\"Person\",\"@id\":\"https:\/\/esment.org\/blogs\/#\/schema\/person\/d2af4a49059695d7ca3491e0498d6b36\",\"name\":\"Yolanda Tarramera\",\"image\":{\"@type\":\"ImageObject\",\"inLanguage\":\"es\",\"@id\":\"https:\/\/esment.org\/blogs\/#\/schema\/person\/image\/\",\"url\":\"https:\/\/secure.gravatar.com\/avatar\/c93060ec77db68f5fefd782408bed5a5005bb0b119c5ece6cdbf5ad8631c6e5b?s=96&d=mm&r=g\",\"contentUrl\":\"https:\/\/secure.gravatar.com\/avatar\/c93060ec77db68f5fefd782408bed5a5005bb0b119c5ece6cdbf5ad8631c6e5b?s=96&d=mm&r=g\",\"caption\":\"Yolanda Tarramera\"},\"url\":\"https:\/\/esment.org\/blogs\/author\/yolanda-tarramera\/\"}]}<\/script>\n<!-- \/ Yoast SEO plugin. -->","yoast_head_json":{"title":"Publicaci\u00f3n del Balance 2023 y renovaci\u00f3n del sello ONG Acreditada - Blog Comunidad Esment","robots":{"index":"index","follow":"follow","max-snippet":"max-snippet:-1","max-image-preview":"max-image-preview:large","max-video-preview":"max-video-preview:-1"},"canonical":"https:\/\/esment.org\/blogs\/publicacion-del-balance-2023-y-renovacion-del-sello-ong-acreditada\/","og_locale":"es_ES","og_type":"article","og_title":"Publicaci\u00f3n del Balance 2023 y renovaci\u00f3n del sello ONG Acreditada - Blog Comunidad Esment","og_description":"Ya se puede consultar a trav\u00e9s de nuestra\u00a0web de Transparencia\u00a0el Balance anual 2023. Una memoria que recoge, entre otros datos, la propuesta de valor de cada \u00e1rea y actividad que llevamos a cabo, as\u00ed como la valoraci\u00f3n de los resultados obtenidos. A modo de resumen, podemos decir que durante el 2023 seguimos un ritmo estable [&hellip;]","og_url":"https:\/\/esment.org\/blogs\/publicacion-del-balance-2023-y-renovacion-del-sello-ong-acreditada\/","og_site_name":"Blog Comunidad Esment","article_published_time":"2024-08-19T09:15:24+00:00","article_modified_time":"2024-08-21T09:28:45+00:00","og_image":[{"width":2033,"height":1191,"url":"https:\/\/esment.org\/blogs\/wp-content\/uploads\/2024\/08\/balance.jpg","type":"image\/jpeg"}],"author":"Yolanda Tarramera","twitter_card":"summary_large_image","twitter_misc":{"Escrito por":"Yolanda Tarramera","Tiempo de lectura":"3 minutos"},"schema":{"@context":"https:\/\/schema.org","@graph":[{"@type":"Article","@id":"https:\/\/esment.org\/blogs\/publicacion-del-balance-2023-y-renovacion-del-sello-ong-acreditada\/#article","isPartOf":{"@id":"https:\/\/esment.org\/blogs\/publicacion-del-balance-2023-y-renovacion-del-sello-ong-acreditada\/"},"author":{"name":"Yolanda Tarramera","@id":"https:\/\/esment.org\/blogs\/#\/schema\/person\/d2af4a49059695d7ca3491e0498d6b36"},"headline":"Publicaci\u00f3n del Balance 2023 y renovaci\u00f3n del sello ONG Acreditada","datePublished":"2024-08-19T09:15:24+00:00","dateModified":"2024-08-21T09:28:45+00:00","mainEntityOfPage":{"@id":"https:\/\/esment.org\/blogs\/publicacion-del-balance-2023-y-renovacion-del-sello-ong-acreditada\/"},"wordCount":521,"commentCount":0,"publisher":{"@id":"https:\/\/esment.org\/blogs\/#organization"},"image":{"@id":"https:\/\/esment.org\/blogs\/publicacion-del-balance-2023-y-renovacion-del-sello-ong-acreditada\/#primaryimage"},"thumbnailUrl":"https:\/\/esment.org\/blogs\/wp-content\/uploads\/2024\/08\/balance.jpg","keywords":["acreditaci\u00f3n","balance","fundaci\u00f3n lealtad","sello ONG acreditada"],"inLanguage":"es","potentialAction":[{"@type":"CommentAction","name":"Comment","target":["https:\/\/esment.org\/blogs\/publicacion-del-balance-2023-y-renovacion-del-sello-ong-acreditada\/#respond"]}]},{"@type":"WebPage","@id":"https:\/\/esment.org\/blogs\/publicacion-del-balance-2023-y-renovacion-del-sello-ong-acreditada\/","url":"https:\/\/esment.org\/blogs\/publicacion-del-balance-2023-y-renovacion-del-sello-ong-acreditada\/","name":"Publicaci\u00f3n del Balance 2023 y renovaci\u00f3n del sello ONG Acreditada - Blog Comunidad Esment","isPartOf":{"@id":"https:\/\/esment.org\/blogs\/#website"},"primaryImageOfPage":{"@id":"https:\/\/esment.org\/blogs\/publicacion-del-balance-2023-y-renovacion-del-sello-ong-acreditada\/#primaryimage"},"image":{"@id":"https:\/\/esment.org\/blogs\/publicacion-del-balance-2023-y-renovacion-del-sello-ong-acreditada\/#primaryimage"},"thumbnailUrl":"https:\/\/esment.org\/blogs\/wp-content\/uploads\/2024\/08\/balance.jpg","datePublished":"2024-08-19T09:15:24+00:00","dateModified":"2024-08-21T09:28:45+00:00","breadcrumb":{"@id":"https:\/\/esment.org\/blogs\/publicacion-del-balance-2023-y-renovacion-del-sello-ong-acreditada\/#breadcrumb"},"inLanguage":"es","potentialAction":[{"@type":"ReadAction","target":["https:\/\/esment.org\/blogs\/publicacion-del-balance-2023-y-renovacion-del-sello-ong-acreditada\/"]}]},{"@type":"ImageObject","inLanguage":"es","@id":"https:\/\/esment.org\/blogs\/publicacion-del-balance-2023-y-renovacion-del-sello-ong-acreditada\/#primaryimage","url":"https:\/\/esment.org\/blogs\/wp-content\/uploads\/2024\/08\/balance.jpg","contentUrl":"https:\/\/esment.org\/blogs\/wp-content\/uploads\/2024\/08\/balance.jpg","width":2033,"height":1191},{"@type":"BreadcrumbList","@id":"https:\/\/esment.org\/blogs\/publicacion-del-balance-2023-y-renovacion-del-sello-ong-acreditada\/#breadcrumb","itemListElement":[{"@type":"ListItem","position":1,"name":"Portada","item":"https:\/\/esment.org\/blogs\/"},{"@type":"ListItem","position":2,"name":"Publicaci\u00f3n del Balance 2023 y renovaci\u00f3n del sello ONG Acreditada"}]},{"@type":"WebSite","@id":"https:\/\/esment.org\/blogs\/#website","url":"https:\/\/esment.org\/blogs\/","name":"Blog Comunidad Esment","description":"Blogs de Esment","publisher":{"@id":"https:\/\/esment.org\/blogs\/#organization"},"potentialAction":[{"@type":"SearchAction","target":{"@type":"EntryPoint","urlTemplate":"https:\/\/esment.org\/blogs\/?s={search_term_string}"},"query-input":{"@type":"PropertyValueSpecification","valueRequired":true,"valueName":"search_term_string"}}],"inLanguage":"es"},{"@type":"Organization","@id":"https:\/\/esment.org\/blogs\/#organization","name":"Blog Comunidad Esment","url":"https:\/\/esment.org\/blogs\/","logo":{"@type":"ImageObject","inLanguage":"es","@id":"https:\/\/esment.org\/blogs\/#\/schema\/logo\/image\/","url":"https:\/\/esment.org\/blogs\/wp-content\/uploads\/2020\/10\/logo-header.svg","contentUrl":"https:\/\/esment.org\/blogs\/wp-content\/uploads\/2020\/10\/logo-header.svg","caption":"Blog Comunidad Esment"},"image":{"@id":"https:\/\/esment.org\/blogs\/#\/schema\/logo\/image\/"}},{"@type":"Person","@id":"https:\/\/esment.org\/blogs\/#\/schema\/person\/d2af4a49059695d7ca3491e0498d6b36","name":"Yolanda Tarramera","image":{"@type":"ImageObject","inLanguage":"es","@id":"https:\/\/esment.org\/blogs\/#\/schema\/person\/image\/","url":"https:\/\/secure.gravatar.com\/avatar\/c93060ec77db68f5fefd782408bed5a5005bb0b119c5ece6cdbf5ad8631c6e5b?s=96&d=mm&r=g","contentUrl":"https:\/\/secure.gravatar.com\/avatar\/c93060ec77db68f5fefd782408bed5a5005bb0b119c5ece6cdbf5ad8631c6e5b?s=96&d=mm&r=g","caption":"Yolanda Tarramera"},"url":"https:\/\/esment.org\/blogs\/author\/yolanda-tarramera\/"}]}},"_links":{"self":[{"href":"https:\/\/esment.org\/blogs\/wp-json\/wp\/v2\/posts\/24399","targetHints":{"allow":["GET"]}}],"collection":[{"href":"https:\/\/esment.org\/blogs\/wp-json\/wp\/v2\/posts"}],"about":[{"href":"https:\/\/esment.org\/blogs\/wp-json\/wp\/v2\/types\/post"}],"author":[{"embeddable":true,"href":"https:\/\/esment.org\/blogs\/wp-json\/wp\/v2\/users\/5"}],"replies":[{"embeddable":true,"href":"https:\/\/esment.org\/blogs\/wp-json\/wp\/v2\/comments?post=24399"}],"version-history":[{"count":6,"href":"https:\/\/esment.org\/blogs\/wp-json\/wp\/v2\/posts\/24399\/revisions"}],"predecessor-version":[{"id":24416,"href":"https:\/\/esment.org\/blogs\/wp-json\/wp\/v2\/posts\/24399\/revisions\/24416"}],"wp:featuredmedia":[{"embeddable":true,"href":"https:\/\/esment.org\/blogs\/wp-json\/wp\/v2\/media\/24400"}],"wp:attachment":[{"href":"https:\/\/esment.org\/blogs\/wp-json\/wp\/v2\/media?parent=24399"}],"wp:term":[{"taxonomy":"category","embeddable":true,"href":"https:\/\/esment.org\/blogs\/wp-json\/wp\/v2\/categories?post=24399"},{"taxonomy":"post_tag","embeddable":true,"href":"https:\/\/esment.org\/blogs\/wp-json\/wp\/v2\/tags?post=24399"}],"curies":[{"name":"wp","href":"https:\/\/api.w.org\/{rel}","templated":true}]}}