{"id":24190,"date":"2024-06-20T11:29:29","date_gmt":"2024-06-20T11:29:29","guid":{"rendered":"https:\/\/esment.org\/blogs\/?p=24190"},"modified":"2024-06-25T08:12:54","modified_gmt":"2024-06-25T08:12:54","slug":"el-equipo-del-taller-de-arte-pinta-un-mural-en-la-uib","status":"publish","type":"post","link":"https:\/\/esment.org\/blogs\/el-equipo-del-taller-de-arte-pinta-un-mural-en-la-uib\/","title":{"rendered":"El equipo del Taller de Arte pinta un mural en la UIB"},"content":{"rendered":"<p>El equipo del Taller de Arte de Esment ha ejecutado un nuevo proyecto art\u00edstico que, desde hoy, puede verse en la fachada del edificio de Fisioterapia del campus de la <a class=\"ft-link ft-link--decoration\" href=\"https:\/\/www.diariodemallorca.es\/tags\/uib\/\" data-mrf-link=\"https:\/\/www.diariodemallorca.es\/tags\/uib\/\">UIB. <\/a><\/p>\n<p>Se trata del mural que, junto a la artista local Carolina Ad\u00e1n, han realizado en una de las paredes y que les ha permitido desarrollar su creatividad e inquietudes art\u00edsticas vinculadas, en esta ocasi\u00f3n, a la salud y la sostenibilidad del planeta.\u00a0\u00a0No es el primer mural que los integrantes de este taller realizan, pero s\u00ed es el primero que crean al aire libre y con unas grandes dimensiones. \u00abSe lo han tomado como una actividad m\u00e1s de su d\u00eda a d\u00eda, una acci\u00f3n que les puede ser muy beneficiosa para ellos, ya que aporta valor a la comunidad, trabajan en equipo y\u00a0aprenden a aplicar t\u00e9cnicas\u00a0que conocen del taller\u00bb, explic\u00f3 ayer\u00a0M\u00f3nica Cuenca, responsable del Taller de Arte de Esment\u00a0en un par\u00e9ntesis de este proceso participativo.<\/p>\n<p>Por su parte, la artista que se ha encargado de orientar a los personas del taller y coordinar la acci\u00f3n pict\u00f3rica, Carolina Ad\u00e1n, ha mostrado su admiraci\u00f3n por el trabajo realizado con el equipo del Taller y ha destacado \u00abla predisposici\u00f3n y creatividad\u00bb que han demostrado en todo momento.<\/p>\n<p><img fetchpriority=\"high\" decoding=\"async\" class=\"alignnone wp-image-24199 size-full\" src=\"https:\/\/esment.org\/blogs\/wp-content\/uploads\/2024\/06\/DSCF0054-scaled.jpg\" alt=\"\" width=\"2560\" height=\"1707\" srcset=\"https:\/\/esment.org\/blogs\/wp-content\/uploads\/2024\/06\/DSCF0054-scaled.jpg 2560w, https:\/\/esment.org\/blogs\/wp-content\/uploads\/2024\/06\/DSCF0054-300x200.jpg 300w, https:\/\/esment.org\/blogs\/wp-content\/uploads\/2024\/06\/DSCF0054-1024x683.jpg 1024w, https:\/\/esment.org\/blogs\/wp-content\/uploads\/2024\/06\/DSCF0054-768x512.jpg 768w, https:\/\/esment.org\/blogs\/wp-content\/uploads\/2024\/06\/DSCF0054-1536x1024.jpg 1536w, https:\/\/esment.org\/blogs\/wp-content\/uploads\/2024\/06\/DSCF0054-2048x1365.jpg 2048w\" sizes=\"(max-width: 2560px) 100vw, 2560px\" \/>\u00a0\u00a0<img decoding=\"async\" class=\"alignnone wp-image-24197 size-full\" src=\"https:\/\/esment.org\/blogs\/wp-content\/uploads\/2024\/06\/DSCF0030-scaled.jpg\" alt=\"\" width=\"2560\" height=\"1707\" srcset=\"https:\/\/esment.org\/blogs\/wp-content\/uploads\/2024\/06\/DSCF0030-scaled.jpg 2560w, https:\/\/esment.org\/blogs\/wp-content\/uploads\/2024\/06\/DSCF0030-300x200.jpg 300w, https:\/\/esment.org\/blogs\/wp-content\/uploads\/2024\/06\/DSCF0030-1024x683.jpg 1024w, https:\/\/esment.org\/blogs\/wp-content\/uploads\/2024\/06\/DSCF0030-768x512.jpg 768w, https:\/\/esment.org\/blogs\/wp-content\/uploads\/2024\/06\/DSCF0030-1536x1024.jpg 1536w, https:\/\/esment.org\/blogs\/wp-content\/uploads\/2024\/06\/DSCF0030-2048x1365.jpg 2048w\" sizes=\"(max-width: 2560px) 100vw, 2560px\" \/><\/p>\n<p><img decoding=\"async\" class=\"alignnone wp-image-24196 size-full\" src=\"https:\/\/esment.org\/blogs\/wp-content\/uploads\/2024\/06\/DSCF0066-scaled.jpg\" alt=\"\" width=\"2560\" height=\"1707\" srcset=\"https:\/\/esment.org\/blogs\/wp-content\/uploads\/2024\/06\/DSCF0066-scaled.jpg 2560w, https:\/\/esment.org\/blogs\/wp-content\/uploads\/2024\/06\/DSCF0066-300x200.jpg 300w, https:\/\/esment.org\/blogs\/wp-content\/uploads\/2024\/06\/DSCF0066-1024x683.jpg 1024w, https:\/\/esment.org\/blogs\/wp-content\/uploads\/2024\/06\/DSCF0066-768x512.jpg 768w, https:\/\/esment.org\/blogs\/wp-content\/uploads\/2024\/06\/DSCF0066-1536x1024.jpg 1536w, https:\/\/esment.org\/blogs\/wp-content\/uploads\/2024\/06\/DSCF0066-2048x1365.jpg 2048w\" sizes=\"(max-width: 2560px) 100vw, 2560px\" \/> \u00a0<img loading=\"lazy\" decoding=\"async\" class=\"alignnone wp-image-24194 size-full\" src=\"https:\/\/esment.org\/blogs\/wp-content\/uploads\/2024\/06\/DSCF0107-scaled.jpg\" alt=\"\" width=\"2560\" height=\"1707\" srcset=\"https:\/\/esment.org\/blogs\/wp-content\/uploads\/2024\/06\/DSCF0107-scaled.jpg 2560w, https:\/\/esment.org\/blogs\/wp-content\/uploads\/2024\/06\/DSCF0107-300x200.jpg 300w, https:\/\/esment.org\/blogs\/wp-content\/uploads\/2024\/06\/DSCF0107-1024x683.jpg 1024w, https:\/\/esment.org\/blogs\/wp-content\/uploads\/2024\/06\/DSCF0107-768x512.jpg 768w, https:\/\/esment.org\/blogs\/wp-content\/uploads\/2024\/06\/DSCF0107-1536x1024.jpg 1536w, https:\/\/esment.org\/blogs\/wp-content\/uploads\/2024\/06\/DSCF0107-2048x1365.jpg 2048w\" sizes=\"(max-width: 2560px) 100vw, 2560px\" \/><\/p>\n<p><img loading=\"lazy\" decoding=\"async\" class=\"alignnone wp-image-24200 size-full\" src=\"https:\/\/esment.org\/blogs\/wp-content\/uploads\/2024\/06\/DSCF0014-scaled.jpg\" alt=\"\" width=\"2560\" height=\"1707\" srcset=\"https:\/\/esment.org\/blogs\/wp-content\/uploads\/2024\/06\/DSCF0014-scaled.jpg 2560w, https:\/\/esment.org\/blogs\/wp-content\/uploads\/2024\/06\/DSCF0014-300x200.jpg 300w, https:\/\/esment.org\/blogs\/wp-content\/uploads\/2024\/06\/DSCF0014-1024x683.jpg 1024w, https:\/\/esment.org\/blogs\/wp-content\/uploads\/2024\/06\/DSCF0014-768x512.jpg 768w, https:\/\/esment.org\/blogs\/wp-content\/uploads\/2024\/06\/DSCF0014-1536x1024.jpg 1536w, https:\/\/esment.org\/blogs\/wp-content\/uploads\/2024\/06\/DSCF0014-2048x1365.jpg 2048w\" sizes=\"(max-width: 2560px) 100vw, 2560px\" \/>\u00a0 <img loading=\"lazy\" decoding=\"async\" class=\"alignnone wp-image-24193 size-full\" src=\"https:\/\/esment.org\/blogs\/wp-content\/uploads\/2024\/06\/DSCF0138-scaled.jpg\" alt=\"\" width=\"2560\" height=\"1707\" srcset=\"https:\/\/esment.org\/blogs\/wp-content\/uploads\/2024\/06\/DSCF0138-scaled.jpg 2560w, https:\/\/esment.org\/blogs\/wp-content\/uploads\/2024\/06\/DSCF0138-300x200.jpg 300w, https:\/\/esment.org\/blogs\/wp-content\/uploads\/2024\/06\/DSCF0138-1024x683.jpg 1024w, https:\/\/esment.org\/blogs\/wp-content\/uploads\/2024\/06\/DSCF0138-768x512.jpg 768w, https:\/\/esment.org\/blogs\/wp-content\/uploads\/2024\/06\/DSCF0138-1536x1024.jpg 1536w, https:\/\/esment.org\/blogs\/wp-content\/uploads\/2024\/06\/DSCF0138-2048x1365.jpg 2048w\" sizes=\"(max-width: 2560px) 100vw, 2560px\" \/>\u00a0 <img loading=\"lazy\" decoding=\"async\" class=\"alignnone wp-image-24195 size-full\" src=\"https:\/\/esment.org\/blogs\/wp-content\/uploads\/2024\/06\/DSCF0101-scaled.jpg\" alt=\"\" width=\"1707\" height=\"2560\" srcset=\"https:\/\/esment.org\/blogs\/wp-content\/uploads\/2024\/06\/DSCF0101-scaled.jpg 1707w, https:\/\/esment.org\/blogs\/wp-content\/uploads\/2024\/06\/DSCF0101-200x300.jpg 200w, https:\/\/esment.org\/blogs\/wp-content\/uploads\/2024\/06\/DSCF0101-683x1024.jpg 683w, https:\/\/esment.org\/blogs\/wp-content\/uploads\/2024\/06\/DSCF0101-768x1152.jpg 768w, https:\/\/esment.org\/blogs\/wp-content\/uploads\/2024\/06\/DSCF0101-1024x1536.jpg 1024w, https:\/\/esment.org\/blogs\/wp-content\/uploads\/2024\/06\/DSCF0101-1365x2048.jpg 1365w\" sizes=\"(max-width: 1707px) 100vw, 1707px\" \/><\/p>\n<div id=\"intext-sunmedia-1\">\n<div id=\"sm-it-main-container-1718880183785\" class=\"sm-it-main-container\" data-it=\"fdd97e41-3e08-452b-98ce-53eda675d181\" data-device=\"desktop\" data-index=\"0\"><\/div>\n<\/div>\n","protected":false},"excerpt":{"rendered":"<p>El equipo del Taller de Arte de Esment ha ejecutado un nuevo proyecto art\u00edstico que, desde hoy, puede verse en la fachada del edificio de Fisioterapia del campus de la UIB. Se trata del mural que, junto a la artista local Carolina Ad\u00e1n, han realizado en una de las paredes y que les ha permitido [&hellip;]<\/p>\n","protected":false},"author":5,"featured_media":24193,"comment_status":"open","ping_status":"closed","sticky":false,"template":"","format":"standard","meta":{"_acf_changed":false,"footnotes":""},"categories":[1],"tags":[],"class_list":["post-24190","post","type-post","status-publish","format-standard","has-post-thumbnail","hentry","category-sin-categoria"],"acf":[],"yoast_head":"<!-- This site is optimized with the Yoast SEO plugin v26.4 - https:\/\/yoast.com\/wordpress\/plugins\/seo\/ -->\n<title>El equipo del Taller de Arte pinta un mural en la UIB - Blog Comunidad Esment<\/title>\n<meta name=\"robots\" content=\"index, follow, max-snippet:-1, max-image-preview:large, max-video-preview:-1\" \/>\n<link rel=\"canonical\" href=\"https:\/\/esment.org\/blogs\/el-equipo-del-taller-de-arte-pinta-un-mural-en-la-uib\/\" \/>\n<meta property=\"og:locale\" content=\"es_ES\" \/>\n<meta property=\"og:type\" content=\"article\" \/>\n<meta property=\"og:title\" content=\"El equipo del Taller de Arte pinta un mural en la UIB - Blog Comunidad Esment\" \/>\n<meta property=\"og:description\" content=\"El equipo del Taller de Arte de Esment ha ejecutado un nuevo proyecto art\u00edstico que, desde hoy, puede verse en la fachada del edificio de Fisioterapia del campus de la UIB. Se trata del mural que, junto a la artista local Carolina Ad\u00e1n, han realizado en una de las paredes y que les ha permitido [&hellip;]\" \/>\n<meta property=\"og:url\" content=\"https:\/\/esment.org\/blogs\/el-equipo-del-taller-de-arte-pinta-un-mural-en-la-uib\/\" \/>\n<meta property=\"og:site_name\" content=\"Blog Comunidad Esment\" \/>\n<meta property=\"article:published_time\" content=\"2024-06-20T11:29:29+00:00\" \/>\n<meta property=\"article:modified_time\" content=\"2024-06-25T08:12:54+00:00\" \/>\n<meta property=\"og:image\" content=\"https:\/\/esment.org\/blogs\/wp-content\/uploads\/2024\/06\/DSCF0138-scaled.jpg\" \/>\n\t<meta property=\"og:image:width\" content=\"2560\" \/>\n\t<meta property=\"og:image:height\" content=\"1707\" \/>\n\t<meta property=\"og:image:type\" content=\"image\/jpeg\" \/>\n<meta name=\"author\" content=\"Yolanda Tarramera\" \/>\n<meta name=\"twitter:card\" content=\"summary_large_image\" \/>\n<meta name=\"twitter:label1\" content=\"Escrito por\" \/>\n\t<meta name=\"twitter:data1\" content=\"Yolanda Tarramera\" \/>\n\t<meta name=\"twitter:label2\" content=\"Tiempo de lectura\" \/>\n\t<meta name=\"twitter:data2\" content=\"3 minutos\" \/>\n<script type=\"application\/ld+json\" class=\"yoast-schema-graph\">{\"@context\":\"https:\/\/schema.org\",\"@graph\":[{\"@type\":\"Article\",\"@id\":\"https:\/\/esment.org\/blogs\/el-equipo-del-taller-de-arte-pinta-un-mural-en-la-uib\/#article\",\"isPartOf\":{\"@id\":\"https:\/\/esment.org\/blogs\/el-equipo-del-taller-de-arte-pinta-un-mural-en-la-uib\/\"},\"author\":{\"name\":\"Yolanda Tarramera\",\"@id\":\"https:\/\/esment.org\/blogs\/#\/schema\/person\/d2af4a49059695d7ca3491e0498d6b36\"},\"headline\":\"El equipo del Taller de Arte pinta un mural en la UIB\",\"datePublished\":\"2024-06-20T11:29:29+00:00\",\"dateModified\":\"2024-06-25T08:12:54+00:00\",\"mainEntityOfPage\":{\"@id\":\"https:\/\/esment.org\/blogs\/el-equipo-del-taller-de-arte-pinta-un-mural-en-la-uib\/\"},\"wordCount\":237,\"commentCount\":0,\"publisher\":{\"@id\":\"https:\/\/esment.org\/blogs\/#organization\"},\"image\":{\"@id\":\"https:\/\/esment.org\/blogs\/el-equipo-del-taller-de-arte-pinta-un-mural-en-la-uib\/#primaryimage\"},\"thumbnailUrl\":\"https:\/\/esment.org\/blogs\/wp-content\/uploads\/2024\/06\/DSCF0138-scaled.jpg\",\"inLanguage\":\"es\",\"potentialAction\":[{\"@type\":\"CommentAction\",\"name\":\"Comment\",\"target\":[\"https:\/\/esment.org\/blogs\/el-equipo-del-taller-de-arte-pinta-un-mural-en-la-uib\/#respond\"]}]},{\"@type\":\"WebPage\",\"@id\":\"https:\/\/esment.org\/blogs\/el-equipo-del-taller-de-arte-pinta-un-mural-en-la-uib\/\",\"url\":\"https:\/\/esment.org\/blogs\/el-equipo-del-taller-de-arte-pinta-un-mural-en-la-uib\/\",\"name\":\"El equipo del Taller de Arte pinta un mural en la UIB - Blog Comunidad Esment\",\"isPartOf\":{\"@id\":\"https:\/\/esment.org\/blogs\/#website\"},\"primaryImageOfPage\":{\"@id\":\"https:\/\/esment.org\/blogs\/el-equipo-del-taller-de-arte-pinta-un-mural-en-la-uib\/#primaryimage\"},\"image\":{\"@id\":\"https:\/\/esment.org\/blogs\/el-equipo-del-taller-de-arte-pinta-un-mural-en-la-uib\/#primaryimage\"},\"thumbnailUrl\":\"https:\/\/esment.org\/blogs\/wp-content\/uploads\/2024\/06\/DSCF0138-scaled.jpg\",\"datePublished\":\"2024-06-20T11:29:29+00:00\",\"dateModified\":\"2024-06-25T08:12:54+00:00\",\"breadcrumb\":{\"@id\":\"https:\/\/esment.org\/blogs\/el-equipo-del-taller-de-arte-pinta-un-mural-en-la-uib\/#breadcrumb\"},\"inLanguage\":\"es\",\"potentialAction\":[{\"@type\":\"ReadAction\",\"target\":[\"https:\/\/esment.org\/blogs\/el-equipo-del-taller-de-arte-pinta-un-mural-en-la-uib\/\"]}]},{\"@type\":\"ImageObject\",\"inLanguage\":\"es\",\"@id\":\"https:\/\/esment.org\/blogs\/el-equipo-del-taller-de-arte-pinta-un-mural-en-la-uib\/#primaryimage\",\"url\":\"https:\/\/esment.org\/blogs\/wp-content\/uploads\/2024\/06\/DSCF0138-scaled.jpg\",\"contentUrl\":\"https:\/\/esment.org\/blogs\/wp-content\/uploads\/2024\/06\/DSCF0138-scaled.jpg\",\"width\":2560,\"height\":1707},{\"@type\":\"BreadcrumbList\",\"@id\":\"https:\/\/esment.org\/blogs\/el-equipo-del-taller-de-arte-pinta-un-mural-en-la-uib\/#breadcrumb\",\"itemListElement\":[{\"@type\":\"ListItem\",\"position\":1,\"name\":\"Portada\",\"item\":\"https:\/\/esment.org\/blogs\/\"},{\"@type\":\"ListItem\",\"position\":2,\"name\":\"El equipo del Taller de Arte pinta un mural en la UIB\"}]},{\"@type\":\"WebSite\",\"@id\":\"https:\/\/esment.org\/blogs\/#website\",\"url\":\"https:\/\/esment.org\/blogs\/\",\"name\":\"Blog Comunidad Esment\",\"description\":\"Blogs de Esment\",\"publisher\":{\"@id\":\"https:\/\/esment.org\/blogs\/#organization\"},\"potentialAction\":[{\"@type\":\"SearchAction\",\"target\":{\"@type\":\"EntryPoint\",\"urlTemplate\":\"https:\/\/esment.org\/blogs\/?s={search_term_string}\"},\"query-input\":{\"@type\":\"PropertyValueSpecification\",\"valueRequired\":true,\"valueName\":\"search_term_string\"}}],\"inLanguage\":\"es\"},{\"@type\":\"Organization\",\"@id\":\"https:\/\/esment.org\/blogs\/#organization\",\"name\":\"Blog Comunidad Esment\",\"url\":\"https:\/\/esment.org\/blogs\/\",\"logo\":{\"@type\":\"ImageObject\",\"inLanguage\":\"es\",\"@id\":\"https:\/\/esment.org\/blogs\/#\/schema\/logo\/image\/\",\"url\":\"https:\/\/esment.org\/blogs\/wp-content\/uploads\/2020\/10\/logo-header.svg\",\"contentUrl\":\"https:\/\/esment.org\/blogs\/wp-content\/uploads\/2020\/10\/logo-header.svg\",\"caption\":\"Blog Comunidad Esment\"},\"image\":{\"@id\":\"https:\/\/esment.org\/blogs\/#\/schema\/logo\/image\/\"}},{\"@type\":\"Person\",\"@id\":\"https:\/\/esment.org\/blogs\/#\/schema\/person\/d2af4a49059695d7ca3491e0498d6b36\",\"name\":\"Yolanda Tarramera\",\"image\":{\"@type\":\"ImageObject\",\"inLanguage\":\"es\",\"@id\":\"https:\/\/esment.org\/blogs\/#\/schema\/person\/image\/\",\"url\":\"https:\/\/secure.gravatar.com\/avatar\/c93060ec77db68f5fefd782408bed5a5005bb0b119c5ece6cdbf5ad8631c6e5b?s=96&d=mm&r=g\",\"contentUrl\":\"https:\/\/secure.gravatar.com\/avatar\/c93060ec77db68f5fefd782408bed5a5005bb0b119c5ece6cdbf5ad8631c6e5b?s=96&d=mm&r=g\",\"caption\":\"Yolanda Tarramera\"},\"url\":\"https:\/\/esment.org\/blogs\/author\/yolanda-tarramera\/\"}]}<\/script>\n<!-- \/ Yoast SEO plugin. -->","yoast_head_json":{"title":"El equipo del Taller de Arte pinta un mural en la UIB - Blog Comunidad Esment","robots":{"index":"index","follow":"follow","max-snippet":"max-snippet:-1","max-image-preview":"max-image-preview:large","max-video-preview":"max-video-preview:-1"},"canonical":"https:\/\/esment.org\/blogs\/el-equipo-del-taller-de-arte-pinta-un-mural-en-la-uib\/","og_locale":"es_ES","og_type":"article","og_title":"El equipo del Taller de Arte pinta un mural en la UIB - Blog Comunidad Esment","og_description":"El equipo del Taller de Arte de Esment ha ejecutado un nuevo proyecto art\u00edstico que, desde hoy, puede verse en la fachada del edificio de Fisioterapia del campus de la UIB. Se trata del mural que, junto a la artista local Carolina Ad\u00e1n, han realizado en una de las paredes y que les ha permitido [&hellip;]","og_url":"https:\/\/esment.org\/blogs\/el-equipo-del-taller-de-arte-pinta-un-mural-en-la-uib\/","og_site_name":"Blog Comunidad Esment","article_published_time":"2024-06-20T11:29:29+00:00","article_modified_time":"2024-06-25T08:12:54+00:00","og_image":[{"width":2560,"height":1707,"url":"https:\/\/esment.org\/blogs\/wp-content\/uploads\/2024\/06\/DSCF0138-scaled.jpg","type":"image\/jpeg"}],"author":"Yolanda Tarramera","twitter_card":"summary_large_image","twitter_misc":{"Escrito por":"Yolanda Tarramera","Tiempo de lectura":"3 minutos"},"schema":{"@context":"https:\/\/schema.org","@graph":[{"@type":"Article","@id":"https:\/\/esment.org\/blogs\/el-equipo-del-taller-de-arte-pinta-un-mural-en-la-uib\/#article","isPartOf":{"@id":"https:\/\/esment.org\/blogs\/el-equipo-del-taller-de-arte-pinta-un-mural-en-la-uib\/"},"author":{"name":"Yolanda Tarramera","@id":"https:\/\/esment.org\/blogs\/#\/schema\/person\/d2af4a49059695d7ca3491e0498d6b36"},"headline":"El equipo del Taller de Arte pinta un mural en la UIB","datePublished":"2024-06-20T11:29:29+00:00","dateModified":"2024-06-25T08:12:54+00:00","mainEntityOfPage":{"@id":"https:\/\/esment.org\/blogs\/el-equipo-del-taller-de-arte-pinta-un-mural-en-la-uib\/"},"wordCount":237,"commentCount":0,"publisher":{"@id":"https:\/\/esment.org\/blogs\/#organization"},"image":{"@id":"https:\/\/esment.org\/blogs\/el-equipo-del-taller-de-arte-pinta-un-mural-en-la-uib\/#primaryimage"},"thumbnailUrl":"https:\/\/esment.org\/blogs\/wp-content\/uploads\/2024\/06\/DSCF0138-scaled.jpg","inLanguage":"es","potentialAction":[{"@type":"CommentAction","name":"Comment","target":["https:\/\/esment.org\/blogs\/el-equipo-del-taller-de-arte-pinta-un-mural-en-la-uib\/#respond"]}]},{"@type":"WebPage","@id":"https:\/\/esment.org\/blogs\/el-equipo-del-taller-de-arte-pinta-un-mural-en-la-uib\/","url":"https:\/\/esment.org\/blogs\/el-equipo-del-taller-de-arte-pinta-un-mural-en-la-uib\/","name":"El equipo del Taller de Arte pinta un mural en la UIB - Blog Comunidad Esment","isPartOf":{"@id":"https:\/\/esment.org\/blogs\/#website"},"primaryImageOfPage":{"@id":"https:\/\/esment.org\/blogs\/el-equipo-del-taller-de-arte-pinta-un-mural-en-la-uib\/#primaryimage"},"image":{"@id":"https:\/\/esment.org\/blogs\/el-equipo-del-taller-de-arte-pinta-un-mural-en-la-uib\/#primaryimage"},"thumbnailUrl":"https:\/\/esment.org\/blogs\/wp-content\/uploads\/2024\/06\/DSCF0138-scaled.jpg","datePublished":"2024-06-20T11:29:29+00:00","dateModified":"2024-06-25T08:12:54+00:00","breadcrumb":{"@id":"https:\/\/esment.org\/blogs\/el-equipo-del-taller-de-arte-pinta-un-mural-en-la-uib\/#breadcrumb"},"inLanguage":"es","potentialAction":[{"@type":"ReadAction","target":["https:\/\/esment.org\/blogs\/el-equipo-del-taller-de-arte-pinta-un-mural-en-la-uib\/"]}]},{"@type":"ImageObject","inLanguage":"es","@id":"https:\/\/esment.org\/blogs\/el-equipo-del-taller-de-arte-pinta-un-mural-en-la-uib\/#primaryimage","url":"https:\/\/esment.org\/blogs\/wp-content\/uploads\/2024\/06\/DSCF0138-scaled.jpg","contentUrl":"https:\/\/esment.org\/blogs\/wp-content\/uploads\/2024\/06\/DSCF0138-scaled.jpg","width":2560,"height":1707},{"@type":"BreadcrumbList","@id":"https:\/\/esment.org\/blogs\/el-equipo-del-taller-de-arte-pinta-un-mural-en-la-uib\/#breadcrumb","itemListElement":[{"@type":"ListItem","position":1,"name":"Portada","item":"https:\/\/esment.org\/blogs\/"},{"@type":"ListItem","position":2,"name":"El equipo del Taller de Arte pinta un mural en la UIB"}]},{"@type":"WebSite","@id":"https:\/\/esment.org\/blogs\/#website","url":"https:\/\/esment.org\/blogs\/","name":"Blog Comunidad Esment","description":"Blogs de Esment","publisher":{"@id":"https:\/\/esment.org\/blogs\/#organization"},"potentialAction":[{"@type":"SearchAction","target":{"@type":"EntryPoint","urlTemplate":"https:\/\/esment.org\/blogs\/?s={search_term_string}"},"query-input":{"@type":"PropertyValueSpecification","valueRequired":true,"valueName":"search_term_string"}}],"inLanguage":"es"},{"@type":"Organization","@id":"https:\/\/esment.org\/blogs\/#organization","name":"Blog Comunidad Esment","url":"https:\/\/esment.org\/blogs\/","logo":{"@type":"ImageObject","inLanguage":"es","@id":"https:\/\/esment.org\/blogs\/#\/schema\/logo\/image\/","url":"https:\/\/esment.org\/blogs\/wp-content\/uploads\/2020\/10\/logo-header.svg","contentUrl":"https:\/\/esment.org\/blogs\/wp-content\/uploads\/2020\/10\/logo-header.svg","caption":"Blog Comunidad Esment"},"image":{"@id":"https:\/\/esment.org\/blogs\/#\/schema\/logo\/image\/"}},{"@type":"Person","@id":"https:\/\/esment.org\/blogs\/#\/schema\/person\/d2af4a49059695d7ca3491e0498d6b36","name":"Yolanda Tarramera","image":{"@type":"ImageObject","inLanguage":"es","@id":"https:\/\/esment.org\/blogs\/#\/schema\/person\/image\/","url":"https:\/\/secure.gravatar.com\/avatar\/c93060ec77db68f5fefd782408bed5a5005bb0b119c5ece6cdbf5ad8631c6e5b?s=96&d=mm&r=g","contentUrl":"https:\/\/secure.gravatar.com\/avatar\/c93060ec77db68f5fefd782408bed5a5005bb0b119c5ece6cdbf5ad8631c6e5b?s=96&d=mm&r=g","caption":"Yolanda Tarramera"},"url":"https:\/\/esment.org\/blogs\/author\/yolanda-tarramera\/"}]}},"_links":{"self":[{"href":"https:\/\/esment.org\/blogs\/wp-json\/wp\/v2\/posts\/24190","targetHints":{"allow":["GET"]}}],"collection":[{"href":"https:\/\/esment.org\/blogs\/wp-json\/wp\/v2\/posts"}],"about":[{"href":"https:\/\/esment.org\/blogs\/wp-json\/wp\/v2\/types\/post"}],"author":[{"embeddable":true,"href":"https:\/\/esment.org\/blogs\/wp-json\/wp\/v2\/users\/5"}],"replies":[{"embeddable":true,"href":"https:\/\/esment.org\/blogs\/wp-json\/wp\/v2\/comments?post=24190"}],"version-history":[{"count":3,"href":"https:\/\/esment.org\/blogs\/wp-json\/wp\/v2\/posts\/24190\/revisions"}],"predecessor-version":[{"id":24203,"href":"https:\/\/esment.org\/blogs\/wp-json\/wp\/v2\/posts\/24190\/revisions\/24203"}],"wp:featuredmedia":[{"embeddable":true,"href":"https:\/\/esment.org\/blogs\/wp-json\/wp\/v2\/media\/24193"}],"wp:attachment":[{"href":"https:\/\/esment.org\/blogs\/wp-json\/wp\/v2\/media?parent=24190"}],"wp:term":[{"taxonomy":"category","embeddable":true,"href":"https:\/\/esment.org\/blogs\/wp-json\/wp\/v2\/categories?post=24190"},{"taxonomy":"post_tag","embeddable":true,"href":"https:\/\/esment.org\/blogs\/wp-json\/wp\/v2\/tags?post=24190"}],"curies":[{"name":"wp","href":"https:\/\/api.w.org\/{rel}","templated":true}]}}