{"id":24111,"date":"2024-06-11T04:17:32","date_gmt":"2024-06-11T04:17:32","guid":{"rendered":"https:\/\/esment.org\/blogs\/?p=24111"},"modified":"2024-06-11T05:09:06","modified_gmt":"2024-06-11T05:09:06","slug":"nuevo-acuerdo-con-arabella-hospitality-para-gestionar-su-huerto-ecologico","status":"publish","type":"post","link":"https:\/\/esment.org\/blogs\/nuevo-acuerdo-con-arabella-hospitality-para-gestionar-su-huerto-ecologico\/","title":{"rendered":"Nuevo acuerdo con Arabella Hospitality para gestionar su huerto ecol\u00f3gico"},"content":{"rendered":"<p><span style=\"font-size: 12pt;\">Esment y Arabella Hospitality refuerzan su hist\u00f3rica colaboraci\u00f3n con un nuevo acuerdo para la gesti\u00f3n del huerto ecol\u00f3gico de Arabella Hospitality, que se encuentra situado en el Golf Son Muntaner de Palma. Esta iniciativa\u00a0se enmarca en el programa Green Evolution deL grupo empresarial y\u00a0subraya la responsabilidad social y ambiental de ambas entidades.<\/span><\/p>\n<p><span style=\"font-size: 12pt;\">El objetivo de esta nueva colaboraci\u00f3n es desarrollar un proyecto agroambiental sostenible que est\u00e9 vinculado a la gastronom\u00eda y, al mismo tiempo, fomentar la inserci\u00f3n socio laboral de personas con necesidades de apoyo. En este sentido, el equipo de Agricultura de Esment se encargar\u00e1 de implantar un sistema de producci\u00f3n ecol\u00f3gica con variedades locales y de temporada. \u00a0<\/span><\/p>\n<p><span style=\"font-size: 12pt;\">Esta nueva colaboraci\u00f3n supondr\u00e1 para ambas partes numerosos beneficios:\u00a0 \u00a0<\/span><\/p>\n<ul>\n<li><span style=\"font-size: 12pt;\"><b>Inserci\u00f3n socio laboral: <\/b>El proyecto permitir\u00e1 dar empleo a tres nuevas personas, dos de ellas con discapacidad intelectual y del desarrollo.\u00a0<\/span><\/li>\n<li><span style=\"font-size: 12pt;\"><b>Producci\u00f3n Sostenible<\/b>: Se estima obtener una producci\u00f3n anual de 2.500 kg de frutas y verduras, garantizando productos frescos y de alta calidad.\u00a0<\/span><\/li>\n<li><span style=\"font-size: 12pt;\"><b>Calidad y Proximidad<\/b>: Generar una producci\u00f3n propia para Arabella Hospitality y reducir la huella de carbono asociada al transporte. Parte de la producci\u00f3n se transformar\u00e1 en el Taller Agroalimentario de Esment.\u00a0<\/span><\/li>\n<\/ul>\n<p>&nbsp;<\/p>\n<p><span style=\"font-size: 12pt;\">Con esta iniciativa, Arabella Hospitality contin\u00faa su transformaci\u00f3n hacia una empresa circular, minimizando los residuos y reutilizando eficientemente los recursos, adem\u00e1s de reforzar su compromiso con la comunidad y la inclusi\u00f3n social. Por su parte, Esment cuenta con experiencia en el desarrollo de proyectos agr\u00edcolas y paisaj\u00edsticos con impacto social y vinculados a la gastronom\u00eda. Esta colaboraci\u00f3n afianza el compromiso de Arabella Hospitality con la inserci\u00f3n sociolaboral de personas con discapacidad intelectual y del desarrollo, as\u00ed como de j\u00f3venes y personas con discapacidad f\u00edsica. Un acuerdo que fortalece, adem\u00e1s, una relaci\u00f3n de m\u00e1s de dos d\u00e9cadas vinculada a la formaci\u00f3n dual y a la participaci\u00f3n en talleres de formaci\u00f3n y b\u00fasqueda de empleo organizados por el Servicio de Empleo con Apoyo de Esment.\u00a0\u00a0<\/span><\/p>\n<p><span data-ccp-props=\"{&quot;201341983&quot;:0,&quot;335559739&quot;:0,&quot;335559740&quot;:240}\"> <img fetchpriority=\"high\" decoding=\"async\" class=\"alignnone wp-image-24116 size-full\" src=\"https:\/\/esment.org\/blogs\/wp-content\/uploads\/2024\/06\/WhatsApp-Image-2024-06-10-at-11.27.14.jpeg\" alt=\"\" width=\"1600\" height=\"1200\" srcset=\"https:\/\/esment.org\/blogs\/wp-content\/uploads\/2024\/06\/WhatsApp-Image-2024-06-10-at-11.27.14.jpeg 1600w, https:\/\/esment.org\/blogs\/wp-content\/uploads\/2024\/06\/WhatsApp-Image-2024-06-10-at-11.27.14-300x225.jpeg 300w, https:\/\/esment.org\/blogs\/wp-content\/uploads\/2024\/06\/WhatsApp-Image-2024-06-10-at-11.27.14-1024x768.jpeg 1024w, https:\/\/esment.org\/blogs\/wp-content\/uploads\/2024\/06\/WhatsApp-Image-2024-06-10-at-11.27.14-768x576.jpeg 768w, https:\/\/esment.org\/blogs\/wp-content\/uploads\/2024\/06\/WhatsApp-Image-2024-06-10-at-11.27.14-1536x1152.jpeg 1536w\" sizes=\"(max-width: 1600px) 100vw, 1600px\" \/><\/span><\/p>\n<p><span data-ccp-props=\"{&quot;201341983&quot;:0,&quot;335559739&quot;:0,&quot;335559740&quot;:240}\"> <img decoding=\"async\" class=\"alignnone wp-image-24120 size-full\" src=\"https:\/\/esment.org\/blogs\/wp-content\/uploads\/2024\/06\/RWS2663-scaled.jpg\" alt=\"\" width=\"2560\" height=\"1710\" srcset=\"https:\/\/esment.org\/blogs\/wp-content\/uploads\/2024\/06\/RWS2663-scaled.jpg 2560w, https:\/\/esment.org\/blogs\/wp-content\/uploads\/2024\/06\/RWS2663-300x200.jpg 300w, https:\/\/esment.org\/blogs\/wp-content\/uploads\/2024\/06\/RWS2663-1024x684.jpg 1024w, https:\/\/esment.org\/blogs\/wp-content\/uploads\/2024\/06\/RWS2663-768x513.jpg 768w, https:\/\/esment.org\/blogs\/wp-content\/uploads\/2024\/06\/RWS2663-1536x1026.jpg 1536w, https:\/\/esment.org\/blogs\/wp-content\/uploads\/2024\/06\/RWS2663-2048x1368.jpg 2048w\" sizes=\"(max-width: 2560px) 100vw, 2560px\" \/> <\/span><\/p>\n<p><span data-ccp-props=\"{&quot;201341983&quot;:0,&quot;335559739&quot;:0,&quot;335559740&quot;:240}\"><img decoding=\"async\" class=\"alignnone wp-image-24117 size-full\" src=\"https:\/\/esment.org\/blogs\/wp-content\/uploads\/2024\/06\/WhatsApp-Image-2024-06-10-at-11.27.13.jpeg\" alt=\"\" width=\"1200\" height=\"1600\" srcset=\"https:\/\/esment.org\/blogs\/wp-content\/uploads\/2024\/06\/WhatsApp-Image-2024-06-10-at-11.27.13.jpeg 1200w, https:\/\/esment.org\/blogs\/wp-content\/uploads\/2024\/06\/WhatsApp-Image-2024-06-10-at-11.27.13-225x300.jpeg 225w, https:\/\/esment.org\/blogs\/wp-content\/uploads\/2024\/06\/WhatsApp-Image-2024-06-10-at-11.27.13-768x1024.jpeg 768w, https:\/\/esment.org\/blogs\/wp-content\/uploads\/2024\/06\/WhatsApp-Image-2024-06-10-at-11.27.13-1152x1536.jpeg 1152w\" sizes=\"(max-width: 1200px) 100vw, 1200px\" \/><\/span><\/p>\n<p><span data-ccp-props=\"{&quot;201341983&quot;:0,&quot;335559739&quot;:0,&quot;335559740&quot;:240}\">\u00a0 <img loading=\"lazy\" decoding=\"async\" class=\"alignnone wp-image-24118 size-full\" src=\"https:\/\/esment.org\/blogs\/wp-content\/uploads\/2024\/06\/RWS2666-scaled.jpg\" alt=\"\" width=\"1710\" height=\"2560\" srcset=\"https:\/\/esment.org\/blogs\/wp-content\/uploads\/2024\/06\/RWS2666-scaled.jpg 1710w, https:\/\/esment.org\/blogs\/wp-content\/uploads\/2024\/06\/RWS2666-200x300.jpg 200w, https:\/\/esment.org\/blogs\/wp-content\/uploads\/2024\/06\/RWS2666-684x1024.jpg 684w, https:\/\/esment.org\/blogs\/wp-content\/uploads\/2024\/06\/RWS2666-768x1150.jpg 768w, https:\/\/esment.org\/blogs\/wp-content\/uploads\/2024\/06\/RWS2666-1026x1536.jpg 1026w, https:\/\/esment.org\/blogs\/wp-content\/uploads\/2024\/06\/RWS2666-1368x2048.jpg 1368w\" sizes=\"(max-width: 1710px) 100vw, 1710px\" \/><\/span><\/p>\n<p><span data-ccp-props=\"{&quot;201341983&quot;:0,&quot;335559739&quot;:0,&quot;335559740&quot;:240}\">\u00a0 <img loading=\"lazy\" decoding=\"async\" class=\"alignnone wp-image-24119 size-full\" src=\"https:\/\/esment.org\/blogs\/wp-content\/uploads\/2024\/06\/RWS2665-scaled.jpg\" alt=\"\" width=\"1710\" height=\"2560\" srcset=\"https:\/\/esment.org\/blogs\/wp-content\/uploads\/2024\/06\/RWS2665-scaled.jpg 1710w, https:\/\/esment.org\/blogs\/wp-content\/uploads\/2024\/06\/RWS2665-200x300.jpg 200w, https:\/\/esment.org\/blogs\/wp-content\/uploads\/2024\/06\/RWS2665-684x1024.jpg 684w, https:\/\/esment.org\/blogs\/wp-content\/uploads\/2024\/06\/RWS2665-768x1150.jpg 768w, https:\/\/esment.org\/blogs\/wp-content\/uploads\/2024\/06\/RWS2665-1026x1536.jpg 1026w, https:\/\/esment.org\/blogs\/wp-content\/uploads\/2024\/06\/RWS2665-1368x2048.jpg 1368w\" sizes=\"(max-width: 1710px) 100vw, 1710px\" \/>\u00a0<\/span><\/p>\n","protected":false},"excerpt":{"rendered":"<p>Esment y Arabella Hospitality refuerzan su hist\u00f3rica colaboraci\u00f3n con un nuevo acuerdo para la gesti\u00f3n del huerto ecol\u00f3gico de Arabella Hospitality, que se encuentra situado en el Golf Son Muntaner de Palma. Esta iniciativa\u00a0se enmarca en el programa Green Evolution deL grupo empresarial y\u00a0subraya la responsabilidad social y ambiental de ambas entidades. El objetivo de [&hellip;]<\/p>\n","protected":false},"author":5,"featured_media":24115,"comment_status":"open","ping_status":"closed","sticky":false,"template":"","format":"standard","meta":{"_acf_changed":false,"footnotes":""},"categories":[1],"tags":[401,770,2109,210,16,172,1208,2110,885],"class_list":["post-24111","post","type-post","status-publish","format-standard","has-post-thumbnail","hentry","category-sin-categoria","tag-agricultura-2","tag-aprendices","tag-arabella","tag-colaboracion","tag-formacion","tag-gastronomia","tag-gestion","tag-huerto-ecologico","tag-insercion-socio-laboral"],"acf":[],"yoast_head":"<!-- This site is optimized with the Yoast SEO plugin v26.4 - https:\/\/yoast.com\/wordpress\/plugins\/seo\/ -->\n<title>Nuevo acuerdo con Arabella Hospitality para gestionar su huerto ecol\u00f3gico - Blog Comunidad Esment<\/title>\n<meta name=\"robots\" content=\"index, follow, max-snippet:-1, max-image-preview:large, max-video-preview:-1\" \/>\n<link rel=\"canonical\" href=\"https:\/\/esment.org\/blogs\/nuevo-acuerdo-con-arabella-hospitality-para-gestionar-su-huerto-ecologico\/\" \/>\n<meta property=\"og:locale\" content=\"es_ES\" \/>\n<meta property=\"og:type\" content=\"article\" \/>\n<meta property=\"og:title\" content=\"Nuevo acuerdo con Arabella Hospitality para gestionar su huerto ecol\u00f3gico - Blog Comunidad Esment\" \/>\n<meta property=\"og:description\" content=\"Esment y Arabella Hospitality refuerzan su hist\u00f3rica colaboraci\u00f3n con un nuevo acuerdo para la gesti\u00f3n del huerto ecol\u00f3gico de Arabella Hospitality, que se encuentra situado en el Golf Son Muntaner de Palma. Esta iniciativa\u00a0se enmarca en el programa Green Evolution deL grupo empresarial y\u00a0subraya la responsabilidad social y ambiental de ambas entidades. El objetivo de [&hellip;]\" \/>\n<meta property=\"og:url\" content=\"https:\/\/esment.org\/blogs\/nuevo-acuerdo-con-arabella-hospitality-para-gestionar-su-huerto-ecologico\/\" \/>\n<meta property=\"og:site_name\" content=\"Blog Comunidad Esment\" \/>\n<meta property=\"article:published_time\" content=\"2024-06-11T04:17:32+00:00\" \/>\n<meta property=\"article:modified_time\" content=\"2024-06-11T05:09:06+00:00\" \/>\n<meta property=\"og:image\" content=\"https:\/\/esment.org\/blogs\/wp-content\/uploads\/2024\/06\/WhatsApp-Image-2024-06-10-at-11.19.37-e1718079393309.jpeg\" \/>\n\t<meta property=\"og:image:width\" content=\"1200\" \/>\n\t<meta property=\"og:image:height\" content=\"921\" \/>\n\t<meta property=\"og:image:type\" content=\"image\/jpeg\" \/>\n<meta name=\"author\" content=\"Yolanda Tarramera\" \/>\n<meta name=\"twitter:card\" content=\"summary_large_image\" \/>\n<meta name=\"twitter:label1\" content=\"Escrito por\" \/>\n\t<meta name=\"twitter:data1\" content=\"Yolanda Tarramera\" \/>\n\t<meta name=\"twitter:label2\" content=\"Tiempo de lectura\" \/>\n\t<meta name=\"twitter:data2\" content=\"3 minutos\" \/>\n<script type=\"application\/ld+json\" class=\"yoast-schema-graph\">{\"@context\":\"https:\/\/schema.org\",\"@graph\":[{\"@type\":\"Article\",\"@id\":\"https:\/\/esment.org\/blogs\/nuevo-acuerdo-con-arabella-hospitality-para-gestionar-su-huerto-ecologico\/#article\",\"isPartOf\":{\"@id\":\"https:\/\/esment.org\/blogs\/nuevo-acuerdo-con-arabella-hospitality-para-gestionar-su-huerto-ecologico\/\"},\"author\":{\"name\":\"Yolanda Tarramera\",\"@id\":\"https:\/\/esment.org\/blogs\/#\/schema\/person\/d2af4a49059695d7ca3491e0498d6b36\"},\"headline\":\"Nuevo acuerdo con Arabella Hospitality para gestionar su huerto ecol\u00f3gico\",\"datePublished\":\"2024-06-11T04:17:32+00:00\",\"dateModified\":\"2024-06-11T05:09:06+00:00\",\"mainEntityOfPage\":{\"@id\":\"https:\/\/esment.org\/blogs\/nuevo-acuerdo-con-arabella-hospitality-para-gestionar-su-huerto-ecologico\/\"},\"wordCount\":362,\"commentCount\":0,\"publisher\":{\"@id\":\"https:\/\/esment.org\/blogs\/#organization\"},\"image\":{\"@id\":\"https:\/\/esment.org\/blogs\/nuevo-acuerdo-con-arabella-hospitality-para-gestionar-su-huerto-ecologico\/#primaryimage\"},\"thumbnailUrl\":\"https:\/\/esment.org\/blogs\/wp-content\/uploads\/2024\/06\/WhatsApp-Image-2024-06-10-at-11.19.37-e1718079393309.jpeg\",\"keywords\":[\"agricultura\",\"aprendices\",\"Arabella\",\"colaboraci\u00f3n\",\"formaci\u00f3n\",\"Gastronom\u00eda\",\"gesti\u00f3n\",\"huerto ecol\u00f3gico\",\"inserci\u00f3n socio laboral\"],\"inLanguage\":\"es\",\"potentialAction\":[{\"@type\":\"CommentAction\",\"name\":\"Comment\",\"target\":[\"https:\/\/esment.org\/blogs\/nuevo-acuerdo-con-arabella-hospitality-para-gestionar-su-huerto-ecologico\/#respond\"]}]},{\"@type\":\"WebPage\",\"@id\":\"https:\/\/esment.org\/blogs\/nuevo-acuerdo-con-arabella-hospitality-para-gestionar-su-huerto-ecologico\/\",\"url\":\"https:\/\/esment.org\/blogs\/nuevo-acuerdo-con-arabella-hospitality-para-gestionar-su-huerto-ecologico\/\",\"name\":\"Nuevo acuerdo con Arabella Hospitality para gestionar su huerto ecol\u00f3gico - Blog Comunidad Esment\",\"isPartOf\":{\"@id\":\"https:\/\/esment.org\/blogs\/#website\"},\"primaryImageOfPage\":{\"@id\":\"https:\/\/esment.org\/blogs\/nuevo-acuerdo-con-arabella-hospitality-para-gestionar-su-huerto-ecologico\/#primaryimage\"},\"image\":{\"@id\":\"https:\/\/esment.org\/blogs\/nuevo-acuerdo-con-arabella-hospitality-para-gestionar-su-huerto-ecologico\/#primaryimage\"},\"thumbnailUrl\":\"https:\/\/esment.org\/blogs\/wp-content\/uploads\/2024\/06\/WhatsApp-Image-2024-06-10-at-11.19.37-e1718079393309.jpeg\",\"datePublished\":\"2024-06-11T04:17:32+00:00\",\"dateModified\":\"2024-06-11T05:09:06+00:00\",\"breadcrumb\":{\"@id\":\"https:\/\/esment.org\/blogs\/nuevo-acuerdo-con-arabella-hospitality-para-gestionar-su-huerto-ecologico\/#breadcrumb\"},\"inLanguage\":\"es\",\"potentialAction\":[{\"@type\":\"ReadAction\",\"target\":[\"https:\/\/esment.org\/blogs\/nuevo-acuerdo-con-arabella-hospitality-para-gestionar-su-huerto-ecologico\/\"]}]},{\"@type\":\"ImageObject\",\"inLanguage\":\"es\",\"@id\":\"https:\/\/esment.org\/blogs\/nuevo-acuerdo-con-arabella-hospitality-para-gestionar-su-huerto-ecologico\/#primaryimage\",\"url\":\"https:\/\/esment.org\/blogs\/wp-content\/uploads\/2024\/06\/WhatsApp-Image-2024-06-10-at-11.19.37-e1718079393309.jpeg\",\"contentUrl\":\"https:\/\/esment.org\/blogs\/wp-content\/uploads\/2024\/06\/WhatsApp-Image-2024-06-10-at-11.19.37-e1718079393309.jpeg\",\"width\":1200,\"height\":921},{\"@type\":\"BreadcrumbList\",\"@id\":\"https:\/\/esment.org\/blogs\/nuevo-acuerdo-con-arabella-hospitality-para-gestionar-su-huerto-ecologico\/#breadcrumb\",\"itemListElement\":[{\"@type\":\"ListItem\",\"position\":1,\"name\":\"Portada\",\"item\":\"https:\/\/esment.org\/blogs\/\"},{\"@type\":\"ListItem\",\"position\":2,\"name\":\"Nuevo acuerdo con Arabella Hospitality para gestionar su huerto ecol\u00f3gico\"}]},{\"@type\":\"WebSite\",\"@id\":\"https:\/\/esment.org\/blogs\/#website\",\"url\":\"https:\/\/esment.org\/blogs\/\",\"name\":\"Blog Comunidad Esment\",\"description\":\"Blogs de Esment\",\"publisher\":{\"@id\":\"https:\/\/esment.org\/blogs\/#organization\"},\"potentialAction\":[{\"@type\":\"SearchAction\",\"target\":{\"@type\":\"EntryPoint\",\"urlTemplate\":\"https:\/\/esment.org\/blogs\/?s={search_term_string}\"},\"query-input\":{\"@type\":\"PropertyValueSpecification\",\"valueRequired\":true,\"valueName\":\"search_term_string\"}}],\"inLanguage\":\"es\"},{\"@type\":\"Organization\",\"@id\":\"https:\/\/esment.org\/blogs\/#organization\",\"name\":\"Blog Comunidad Esment\",\"url\":\"https:\/\/esment.org\/blogs\/\",\"logo\":{\"@type\":\"ImageObject\",\"inLanguage\":\"es\",\"@id\":\"https:\/\/esment.org\/blogs\/#\/schema\/logo\/image\/\",\"url\":\"https:\/\/esment.org\/blogs\/wp-content\/uploads\/2020\/10\/logo-header.svg\",\"contentUrl\":\"https:\/\/esment.org\/blogs\/wp-content\/uploads\/2020\/10\/logo-header.svg\",\"caption\":\"Blog Comunidad Esment\"},\"image\":{\"@id\":\"https:\/\/esment.org\/blogs\/#\/schema\/logo\/image\/\"}},{\"@type\":\"Person\",\"@id\":\"https:\/\/esment.org\/blogs\/#\/schema\/person\/d2af4a49059695d7ca3491e0498d6b36\",\"name\":\"Yolanda Tarramera\",\"image\":{\"@type\":\"ImageObject\",\"inLanguage\":\"es\",\"@id\":\"https:\/\/esment.org\/blogs\/#\/schema\/person\/image\/\",\"url\":\"https:\/\/secure.gravatar.com\/avatar\/c93060ec77db68f5fefd782408bed5a5005bb0b119c5ece6cdbf5ad8631c6e5b?s=96&d=mm&r=g\",\"contentUrl\":\"https:\/\/secure.gravatar.com\/avatar\/c93060ec77db68f5fefd782408bed5a5005bb0b119c5ece6cdbf5ad8631c6e5b?s=96&d=mm&r=g\",\"caption\":\"Yolanda Tarramera\"},\"url\":\"https:\/\/esment.org\/blogs\/author\/yolanda-tarramera\/\"}]}<\/script>\n<!-- \/ Yoast SEO plugin. -->","yoast_head_json":{"title":"Nuevo acuerdo con Arabella Hospitality para gestionar su huerto ecol\u00f3gico - Blog Comunidad Esment","robots":{"index":"index","follow":"follow","max-snippet":"max-snippet:-1","max-image-preview":"max-image-preview:large","max-video-preview":"max-video-preview:-1"},"canonical":"https:\/\/esment.org\/blogs\/nuevo-acuerdo-con-arabella-hospitality-para-gestionar-su-huerto-ecologico\/","og_locale":"es_ES","og_type":"article","og_title":"Nuevo acuerdo con Arabella Hospitality para gestionar su huerto ecol\u00f3gico - Blog Comunidad Esment","og_description":"Esment y Arabella Hospitality refuerzan su hist\u00f3rica colaboraci\u00f3n con un nuevo acuerdo para la gesti\u00f3n del huerto ecol\u00f3gico de Arabella Hospitality, que se encuentra situado en el Golf Son Muntaner de Palma. Esta iniciativa\u00a0se enmarca en el programa Green Evolution deL grupo empresarial y\u00a0subraya la responsabilidad social y ambiental de ambas entidades. El objetivo de [&hellip;]","og_url":"https:\/\/esment.org\/blogs\/nuevo-acuerdo-con-arabella-hospitality-para-gestionar-su-huerto-ecologico\/","og_site_name":"Blog Comunidad Esment","article_published_time":"2024-06-11T04:17:32+00:00","article_modified_time":"2024-06-11T05:09:06+00:00","og_image":[{"width":1200,"height":921,"url":"https:\/\/esment.org\/blogs\/wp-content\/uploads\/2024\/06\/WhatsApp-Image-2024-06-10-at-11.19.37-e1718079393309.jpeg","type":"image\/jpeg"}],"author":"Yolanda Tarramera","twitter_card":"summary_large_image","twitter_misc":{"Escrito por":"Yolanda Tarramera","Tiempo de lectura":"3 minutos"},"schema":{"@context":"https:\/\/schema.org","@graph":[{"@type":"Article","@id":"https:\/\/esment.org\/blogs\/nuevo-acuerdo-con-arabella-hospitality-para-gestionar-su-huerto-ecologico\/#article","isPartOf":{"@id":"https:\/\/esment.org\/blogs\/nuevo-acuerdo-con-arabella-hospitality-para-gestionar-su-huerto-ecologico\/"},"author":{"name":"Yolanda Tarramera","@id":"https:\/\/esment.org\/blogs\/#\/schema\/person\/d2af4a49059695d7ca3491e0498d6b36"},"headline":"Nuevo acuerdo con Arabella Hospitality para gestionar su huerto ecol\u00f3gico","datePublished":"2024-06-11T04:17:32+00:00","dateModified":"2024-06-11T05:09:06+00:00","mainEntityOfPage":{"@id":"https:\/\/esment.org\/blogs\/nuevo-acuerdo-con-arabella-hospitality-para-gestionar-su-huerto-ecologico\/"},"wordCount":362,"commentCount":0,"publisher":{"@id":"https:\/\/esment.org\/blogs\/#organization"},"image":{"@id":"https:\/\/esment.org\/blogs\/nuevo-acuerdo-con-arabella-hospitality-para-gestionar-su-huerto-ecologico\/#primaryimage"},"thumbnailUrl":"https:\/\/esment.org\/blogs\/wp-content\/uploads\/2024\/06\/WhatsApp-Image-2024-06-10-at-11.19.37-e1718079393309.jpeg","keywords":["agricultura","aprendices","Arabella","colaboraci\u00f3n","formaci\u00f3n","Gastronom\u00eda","gesti\u00f3n","huerto ecol\u00f3gico","inserci\u00f3n socio laboral"],"inLanguage":"es","potentialAction":[{"@type":"CommentAction","name":"Comment","target":["https:\/\/esment.org\/blogs\/nuevo-acuerdo-con-arabella-hospitality-para-gestionar-su-huerto-ecologico\/#respond"]}]},{"@type":"WebPage","@id":"https:\/\/esment.org\/blogs\/nuevo-acuerdo-con-arabella-hospitality-para-gestionar-su-huerto-ecologico\/","url":"https:\/\/esment.org\/blogs\/nuevo-acuerdo-con-arabella-hospitality-para-gestionar-su-huerto-ecologico\/","name":"Nuevo acuerdo con Arabella Hospitality para gestionar su huerto ecol\u00f3gico - Blog Comunidad Esment","isPartOf":{"@id":"https:\/\/esment.org\/blogs\/#website"},"primaryImageOfPage":{"@id":"https:\/\/esment.org\/blogs\/nuevo-acuerdo-con-arabella-hospitality-para-gestionar-su-huerto-ecologico\/#primaryimage"},"image":{"@id":"https:\/\/esment.org\/blogs\/nuevo-acuerdo-con-arabella-hospitality-para-gestionar-su-huerto-ecologico\/#primaryimage"},"thumbnailUrl":"https:\/\/esment.org\/blogs\/wp-content\/uploads\/2024\/06\/WhatsApp-Image-2024-06-10-at-11.19.37-e1718079393309.jpeg","datePublished":"2024-06-11T04:17:32+00:00","dateModified":"2024-06-11T05:09:06+00:00","breadcrumb":{"@id":"https:\/\/esment.org\/blogs\/nuevo-acuerdo-con-arabella-hospitality-para-gestionar-su-huerto-ecologico\/#breadcrumb"},"inLanguage":"es","potentialAction":[{"@type":"ReadAction","target":["https:\/\/esment.org\/blogs\/nuevo-acuerdo-con-arabella-hospitality-para-gestionar-su-huerto-ecologico\/"]}]},{"@type":"ImageObject","inLanguage":"es","@id":"https:\/\/esment.org\/blogs\/nuevo-acuerdo-con-arabella-hospitality-para-gestionar-su-huerto-ecologico\/#primaryimage","url":"https:\/\/esment.org\/blogs\/wp-content\/uploads\/2024\/06\/WhatsApp-Image-2024-06-10-at-11.19.37-e1718079393309.jpeg","contentUrl":"https:\/\/esment.org\/blogs\/wp-content\/uploads\/2024\/06\/WhatsApp-Image-2024-06-10-at-11.19.37-e1718079393309.jpeg","width":1200,"height":921},{"@type":"BreadcrumbList","@id":"https:\/\/esment.org\/blogs\/nuevo-acuerdo-con-arabella-hospitality-para-gestionar-su-huerto-ecologico\/#breadcrumb","itemListElement":[{"@type":"ListItem","position":1,"name":"Portada","item":"https:\/\/esment.org\/blogs\/"},{"@type":"ListItem","position":2,"name":"Nuevo acuerdo con Arabella Hospitality para gestionar su huerto ecol\u00f3gico"}]},{"@type":"WebSite","@id":"https:\/\/esment.org\/blogs\/#website","url":"https:\/\/esment.org\/blogs\/","name":"Blog Comunidad Esment","description":"Blogs de Esment","publisher":{"@id":"https:\/\/esment.org\/blogs\/#organization"},"potentialAction":[{"@type":"SearchAction","target":{"@type":"EntryPoint","urlTemplate":"https:\/\/esment.org\/blogs\/?s={search_term_string}"},"query-input":{"@type":"PropertyValueSpecification","valueRequired":true,"valueName":"search_term_string"}}],"inLanguage":"es"},{"@type":"Organization","@id":"https:\/\/esment.org\/blogs\/#organization","name":"Blog Comunidad Esment","url":"https:\/\/esment.org\/blogs\/","logo":{"@type":"ImageObject","inLanguage":"es","@id":"https:\/\/esment.org\/blogs\/#\/schema\/logo\/image\/","url":"https:\/\/esment.org\/blogs\/wp-content\/uploads\/2020\/10\/logo-header.svg","contentUrl":"https:\/\/esment.org\/blogs\/wp-content\/uploads\/2020\/10\/logo-header.svg","caption":"Blog Comunidad Esment"},"image":{"@id":"https:\/\/esment.org\/blogs\/#\/schema\/logo\/image\/"}},{"@type":"Person","@id":"https:\/\/esment.org\/blogs\/#\/schema\/person\/d2af4a49059695d7ca3491e0498d6b36","name":"Yolanda Tarramera","image":{"@type":"ImageObject","inLanguage":"es","@id":"https:\/\/esment.org\/blogs\/#\/schema\/person\/image\/","url":"https:\/\/secure.gravatar.com\/avatar\/c93060ec77db68f5fefd782408bed5a5005bb0b119c5ece6cdbf5ad8631c6e5b?s=96&d=mm&r=g","contentUrl":"https:\/\/secure.gravatar.com\/avatar\/c93060ec77db68f5fefd782408bed5a5005bb0b119c5ece6cdbf5ad8631c6e5b?s=96&d=mm&r=g","caption":"Yolanda Tarramera"},"url":"https:\/\/esment.org\/blogs\/author\/yolanda-tarramera\/"}]}},"_links":{"self":[{"href":"https:\/\/esment.org\/blogs\/wp-json\/wp\/v2\/posts\/24111","targetHints":{"allow":["GET"]}}],"collection":[{"href":"https:\/\/esment.org\/blogs\/wp-json\/wp\/v2\/posts"}],"about":[{"href":"https:\/\/esment.org\/blogs\/wp-json\/wp\/v2\/types\/post"}],"author":[{"embeddable":true,"href":"https:\/\/esment.org\/blogs\/wp-json\/wp\/v2\/users\/5"}],"replies":[{"embeddable":true,"href":"https:\/\/esment.org\/blogs\/wp-json\/wp\/v2\/comments?post=24111"}],"version-history":[{"count":7,"href":"https:\/\/esment.org\/blogs\/wp-json\/wp\/v2\/posts\/24111\/revisions"}],"predecessor-version":[{"id":24136,"href":"https:\/\/esment.org\/blogs\/wp-json\/wp\/v2\/posts\/24111\/revisions\/24136"}],"wp:featuredmedia":[{"embeddable":true,"href":"https:\/\/esment.org\/blogs\/wp-json\/wp\/v2\/media\/24115"}],"wp:attachment":[{"href":"https:\/\/esment.org\/blogs\/wp-json\/wp\/v2\/media?parent=24111"}],"wp:term":[{"taxonomy":"category","embeddable":true,"href":"https:\/\/esment.org\/blogs\/wp-json\/wp\/v2\/categories?post=24111"},{"taxonomy":"post_tag","embeddable":true,"href":"https:\/\/esment.org\/blogs\/wp-json\/wp\/v2\/tags?post=24111"}],"curies":[{"name":"wp","href":"https:\/\/api.w.org\/{rel}","templated":true}]}}