{"id":23873,"date":"2024-05-10T11:08:34","date_gmt":"2024-05-10T11:08:34","guid":{"rendered":"https:\/\/esment.org\/blogs\/?p=23873"},"modified":"2024-05-10T11:21:32","modified_gmt":"2024-05-10T11:21:32","slug":"resultats-2023-del-servei-dorientacio-professional-sop-per-a-persones-amb-discapacitat-intel%c2%b7lectual","status":"publish","type":"post","link":"https:\/\/esment.org\/blogs\/resultats-2023-del-servei-dorientacio-professional-sop-per-a-persones-amb-discapacitat-intel%c2%b7lectual\/","title":{"rendered":"Resultats 2023 del Servei d&#8217;Orientaci\u00f3 Professional (SOP) per a persones amb Discapacitat Intel\u00b7lectual"},"content":{"rendered":"<p>El Servei d&#8217;Orientaci\u00f3 Professional (SOP) per a persones amb Discapacitat Intel\u00b7lectual es va iniciar l&#8217;1 de mar\u00e7 del 2023 i va finalitzar el 29 de febrer del 2024, amb un objectiu d&#8217;atenci\u00f3 de 247 participants.<br \/>\nS&#8217;han at\u00e8s 249 participants (79 dones i 170 homes). Les edats de les persones participants han estat de 55% menors de 21 anys; 19% entre 21-25 anys; 13% entre 25-33 anys; 9% entre 35-45 anys i 4% m\u00e9s grans de 45 anys.<br \/>\nLes persones participants del servei quan s&#8217;incorporen al servei inicien un proc\u00e9s d&#8217;orientaci\u00f3 professional amb l&#8217;objectiu d&#8217;incorporar-se a treballar a les empreses. En el qual es fa servir la metodologia de treball amb suport.<br \/>\nLes persones s\u00f3n protagonistes de tot el seu proc\u00e9s i per aix\u00f2 es realitzen accions individuals i grupals. S&#8217;han fet 343 sessions grupals.<br \/>\nUtilitzem estrat\u00e8gies i eines col\u00b7laboratives entre els participants i els orientadors per treballar els objectius que es proposen i les metes a assolir a l&#8217;Itinerari formatiu i laboral de les persones.<br \/>\nEl proc\u00e9s es realitza des de l&#8217;orientaci\u00f3 vocacional, per poder identificar-ne el perfil professional i les activitats laborals m\u00e9s adequades a les compet\u00e8ncies i els interessos.<\/p>\n<p>54 participants han iniciat processos formatius a altres centres formatius amb l&#8217;acompanyament del Servei d&#8217;Orientaci\u00f3 Professional. 13 participants han iniciat processos formatius als itineraris d&#8217;Esment Escola Professional.<br \/>\nDes del servei s&#8217;han realitzat 2 convenis amb empreses per al coneixement d&#8217;habilitats i capacitats laborals a empreses. Aquesta activitat permet explorar un perfil laboral a una empresa. con\u00e8ixer les compet\u00e8ncies del sector laboral elegit.<br \/>\nDes del servei es fan accions amb empreses per aconseguir generar oportunitats d&#8217;ocupaci\u00f3. S&#8217;han signat 97 acords amb empreses col\u00b7laboradores i s&#8217;han aconseguit que 46 participants tinguessin oportunitats de feina a les empreses col\u00b7laboradores.<\/p>\n<p>&nbsp;<\/p>\n<p>El Servicio de Orientaci\u00f3n Profesional (SOP) para personas con Discapacidad Intelectual se inici\u00f3 el 1 de marzo de 2023 y finaliz\u00f3 el 29 de febrero de 2024, con un objetivo de atenci\u00f3n de 247 participantes.<br \/>\nSe han atendido a 249 participantes (79 mujeres y 170 hombres). Las edades de las personas participantes han sido de un 55 % menores de 21 a\u00f1os; 19% entre 21-25 a\u00f1os; 13% entre 25-<br \/>\n33 a\u00f1os; 9% entre 35-45 a\u00f1os y 4% mayores de 45 a\u00f1os.<br \/>\nLas personas participantes del servicio cuando se incorporan en el servicio inician un proceso de orientaci\u00f3n profesional con el objetivo de incorporase a trabajar en las empresas. En el cual se utiliza la metodolog\u00eda de Empleo con Apoyo.<\/p>\n<p>Las personas son protagonistas de todo su proceso y para ello se realizan acciones individuales y grupales. Se han realizado 343 sesiones grupales.<\/p>\n<p>Utilizamos estrategias y herramientas colaborativas entre los participantes y los orientadores para trabajar los objetivos que se proponen y las metas a alcanzar en el Itinerario formativo y laboral de las personas.<\/p>\n<p>El proceso se realiza desde la Orientaci\u00f3n vocacional, para poder identificar su perfil profesional y las actividades laborales m\u00e1s adecuadas a sus competencias e intereses.<\/p>\n<p>54 participantes han iniciado procesos formativos en otros centros formativos con el acompa\u00f1amiento del Servicio de Orientaci\u00f3n Profesional. 13 participantes han iniciado procesos formativos en los itinerarios de Esment Escola Professional.<br \/>\nDesde el servicio se han realizado 2 convenios con empresas para el conocimiento de habilidades y capacidades laborales en empresas. Esta actividad permite explorar un perfil laboral en una empresa. conocer las competencias del sector laboral elegido.<\/p>\n<p>Desde el servicio se realizan acciones con empresas para conseguir generar oportunidades de empleo. Se han firmado 97 acuerdos con empresas colaboradoras y se han conseguido que 46 participantes tuvieran oportunidades de empleo en las empresas colaboradoras.<\/p>\n<p><strong>SOIB Concertaci\u00f3 Servei d\u2019Orientaci\u00f3 Professional, promogut pel SOIB i que ha comptat amb el finan\u00e7ament del Fons Social Europeu Plus (FSE+).<\/strong><\/p>\n<p><img fetchpriority=\"high\" decoding=\"async\" class=\"alignnone wp-image-23868 size-full\" src=\"https:\/\/esment.org\/blogs\/wp-content\/uploads\/2024\/05\/esment-blog.jpg\" alt=\"\" width=\"505\" height=\"117\" srcset=\"https:\/\/esment.org\/blogs\/wp-content\/uploads\/2024\/05\/esment-blog.jpg 505w, https:\/\/esment.org\/blogs\/wp-content\/uploads\/2024\/05\/esment-blog-300x70.jpg 300w\" sizes=\"(max-width: 505px) 100vw, 505px\" \/><\/p>\n<p>&nbsp;<\/p>\n<p>&nbsp;<\/p>\n<p><img decoding=\"async\" class=\"alignnone wp-image-23876 size-full\" src=\"https:\/\/esment.org\/blogs\/wp-content\/uploads\/2024\/05\/P1000601-scaled.jpg\" alt=\"\" width=\"2560\" height=\"1707\" srcset=\"https:\/\/esment.org\/blogs\/wp-content\/uploads\/2024\/05\/P1000601-scaled.jpg 2560w, https:\/\/esment.org\/blogs\/wp-content\/uploads\/2024\/05\/P1000601-300x200.jpg 300w, https:\/\/esment.org\/blogs\/wp-content\/uploads\/2024\/05\/P1000601-1024x683.jpg 1024w, https:\/\/esment.org\/blogs\/wp-content\/uploads\/2024\/05\/P1000601-768x512.jpg 768w, https:\/\/esment.org\/blogs\/wp-content\/uploads\/2024\/05\/P1000601-1536x1024.jpg 1536w, https:\/\/esment.org\/blogs\/wp-content\/uploads\/2024\/05\/P1000601-2048x1365.jpg 2048w\" sizes=\"(max-width: 2560px) 100vw, 2560px\" \/><\/p>\n","protected":false},"excerpt":{"rendered":"<p>El Servei d&#8217;Orientaci\u00f3 Professional (SOP) per a persones amb Discapacitat Intel\u00b7lectual es va iniciar l&#8217;1 de mar\u00e7 del 2023 i va finalitzar el 29 de febrer del 2024, amb un objectiu d&#8217;atenci\u00f3 de 247 participants. S&#8217;han at\u00e8s 249 participants (79 dones i 170 homes). Les edats de les persones participants han estat de 55% menors [&hellip;]<\/p>\n","protected":false},"author":2,"featured_media":23876,"comment_status":"open","ping_status":"closed","sticky":false,"template":"","format":"standard","meta":{"_acf_changed":false,"footnotes":""},"categories":[24,1,1220],"tags":[],"class_list":["post-23873","post","type-post","status-publish","format-standard","has-post-thumbnail","hentry","category-destacadas","category-sin-categoria","category-servicio-orientacion-profesional-personas-con-discapacidad-intelectual"],"acf":[],"yoast_head":"<!-- This site is optimized with the Yoast SEO plugin v26.4 - https:\/\/yoast.com\/wordpress\/plugins\/seo\/ -->\n<title>Resultats 2023 del Servei d&#039;Orientaci\u00f3 Professional (SOP) per a persones amb Discapacitat Intel\u00b7lectual - Blog Comunidad Esment<\/title>\n<meta name=\"robots\" content=\"index, follow, max-snippet:-1, max-image-preview:large, max-video-preview:-1\" \/>\n<link rel=\"canonical\" href=\"https:\/\/esment.org\/blogs\/resultats-2023-del-servei-dorientacio-professional-sop-per-a-persones-amb-discapacitat-intel\u00b7lectual\/\" \/>\n<meta property=\"og:locale\" content=\"es_ES\" \/>\n<meta property=\"og:type\" content=\"article\" \/>\n<meta property=\"og:title\" content=\"Resultats 2023 del Servei d&#039;Orientaci\u00f3 Professional (SOP) per a persones amb Discapacitat Intel\u00b7lectual - Blog Comunidad Esment\" \/>\n<meta property=\"og:description\" content=\"El Servei d&#8217;Orientaci\u00f3 Professional (SOP) per a persones amb Discapacitat Intel\u00b7lectual es va iniciar l&#8217;1 de mar\u00e7 del 2023 i va finalitzar el 29 de febrer del 2024, amb un objectiu d&#8217;atenci\u00f3 de 247 participants. S&#8217;han at\u00e8s 249 participants (79 dones i 170 homes). Les edats de les persones participants han estat de 55% menors [&hellip;]\" \/>\n<meta property=\"og:url\" content=\"https:\/\/esment.org\/blogs\/resultats-2023-del-servei-dorientacio-professional-sop-per-a-persones-amb-discapacitat-intel\u00b7lectual\/\" \/>\n<meta property=\"og:site_name\" content=\"Blog Comunidad Esment\" \/>\n<meta property=\"article:published_time\" content=\"2024-05-10T11:08:34+00:00\" \/>\n<meta property=\"article:modified_time\" content=\"2024-05-10T11:21:32+00:00\" \/>\n<meta property=\"og:image\" content=\"https:\/\/esment.org\/blogs\/wp-content\/uploads\/2024\/05\/P1000601-scaled.jpg\" \/>\n\t<meta property=\"og:image:width\" content=\"2560\" \/>\n\t<meta property=\"og:image:height\" content=\"1707\" \/>\n\t<meta property=\"og:image:type\" content=\"image\/jpeg\" \/>\n<meta name=\"author\" content=\"Comunicaci\u00f3\" \/>\n<meta name=\"twitter:card\" content=\"summary_large_image\" \/>\n<meta name=\"twitter:label1\" content=\"Escrito por\" \/>\n\t<meta name=\"twitter:data1\" content=\"Comunicaci\u00f3\" \/>\n\t<meta name=\"twitter:label2\" content=\"Tiempo de lectura\" \/>\n\t<meta name=\"twitter:data2\" content=\"4 minutos\" \/>\n<script type=\"application\/ld+json\" class=\"yoast-schema-graph\">{\"@context\":\"https:\/\/schema.org\",\"@graph\":[{\"@type\":\"Article\",\"@id\":\"https:\/\/esment.org\/blogs\/resultats-2023-del-servei-dorientacio-professional-sop-per-a-persones-amb-discapacitat-intel%c2%b7lectual\/#article\",\"isPartOf\":{\"@id\":\"https:\/\/esment.org\/blogs\/resultats-2023-del-servei-dorientacio-professional-sop-per-a-persones-amb-discapacitat-intel%c2%b7lectual\/\"},\"author\":{\"name\":\"Comunicaci\u00f3\",\"@id\":\"https:\/\/esment.org\/blogs\/#\/schema\/person\/b81c725135ae4d5748a15f5f91986b27\"},\"headline\":\"Resultats 2023 del Servei d&#8217;Orientaci\u00f3 Professional (SOP) per a persones amb Discapacitat Intel\u00b7lectual\",\"datePublished\":\"2024-05-10T11:08:34+00:00\",\"dateModified\":\"2024-05-10T11:21:32+00:00\",\"mainEntityOfPage\":{\"@id\":\"https:\/\/esment.org\/blogs\/resultats-2023-del-servei-dorientacio-professional-sop-per-a-persones-amb-discapacitat-intel%c2%b7lectual\/\"},\"wordCount\":615,\"commentCount\":0,\"publisher\":{\"@id\":\"https:\/\/esment.org\/blogs\/#organization\"},\"image\":{\"@id\":\"https:\/\/esment.org\/blogs\/resultats-2023-del-servei-dorientacio-professional-sop-per-a-persones-amb-discapacitat-intel%c2%b7lectual\/#primaryimage\"},\"thumbnailUrl\":\"https:\/\/esment.org\/blogs\/wp-content\/uploads\/2024\/05\/P1000601-scaled.jpg\",\"articleSection\":{\"0\":\"Destacadas\",\"2\":\"SOIB SERVICIO DE ORIENTACI\u00d3N PARA LA OCUPACI\u00d3N PARA PERSONAS CON DISCAPACIDAD INTELECTUAL\"},\"inLanguage\":\"es\",\"potentialAction\":[{\"@type\":\"CommentAction\",\"name\":\"Comment\",\"target\":[\"https:\/\/esment.org\/blogs\/resultats-2023-del-servei-dorientacio-professional-sop-per-a-persones-amb-discapacitat-intel%c2%b7lectual\/#respond\"]}]},{\"@type\":\"WebPage\",\"@id\":\"https:\/\/esment.org\/blogs\/resultats-2023-del-servei-dorientacio-professional-sop-per-a-persones-amb-discapacitat-intel%c2%b7lectual\/\",\"url\":\"https:\/\/esment.org\/blogs\/resultats-2023-del-servei-dorientacio-professional-sop-per-a-persones-amb-discapacitat-intel%c2%b7lectual\/\",\"name\":\"Resultats 2023 del Servei d'Orientaci\u00f3 Professional (SOP) per a persones amb Discapacitat Intel\u00b7lectual - Blog Comunidad Esment\",\"isPartOf\":{\"@id\":\"https:\/\/esment.org\/blogs\/#website\"},\"primaryImageOfPage\":{\"@id\":\"https:\/\/esment.org\/blogs\/resultats-2023-del-servei-dorientacio-professional-sop-per-a-persones-amb-discapacitat-intel%c2%b7lectual\/#primaryimage\"},\"image\":{\"@id\":\"https:\/\/esment.org\/blogs\/resultats-2023-del-servei-dorientacio-professional-sop-per-a-persones-amb-discapacitat-intel%c2%b7lectual\/#primaryimage\"},\"thumbnailUrl\":\"https:\/\/esment.org\/blogs\/wp-content\/uploads\/2024\/05\/P1000601-scaled.jpg\",\"datePublished\":\"2024-05-10T11:08:34+00:00\",\"dateModified\":\"2024-05-10T11:21:32+00:00\",\"breadcrumb\":{\"@id\":\"https:\/\/esment.org\/blogs\/resultats-2023-del-servei-dorientacio-professional-sop-per-a-persones-amb-discapacitat-intel%c2%b7lectual\/#breadcrumb\"},\"inLanguage\":\"es\",\"potentialAction\":[{\"@type\":\"ReadAction\",\"target\":[\"https:\/\/esment.org\/blogs\/resultats-2023-del-servei-dorientacio-professional-sop-per-a-persones-amb-discapacitat-intel%c2%b7lectual\/\"]}]},{\"@type\":\"ImageObject\",\"inLanguage\":\"es\",\"@id\":\"https:\/\/esment.org\/blogs\/resultats-2023-del-servei-dorientacio-professional-sop-per-a-persones-amb-discapacitat-intel%c2%b7lectual\/#primaryimage\",\"url\":\"https:\/\/esment.org\/blogs\/wp-content\/uploads\/2024\/05\/P1000601-scaled.jpg\",\"contentUrl\":\"https:\/\/esment.org\/blogs\/wp-content\/uploads\/2024\/05\/P1000601-scaled.jpg\",\"width\":2560,\"height\":1707},{\"@type\":\"BreadcrumbList\",\"@id\":\"https:\/\/esment.org\/blogs\/resultats-2023-del-servei-dorientacio-professional-sop-per-a-persones-amb-discapacitat-intel%c2%b7lectual\/#breadcrumb\",\"itemListElement\":[{\"@type\":\"ListItem\",\"position\":1,\"name\":\"Portada\",\"item\":\"https:\/\/esment.org\/blogs\/\"},{\"@type\":\"ListItem\",\"position\":2,\"name\":\"Resultats 2023 del Servei d&#8217;Orientaci\u00f3 Professional (SOP) per a persones amb Discapacitat Intel\u00b7lectual\"}]},{\"@type\":\"WebSite\",\"@id\":\"https:\/\/esment.org\/blogs\/#website\",\"url\":\"https:\/\/esment.org\/blogs\/\",\"name\":\"Blog Comunidad Esment\",\"description\":\"Blogs de Esment\",\"publisher\":{\"@id\":\"https:\/\/esment.org\/blogs\/#organization\"},\"potentialAction\":[{\"@type\":\"SearchAction\",\"target\":{\"@type\":\"EntryPoint\",\"urlTemplate\":\"https:\/\/esment.org\/blogs\/?s={search_term_string}\"},\"query-input\":{\"@type\":\"PropertyValueSpecification\",\"valueRequired\":true,\"valueName\":\"search_term_string\"}}],\"inLanguage\":\"es\"},{\"@type\":\"Organization\",\"@id\":\"https:\/\/esment.org\/blogs\/#organization\",\"name\":\"Blog Comunidad Esment\",\"url\":\"https:\/\/esment.org\/blogs\/\",\"logo\":{\"@type\":\"ImageObject\",\"inLanguage\":\"es\",\"@id\":\"https:\/\/esment.org\/blogs\/#\/schema\/logo\/image\/\",\"url\":\"https:\/\/esment.org\/blogs\/wp-content\/uploads\/2020\/10\/logo-header.svg\",\"contentUrl\":\"https:\/\/esment.org\/blogs\/wp-content\/uploads\/2020\/10\/logo-header.svg\",\"caption\":\"Blog Comunidad Esment\"},\"image\":{\"@id\":\"https:\/\/esment.org\/blogs\/#\/schema\/logo\/image\/\"}},{\"@type\":\"Person\",\"@id\":\"https:\/\/esment.org\/blogs\/#\/schema\/person\/b81c725135ae4d5748a15f5f91986b27\",\"name\":\"Comunicaci\u00f3\",\"image\":{\"@type\":\"ImageObject\",\"inLanguage\":\"es\",\"@id\":\"https:\/\/esment.org\/blogs\/#\/schema\/person\/image\/\",\"url\":\"https:\/\/secure.gravatar.com\/avatar\/88ab8e6ed41c613b22dace6ca23675795f15dc49d30afd5c6feee6c1cc4d0194?s=96&d=mm&r=g\",\"contentUrl\":\"https:\/\/secure.gravatar.com\/avatar\/88ab8e6ed41c613b22dace6ca23675795f15dc49d30afd5c6feee6c1cc4d0194?s=96&d=mm&r=g\",\"caption\":\"Comunicaci\u00f3\"},\"url\":\"https:\/\/esment.org\/blogs\/author\/alicciagarcia\/\"}]}<\/script>\n<!-- \/ Yoast SEO plugin. -->","yoast_head_json":{"title":"Resultats 2023 del Servei d'Orientaci\u00f3 Professional (SOP) per a persones amb Discapacitat Intel\u00b7lectual - Blog Comunidad Esment","robots":{"index":"index","follow":"follow","max-snippet":"max-snippet:-1","max-image-preview":"max-image-preview:large","max-video-preview":"max-video-preview:-1"},"canonical":"https:\/\/esment.org\/blogs\/resultats-2023-del-servei-dorientacio-professional-sop-per-a-persones-amb-discapacitat-intel\u00b7lectual\/","og_locale":"es_ES","og_type":"article","og_title":"Resultats 2023 del Servei d'Orientaci\u00f3 Professional (SOP) per a persones amb Discapacitat Intel\u00b7lectual - Blog Comunidad Esment","og_description":"El Servei d&#8217;Orientaci\u00f3 Professional (SOP) per a persones amb Discapacitat Intel\u00b7lectual es va iniciar l&#8217;1 de mar\u00e7 del 2023 i va finalitzar el 29 de febrer del 2024, amb un objectiu d&#8217;atenci\u00f3 de 247 participants. S&#8217;han at\u00e8s 249 participants (79 dones i 170 homes). Les edats de les persones participants han estat de 55% menors [&hellip;]","og_url":"https:\/\/esment.org\/blogs\/resultats-2023-del-servei-dorientacio-professional-sop-per-a-persones-amb-discapacitat-intel\u00b7lectual\/","og_site_name":"Blog Comunidad Esment","article_published_time":"2024-05-10T11:08:34+00:00","article_modified_time":"2024-05-10T11:21:32+00:00","og_image":[{"width":2560,"height":1707,"url":"https:\/\/esment.org\/blogs\/wp-content\/uploads\/2024\/05\/P1000601-scaled.jpg","type":"image\/jpeg"}],"author":"Comunicaci\u00f3","twitter_card":"summary_large_image","twitter_misc":{"Escrito por":"Comunicaci\u00f3","Tiempo de lectura":"4 minutos"},"schema":{"@context":"https:\/\/schema.org","@graph":[{"@type":"Article","@id":"https:\/\/esment.org\/blogs\/resultats-2023-del-servei-dorientacio-professional-sop-per-a-persones-amb-discapacitat-intel%c2%b7lectual\/#article","isPartOf":{"@id":"https:\/\/esment.org\/blogs\/resultats-2023-del-servei-dorientacio-professional-sop-per-a-persones-amb-discapacitat-intel%c2%b7lectual\/"},"author":{"name":"Comunicaci\u00f3","@id":"https:\/\/esment.org\/blogs\/#\/schema\/person\/b81c725135ae4d5748a15f5f91986b27"},"headline":"Resultats 2023 del Servei d&#8217;Orientaci\u00f3 Professional (SOP) per a persones amb Discapacitat Intel\u00b7lectual","datePublished":"2024-05-10T11:08:34+00:00","dateModified":"2024-05-10T11:21:32+00:00","mainEntityOfPage":{"@id":"https:\/\/esment.org\/blogs\/resultats-2023-del-servei-dorientacio-professional-sop-per-a-persones-amb-discapacitat-intel%c2%b7lectual\/"},"wordCount":615,"commentCount":0,"publisher":{"@id":"https:\/\/esment.org\/blogs\/#organization"},"image":{"@id":"https:\/\/esment.org\/blogs\/resultats-2023-del-servei-dorientacio-professional-sop-per-a-persones-amb-discapacitat-intel%c2%b7lectual\/#primaryimage"},"thumbnailUrl":"https:\/\/esment.org\/blogs\/wp-content\/uploads\/2024\/05\/P1000601-scaled.jpg","articleSection":{"0":"Destacadas","2":"SOIB SERVICIO DE ORIENTACI\u00d3N PARA LA OCUPACI\u00d3N PARA PERSONAS CON DISCAPACIDAD INTELECTUAL"},"inLanguage":"es","potentialAction":[{"@type":"CommentAction","name":"Comment","target":["https:\/\/esment.org\/blogs\/resultats-2023-del-servei-dorientacio-professional-sop-per-a-persones-amb-discapacitat-intel%c2%b7lectual\/#respond"]}]},{"@type":"WebPage","@id":"https:\/\/esment.org\/blogs\/resultats-2023-del-servei-dorientacio-professional-sop-per-a-persones-amb-discapacitat-intel%c2%b7lectual\/","url":"https:\/\/esment.org\/blogs\/resultats-2023-del-servei-dorientacio-professional-sop-per-a-persones-amb-discapacitat-intel%c2%b7lectual\/","name":"Resultats 2023 del Servei d'Orientaci\u00f3 Professional (SOP) per a persones amb Discapacitat Intel\u00b7lectual - Blog Comunidad Esment","isPartOf":{"@id":"https:\/\/esment.org\/blogs\/#website"},"primaryImageOfPage":{"@id":"https:\/\/esment.org\/blogs\/resultats-2023-del-servei-dorientacio-professional-sop-per-a-persones-amb-discapacitat-intel%c2%b7lectual\/#primaryimage"},"image":{"@id":"https:\/\/esment.org\/blogs\/resultats-2023-del-servei-dorientacio-professional-sop-per-a-persones-amb-discapacitat-intel%c2%b7lectual\/#primaryimage"},"thumbnailUrl":"https:\/\/esment.org\/blogs\/wp-content\/uploads\/2024\/05\/P1000601-scaled.jpg","datePublished":"2024-05-10T11:08:34+00:00","dateModified":"2024-05-10T11:21:32+00:00","breadcrumb":{"@id":"https:\/\/esment.org\/blogs\/resultats-2023-del-servei-dorientacio-professional-sop-per-a-persones-amb-discapacitat-intel%c2%b7lectual\/#breadcrumb"},"inLanguage":"es","potentialAction":[{"@type":"ReadAction","target":["https:\/\/esment.org\/blogs\/resultats-2023-del-servei-dorientacio-professional-sop-per-a-persones-amb-discapacitat-intel%c2%b7lectual\/"]}]},{"@type":"ImageObject","inLanguage":"es","@id":"https:\/\/esment.org\/blogs\/resultats-2023-del-servei-dorientacio-professional-sop-per-a-persones-amb-discapacitat-intel%c2%b7lectual\/#primaryimage","url":"https:\/\/esment.org\/blogs\/wp-content\/uploads\/2024\/05\/P1000601-scaled.jpg","contentUrl":"https:\/\/esment.org\/blogs\/wp-content\/uploads\/2024\/05\/P1000601-scaled.jpg","width":2560,"height":1707},{"@type":"BreadcrumbList","@id":"https:\/\/esment.org\/blogs\/resultats-2023-del-servei-dorientacio-professional-sop-per-a-persones-amb-discapacitat-intel%c2%b7lectual\/#breadcrumb","itemListElement":[{"@type":"ListItem","position":1,"name":"Portada","item":"https:\/\/esment.org\/blogs\/"},{"@type":"ListItem","position":2,"name":"Resultats 2023 del Servei d&#8217;Orientaci\u00f3 Professional (SOP) per a persones amb Discapacitat Intel\u00b7lectual"}]},{"@type":"WebSite","@id":"https:\/\/esment.org\/blogs\/#website","url":"https:\/\/esment.org\/blogs\/","name":"Blog Comunidad Esment","description":"Blogs de Esment","publisher":{"@id":"https:\/\/esment.org\/blogs\/#organization"},"potentialAction":[{"@type":"SearchAction","target":{"@type":"EntryPoint","urlTemplate":"https:\/\/esment.org\/blogs\/?s={search_term_string}"},"query-input":{"@type":"PropertyValueSpecification","valueRequired":true,"valueName":"search_term_string"}}],"inLanguage":"es"},{"@type":"Organization","@id":"https:\/\/esment.org\/blogs\/#organization","name":"Blog Comunidad Esment","url":"https:\/\/esment.org\/blogs\/","logo":{"@type":"ImageObject","inLanguage":"es","@id":"https:\/\/esment.org\/blogs\/#\/schema\/logo\/image\/","url":"https:\/\/esment.org\/blogs\/wp-content\/uploads\/2020\/10\/logo-header.svg","contentUrl":"https:\/\/esment.org\/blogs\/wp-content\/uploads\/2020\/10\/logo-header.svg","caption":"Blog Comunidad Esment"},"image":{"@id":"https:\/\/esment.org\/blogs\/#\/schema\/logo\/image\/"}},{"@type":"Person","@id":"https:\/\/esment.org\/blogs\/#\/schema\/person\/b81c725135ae4d5748a15f5f91986b27","name":"Comunicaci\u00f3","image":{"@type":"ImageObject","inLanguage":"es","@id":"https:\/\/esment.org\/blogs\/#\/schema\/person\/image\/","url":"https:\/\/secure.gravatar.com\/avatar\/88ab8e6ed41c613b22dace6ca23675795f15dc49d30afd5c6feee6c1cc4d0194?s=96&d=mm&r=g","contentUrl":"https:\/\/secure.gravatar.com\/avatar\/88ab8e6ed41c613b22dace6ca23675795f15dc49d30afd5c6feee6c1cc4d0194?s=96&d=mm&r=g","caption":"Comunicaci\u00f3"},"url":"https:\/\/esment.org\/blogs\/author\/alicciagarcia\/"}]}},"_links":{"self":[{"href":"https:\/\/esment.org\/blogs\/wp-json\/wp\/v2\/posts\/23873","targetHints":{"allow":["GET"]}}],"collection":[{"href":"https:\/\/esment.org\/blogs\/wp-json\/wp\/v2\/posts"}],"about":[{"href":"https:\/\/esment.org\/blogs\/wp-json\/wp\/v2\/types\/post"}],"author":[{"embeddable":true,"href":"https:\/\/esment.org\/blogs\/wp-json\/wp\/v2\/users\/2"}],"replies":[{"embeddable":true,"href":"https:\/\/esment.org\/blogs\/wp-json\/wp\/v2\/comments?post=23873"}],"version-history":[{"count":4,"href":"https:\/\/esment.org\/blogs\/wp-json\/wp\/v2\/posts\/23873\/revisions"}],"predecessor-version":[{"id":23879,"href":"https:\/\/esment.org\/blogs\/wp-json\/wp\/v2\/posts\/23873\/revisions\/23879"}],"wp:featuredmedia":[{"embeddable":true,"href":"https:\/\/esment.org\/blogs\/wp-json\/wp\/v2\/media\/23876"}],"wp:attachment":[{"href":"https:\/\/esment.org\/blogs\/wp-json\/wp\/v2\/media?parent=23873"}],"wp:term":[{"taxonomy":"category","embeddable":true,"href":"https:\/\/esment.org\/blogs\/wp-json\/wp\/v2\/categories?post=23873"},{"taxonomy":"post_tag","embeddable":true,"href":"https:\/\/esment.org\/blogs\/wp-json\/wp\/v2\/tags?post=23873"}],"curies":[{"name":"wp","href":"https:\/\/api.w.org\/{rel}","templated":true}]}}