{"id":23713,"date":"2024-04-17T10:59:32","date_gmt":"2024-04-17T10:59:32","guid":{"rendered":"https:\/\/esment.org\/blogs\/?p=23713"},"modified":"2025-06-24T11:11:35","modified_gmt":"2025-06-24T11:11:35","slug":"la-gestora-cultural-y-asesora-de-inclusion-ines-enciso-ofrecera-una-conferencia-en-casa-esment","status":"publish","type":"post","link":"https:\/\/esment.org\/blogs\/la-gestora-cultural-y-asesora-de-inclusion-ines-enciso-ofrecera-una-conferencia-en-casa-esment\/","title":{"rendered":"La gestora cultural y asesora de inclusi\u00f3n, In\u00e9s Enciso, ofrecer\u00e1 una conferencia en Casa Esment"},"content":{"rendered":"<p><span style=\"font-size: 12pt;\">In\u00e9s Enciso, directora art\u00edstica, gestora cultural y asesora de inclusi\u00f3n y accesibilidad del Centro Dram\u00e1tico Nacional, nos acompa\u00f1ar\u00e1 el<strong> pr\u00f3ximo viernes, 3 de mayo, en Casa Esment<\/strong> para hablarnos de como la creatividad y la cultura pueden cambiar el mundo. <\/span><\/p>\n<p><span class=\"OYPEnA text-decoration-none text-strikethrough-none\" style=\"font-size: 12pt;\">Coordinadora del \u00e1rea de Desarrollo e Investigaci\u00f3n en la Academia de las Artes y las Ciencias Cinematogr\u00e1ficas, Enciso compartir\u00e1 con todos nosotros c\u00f3mo naci\u00f3 y en qu\u00e9 consiste el proyecto &#8216;Yo cuento&#8217;, un laboratorio teatral para los pacientes de Neurolog\u00eda pedi\u00e1trica del Hospital Ni\u00f1o Jes\u00fas que naci\u00f3 en el 2021 con el objetivo de mejorar la calidad de vida y el estado de \u00e1nimo de los menores. Su compromiso y determinaci\u00f3n por cambiar la vida de las personas y de los colectivos m\u00e1s vulnerables hizo que fuera reconocida en 2019 con la Medalla de Oro de Cruz Roja.\u00a0<\/span><\/p>\n<p><span style=\"font-size: 12pt;\">La conferencia dar\u00e1 inicio a las<strong> 12.00 h<\/strong> y la entrada ser\u00e1 gratuita hasta completar aforo. Contar\u00e1 con la presentaci\u00f3n de Mar\u00eda del Mar Matas, responsable de gesti\u00f3n de Apropa Cultura Balears, un programa socioeducativo que recoge la oferta de los equipamientos culturales de las islas dirigidos al sector social.\u00a0<\/span><\/p>\n<p><span style=\"font-size: 12pt;\">Las personas que est\u00e9n interesadas en asistir a la conferencia de In\u00e9s Enciso deber\u00e1n inscribirse previamente a trav\u00e9s del correo: <strong>casaesment@esment.org.<\/strong><\/span><\/p>\n<p>&nbsp;<\/p>\n<p>&nbsp;<\/p>\n<p>&nbsp;<\/p>\n<div class=\"et_pb_module et_pb_text et_pb_text_4 et_pb_text_align_left et_pb_bg_layout_light et_had_animation\"><\/div>\n<div class=\"et_pb_module et_pb_text et_pb_text_5 et_pb_text_align_left et_pb_bg_layout_light et_had_animation\">\n<div class=\"et_pb_text_inner\">\n<div class=\"gmail_default\"><\/div>\n<\/div>\n<\/div>\n<p>&nbsp;<\/p>\n<p>&nbsp;<\/p>\n<p>&nbsp;<\/p>\n<p>&nbsp;<\/p>\n","protected":false},"excerpt":{"rendered":"<p>In\u00e9s Enciso, directora art\u00edstica, gestora cultural y asesora de inclusi\u00f3n y accesibilidad del Centro Dram\u00e1tico Nacional, nos acompa\u00f1ar\u00e1 el pr\u00f3ximo viernes, 3 de mayo, en Casa Esment para hablarnos de como la creatividad y la cultura pueden cambiar el mundo. Coordinadora del \u00e1rea de Desarrollo e Investigaci\u00f3n en la Academia de las Artes y las [&hellip;]<\/p>\n","protected":false},"author":5,"featured_media":0,"comment_status":"open","ping_status":"closed","sticky":false,"template":"","format":"standard","meta":{"_acf_changed":false,"footnotes":""},"categories":[1],"tags":[1280,429,580,2087,224,500,1242],"class_list":["post-23713","post","type-post","status-publish","format-standard","hentry","category-sin-categoria","tag-casa-esment","tag-cultura","tag-inclusion","tag-ines-enciso","tag-ninos","tag-teatro","tag-vulnerabilidad"],"acf":[],"yoast_head":"<!-- This site is optimized with the Yoast SEO plugin v26.4 - https:\/\/yoast.com\/wordpress\/plugins\/seo\/ -->\n<title>La gestora cultural y asesora de inclusi\u00f3n, In\u00e9s Enciso, ofrecer\u00e1 una conferencia en Casa Esment - Blog Comunidad Esment<\/title>\n<meta name=\"robots\" content=\"index, follow, max-snippet:-1, max-image-preview:large, max-video-preview:-1\" \/>\n<link rel=\"canonical\" href=\"https:\/\/esment.org\/blogs\/la-gestora-cultural-y-asesora-de-inclusion-ines-enciso-ofrecera-una-conferencia-en-casa-esment\/\" \/>\n<meta property=\"og:locale\" content=\"es_ES\" \/>\n<meta property=\"og:type\" content=\"article\" \/>\n<meta property=\"og:title\" content=\"La gestora cultural y asesora de inclusi\u00f3n, In\u00e9s Enciso, ofrecer\u00e1 una conferencia en Casa Esment - Blog Comunidad Esment\" \/>\n<meta property=\"og:description\" content=\"In\u00e9s Enciso, directora art\u00edstica, gestora cultural y asesora de inclusi\u00f3n y accesibilidad del Centro Dram\u00e1tico Nacional, nos acompa\u00f1ar\u00e1 el pr\u00f3ximo viernes, 3 de mayo, en Casa Esment para hablarnos de como la creatividad y la cultura pueden cambiar el mundo. Coordinadora del \u00e1rea de Desarrollo e Investigaci\u00f3n en la Academia de las Artes y las [&hellip;]\" \/>\n<meta property=\"og:url\" content=\"https:\/\/esment.org\/blogs\/la-gestora-cultural-y-asesora-de-inclusion-ines-enciso-ofrecera-una-conferencia-en-casa-esment\/\" \/>\n<meta property=\"og:site_name\" content=\"Blog Comunidad Esment\" \/>\n<meta property=\"article:published_time\" content=\"2024-04-17T10:59:32+00:00\" \/>\n<meta property=\"article:modified_time\" content=\"2025-06-24T11:11:35+00:00\" \/>\n<meta name=\"author\" content=\"Yolanda Tarramera\" \/>\n<meta name=\"twitter:card\" content=\"summary_large_image\" \/>\n<meta name=\"twitter:label1\" content=\"Escrito por\" \/>\n\t<meta name=\"twitter:data1\" content=\"Yolanda Tarramera\" \/>\n\t<meta name=\"twitter:label2\" content=\"Tiempo de lectura\" \/>\n\t<meta name=\"twitter:data2\" content=\"2 minutos\" \/>\n<script type=\"application\/ld+json\" class=\"yoast-schema-graph\">{\"@context\":\"https:\/\/schema.org\",\"@graph\":[{\"@type\":\"Article\",\"@id\":\"https:\/\/esment.org\/blogs\/la-gestora-cultural-y-asesora-de-inclusion-ines-enciso-ofrecera-una-conferencia-en-casa-esment\/#article\",\"isPartOf\":{\"@id\":\"https:\/\/esment.org\/blogs\/la-gestora-cultural-y-asesora-de-inclusion-ines-enciso-ofrecera-una-conferencia-en-casa-esment\/\"},\"author\":{\"name\":\"Yolanda Tarramera\",\"@id\":\"https:\/\/esment.org\/blogs\/#\/schema\/person\/d2af4a49059695d7ca3491e0498d6b36\"},\"headline\":\"La gestora cultural y asesora de inclusi\u00f3n, In\u00e9s Enciso, ofrecer\u00e1 una conferencia en Casa Esment\",\"datePublished\":\"2024-04-17T10:59:32+00:00\",\"dateModified\":\"2025-06-24T11:11:35+00:00\",\"mainEntityOfPage\":{\"@id\":\"https:\/\/esment.org\/blogs\/la-gestora-cultural-y-asesora-de-inclusion-ines-enciso-ofrecera-una-conferencia-en-casa-esment\/\"},\"wordCount\":253,\"commentCount\":0,\"publisher\":{\"@id\":\"https:\/\/esment.org\/blogs\/#organization\"},\"keywords\":[\"casa esment\",\"cultura\",\"inclusi\u00f3n\",\"In\u00e9s Enciso\",\"ni\u00f1os\",\"teatro\",\"vulnerabilidad\"],\"inLanguage\":\"es\",\"potentialAction\":[{\"@type\":\"CommentAction\",\"name\":\"Comment\",\"target\":[\"https:\/\/esment.org\/blogs\/la-gestora-cultural-y-asesora-de-inclusion-ines-enciso-ofrecera-una-conferencia-en-casa-esment\/#respond\"]}]},{\"@type\":\"WebPage\",\"@id\":\"https:\/\/esment.org\/blogs\/la-gestora-cultural-y-asesora-de-inclusion-ines-enciso-ofrecera-una-conferencia-en-casa-esment\/\",\"url\":\"https:\/\/esment.org\/blogs\/la-gestora-cultural-y-asesora-de-inclusion-ines-enciso-ofrecera-una-conferencia-en-casa-esment\/\",\"name\":\"La gestora cultural y asesora de inclusi\u00f3n, In\u00e9s Enciso, ofrecer\u00e1 una conferencia en Casa Esment - Blog Comunidad Esment\",\"isPartOf\":{\"@id\":\"https:\/\/esment.org\/blogs\/#website\"},\"datePublished\":\"2024-04-17T10:59:32+00:00\",\"dateModified\":\"2025-06-24T11:11:35+00:00\",\"breadcrumb\":{\"@id\":\"https:\/\/esment.org\/blogs\/la-gestora-cultural-y-asesora-de-inclusion-ines-enciso-ofrecera-una-conferencia-en-casa-esment\/#breadcrumb\"},\"inLanguage\":\"es\",\"potentialAction\":[{\"@type\":\"ReadAction\",\"target\":[\"https:\/\/esment.org\/blogs\/la-gestora-cultural-y-asesora-de-inclusion-ines-enciso-ofrecera-una-conferencia-en-casa-esment\/\"]}]},{\"@type\":\"BreadcrumbList\",\"@id\":\"https:\/\/esment.org\/blogs\/la-gestora-cultural-y-asesora-de-inclusion-ines-enciso-ofrecera-una-conferencia-en-casa-esment\/#breadcrumb\",\"itemListElement\":[{\"@type\":\"ListItem\",\"position\":1,\"name\":\"Portada\",\"item\":\"https:\/\/esment.org\/blogs\/\"},{\"@type\":\"ListItem\",\"position\":2,\"name\":\"La gestora cultural y asesora de inclusi\u00f3n, In\u00e9s Enciso, ofrecer\u00e1 una conferencia en Casa Esment\"}]},{\"@type\":\"WebSite\",\"@id\":\"https:\/\/esment.org\/blogs\/#website\",\"url\":\"https:\/\/esment.org\/blogs\/\",\"name\":\"Blog Comunidad Esment\",\"description\":\"Blogs de Esment\",\"publisher\":{\"@id\":\"https:\/\/esment.org\/blogs\/#organization\"},\"potentialAction\":[{\"@type\":\"SearchAction\",\"target\":{\"@type\":\"EntryPoint\",\"urlTemplate\":\"https:\/\/esment.org\/blogs\/?s={search_term_string}\"},\"query-input\":{\"@type\":\"PropertyValueSpecification\",\"valueRequired\":true,\"valueName\":\"search_term_string\"}}],\"inLanguage\":\"es\"},{\"@type\":\"Organization\",\"@id\":\"https:\/\/esment.org\/blogs\/#organization\",\"name\":\"Blog Comunidad Esment\",\"url\":\"https:\/\/esment.org\/blogs\/\",\"logo\":{\"@type\":\"ImageObject\",\"inLanguage\":\"es\",\"@id\":\"https:\/\/esment.org\/blogs\/#\/schema\/logo\/image\/\",\"url\":\"https:\/\/esment.org\/blogs\/wp-content\/uploads\/2020\/10\/logo-header.svg\",\"contentUrl\":\"https:\/\/esment.org\/blogs\/wp-content\/uploads\/2020\/10\/logo-header.svg\",\"caption\":\"Blog Comunidad Esment\"},\"image\":{\"@id\":\"https:\/\/esment.org\/blogs\/#\/schema\/logo\/image\/\"}},{\"@type\":\"Person\",\"@id\":\"https:\/\/esment.org\/blogs\/#\/schema\/person\/d2af4a49059695d7ca3491e0498d6b36\",\"name\":\"Yolanda Tarramera\",\"image\":{\"@type\":\"ImageObject\",\"inLanguage\":\"es\",\"@id\":\"https:\/\/esment.org\/blogs\/#\/schema\/person\/image\/\",\"url\":\"https:\/\/secure.gravatar.com\/avatar\/c93060ec77db68f5fefd782408bed5a5005bb0b119c5ece6cdbf5ad8631c6e5b?s=96&d=mm&r=g\",\"contentUrl\":\"https:\/\/secure.gravatar.com\/avatar\/c93060ec77db68f5fefd782408bed5a5005bb0b119c5ece6cdbf5ad8631c6e5b?s=96&d=mm&r=g\",\"caption\":\"Yolanda Tarramera\"},\"url\":\"https:\/\/esment.org\/blogs\/author\/yolanda-tarramera\/\"}]}<\/script>\n<!-- \/ Yoast SEO plugin. -->","yoast_head_json":{"title":"La gestora cultural y asesora de inclusi\u00f3n, In\u00e9s Enciso, ofrecer\u00e1 una conferencia en Casa Esment - Blog Comunidad Esment","robots":{"index":"index","follow":"follow","max-snippet":"max-snippet:-1","max-image-preview":"max-image-preview:large","max-video-preview":"max-video-preview:-1"},"canonical":"https:\/\/esment.org\/blogs\/la-gestora-cultural-y-asesora-de-inclusion-ines-enciso-ofrecera-una-conferencia-en-casa-esment\/","og_locale":"es_ES","og_type":"article","og_title":"La gestora cultural y asesora de inclusi\u00f3n, In\u00e9s Enciso, ofrecer\u00e1 una conferencia en Casa Esment - Blog Comunidad Esment","og_description":"In\u00e9s Enciso, directora art\u00edstica, gestora cultural y asesora de inclusi\u00f3n y accesibilidad del Centro Dram\u00e1tico Nacional, nos acompa\u00f1ar\u00e1 el pr\u00f3ximo viernes, 3 de mayo, en Casa Esment para hablarnos de como la creatividad y la cultura pueden cambiar el mundo. Coordinadora del \u00e1rea de Desarrollo e Investigaci\u00f3n en la Academia de las Artes y las [&hellip;]","og_url":"https:\/\/esment.org\/blogs\/la-gestora-cultural-y-asesora-de-inclusion-ines-enciso-ofrecera-una-conferencia-en-casa-esment\/","og_site_name":"Blog Comunidad Esment","article_published_time":"2024-04-17T10:59:32+00:00","article_modified_time":"2025-06-24T11:11:35+00:00","author":"Yolanda Tarramera","twitter_card":"summary_large_image","twitter_misc":{"Escrito por":"Yolanda Tarramera","Tiempo de lectura":"2 minutos"},"schema":{"@context":"https:\/\/schema.org","@graph":[{"@type":"Article","@id":"https:\/\/esment.org\/blogs\/la-gestora-cultural-y-asesora-de-inclusion-ines-enciso-ofrecera-una-conferencia-en-casa-esment\/#article","isPartOf":{"@id":"https:\/\/esment.org\/blogs\/la-gestora-cultural-y-asesora-de-inclusion-ines-enciso-ofrecera-una-conferencia-en-casa-esment\/"},"author":{"name":"Yolanda Tarramera","@id":"https:\/\/esment.org\/blogs\/#\/schema\/person\/d2af4a49059695d7ca3491e0498d6b36"},"headline":"La gestora cultural y asesora de inclusi\u00f3n, In\u00e9s Enciso, ofrecer\u00e1 una conferencia en Casa Esment","datePublished":"2024-04-17T10:59:32+00:00","dateModified":"2025-06-24T11:11:35+00:00","mainEntityOfPage":{"@id":"https:\/\/esment.org\/blogs\/la-gestora-cultural-y-asesora-de-inclusion-ines-enciso-ofrecera-una-conferencia-en-casa-esment\/"},"wordCount":253,"commentCount":0,"publisher":{"@id":"https:\/\/esment.org\/blogs\/#organization"},"keywords":["casa esment","cultura","inclusi\u00f3n","In\u00e9s Enciso","ni\u00f1os","teatro","vulnerabilidad"],"inLanguage":"es","potentialAction":[{"@type":"CommentAction","name":"Comment","target":["https:\/\/esment.org\/blogs\/la-gestora-cultural-y-asesora-de-inclusion-ines-enciso-ofrecera-una-conferencia-en-casa-esment\/#respond"]}]},{"@type":"WebPage","@id":"https:\/\/esment.org\/blogs\/la-gestora-cultural-y-asesora-de-inclusion-ines-enciso-ofrecera-una-conferencia-en-casa-esment\/","url":"https:\/\/esment.org\/blogs\/la-gestora-cultural-y-asesora-de-inclusion-ines-enciso-ofrecera-una-conferencia-en-casa-esment\/","name":"La gestora cultural y asesora de inclusi\u00f3n, In\u00e9s Enciso, ofrecer\u00e1 una conferencia en Casa Esment - Blog Comunidad Esment","isPartOf":{"@id":"https:\/\/esment.org\/blogs\/#website"},"datePublished":"2024-04-17T10:59:32+00:00","dateModified":"2025-06-24T11:11:35+00:00","breadcrumb":{"@id":"https:\/\/esment.org\/blogs\/la-gestora-cultural-y-asesora-de-inclusion-ines-enciso-ofrecera-una-conferencia-en-casa-esment\/#breadcrumb"},"inLanguage":"es","potentialAction":[{"@type":"ReadAction","target":["https:\/\/esment.org\/blogs\/la-gestora-cultural-y-asesora-de-inclusion-ines-enciso-ofrecera-una-conferencia-en-casa-esment\/"]}]},{"@type":"BreadcrumbList","@id":"https:\/\/esment.org\/blogs\/la-gestora-cultural-y-asesora-de-inclusion-ines-enciso-ofrecera-una-conferencia-en-casa-esment\/#breadcrumb","itemListElement":[{"@type":"ListItem","position":1,"name":"Portada","item":"https:\/\/esment.org\/blogs\/"},{"@type":"ListItem","position":2,"name":"La gestora cultural y asesora de inclusi\u00f3n, In\u00e9s Enciso, ofrecer\u00e1 una conferencia en Casa Esment"}]},{"@type":"WebSite","@id":"https:\/\/esment.org\/blogs\/#website","url":"https:\/\/esment.org\/blogs\/","name":"Blog Comunidad Esment","description":"Blogs de Esment","publisher":{"@id":"https:\/\/esment.org\/blogs\/#organization"},"potentialAction":[{"@type":"SearchAction","target":{"@type":"EntryPoint","urlTemplate":"https:\/\/esment.org\/blogs\/?s={search_term_string}"},"query-input":{"@type":"PropertyValueSpecification","valueRequired":true,"valueName":"search_term_string"}}],"inLanguage":"es"},{"@type":"Organization","@id":"https:\/\/esment.org\/blogs\/#organization","name":"Blog Comunidad Esment","url":"https:\/\/esment.org\/blogs\/","logo":{"@type":"ImageObject","inLanguage":"es","@id":"https:\/\/esment.org\/blogs\/#\/schema\/logo\/image\/","url":"https:\/\/esment.org\/blogs\/wp-content\/uploads\/2020\/10\/logo-header.svg","contentUrl":"https:\/\/esment.org\/blogs\/wp-content\/uploads\/2020\/10\/logo-header.svg","caption":"Blog Comunidad Esment"},"image":{"@id":"https:\/\/esment.org\/blogs\/#\/schema\/logo\/image\/"}},{"@type":"Person","@id":"https:\/\/esment.org\/blogs\/#\/schema\/person\/d2af4a49059695d7ca3491e0498d6b36","name":"Yolanda Tarramera","image":{"@type":"ImageObject","inLanguage":"es","@id":"https:\/\/esment.org\/blogs\/#\/schema\/person\/image\/","url":"https:\/\/secure.gravatar.com\/avatar\/c93060ec77db68f5fefd782408bed5a5005bb0b119c5ece6cdbf5ad8631c6e5b?s=96&d=mm&r=g","contentUrl":"https:\/\/secure.gravatar.com\/avatar\/c93060ec77db68f5fefd782408bed5a5005bb0b119c5ece6cdbf5ad8631c6e5b?s=96&d=mm&r=g","caption":"Yolanda Tarramera"},"url":"https:\/\/esment.org\/blogs\/author\/yolanda-tarramera\/"}]}},"_links":{"self":[{"href":"https:\/\/esment.org\/blogs\/wp-json\/wp\/v2\/posts\/23713","targetHints":{"allow":["GET"]}}],"collection":[{"href":"https:\/\/esment.org\/blogs\/wp-json\/wp\/v2\/posts"}],"about":[{"href":"https:\/\/esment.org\/blogs\/wp-json\/wp\/v2\/types\/post"}],"author":[{"embeddable":true,"href":"https:\/\/esment.org\/blogs\/wp-json\/wp\/v2\/users\/5"}],"replies":[{"embeddable":true,"href":"https:\/\/esment.org\/blogs\/wp-json\/wp\/v2\/comments?post=23713"}],"version-history":[{"count":7,"href":"https:\/\/esment.org\/blogs\/wp-json\/wp\/v2\/posts\/23713\/revisions"}],"predecessor-version":[{"id":27007,"href":"https:\/\/esment.org\/blogs\/wp-json\/wp\/v2\/posts\/23713\/revisions\/27007"}],"wp:attachment":[{"href":"https:\/\/esment.org\/blogs\/wp-json\/wp\/v2\/media?parent=23713"}],"wp:term":[{"taxonomy":"category","embeddable":true,"href":"https:\/\/esment.org\/blogs\/wp-json\/wp\/v2\/categories?post=23713"},{"taxonomy":"post_tag","embeddable":true,"href":"https:\/\/esment.org\/blogs\/wp-json\/wp\/v2\/tags?post=23713"}],"curies":[{"name":"wp","href":"https:\/\/api.w.org\/{rel}","templated":true}]}}