{"id":23651,"date":"2024-03-26T12:42:16","date_gmt":"2024-03-26T12:42:16","guid":{"rendered":"https:\/\/esment.org\/blogs\/?p=23651"},"modified":"2024-03-26T16:25:18","modified_gmt":"2024-03-26T16:25:18","slug":"mas-de-un-centenar-de-personas-se-benefician-del-irpf-social-a-traves-de-esment","status":"publish","type":"post","link":"https:\/\/esment.org\/blogs\/mas-de-un-centenar-de-personas-se-benefician-del-irpf-social-a-traves-de-esment\/","title":{"rendered":"M\u00e9s d&#8217;un centenar de persones d&#8217;Esment es beneficien de l&#8217;IRPF social"},"content":{"rendered":"<p>Durant el 2023, m\u00e9s d&#8217;un centenar de persones es van beneficiar directament del programa d&#8217;ajudes que desenvolupa Esment amb fons procedents de la \u00abX Solid\u00e0ria\u00bb de la declaraci\u00f3 de la renda, concretament, amb l&#8217;assignaci\u00f3 tribut\u00e0ria del 0,7% de l&#8217;IRPF.<\/p>\n<p>En aquest primer any de la convocat\u00f2ria 2023-24, el programa ha comptat amb tres l\u00ednies d&#8217;actuaci\u00f3. D&#8217;una banda, s&#8217;han destinat ajudes econ\u00f2miques a 36 persones en risc de pobresa i exclusi\u00f3 social per un valor de 48.000 \u20ac. En una segona l\u00ednia d&#8217;acci\u00f3, 28 familiars de persones que reben suport a Esment i es troben en situaci\u00f3 d&#8217;alta vulnerabilitat han pogut beneficiar-se d&#8217;un servei d&#8217;atenci\u00f3 integral comunit\u00e0ria.<\/p>\n<p>Finalment, s&#8217;han at\u00e8s 37 familiars i persones amb necessitats de suport que, per una situaci\u00f3 de vulnerabilitat pr\u00f2pia o del seu entorn, han necessitat del servei de conciliaci\u00f3 per ser ateses en un habitatge amb els suports necessaris. Concretament, es van realitzar 730 estades nocturnes als apartaments de Via 10, i altres estades di\u00fcrnes.<\/p>\n<p>Aquest programa seguir\u00e0 desenvolupant-se al llarg del 2024 amb l&#8217;objectiu de poder continuar prestant suports econ\u00f2mics i professionals tant a les persones amb necessitats de suport com a les fam\u00edlies que es trobin en una situaci\u00f3 de vulnerabilitat<\/p>\n<div>\n<p>&nbsp;<\/p>\n<p><img fetchpriority=\"high\" decoding=\"async\" class=\"alignnone size-medium wp-image-23658\" src=\"https:\/\/esment.org\/blogs\/wp-content\/uploads\/2024\/03\/CONSELLERA_FAM_AFE_SOC_COL-300x255.png\" alt=\"\" width=\"300\" height=\"255\" srcset=\"https:\/\/esment.org\/blogs\/wp-content\/uploads\/2024\/03\/CONSELLERA_FAM_AFE_SOC_COL-300x255.png 300w, https:\/\/esment.org\/blogs\/wp-content\/uploads\/2024\/03\/CONSELLERA_FAM_AFE_SOC_COL-1024x871.png 1024w, https:\/\/esment.org\/blogs\/wp-content\/uploads\/2024\/03\/CONSELLERA_FAM_AFE_SOC_COL-768x653.png 768w, https:\/\/esment.org\/blogs\/wp-content\/uploads\/2024\/03\/CONSELLERA_FAM_AFE_SOC_COL.png 1395w\" sizes=\"(max-width: 300px) 100vw, 300px\" \/> <img decoding=\"async\" class=\"alignnone size-medium wp-image-23659\" src=\"https:\/\/esment.org\/blogs\/wp-content\/uploads\/2024\/03\/07-IRPF-300x300-1.png\" alt=\"\" width=\"300\" height=\"300\" srcset=\"https:\/\/esment.org\/blogs\/wp-content\/uploads\/2024\/03\/07-IRPF-300x300-1.png 300w, https:\/\/esment.org\/blogs\/wp-content\/uploads\/2024\/03\/07-IRPF-300x300-1-150x150.png 150w\" sizes=\"(max-width: 300px) 100vw, 300px\" \/><\/p>\n<\/div>\n","protected":false},"excerpt":{"rendered":"<p>Durant el 2023, m\u00e9s d&#8217;un centenar de persones es van beneficiar directament del programa d&#8217;ajudes que desenvolupa Esment amb fons procedents de la \u00abX Solid\u00e0ria\u00bb de la declaraci\u00f3 de la renda, concretament, amb l&#8217;assignaci\u00f3 tribut\u00e0ria del 0,7% de l&#8217;IRPF. En aquest primer any de la convocat\u00f2ria 2023-24, el programa ha comptat amb tres l\u00ednies d&#8217;actuaci\u00f3. [&hellip;]<\/p>\n","protected":false},"author":5,"featured_media":23655,"comment_status":"open","ping_status":"closed","sticky":false,"template":"","format":"standard","meta":{"_acf_changed":false,"footnotes":""},"categories":[2060,1],"tags":[2078,614,227,747,1242],"class_list":["post-23651","post","type-post","status-publish","format-standard","has-post-thumbnail","hentry","category-familias","category-sin-categoria","tag-2078","tag-ayudas","tag-familias-2","tag-irpf","tag-vulnerabilidad"],"acf":[],"yoast_head":"<!-- This site is optimized with the Yoast SEO plugin v26.4 - https:\/\/yoast.com\/wordpress\/plugins\/seo\/ -->\n<title>M\u00e9s d&#039;un centenar de persones d&#039;Esment es beneficien de l&#039;IRPF social - Blog Comunidad Esment<\/title>\n<meta name=\"robots\" content=\"index, follow, max-snippet:-1, max-image-preview:large, max-video-preview:-1\" \/>\n<link rel=\"canonical\" href=\"https:\/\/esment.org\/blogs\/mas-de-un-centenar-de-personas-se-benefician-del-irpf-social-a-traves-de-esment\/\" \/>\n<meta property=\"og:locale\" content=\"es_ES\" \/>\n<meta property=\"og:type\" content=\"article\" \/>\n<meta property=\"og:title\" content=\"M\u00e9s d&#039;un centenar de persones d&#039;Esment es beneficien de l&#039;IRPF social - Blog Comunidad Esment\" \/>\n<meta property=\"og:description\" content=\"Durant el 2023, m\u00e9s d&#8217;un centenar de persones es van beneficiar directament del programa d&#8217;ajudes que desenvolupa Esment amb fons procedents de la \u00abX Solid\u00e0ria\u00bb de la declaraci\u00f3 de la renda, concretament, amb l&#8217;assignaci\u00f3 tribut\u00e0ria del 0,7% de l&#8217;IRPF. En aquest primer any de la convocat\u00f2ria 2023-24, el programa ha comptat amb tres l\u00ednies d&#8217;actuaci\u00f3. [&hellip;]\" \/>\n<meta property=\"og:url\" content=\"https:\/\/esment.org\/blogs\/mas-de-un-centenar-de-personas-se-benefician-del-irpf-social-a-traves-de-esment\/\" \/>\n<meta property=\"og:site_name\" content=\"Blog Comunidad Esment\" \/>\n<meta property=\"article:published_time\" content=\"2024-03-26T12:42:16+00:00\" \/>\n<meta property=\"article:modified_time\" content=\"2024-03-26T16:25:18+00:00\" \/>\n<meta property=\"og:image\" content=\"https:\/\/esment.org\/blogs\/wp-content\/uploads\/2024\/03\/vida-familiar.png\" \/>\n\t<meta property=\"og:image:width\" content=\"1400\" \/>\n\t<meta property=\"og:image:height\" content=\"731\" \/>\n\t<meta property=\"og:image:type\" content=\"image\/png\" \/>\n<meta name=\"author\" content=\"Yolanda Tarramera\" \/>\n<meta name=\"twitter:card\" content=\"summary_large_image\" \/>\n<meta name=\"twitter:label1\" content=\"Escrito por\" \/>\n\t<meta name=\"twitter:data1\" content=\"Yolanda Tarramera\" \/>\n\t<meta name=\"twitter:label2\" content=\"Tiempo de lectura\" \/>\n\t<meta name=\"twitter:data2\" content=\"2 minutos\" \/>\n<script type=\"application\/ld+json\" class=\"yoast-schema-graph\">{\"@context\":\"https:\/\/schema.org\",\"@graph\":[{\"@type\":\"Article\",\"@id\":\"https:\/\/esment.org\/blogs\/mas-de-un-centenar-de-personas-se-benefician-del-irpf-social-a-traves-de-esment\/#article\",\"isPartOf\":{\"@id\":\"https:\/\/esment.org\/blogs\/mas-de-un-centenar-de-personas-se-benefician-del-irpf-social-a-traves-de-esment\/\"},\"author\":{\"name\":\"Yolanda Tarramera\",\"@id\":\"https:\/\/esment.org\/blogs\/#\/schema\/person\/d2af4a49059695d7ca3491e0498d6b36\"},\"headline\":\"M\u00e9s d&#8217;un centenar de persones d&#8217;Esment es beneficien de l&#8217;IRPF social\",\"datePublished\":\"2024-03-26T12:42:16+00:00\",\"dateModified\":\"2024-03-26T16:25:18+00:00\",\"mainEntityOfPage\":{\"@id\":\"https:\/\/esment.org\/blogs\/mas-de-un-centenar-de-personas-se-benefician-del-irpf-social-a-traves-de-esment\/\"},\"wordCount\":214,\"commentCount\":0,\"publisher\":{\"@id\":\"https:\/\/esment.org\/blogs\/#organization\"},\"image\":{\"@id\":\"https:\/\/esment.org\/blogs\/mas-de-un-centenar-de-personas-se-benefician-del-irpf-social-a-traves-de-esment\/#primaryimage\"},\"thumbnailUrl\":\"https:\/\/esment.org\/blogs\/wp-content\/uploads\/2024\/03\/vida-familiar.png\",\"keywords\":[\"0'7%\",\"ayudas\",\"familias\",\"irpf\",\"vulnerabilidad\"],\"articleSection\":[\"Familias\"],\"inLanguage\":\"es\",\"potentialAction\":[{\"@type\":\"CommentAction\",\"name\":\"Comment\",\"target\":[\"https:\/\/esment.org\/blogs\/mas-de-un-centenar-de-personas-se-benefician-del-irpf-social-a-traves-de-esment\/#respond\"]}]},{\"@type\":\"WebPage\",\"@id\":\"https:\/\/esment.org\/blogs\/mas-de-un-centenar-de-personas-se-benefician-del-irpf-social-a-traves-de-esment\/\",\"url\":\"https:\/\/esment.org\/blogs\/mas-de-un-centenar-de-personas-se-benefician-del-irpf-social-a-traves-de-esment\/\",\"name\":\"M\u00e9s d'un centenar de persones d'Esment es beneficien de l'IRPF social - Blog Comunidad Esment\",\"isPartOf\":{\"@id\":\"https:\/\/esment.org\/blogs\/#website\"},\"primaryImageOfPage\":{\"@id\":\"https:\/\/esment.org\/blogs\/mas-de-un-centenar-de-personas-se-benefician-del-irpf-social-a-traves-de-esment\/#primaryimage\"},\"image\":{\"@id\":\"https:\/\/esment.org\/blogs\/mas-de-un-centenar-de-personas-se-benefician-del-irpf-social-a-traves-de-esment\/#primaryimage\"},\"thumbnailUrl\":\"https:\/\/esment.org\/blogs\/wp-content\/uploads\/2024\/03\/vida-familiar.png\",\"datePublished\":\"2024-03-26T12:42:16+00:00\",\"dateModified\":\"2024-03-26T16:25:18+00:00\",\"breadcrumb\":{\"@id\":\"https:\/\/esment.org\/blogs\/mas-de-un-centenar-de-personas-se-benefician-del-irpf-social-a-traves-de-esment\/#breadcrumb\"},\"inLanguage\":\"es\",\"potentialAction\":[{\"@type\":\"ReadAction\",\"target\":[\"https:\/\/esment.org\/blogs\/mas-de-un-centenar-de-personas-se-benefician-del-irpf-social-a-traves-de-esment\/\"]}]},{\"@type\":\"ImageObject\",\"inLanguage\":\"es\",\"@id\":\"https:\/\/esment.org\/blogs\/mas-de-un-centenar-de-personas-se-benefician-del-irpf-social-a-traves-de-esment\/#primaryimage\",\"url\":\"https:\/\/esment.org\/blogs\/wp-content\/uploads\/2024\/03\/vida-familiar.png\",\"contentUrl\":\"https:\/\/esment.org\/blogs\/wp-content\/uploads\/2024\/03\/vida-familiar.png\",\"width\":1400,\"height\":731},{\"@type\":\"BreadcrumbList\",\"@id\":\"https:\/\/esment.org\/blogs\/mas-de-un-centenar-de-personas-se-benefician-del-irpf-social-a-traves-de-esment\/#breadcrumb\",\"itemListElement\":[{\"@type\":\"ListItem\",\"position\":1,\"name\":\"Portada\",\"item\":\"https:\/\/esment.org\/blogs\/\"},{\"@type\":\"ListItem\",\"position\":2,\"name\":\"M\u00e9s d&#8217;un centenar de persones d&#8217;Esment es beneficien de l&#8217;IRPF social\"}]},{\"@type\":\"WebSite\",\"@id\":\"https:\/\/esment.org\/blogs\/#website\",\"url\":\"https:\/\/esment.org\/blogs\/\",\"name\":\"Blog Comunidad Esment\",\"description\":\"Blogs de Esment\",\"publisher\":{\"@id\":\"https:\/\/esment.org\/blogs\/#organization\"},\"potentialAction\":[{\"@type\":\"SearchAction\",\"target\":{\"@type\":\"EntryPoint\",\"urlTemplate\":\"https:\/\/esment.org\/blogs\/?s={search_term_string}\"},\"query-input\":{\"@type\":\"PropertyValueSpecification\",\"valueRequired\":true,\"valueName\":\"search_term_string\"}}],\"inLanguage\":\"es\"},{\"@type\":\"Organization\",\"@id\":\"https:\/\/esment.org\/blogs\/#organization\",\"name\":\"Blog Comunidad Esment\",\"url\":\"https:\/\/esment.org\/blogs\/\",\"logo\":{\"@type\":\"ImageObject\",\"inLanguage\":\"es\",\"@id\":\"https:\/\/esment.org\/blogs\/#\/schema\/logo\/image\/\",\"url\":\"https:\/\/esment.org\/blogs\/wp-content\/uploads\/2020\/10\/logo-header.svg\",\"contentUrl\":\"https:\/\/esment.org\/blogs\/wp-content\/uploads\/2020\/10\/logo-header.svg\",\"caption\":\"Blog Comunidad Esment\"},\"image\":{\"@id\":\"https:\/\/esment.org\/blogs\/#\/schema\/logo\/image\/\"}},{\"@type\":\"Person\",\"@id\":\"https:\/\/esment.org\/blogs\/#\/schema\/person\/d2af4a49059695d7ca3491e0498d6b36\",\"name\":\"Yolanda Tarramera\",\"image\":{\"@type\":\"ImageObject\",\"inLanguage\":\"es\",\"@id\":\"https:\/\/esment.org\/blogs\/#\/schema\/person\/image\/\",\"url\":\"https:\/\/secure.gravatar.com\/avatar\/c93060ec77db68f5fefd782408bed5a5005bb0b119c5ece6cdbf5ad8631c6e5b?s=96&d=mm&r=g\",\"contentUrl\":\"https:\/\/secure.gravatar.com\/avatar\/c93060ec77db68f5fefd782408bed5a5005bb0b119c5ece6cdbf5ad8631c6e5b?s=96&d=mm&r=g\",\"caption\":\"Yolanda Tarramera\"},\"url\":\"https:\/\/esment.org\/blogs\/author\/yolanda-tarramera\/\"}]}<\/script>\n<!-- \/ Yoast SEO plugin. -->","yoast_head_json":{"title":"M\u00e9s d'un centenar de persones d'Esment es beneficien de l'IRPF social - Blog Comunidad Esment","robots":{"index":"index","follow":"follow","max-snippet":"max-snippet:-1","max-image-preview":"max-image-preview:large","max-video-preview":"max-video-preview:-1"},"canonical":"https:\/\/esment.org\/blogs\/mas-de-un-centenar-de-personas-se-benefician-del-irpf-social-a-traves-de-esment\/","og_locale":"es_ES","og_type":"article","og_title":"M\u00e9s d'un centenar de persones d'Esment es beneficien de l'IRPF social - Blog Comunidad Esment","og_description":"Durant el 2023, m\u00e9s d&#8217;un centenar de persones es van beneficiar directament del programa d&#8217;ajudes que desenvolupa Esment amb fons procedents de la \u00abX Solid\u00e0ria\u00bb de la declaraci\u00f3 de la renda, concretament, amb l&#8217;assignaci\u00f3 tribut\u00e0ria del 0,7% de l&#8217;IRPF. En aquest primer any de la convocat\u00f2ria 2023-24, el programa ha comptat amb tres l\u00ednies d&#8217;actuaci\u00f3. [&hellip;]","og_url":"https:\/\/esment.org\/blogs\/mas-de-un-centenar-de-personas-se-benefician-del-irpf-social-a-traves-de-esment\/","og_site_name":"Blog Comunidad Esment","article_published_time":"2024-03-26T12:42:16+00:00","article_modified_time":"2024-03-26T16:25:18+00:00","og_image":[{"width":1400,"height":731,"url":"https:\/\/esment.org\/blogs\/wp-content\/uploads\/2024\/03\/vida-familiar.png","type":"image\/png"}],"author":"Yolanda Tarramera","twitter_card":"summary_large_image","twitter_misc":{"Escrito por":"Yolanda Tarramera","Tiempo de lectura":"2 minutos"},"schema":{"@context":"https:\/\/schema.org","@graph":[{"@type":"Article","@id":"https:\/\/esment.org\/blogs\/mas-de-un-centenar-de-personas-se-benefician-del-irpf-social-a-traves-de-esment\/#article","isPartOf":{"@id":"https:\/\/esment.org\/blogs\/mas-de-un-centenar-de-personas-se-benefician-del-irpf-social-a-traves-de-esment\/"},"author":{"name":"Yolanda Tarramera","@id":"https:\/\/esment.org\/blogs\/#\/schema\/person\/d2af4a49059695d7ca3491e0498d6b36"},"headline":"M\u00e9s d&#8217;un centenar de persones d&#8217;Esment es beneficien de l&#8217;IRPF social","datePublished":"2024-03-26T12:42:16+00:00","dateModified":"2024-03-26T16:25:18+00:00","mainEntityOfPage":{"@id":"https:\/\/esment.org\/blogs\/mas-de-un-centenar-de-personas-se-benefician-del-irpf-social-a-traves-de-esment\/"},"wordCount":214,"commentCount":0,"publisher":{"@id":"https:\/\/esment.org\/blogs\/#organization"},"image":{"@id":"https:\/\/esment.org\/blogs\/mas-de-un-centenar-de-personas-se-benefician-del-irpf-social-a-traves-de-esment\/#primaryimage"},"thumbnailUrl":"https:\/\/esment.org\/blogs\/wp-content\/uploads\/2024\/03\/vida-familiar.png","keywords":["0'7%","ayudas","familias","irpf","vulnerabilidad"],"articleSection":["Familias"],"inLanguage":"es","potentialAction":[{"@type":"CommentAction","name":"Comment","target":["https:\/\/esment.org\/blogs\/mas-de-un-centenar-de-personas-se-benefician-del-irpf-social-a-traves-de-esment\/#respond"]}]},{"@type":"WebPage","@id":"https:\/\/esment.org\/blogs\/mas-de-un-centenar-de-personas-se-benefician-del-irpf-social-a-traves-de-esment\/","url":"https:\/\/esment.org\/blogs\/mas-de-un-centenar-de-personas-se-benefician-del-irpf-social-a-traves-de-esment\/","name":"M\u00e9s d'un centenar de persones d'Esment es beneficien de l'IRPF social - Blog Comunidad Esment","isPartOf":{"@id":"https:\/\/esment.org\/blogs\/#website"},"primaryImageOfPage":{"@id":"https:\/\/esment.org\/blogs\/mas-de-un-centenar-de-personas-se-benefician-del-irpf-social-a-traves-de-esment\/#primaryimage"},"image":{"@id":"https:\/\/esment.org\/blogs\/mas-de-un-centenar-de-personas-se-benefician-del-irpf-social-a-traves-de-esment\/#primaryimage"},"thumbnailUrl":"https:\/\/esment.org\/blogs\/wp-content\/uploads\/2024\/03\/vida-familiar.png","datePublished":"2024-03-26T12:42:16+00:00","dateModified":"2024-03-26T16:25:18+00:00","breadcrumb":{"@id":"https:\/\/esment.org\/blogs\/mas-de-un-centenar-de-personas-se-benefician-del-irpf-social-a-traves-de-esment\/#breadcrumb"},"inLanguage":"es","potentialAction":[{"@type":"ReadAction","target":["https:\/\/esment.org\/blogs\/mas-de-un-centenar-de-personas-se-benefician-del-irpf-social-a-traves-de-esment\/"]}]},{"@type":"ImageObject","inLanguage":"es","@id":"https:\/\/esment.org\/blogs\/mas-de-un-centenar-de-personas-se-benefician-del-irpf-social-a-traves-de-esment\/#primaryimage","url":"https:\/\/esment.org\/blogs\/wp-content\/uploads\/2024\/03\/vida-familiar.png","contentUrl":"https:\/\/esment.org\/blogs\/wp-content\/uploads\/2024\/03\/vida-familiar.png","width":1400,"height":731},{"@type":"BreadcrumbList","@id":"https:\/\/esment.org\/blogs\/mas-de-un-centenar-de-personas-se-benefician-del-irpf-social-a-traves-de-esment\/#breadcrumb","itemListElement":[{"@type":"ListItem","position":1,"name":"Portada","item":"https:\/\/esment.org\/blogs\/"},{"@type":"ListItem","position":2,"name":"M\u00e9s d&#8217;un centenar de persones d&#8217;Esment es beneficien de l&#8217;IRPF social"}]},{"@type":"WebSite","@id":"https:\/\/esment.org\/blogs\/#website","url":"https:\/\/esment.org\/blogs\/","name":"Blog Comunidad Esment","description":"Blogs de Esment","publisher":{"@id":"https:\/\/esment.org\/blogs\/#organization"},"potentialAction":[{"@type":"SearchAction","target":{"@type":"EntryPoint","urlTemplate":"https:\/\/esment.org\/blogs\/?s={search_term_string}"},"query-input":{"@type":"PropertyValueSpecification","valueRequired":true,"valueName":"search_term_string"}}],"inLanguage":"es"},{"@type":"Organization","@id":"https:\/\/esment.org\/blogs\/#organization","name":"Blog Comunidad Esment","url":"https:\/\/esment.org\/blogs\/","logo":{"@type":"ImageObject","inLanguage":"es","@id":"https:\/\/esment.org\/blogs\/#\/schema\/logo\/image\/","url":"https:\/\/esment.org\/blogs\/wp-content\/uploads\/2020\/10\/logo-header.svg","contentUrl":"https:\/\/esment.org\/blogs\/wp-content\/uploads\/2020\/10\/logo-header.svg","caption":"Blog Comunidad Esment"},"image":{"@id":"https:\/\/esment.org\/blogs\/#\/schema\/logo\/image\/"}},{"@type":"Person","@id":"https:\/\/esment.org\/blogs\/#\/schema\/person\/d2af4a49059695d7ca3491e0498d6b36","name":"Yolanda Tarramera","image":{"@type":"ImageObject","inLanguage":"es","@id":"https:\/\/esment.org\/blogs\/#\/schema\/person\/image\/","url":"https:\/\/secure.gravatar.com\/avatar\/c93060ec77db68f5fefd782408bed5a5005bb0b119c5ece6cdbf5ad8631c6e5b?s=96&d=mm&r=g","contentUrl":"https:\/\/secure.gravatar.com\/avatar\/c93060ec77db68f5fefd782408bed5a5005bb0b119c5ece6cdbf5ad8631c6e5b?s=96&d=mm&r=g","caption":"Yolanda Tarramera"},"url":"https:\/\/esment.org\/blogs\/author\/yolanda-tarramera\/"}]}},"_links":{"self":[{"href":"https:\/\/esment.org\/blogs\/wp-json\/wp\/v2\/posts\/23651","targetHints":{"allow":["GET"]}}],"collection":[{"href":"https:\/\/esment.org\/blogs\/wp-json\/wp\/v2\/posts"}],"about":[{"href":"https:\/\/esment.org\/blogs\/wp-json\/wp\/v2\/types\/post"}],"author":[{"embeddable":true,"href":"https:\/\/esment.org\/blogs\/wp-json\/wp\/v2\/users\/5"}],"replies":[{"embeddable":true,"href":"https:\/\/esment.org\/blogs\/wp-json\/wp\/v2\/comments?post=23651"}],"version-history":[{"count":8,"href":"https:\/\/esment.org\/blogs\/wp-json\/wp\/v2\/posts\/23651\/revisions"}],"predecessor-version":[{"id":23669,"href":"https:\/\/esment.org\/blogs\/wp-json\/wp\/v2\/posts\/23651\/revisions\/23669"}],"wp:featuredmedia":[{"embeddable":true,"href":"https:\/\/esment.org\/blogs\/wp-json\/wp\/v2\/media\/23655"}],"wp:attachment":[{"href":"https:\/\/esment.org\/blogs\/wp-json\/wp\/v2\/media?parent=23651"}],"wp:term":[{"taxonomy":"category","embeddable":true,"href":"https:\/\/esment.org\/blogs\/wp-json\/wp\/v2\/categories?post=23651"},{"taxonomy":"post_tag","embeddable":true,"href":"https:\/\/esment.org\/blogs\/wp-json\/wp\/v2\/tags?post=23651"}],"curies":[{"name":"wp","href":"https:\/\/api.w.org\/{rel}","templated":true}]}}