{"id":23623,"date":"2024-03-25T15:29:21","date_gmt":"2024-03-25T15:29:21","guid":{"rendered":"https:\/\/esment.org\/blogs\/?p=23623"},"modified":"2024-03-25T15:32:44","modified_gmt":"2024-03-25T15:32:44","slug":"los-talleres-de-casa-esment-un-reclamo-para-las-empresas","status":"publish","type":"post","link":"https:\/\/esment.org\/blogs\/los-talleres-de-casa-esment-un-reclamo-para-las-empresas\/","title":{"rendered":"Los talleres de Casa Esment, un reclamo para las empresas"},"content":{"rendered":"<p>Cada vez son m\u00e1s las empresas que eligen Casa Esment para disfrutar de una jornada laboral diferente en la que se ponga en valor el trabajo en equipo y, a la vez, permita a los empleados conocer y participar en las actividades que se llevan a cabo en la organizaci\u00f3n.<\/p>\n<p>A trav\u00e9s de nuestra oferta de talleres para grupos, las empresas pueden elegir entre realizar un taller de huerto ecol\u00f3gico mediterr\u00e1neo, transformar materias primas agr\u00edcolas en productos elaborados, descubrir nuestros vinos y proyecto vin\u00edcola, conocer nuestro modelo circular o aprender a elaborar uno de nuestros arroces. Este fue precisamente el taller que eligi\u00f3 hace unos d\u00edas la empresa HotelBeds, y que cont\u00f3 con la participaci\u00f3n de una trentena de sus empleados.<\/p>\n<p>Capitaneados por el responsable de restauraci\u00f3n de Esment Alimentaci\u00f3, Lionel Carrasqueira, el grupo aprendi\u00f3, paso a paso, a elaborar su propio arroz con una selecci\u00f3n de verduras de temporada de nuestro huerto ecol\u00f3gico, y un postre.<\/p>\n<p>El objetivo de estos talleres es ofrecer a grupos de adultos o empresas la oportunidad de conocernos, disfrutar de nuestras instalaciones y convertir una jornada laboral en un d\u00eda para disfrutar y compartir.<\/p>\n<p>En\u00a0<a href=\"https:\/\/admin.esment.org\/uploads\/media_manager\/archives\/talleresesmentok1692878129_t3et.pdf\">ESTE ENLACE<\/a>\u00a0pod\u00e9is consultar el programa completo de los talleres.<\/p>\n<p><img fetchpriority=\"high\" decoding=\"async\" class=\"alignnone wp-image-23628 size-full\" src=\"https:\/\/esment.org\/blogs\/wp-content\/uploads\/2024\/03\/taller2.jpg\" alt=\"\" width=\"779\" height=\"503\" srcset=\"https:\/\/esment.org\/blogs\/wp-content\/uploads\/2024\/03\/taller2.jpg 779w, https:\/\/esment.org\/blogs\/wp-content\/uploads\/2024\/03\/taller2-300x194.jpg 300w, https:\/\/esment.org\/blogs\/wp-content\/uploads\/2024\/03\/taller2-768x496.jpg 768w\" sizes=\"(max-width: 779px) 100vw, 779px\" \/><\/p>\n<p><img decoding=\"async\" class=\"alignnone wp-image-23626 size-full\" src=\"https:\/\/esment.org\/blogs\/wp-content\/uploads\/2024\/03\/taller4.jpg\" alt=\"\" width=\"785\" height=\"495\" srcset=\"https:\/\/esment.org\/blogs\/wp-content\/uploads\/2024\/03\/taller4.jpg 785w, https:\/\/esment.org\/blogs\/wp-content\/uploads\/2024\/03\/taller4-300x189.jpg 300w, https:\/\/esment.org\/blogs\/wp-content\/uploads\/2024\/03\/taller4-768x484.jpg 768w\" sizes=\"(max-width: 785px) 100vw, 785px\" \/><\/p>\n<p><img decoding=\"async\" class=\"alignnone wp-image-23627 size-full\" src=\"https:\/\/esment.org\/blogs\/wp-content\/uploads\/2024\/03\/taller3.jpg\" alt=\"\" width=\"584\" height=\"710\" srcset=\"https:\/\/esment.org\/blogs\/wp-content\/uploads\/2024\/03\/taller3.jpg 584w, https:\/\/esment.org\/blogs\/wp-content\/uploads\/2024\/03\/taller3-247x300.jpg 247w\" sizes=\"(max-width: 584px) 100vw, 584px\" \/><\/p>\n<p><img loading=\"lazy\" decoding=\"async\" class=\"alignnone wp-image-23625 size-full\" src=\"https:\/\/esment.org\/blogs\/wp-content\/uploads\/2024\/03\/taller5.jpg\" alt=\"\" width=\"589\" height=\"637\" srcset=\"https:\/\/esment.org\/blogs\/wp-content\/uploads\/2024\/03\/taller5.jpg 589w, https:\/\/esment.org\/blogs\/wp-content\/uploads\/2024\/03\/taller5-277x300.jpg 277w\" sizes=\"(max-width: 589px) 100vw, 589px\" \/><\/p>\n<p>&nbsp;<\/p>\n<p>&nbsp;<\/p>\n","protected":false},"excerpt":{"rendered":"<p>Cada vez son m\u00e1s las empresas que eligen Casa Esment para disfrutar de una jornada laboral diferente en la que se ponga en valor el trabajo en equipo y, a la vez, permita a los empleados conocer y participar en las actividades que se llevan a cabo en la organizaci\u00f3n. A trav\u00e9s de nuestra oferta [&hellip;]<\/p>\n","protected":false},"author":5,"featured_media":23635,"comment_status":"open","ping_status":"closed","sticky":false,"template":"","format":"standard","meta":{"_acf_changed":false,"footnotes":""},"categories":[1],"tags":[1280,512,408],"class_list":["post-23623","post","type-post","status-publish","format-standard","has-post-thumbnail","hentry","category-sin-categoria","tag-casa-esment","tag-hotelbeds","tag-talleres-2"],"acf":[],"yoast_head":"<!-- This site is optimized with the Yoast SEO plugin v26.4 - https:\/\/yoast.com\/wordpress\/plugins\/seo\/ -->\n<title>Los talleres de Casa Esment, un reclamo para las empresas - Blog Comunidad Esment<\/title>\n<meta name=\"robots\" content=\"index, follow, max-snippet:-1, max-image-preview:large, max-video-preview:-1\" \/>\n<link rel=\"canonical\" href=\"https:\/\/esment.org\/blogs\/los-talleres-de-casa-esment-un-reclamo-para-las-empresas\/\" \/>\n<meta property=\"og:locale\" content=\"es_ES\" \/>\n<meta property=\"og:type\" content=\"article\" \/>\n<meta property=\"og:title\" content=\"Los talleres de Casa Esment, un reclamo para las empresas - Blog Comunidad Esment\" \/>\n<meta property=\"og:description\" content=\"Cada vez son m\u00e1s las empresas que eligen Casa Esment para disfrutar de una jornada laboral diferente en la que se ponga en valor el trabajo en equipo y, a la vez, permita a los empleados conocer y participar en las actividades que se llevan a cabo en la organizaci\u00f3n. A trav\u00e9s de nuestra oferta [&hellip;]\" \/>\n<meta property=\"og:url\" content=\"https:\/\/esment.org\/blogs\/los-talleres-de-casa-esment-un-reclamo-para-las-empresas\/\" \/>\n<meta property=\"og:site_name\" content=\"Blog Comunidad Esment\" \/>\n<meta property=\"article:published_time\" content=\"2024-03-25T15:29:21+00:00\" \/>\n<meta property=\"article:modified_time\" content=\"2024-03-25T15:32:44+00:00\" \/>\n<meta property=\"og:image\" content=\"https:\/\/esment.org\/blogs\/wp-content\/uploads\/2024\/03\/taller1-1-e1711380753124.jpg\" \/>\n\t<meta property=\"og:image:width\" content=\"1195\" \/>\n\t<meta property=\"og:image:height\" content=\"597\" \/>\n\t<meta property=\"og:image:type\" content=\"image\/jpeg\" \/>\n<meta name=\"author\" content=\"Yolanda Tarramera\" \/>\n<meta name=\"twitter:card\" content=\"summary_large_image\" \/>\n<meta name=\"twitter:label1\" content=\"Escrito por\" \/>\n\t<meta name=\"twitter:data1\" content=\"Yolanda Tarramera\" \/>\n\t<meta name=\"twitter:label2\" content=\"Tiempo de lectura\" \/>\n\t<meta name=\"twitter:data2\" content=\"2 minutos\" \/>\n<script type=\"application\/ld+json\" class=\"yoast-schema-graph\">{\"@context\":\"https:\/\/schema.org\",\"@graph\":[{\"@type\":\"Article\",\"@id\":\"https:\/\/esment.org\/blogs\/los-talleres-de-casa-esment-un-reclamo-para-las-empresas\/#article\",\"isPartOf\":{\"@id\":\"https:\/\/esment.org\/blogs\/los-talleres-de-casa-esment-un-reclamo-para-las-empresas\/\"},\"author\":{\"name\":\"Yolanda Tarramera\",\"@id\":\"https:\/\/esment.org\/blogs\/#\/schema\/person\/d2af4a49059695d7ca3491e0498d6b36\"},\"headline\":\"Los talleres de Casa Esment, un reclamo para las empresas\",\"datePublished\":\"2024-03-25T15:29:21+00:00\",\"dateModified\":\"2024-03-25T15:32:44+00:00\",\"mainEntityOfPage\":{\"@id\":\"https:\/\/esment.org\/blogs\/los-talleres-de-casa-esment-un-reclamo-para-las-empresas\/\"},\"wordCount\":227,\"commentCount\":0,\"publisher\":{\"@id\":\"https:\/\/esment.org\/blogs\/#organization\"},\"image\":{\"@id\":\"https:\/\/esment.org\/blogs\/los-talleres-de-casa-esment-un-reclamo-para-las-empresas\/#primaryimage\"},\"thumbnailUrl\":\"https:\/\/esment.org\/blogs\/wp-content\/uploads\/2024\/03\/taller1-1-e1711380753124.jpg\",\"keywords\":[\"casa esment\",\"Hotelbeds\",\"talleres\"],\"inLanguage\":\"es\",\"potentialAction\":[{\"@type\":\"CommentAction\",\"name\":\"Comment\",\"target\":[\"https:\/\/esment.org\/blogs\/los-talleres-de-casa-esment-un-reclamo-para-las-empresas\/#respond\"]}]},{\"@type\":\"WebPage\",\"@id\":\"https:\/\/esment.org\/blogs\/los-talleres-de-casa-esment-un-reclamo-para-las-empresas\/\",\"url\":\"https:\/\/esment.org\/blogs\/los-talleres-de-casa-esment-un-reclamo-para-las-empresas\/\",\"name\":\"Los talleres de Casa Esment, un reclamo para las empresas - Blog Comunidad Esment\",\"isPartOf\":{\"@id\":\"https:\/\/esment.org\/blogs\/#website\"},\"primaryImageOfPage\":{\"@id\":\"https:\/\/esment.org\/blogs\/los-talleres-de-casa-esment-un-reclamo-para-las-empresas\/#primaryimage\"},\"image\":{\"@id\":\"https:\/\/esment.org\/blogs\/los-talleres-de-casa-esment-un-reclamo-para-las-empresas\/#primaryimage\"},\"thumbnailUrl\":\"https:\/\/esment.org\/blogs\/wp-content\/uploads\/2024\/03\/taller1-1-e1711380753124.jpg\",\"datePublished\":\"2024-03-25T15:29:21+00:00\",\"dateModified\":\"2024-03-25T15:32:44+00:00\",\"breadcrumb\":{\"@id\":\"https:\/\/esment.org\/blogs\/los-talleres-de-casa-esment-un-reclamo-para-las-empresas\/#breadcrumb\"},\"inLanguage\":\"es\",\"potentialAction\":[{\"@type\":\"ReadAction\",\"target\":[\"https:\/\/esment.org\/blogs\/los-talleres-de-casa-esment-un-reclamo-para-las-empresas\/\"]}]},{\"@type\":\"ImageObject\",\"inLanguage\":\"es\",\"@id\":\"https:\/\/esment.org\/blogs\/los-talleres-de-casa-esment-un-reclamo-para-las-empresas\/#primaryimage\",\"url\":\"https:\/\/esment.org\/blogs\/wp-content\/uploads\/2024\/03\/taller1-1-e1711380753124.jpg\",\"contentUrl\":\"https:\/\/esment.org\/blogs\/wp-content\/uploads\/2024\/03\/taller1-1-e1711380753124.jpg\",\"width\":1195,\"height\":597},{\"@type\":\"BreadcrumbList\",\"@id\":\"https:\/\/esment.org\/blogs\/los-talleres-de-casa-esment-un-reclamo-para-las-empresas\/#breadcrumb\",\"itemListElement\":[{\"@type\":\"ListItem\",\"position\":1,\"name\":\"Portada\",\"item\":\"https:\/\/esment.org\/blogs\/\"},{\"@type\":\"ListItem\",\"position\":2,\"name\":\"Los talleres de Casa Esment, un reclamo para las empresas\"}]},{\"@type\":\"WebSite\",\"@id\":\"https:\/\/esment.org\/blogs\/#website\",\"url\":\"https:\/\/esment.org\/blogs\/\",\"name\":\"Blog Comunidad Esment\",\"description\":\"Blogs de Esment\",\"publisher\":{\"@id\":\"https:\/\/esment.org\/blogs\/#organization\"},\"potentialAction\":[{\"@type\":\"SearchAction\",\"target\":{\"@type\":\"EntryPoint\",\"urlTemplate\":\"https:\/\/esment.org\/blogs\/?s={search_term_string}\"},\"query-input\":{\"@type\":\"PropertyValueSpecification\",\"valueRequired\":true,\"valueName\":\"search_term_string\"}}],\"inLanguage\":\"es\"},{\"@type\":\"Organization\",\"@id\":\"https:\/\/esment.org\/blogs\/#organization\",\"name\":\"Blog Comunidad Esment\",\"url\":\"https:\/\/esment.org\/blogs\/\",\"logo\":{\"@type\":\"ImageObject\",\"inLanguage\":\"es\",\"@id\":\"https:\/\/esment.org\/blogs\/#\/schema\/logo\/image\/\",\"url\":\"https:\/\/esment.org\/blogs\/wp-content\/uploads\/2020\/10\/logo-header.svg\",\"contentUrl\":\"https:\/\/esment.org\/blogs\/wp-content\/uploads\/2020\/10\/logo-header.svg\",\"caption\":\"Blog Comunidad Esment\"},\"image\":{\"@id\":\"https:\/\/esment.org\/blogs\/#\/schema\/logo\/image\/\"}},{\"@type\":\"Person\",\"@id\":\"https:\/\/esment.org\/blogs\/#\/schema\/person\/d2af4a49059695d7ca3491e0498d6b36\",\"name\":\"Yolanda Tarramera\",\"image\":{\"@type\":\"ImageObject\",\"inLanguage\":\"es\",\"@id\":\"https:\/\/esment.org\/blogs\/#\/schema\/person\/image\/\",\"url\":\"https:\/\/secure.gravatar.com\/avatar\/c93060ec77db68f5fefd782408bed5a5005bb0b119c5ece6cdbf5ad8631c6e5b?s=96&d=mm&r=g\",\"contentUrl\":\"https:\/\/secure.gravatar.com\/avatar\/c93060ec77db68f5fefd782408bed5a5005bb0b119c5ece6cdbf5ad8631c6e5b?s=96&d=mm&r=g\",\"caption\":\"Yolanda Tarramera\"},\"url\":\"https:\/\/esment.org\/blogs\/author\/yolanda-tarramera\/\"}]}<\/script>\n<!-- \/ Yoast SEO plugin. -->","yoast_head_json":{"title":"Los talleres de Casa Esment, un reclamo para las empresas - Blog Comunidad Esment","robots":{"index":"index","follow":"follow","max-snippet":"max-snippet:-1","max-image-preview":"max-image-preview:large","max-video-preview":"max-video-preview:-1"},"canonical":"https:\/\/esment.org\/blogs\/los-talleres-de-casa-esment-un-reclamo-para-las-empresas\/","og_locale":"es_ES","og_type":"article","og_title":"Los talleres de Casa Esment, un reclamo para las empresas - Blog Comunidad Esment","og_description":"Cada vez son m\u00e1s las empresas que eligen Casa Esment para disfrutar de una jornada laboral diferente en la que se ponga en valor el trabajo en equipo y, a la vez, permita a los empleados conocer y participar en las actividades que se llevan a cabo en la organizaci\u00f3n. A trav\u00e9s de nuestra oferta [&hellip;]","og_url":"https:\/\/esment.org\/blogs\/los-talleres-de-casa-esment-un-reclamo-para-las-empresas\/","og_site_name":"Blog Comunidad Esment","article_published_time":"2024-03-25T15:29:21+00:00","article_modified_time":"2024-03-25T15:32:44+00:00","og_image":[{"width":1195,"height":597,"url":"https:\/\/esment.org\/blogs\/wp-content\/uploads\/2024\/03\/taller1-1-e1711380753124.jpg","type":"image\/jpeg"}],"author":"Yolanda Tarramera","twitter_card":"summary_large_image","twitter_misc":{"Escrito por":"Yolanda Tarramera","Tiempo de lectura":"2 minutos"},"schema":{"@context":"https:\/\/schema.org","@graph":[{"@type":"Article","@id":"https:\/\/esment.org\/blogs\/los-talleres-de-casa-esment-un-reclamo-para-las-empresas\/#article","isPartOf":{"@id":"https:\/\/esment.org\/blogs\/los-talleres-de-casa-esment-un-reclamo-para-las-empresas\/"},"author":{"name":"Yolanda Tarramera","@id":"https:\/\/esment.org\/blogs\/#\/schema\/person\/d2af4a49059695d7ca3491e0498d6b36"},"headline":"Los talleres de Casa Esment, un reclamo para las empresas","datePublished":"2024-03-25T15:29:21+00:00","dateModified":"2024-03-25T15:32:44+00:00","mainEntityOfPage":{"@id":"https:\/\/esment.org\/blogs\/los-talleres-de-casa-esment-un-reclamo-para-las-empresas\/"},"wordCount":227,"commentCount":0,"publisher":{"@id":"https:\/\/esment.org\/blogs\/#organization"},"image":{"@id":"https:\/\/esment.org\/blogs\/los-talleres-de-casa-esment-un-reclamo-para-las-empresas\/#primaryimage"},"thumbnailUrl":"https:\/\/esment.org\/blogs\/wp-content\/uploads\/2024\/03\/taller1-1-e1711380753124.jpg","keywords":["casa esment","Hotelbeds","talleres"],"inLanguage":"es","potentialAction":[{"@type":"CommentAction","name":"Comment","target":["https:\/\/esment.org\/blogs\/los-talleres-de-casa-esment-un-reclamo-para-las-empresas\/#respond"]}]},{"@type":"WebPage","@id":"https:\/\/esment.org\/blogs\/los-talleres-de-casa-esment-un-reclamo-para-las-empresas\/","url":"https:\/\/esment.org\/blogs\/los-talleres-de-casa-esment-un-reclamo-para-las-empresas\/","name":"Los talleres de Casa Esment, un reclamo para las empresas - Blog Comunidad Esment","isPartOf":{"@id":"https:\/\/esment.org\/blogs\/#website"},"primaryImageOfPage":{"@id":"https:\/\/esment.org\/blogs\/los-talleres-de-casa-esment-un-reclamo-para-las-empresas\/#primaryimage"},"image":{"@id":"https:\/\/esment.org\/blogs\/los-talleres-de-casa-esment-un-reclamo-para-las-empresas\/#primaryimage"},"thumbnailUrl":"https:\/\/esment.org\/blogs\/wp-content\/uploads\/2024\/03\/taller1-1-e1711380753124.jpg","datePublished":"2024-03-25T15:29:21+00:00","dateModified":"2024-03-25T15:32:44+00:00","breadcrumb":{"@id":"https:\/\/esment.org\/blogs\/los-talleres-de-casa-esment-un-reclamo-para-las-empresas\/#breadcrumb"},"inLanguage":"es","potentialAction":[{"@type":"ReadAction","target":["https:\/\/esment.org\/blogs\/los-talleres-de-casa-esment-un-reclamo-para-las-empresas\/"]}]},{"@type":"ImageObject","inLanguage":"es","@id":"https:\/\/esment.org\/blogs\/los-talleres-de-casa-esment-un-reclamo-para-las-empresas\/#primaryimage","url":"https:\/\/esment.org\/blogs\/wp-content\/uploads\/2024\/03\/taller1-1-e1711380753124.jpg","contentUrl":"https:\/\/esment.org\/blogs\/wp-content\/uploads\/2024\/03\/taller1-1-e1711380753124.jpg","width":1195,"height":597},{"@type":"BreadcrumbList","@id":"https:\/\/esment.org\/blogs\/los-talleres-de-casa-esment-un-reclamo-para-las-empresas\/#breadcrumb","itemListElement":[{"@type":"ListItem","position":1,"name":"Portada","item":"https:\/\/esment.org\/blogs\/"},{"@type":"ListItem","position":2,"name":"Los talleres de Casa Esment, un reclamo para las empresas"}]},{"@type":"WebSite","@id":"https:\/\/esment.org\/blogs\/#website","url":"https:\/\/esment.org\/blogs\/","name":"Blog Comunidad Esment","description":"Blogs de Esment","publisher":{"@id":"https:\/\/esment.org\/blogs\/#organization"},"potentialAction":[{"@type":"SearchAction","target":{"@type":"EntryPoint","urlTemplate":"https:\/\/esment.org\/blogs\/?s={search_term_string}"},"query-input":{"@type":"PropertyValueSpecification","valueRequired":true,"valueName":"search_term_string"}}],"inLanguage":"es"},{"@type":"Organization","@id":"https:\/\/esment.org\/blogs\/#organization","name":"Blog Comunidad Esment","url":"https:\/\/esment.org\/blogs\/","logo":{"@type":"ImageObject","inLanguage":"es","@id":"https:\/\/esment.org\/blogs\/#\/schema\/logo\/image\/","url":"https:\/\/esment.org\/blogs\/wp-content\/uploads\/2020\/10\/logo-header.svg","contentUrl":"https:\/\/esment.org\/blogs\/wp-content\/uploads\/2020\/10\/logo-header.svg","caption":"Blog Comunidad Esment"},"image":{"@id":"https:\/\/esment.org\/blogs\/#\/schema\/logo\/image\/"}},{"@type":"Person","@id":"https:\/\/esment.org\/blogs\/#\/schema\/person\/d2af4a49059695d7ca3491e0498d6b36","name":"Yolanda Tarramera","image":{"@type":"ImageObject","inLanguage":"es","@id":"https:\/\/esment.org\/blogs\/#\/schema\/person\/image\/","url":"https:\/\/secure.gravatar.com\/avatar\/c93060ec77db68f5fefd782408bed5a5005bb0b119c5ece6cdbf5ad8631c6e5b?s=96&d=mm&r=g","contentUrl":"https:\/\/secure.gravatar.com\/avatar\/c93060ec77db68f5fefd782408bed5a5005bb0b119c5ece6cdbf5ad8631c6e5b?s=96&d=mm&r=g","caption":"Yolanda Tarramera"},"url":"https:\/\/esment.org\/blogs\/author\/yolanda-tarramera\/"}]}},"_links":{"self":[{"href":"https:\/\/esment.org\/blogs\/wp-json\/wp\/v2\/posts\/23623","targetHints":{"allow":["GET"]}}],"collection":[{"href":"https:\/\/esment.org\/blogs\/wp-json\/wp\/v2\/posts"}],"about":[{"href":"https:\/\/esment.org\/blogs\/wp-json\/wp\/v2\/types\/post"}],"author":[{"embeddable":true,"href":"https:\/\/esment.org\/blogs\/wp-json\/wp\/v2\/users\/5"}],"replies":[{"embeddable":true,"href":"https:\/\/esment.org\/blogs\/wp-json\/wp\/v2\/comments?post=23623"}],"version-history":[{"count":3,"href":"https:\/\/esment.org\/blogs\/wp-json\/wp\/v2\/posts\/23623\/revisions"}],"predecessor-version":[{"id":23636,"href":"https:\/\/esment.org\/blogs\/wp-json\/wp\/v2\/posts\/23623\/revisions\/23636"}],"wp:featuredmedia":[{"embeddable":true,"href":"https:\/\/esment.org\/blogs\/wp-json\/wp\/v2\/media\/23635"}],"wp:attachment":[{"href":"https:\/\/esment.org\/blogs\/wp-json\/wp\/v2\/media?parent=23623"}],"wp:term":[{"taxonomy":"category","embeddable":true,"href":"https:\/\/esment.org\/blogs\/wp-json\/wp\/v2\/categories?post=23623"},{"taxonomy":"post_tag","embeddable":true,"href":"https:\/\/esment.org\/blogs\/wp-json\/wp\/v2\/tags?post=23623"}],"curies":[{"name":"wp","href":"https:\/\/api.w.org\/{rel}","templated":true}]}}